{"id":281562,"date":"2004-12-29T00:00:00","date_gmt":"2004-12-29T00:00:00","guid":{"rendered":""},"modified":"2004-12-29T00:00:00","modified_gmt":"2004-12-29T00:00:00","slug":"fermato-un-bracconiere-nel-parco-pineta","status":"publish","type":"post","link":"https:\/\/staging.varesenews.it\/2004\/12\/fermato-un-bracconiere-nel-parco-pineta\/281562\/","title":{"rendered":"Fermato un bracconiere nel Parco Pineta"},"content":{"rendered":"<p align=\"left\">Il Parco Pineta di Appiano Gentile e Tradate ospita, in questo periodo dell\u2019anno, numerose beccacce, degli uccelli dal piumaggio scuro che, a volte, decidono di passare l\u2019inverno nelle nostre zone. Osservare una beccaccia \u00e8 un\u2019esperienza piuttosto affascinante per gli amanti del birdwatching, perch\u00e9 questo animale \u00e8 poco socievole, e spesso si mimetizza nel sottobosco. Tuttavia il ripopolamento della specie nel nord Italia \u00e8 messo in pericolo dalla caccia di frodo. <\/p>\n<p align=\"left\">Per questi motivi le guardiaparco del Parco di Appiano Gentile e Tradate hanno fatto sapere che, nei mesi di novembre e dicembre, hanno effettuato 13 appostamenti nelle ore del tramonto, e che ce ne saranno altri nelle prossime settimane. I controlli sono stati fatti anche grazie all\u2019ausilio delle Guardie ecologiche volontarie. Queste operazioni di vigilanza hanno gi\u00e0 permesso di denunciare un bracconiere colto nell\u2019atto di appostarsi nei prati di localit\u00e0 Brughee nel comune di Veniano. Nonostante il malfattore, alla vista degli agenti, sia riuscito a fuggire, prima a piedi e poi con l\u2019autovettura parcheggiata nelle vicinanze, in pochi giorni \u00e8 stato immediatamente riconosciuto e denunciato, dato che aveva dei precedenti nello stesso reato che risalivano a soli tre anni fa. <\/p>\n","protected":false},"excerpt":{"rendered":"<p>Le guardiacaccia del parco Pineta stanno vigilando sulla sicurezza dei volatili che, durante i mesi pi\u00f9 freddi, occupano le nostre zone<\/p>\n","protected":false},"author":10,"featured_media":0,"comment_status":"open","ping_status":"open","sticky":false,"template":"","format":"standard","meta":{"footnotes":""},"categories":[5],"tags":[],"acf":[],"yoast_head":"<!-- This site is optimized with the Yoast SEO plugin v20.1 - https:\/\/yoast.com\/wordpress\/plugins\/seo\/ -->\n<title>Fermato un bracconiere nel Parco Pineta<\/title>\n<meta name=\"description\" content=\"Le guardiacaccia del parco Pineta stanno vigilando sulla sicurezza dei volatili che, durante i mesi pi\u00f9 freddi, occupano le nostre zone\" \/>\n<meta name=\"robots\" content=\"noindex, follow, max-snippet:-1, max-image-preview:large, max-video-preview:-1\" \/>\n<meta property=\"og:locale\" content=\"it_IT\" \/>\n<meta property=\"og:type\" content=\"article\" \/>\n<meta property=\"og:title\" content=\"Fermato un bracconiere nel Parco Pineta\" \/>\n<meta property=\"og:description\" content=\"Le guardiacaccia del parco Pineta stanno vigilando sulla sicurezza dei volatili che, durante i mesi pi\u00f9 freddi, occupano le nostre zone\" \/>\n<meta property=\"og:url\" content=\"https:\/\/staging.varesenews.it\/2004\/12\/fermato-un-bracconiere-nel-parco-pineta\/281562\/\" \/>\n<meta property=\"og:site_name\" content=\"VareseNews\" \/>\n<meta property=\"article:publisher\" content=\"https:\/\/www.facebook.com\/varesenews\" \/>\n<meta property=\"article:published_time\" content=\"2004-12-29T00:00:00+00:00\" \/>\n<meta name=\"author\" content=\"Redazione VareseNews\" \/>\n<meta name=\"twitter:card\" content=\"summary_large_image\" \/>\n<meta name=\"twitter:creator\" content=\"@varesenews\" \/>\n<meta name=\"twitter:site\" content=\"@varesenews\" \/>\n<meta name=\"twitter:label1\" content=\"Scritto da\" \/>\n\t<meta name=\"twitter:data1\" content=\"Redazione VareseNews\" \/>\n\t<meta name=\"twitter:label2\" content=\"Tempo di lettura stimato\" \/>\n\t<meta name=\"twitter:data2\" content=\"1 minuto\" \/>\n<script type=\"application\/ld+json\" class=\"yoast-schema-graph\">{\"@context\":\"https:\/\/schema.org\",\"@graph\":[{\"@type\":\"WebPage\",\"@id\":\"https:\/\/staging.varesenews.it\/2004\/12\/fermato-un-bracconiere-nel-parco-pineta\/281562\/\",\"url\":\"https:\/\/staging.varesenews.it\/2004\/12\/fermato-un-bracconiere-nel-parco-pineta\/281562\/\",\"name\":\"Fermato un bracconiere nel Parco Pineta\",\"isPartOf\":{\"@id\":\"https:\/\/staging.varesenews.it\/#website\"},\"datePublished\":\"2004-12-29T00:00:00+00:00\",\"dateModified\":\"2004-12-29T00:00:00+00:00\",\"author\":{\"@id\":\"https:\/\/staging.varesenews.it\/#\/schema\/person\/fb20c4da0b7b16c291707a20db73e169\"},\"description\":\"Le guardiacaccia del parco Pineta stanno vigilando sulla sicurezza dei volatili che, durante i mesi pi\u00f9 freddi, occupano le nostre zone\",\"breadcrumb\":{\"@id\":\"https:\/\/staging.varesenews.it\/2004\/12\/fermato-un-bracconiere-nel-parco-pineta\/281562\/#breadcrumb\"},\"inLanguage\":\"it-IT\",\"potentialAction\":[{\"@type\":\"ReadAction\",\"target\":[\"https:\/\/staging.varesenews.it\/2004\/12\/fermato-un-bracconiere-nel-parco-pineta\/281562\/\"]}]},{\"@type\":\"BreadcrumbList\",\"@id\":\"https:\/\/staging.varesenews.it\/2004\/12\/fermato-un-bracconiere-nel-parco-pineta\/281562\/#breadcrumb\",\"itemListElement\":[{\"@type\":\"ListItem\",\"position\":1,\"name\":\"Home\",\"item\":\"https:\/\/www.varesenews.it\/\"},{\"@type\":\"ListItem\",\"position\":2,\"name\":\"Fermato un bracconiere nel Parco Pineta\"}]},{\"@type\":\"WebSite\",\"@id\":\"https:\/\/staging.varesenews.it\/#website\",\"url\":\"https:\/\/staging.varesenews.it\/\",\"name\":\"VareseNews\",\"description\":\"\",\"potentialAction\":[{\"@type\":\"SearchAction\",\"target\":{\"@type\":\"EntryPoint\",\"urlTemplate\":\"https:\/\/staging.varesenews.it\/?s={search_term_string}\"},\"query-input\":\"required name=search_term_string\"}],\"inLanguage\":\"it-IT\"},{\"@type\":\"Person\",\"@id\":\"https:\/\/staging.varesenews.it\/#\/schema\/person\/fb20c4da0b7b16c291707a20db73e169\",\"name\":\"Redazione VareseNews\",\"image\":{\"@type\":\"ImageObject\",\"inLanguage\":\"it-IT\",\"@id\":\"https:\/\/staging.varesenews.it\/#\/schema\/person\/image\/\",\"url\":\"https:\/\/staging.varesenews.it\/wp-content\/uploads\/2020\/12\/logo_VN_colori_500.png\",\"contentUrl\":\"https:\/\/staging.varesenews.it\/wp-content\/uploads\/2020\/12\/logo_VN_colori_500.png\",\"caption\":\"Redazione VareseNews\"},\"url\":\"https:\/\/staging.varesenews.it\/persona\/redazione1\/\"}]}<\/script>\n<!-- \/ Yoast SEO plugin. -->","yoast_head_json":{"title":"Fermato un bracconiere nel Parco Pineta","description":"Le guardiacaccia del parco Pineta stanno vigilando sulla sicurezza dei volatili che, durante i mesi pi\u00f9 freddi, occupano le nostre zone","robots":{"index":"noindex","follow":"follow","max-snippet":"max-snippet:-1","max-image-preview":"max-image-preview:large","max-video-preview":"max-video-preview:-1"},"og_locale":"it_IT","og_type":"article","og_title":"Fermato un bracconiere nel Parco Pineta","og_description":"Le guardiacaccia del parco Pineta stanno vigilando sulla sicurezza dei volatili che, durante i mesi pi\u00f9 freddi, occupano le nostre zone","og_url":"https:\/\/staging.varesenews.it\/2004\/12\/fermato-un-bracconiere-nel-parco-pineta\/281562\/","og_site_name":"VareseNews","article_publisher":"https:\/\/www.facebook.com\/varesenews","article_published_time":"2004-12-29T00:00:00+00:00","author":"Redazione VareseNews","twitter_card":"summary_large_image","twitter_creator":"@varesenews","twitter_site":"@varesenews","twitter_misc":{"Scritto da":"Redazione VareseNews","Tempo di lettura stimato":"1 minuto"},"schema":{"@context":"https:\/\/schema.org","@graph":[{"@type":"WebPage","@id":"https:\/\/staging.varesenews.it\/2004\/12\/fermato-un-bracconiere-nel-parco-pineta\/281562\/","url":"https:\/\/staging.varesenews.it\/2004\/12\/fermato-un-bracconiere-nel-parco-pineta\/281562\/","name":"Fermato un bracconiere nel Parco Pineta","isPartOf":{"@id":"https:\/\/staging.varesenews.it\/#website"},"datePublished":"2004-12-29T00:00:00+00:00","dateModified":"2004-12-29T00:00:00+00:00","author":{"@id":"https:\/\/staging.varesenews.it\/#\/schema\/person\/fb20c4da0b7b16c291707a20db73e169"},"description":"Le guardiacaccia del parco Pineta stanno vigilando sulla sicurezza dei volatili che, durante i mesi pi\u00f9 freddi, occupano le nostre zone","breadcrumb":{"@id":"https:\/\/staging.varesenews.it\/2004\/12\/fermato-un-bracconiere-nel-parco-pineta\/281562\/#breadcrumb"},"inLanguage":"it-IT","potentialAction":[{"@type":"ReadAction","target":["https:\/\/staging.varesenews.it\/2004\/12\/fermato-un-bracconiere-nel-parco-pineta\/281562\/"]}]},{"@type":"BreadcrumbList","@id":"https:\/\/staging.varesenews.it\/2004\/12\/fermato-un-bracconiere-nel-parco-pineta\/281562\/#breadcrumb","itemListElement":[{"@type":"ListItem","position":1,"name":"Home","item":"https:\/\/www.varesenews.it\/"},{"@type":"ListItem","position":2,"name":"Fermato un bracconiere nel Parco Pineta"}]},{"@type":"WebSite","@id":"https:\/\/staging.varesenews.it\/#website","url":"https:\/\/staging.varesenews.it\/","name":"VareseNews","description":"","potentialAction":[{"@type":"SearchAction","target":{"@type":"EntryPoint","urlTemplate":"https:\/\/staging.varesenews.it\/?s={search_term_string}"},"query-input":"required name=search_term_string"}],"inLanguage":"it-IT"},{"@type":"Person","@id":"https:\/\/staging.varesenews.it\/#\/schema\/person\/fb20c4da0b7b16c291707a20db73e169","name":"Redazione VareseNews","image":{"@type":"ImageObject","inLanguage":"it-IT","@id":"https:\/\/staging.varesenews.it\/#\/schema\/person\/image\/","url":"https:\/\/staging.varesenews.it\/wp-content\/uploads\/2020\/12\/logo_VN_colori_500.png","contentUrl":"https:\/\/staging.varesenews.it\/wp-content\/uploads\/2020\/12\/logo_VN_colori_500.png","caption":"Redazione VareseNews"},"url":"https:\/\/staging.varesenews.it\/persona\/redazione1\/"}]}},"post_meta":{"id_old":"15512","argomento":"Tradate"},"photos":[],"_links":{"self":[{"href":"https:\/\/staging.varesenews.it\/swgapi\/v1\/wp\/v2\/posts\/281562"}],"collection":[{"href":"https:\/\/staging.varesenews.it\/swgapi\/v1\/wp\/v2\/posts"}],"about":[{"href":"https:\/\/staging.varesenews.it\/swgapi\/v1\/wp\/v2\/types\/post"}],"author":[{"embeddable":true,"href":"https:\/\/staging.varesenews.it\/swgapi\/v1\/wp\/v2\/users\/10"}],"replies":[{"embeddable":true,"href":"https:\/\/staging.varesenews.it\/swgapi\/v1\/wp\/v2\/comments?post=281562"}],"version-history":[{"count":0,"href":"https:\/\/staging.varesenews.it\/swgapi\/v1\/wp\/v2\/posts\/281562\/revisions"}],"wp:attachment":[{"href":"https:\/\/staging.varesenews.it\/swgapi\/v1\/wp\/v2\/media?parent=281562"}],"wp:term":[{"taxonomy":"category","embeddable":true,"href":"https:\/\/staging.varesenews.it\/swgapi\/v1\/wp\/v2\/categories?post=281562"},{"taxonomy":"post_tag","embeddable":true,"href":"https:\/\/staging.varesenews.it\/swgapi\/v1\/wp\/v2\/tags?post=281562"}],"curies":[{"name":"wp","href":"https:\/\/api.w.org\/{rel}","templated":true}]}}