{"id":281655,"date":"2004-12-31T00:00:00","date_gmt":"2004-12-31T00:00:00","guid":{"rendered":""},"modified":"2004-12-31T00:00:00","modified_gmt":"2004-12-31T00:00:00","slug":"capodanno-in-piazza-da-milano-a-lugano","status":"publish","type":"post","link":"https:\/\/staging.varesenews.it\/2004\/12\/capodanno-in-piazza-da-milano-a-lugano\/281655\/","title":{"rendered":"Capodanno in piazza da Milano a Lugano"},"content":{"rendered":"<p><font face=\"Arial\"><\/p>\n<p>Vari gli appuntamenti che nella notte di Capodanno alcuni comuni delle province di Varese, Milano, Como e Lugano offrono a chiunque voglia passare una notte fra musica, cabaret e fuochi d\u2019artificio.<\/p>\n<p>In provincia di Varese l\u2019appuntamento \u00e8 a <b>Luino<\/b> dove l\u2019assessorato al turismo con il duplice scopo di illuminare e animare <b>Piazza Libert\u00e0<\/b> e offrire a chi rimane a casa un\u2019alternativa per vivere in modo diverso la propria citt\u00e0, organizza un veglione con musica e brindisi. La serata del 31 dicembre inizier\u00e0 alle <b>21 e trenta<\/b> con musica <b>dal vivo<\/b>, vin brul\u00e8 e cioccolata per tirare mezzanotte, fino al brindisi con panettone e pandoro su un grande tavolo al centro della piazza. A conclusione della serata uno spettacolo di <b>fuochi artificiali sul lago<\/b>.<\/p>\n<p>Sempre nella zona del lago, \u00e8 in programma a <b>Gavirate <\/b>un <b>pizza party<\/b> sul lungolago. L\u2019inizio \u00e8 alle 22 con i collegamenti su maxischermi con le principali reti nazionale. Fra le 23 e le 24 distribuzione di spumante e panettone e alla mezzanotte uno <b>spettacolo pirotecnico<\/b>. A conclusione cotechino, lenticchie e vin brul\u00e8.<\/p>\n<p>E ancora <b>Tradate, in Piazza Mazzini dalle 22<\/b> dove il Comune in collaborazione con la Pro Loco e il comitato Rioni offrir\u00e0 intrattenimento musicale con <b>ballerini latino-americani<\/b>, vin brul\u00e8, e a mezzanotte panettone, spumante e uno spettacolo pirotecnico.<br \/>Inizier\u00e0 alle 21 il capodanno di <b>Gallarate <\/b>in Piazza Libert\u00e0, ma senza fuochi d&#8217;artificio. Il comune ha deciso di destinare 5 mila euro alle popolazioni colpite dal maremoto. Il Comune con la collaborazione della Pro Loco organizzer\u00e0 comunque un veglione con lo spettacolo dell\u2019<b>orchestra di Angela Reitano<\/b>.<\/p>\n<p>Per chi volesse semplicemente godersi uno spettacolo pirotecnico alternativo, l\u2019appuntamento \u00e8 al <b>Sacro Monte da cui sono visibili i fuochi artificiali da tutta la zona del Lago di Varese<\/b>.<\/p>\n<p>Cinque invece le iniziative a <b>Milano<\/b>.<br \/>Tre i concerti previsti per accontentare tutti i gusti. A partire dalle 22 ci sar\u00e0 in <b>Piazza Duomo<\/b> lo spettacolo della <b>Big Band Orchestra<\/b> diretta dal maestro Demo Morselli preceduto e seguito da musica da discoteca con vocalist e Dj. <br \/>In <b>piazza San Carlo<\/b> sar\u00e0 invece di scena la <b>musica jazz di Roberta Solfo Quartett<\/b> e in <b>Largo Cairoli<\/b> spazio al latino americano con il gruppo <b>Cuba Mania<\/b>.<\/p>\n<p>Sempre musica, ma tutta da ballare in coppia, quella in programma all\u2019<b>Italia on Line Stadium<\/b> (ex pallido) per rispondere alle esigenze delle famiglie e ad un pubblico non pi\u00f9 giovanissimo. <br \/>La nota emittente radiofonica <b>Radio Italia Anni 60<\/b>, proporr\u00e0 &quot;<b>Le canzoni che si fanno ballare<\/b>&quot; presentate da Franco Nisi direttore dell\u2019emittente, accompagnato dall\u2019Orchestra Marina Madreperla, con la partecipazione di artisti di musica leggera italiana di ogni epoca. Un maxischermo garantir\u00e0 il collegamento con le principali reti televisive al momento del fatidico scoccare della mezzanotte, panettone accompagnato con spumante, e al brindisi seguir\u00e0 un piatto di lenticchie con cotechino.Durante la festa si prevede l\u2019arrivo dell\u2019assessore Giovanni Bozzetti che, a nome dell\u2019Amministrazione Comunale, saluter\u00e0 e augurer\u00e0 un felice anno nuovo.<u>\u00a0<\/u>Previsto un servizio di\u00a0navette con destinazione il PALALIDO. <\/p>\n<p>Ultimo appuntamento quello all\u2019interno di <b>Parco Sempione<\/b> con lo spettacolo pirotecnico organizzato dalla <b>Pirotecnica<\/b> <b>Spettacoli Fuochi Artificiali Maestri Bernocco<\/b>. Sempre ricca di nuove fantasie importate da tutto il mondo, questa ditta ha anche vinto nel luglio 2004 l\u2019ambito premio&quot;Mercurio d\u2019Oro&quot;.<\/p>\n<p>Appuntamento anche a <b>Monza<\/b> in <b>Piazza Roma<\/b>, dove dalle 22 in poi <b>Radio Z<\/b> e la sua orchestra intratterranno il pubblico fino al brindisi finale.<br \/>Serata in piazza anche a <b>Legnano<\/b>, dove dalle 23 in poi \u00e8 previsto in <b>Piazza San Magno<\/b> uno spettacolo con fuochi artificiali, panettone e spumante.<\/p>\n<p>Coinvolgere, stupire e divertire \u00e8 invece il programma di <strong>Lugano Turismo<\/strong> che organizzer\u00e0 &quot;<b>La notte della nuova Lugano&quot; in Piazza della Riforma a partire dalle 22<\/b>. In programma prima uno spettacolo per famiglie, poi dalle 23 inizier\u00e0 l\u2019animazione della <b>Radio Svizzera<\/b> in lingua italiana con scenografie ideate da studio 84. Studiata nel minimo dettaglio l\u2019organizzazione: strutture sopraelevate per permettere al pubblico di muoversi liberamente, un palco per gli animatori e schermi giganti laterali (4 metri per tre metri) dove verranno proiettate immagini e animazione.<br \/>Ci saranno inoltre gazebo come luoghi di ristoro e un picchetto sanitario in collaborazione con Croce Verde Lugano e Corpo di Guardia della Polizia cittadina. Il programma di Lugano si inserisce all\u2019interno di un progetto pi\u00f9 ampio per promuovere la Nuova Lugano. Le iniziative prenderanno infatti inizio gi\u00e0 dal 24 dicembre quando sempre in Piazza della Riforma verr\u00e0 montata una <b>sfera di luce<\/b> in funzione fino al 31 dicembre per richiamare l\u2019attenzione del pubblico.<\/p>\n<p \/><\/font><\/p>\n","protected":false},"excerpt":{"rendered":"<p>Gli appuntamenti delle province di Varese, Milano, Como e Lugano. Cabaret, musica e spettacoli pirotecnici<\/p>\n","protected":false},"author":10,"featured_media":0,"comment_status":"open","ping_status":"open","sticky":false,"template":"","format":"standard","meta":{"footnotes":""},"categories":[21],"tags":[],"acf":[],"yoast_head":"<!-- This site is optimized with the Yoast SEO plugin v20.1 - https:\/\/yoast.com\/wordpress\/plugins\/seo\/ -->\n<title>Capodanno in piazza da Milano a Lugano<\/title>\n<meta name=\"description\" content=\"Gli appuntamenti delle province di Varese, Milano, Como e Lugano. Cabaret, musica e spettacoli pirotecnici\" \/>\n<meta name=\"robots\" content=\"noindex, follow, max-snippet:-1, max-image-preview:large, max-video-preview:-1\" \/>\n<meta property=\"og:locale\" content=\"it_IT\" \/>\n<meta property=\"og:type\" content=\"article\" \/>\n<meta property=\"og:title\" content=\"Capodanno in piazza da Milano a Lugano\" \/>\n<meta property=\"og:description\" content=\"Gli appuntamenti delle province di Varese, Milano, Como e Lugano. Cabaret, musica e spettacoli pirotecnici\" \/>\n<meta property=\"og:url\" content=\"https:\/\/staging.varesenews.it\/2004\/12\/capodanno-in-piazza-da-milano-a-lugano\/281655\/\" \/>\n<meta property=\"og:site_name\" content=\"VareseNews\" \/>\n<meta property=\"article:publisher\" content=\"https:\/\/www.facebook.com\/varesenews\" \/>\n<meta property=\"article:published_time\" content=\"2004-12-31T00:00:00+00:00\" \/>\n<meta name=\"author\" content=\"Redazione VareseNews\" \/>\n<meta name=\"twitter:card\" content=\"summary_large_image\" \/>\n<meta name=\"twitter:creator\" content=\"@varesenews\" \/>\n<meta name=\"twitter:site\" content=\"@varesenews\" \/>\n<meta name=\"twitter:label1\" content=\"Scritto da\" \/>\n\t<meta name=\"twitter:data1\" content=\"Redazione VareseNews\" \/>\n\t<meta name=\"twitter:label2\" content=\"Tempo di lettura stimato\" \/>\n\t<meta name=\"twitter:data2\" content=\"4 minuti\" \/>\n<script type=\"application\/ld+json\" class=\"yoast-schema-graph\">{\"@context\":\"https:\/\/schema.org\",\"@graph\":[{\"@type\":\"WebPage\",\"@id\":\"https:\/\/staging.varesenews.it\/2004\/12\/capodanno-in-piazza-da-milano-a-lugano\/281655\/\",\"url\":\"https:\/\/staging.varesenews.it\/2004\/12\/capodanno-in-piazza-da-milano-a-lugano\/281655\/\",\"name\":\"Capodanno in piazza da Milano a Lugano\",\"isPartOf\":{\"@id\":\"https:\/\/staging.varesenews.it\/#website\"},\"datePublished\":\"2004-12-31T00:00:00+00:00\",\"dateModified\":\"2004-12-31T00:00:00+00:00\",\"author\":{\"@id\":\"https:\/\/staging.varesenews.it\/#\/schema\/person\/fb20c4da0b7b16c291707a20db73e169\"},\"description\":\"Gli appuntamenti delle province di Varese, Milano, Como e Lugano. Cabaret, musica e spettacoli pirotecnici\",\"breadcrumb\":{\"@id\":\"https:\/\/staging.varesenews.it\/2004\/12\/capodanno-in-piazza-da-milano-a-lugano\/281655\/#breadcrumb\"},\"inLanguage\":\"it-IT\",\"potentialAction\":[{\"@type\":\"ReadAction\",\"target\":[\"https:\/\/staging.varesenews.it\/2004\/12\/capodanno-in-piazza-da-milano-a-lugano\/281655\/\"]}]},{\"@type\":\"BreadcrumbList\",\"@id\":\"https:\/\/staging.varesenews.it\/2004\/12\/capodanno-in-piazza-da-milano-a-lugano\/281655\/#breadcrumb\",\"itemListElement\":[{\"@type\":\"ListItem\",\"position\":1,\"name\":\"Home\",\"item\":\"https:\/\/www.varesenews.it\/\"},{\"@type\":\"ListItem\",\"position\":2,\"name\":\"Capodanno in piazza da Milano a Lugano\"}]},{\"@type\":\"WebSite\",\"@id\":\"https:\/\/staging.varesenews.it\/#website\",\"url\":\"https:\/\/staging.varesenews.it\/\",\"name\":\"VareseNews\",\"description\":\"\",\"potentialAction\":[{\"@type\":\"SearchAction\",\"target\":{\"@type\":\"EntryPoint\",\"urlTemplate\":\"https:\/\/staging.varesenews.it\/?s={search_term_string}\"},\"query-input\":\"required name=search_term_string\"}],\"inLanguage\":\"it-IT\"},{\"@type\":\"Person\",\"@id\":\"https:\/\/staging.varesenews.it\/#\/schema\/person\/fb20c4da0b7b16c291707a20db73e169\",\"name\":\"Redazione VareseNews\",\"image\":{\"@type\":\"ImageObject\",\"inLanguage\":\"it-IT\",\"@id\":\"https:\/\/staging.varesenews.it\/#\/schema\/person\/image\/\",\"url\":\"https:\/\/staging.varesenews.it\/wp-content\/uploads\/2020\/12\/logo_VN_colori_500.png\",\"contentUrl\":\"https:\/\/staging.varesenews.it\/wp-content\/uploads\/2020\/12\/logo_VN_colori_500.png\",\"caption\":\"Redazione VareseNews\"},\"url\":\"https:\/\/staging.varesenews.it\/persona\/redazione1\/\"}]}<\/script>\n<!-- \/ Yoast SEO plugin. -->","yoast_head_json":{"title":"Capodanno in piazza da Milano a Lugano","description":"Gli appuntamenti delle province di Varese, Milano, Como e Lugano. Cabaret, musica e spettacoli pirotecnici","robots":{"index":"noindex","follow":"follow","max-snippet":"max-snippet:-1","max-image-preview":"max-image-preview:large","max-video-preview":"max-video-preview:-1"},"og_locale":"it_IT","og_type":"article","og_title":"Capodanno in piazza da Milano a Lugano","og_description":"Gli appuntamenti delle province di Varese, Milano, Como e Lugano. Cabaret, musica e spettacoli pirotecnici","og_url":"https:\/\/staging.varesenews.it\/2004\/12\/capodanno-in-piazza-da-milano-a-lugano\/281655\/","og_site_name":"VareseNews","article_publisher":"https:\/\/www.facebook.com\/varesenews","article_published_time":"2004-12-31T00:00:00+00:00","author":"Redazione VareseNews","twitter_card":"summary_large_image","twitter_creator":"@varesenews","twitter_site":"@varesenews","twitter_misc":{"Scritto da":"Redazione VareseNews","Tempo di lettura stimato":"4 minuti"},"schema":{"@context":"https:\/\/schema.org","@graph":[{"@type":"WebPage","@id":"https:\/\/staging.varesenews.it\/2004\/12\/capodanno-in-piazza-da-milano-a-lugano\/281655\/","url":"https:\/\/staging.varesenews.it\/2004\/12\/capodanno-in-piazza-da-milano-a-lugano\/281655\/","name":"Capodanno in piazza da Milano a Lugano","isPartOf":{"@id":"https:\/\/staging.varesenews.it\/#website"},"datePublished":"2004-12-31T00:00:00+00:00","dateModified":"2004-12-31T00:00:00+00:00","author":{"@id":"https:\/\/staging.varesenews.it\/#\/schema\/person\/fb20c4da0b7b16c291707a20db73e169"},"description":"Gli appuntamenti delle province di Varese, Milano, Como e Lugano. Cabaret, musica e spettacoli pirotecnici","breadcrumb":{"@id":"https:\/\/staging.varesenews.it\/2004\/12\/capodanno-in-piazza-da-milano-a-lugano\/281655\/#breadcrumb"},"inLanguage":"it-IT","potentialAction":[{"@type":"ReadAction","target":["https:\/\/staging.varesenews.it\/2004\/12\/capodanno-in-piazza-da-milano-a-lugano\/281655\/"]}]},{"@type":"BreadcrumbList","@id":"https:\/\/staging.varesenews.it\/2004\/12\/capodanno-in-piazza-da-milano-a-lugano\/281655\/#breadcrumb","itemListElement":[{"@type":"ListItem","position":1,"name":"Home","item":"https:\/\/www.varesenews.it\/"},{"@type":"ListItem","position":2,"name":"Capodanno in piazza da Milano a Lugano"}]},{"@type":"WebSite","@id":"https:\/\/staging.varesenews.it\/#website","url":"https:\/\/staging.varesenews.it\/","name":"VareseNews","description":"","potentialAction":[{"@type":"SearchAction","target":{"@type":"EntryPoint","urlTemplate":"https:\/\/staging.varesenews.it\/?s={search_term_string}"},"query-input":"required name=search_term_string"}],"inLanguage":"it-IT"},{"@type":"Person","@id":"https:\/\/staging.varesenews.it\/#\/schema\/person\/fb20c4da0b7b16c291707a20db73e169","name":"Redazione VareseNews","image":{"@type":"ImageObject","inLanguage":"it-IT","@id":"https:\/\/staging.varesenews.it\/#\/schema\/person\/image\/","url":"https:\/\/staging.varesenews.it\/wp-content\/uploads\/2020\/12\/logo_VN_colori_500.png","contentUrl":"https:\/\/staging.varesenews.it\/wp-content\/uploads\/2020\/12\/logo_VN_colori_500.png","caption":"Redazione VareseNews"},"url":"https:\/\/staging.varesenews.it\/persona\/redazione1\/"}]}},"post_meta":{"id_old":"15398","argomento":"Capodanno","autore_old":"V.V."},"photos":[],"_links":{"self":[{"href":"https:\/\/staging.varesenews.it\/swgapi\/v1\/wp\/v2\/posts\/281655"}],"collection":[{"href":"https:\/\/staging.varesenews.it\/swgapi\/v1\/wp\/v2\/posts"}],"about":[{"href":"https:\/\/staging.varesenews.it\/swgapi\/v1\/wp\/v2\/types\/post"}],"author":[{"embeddable":true,"href":"https:\/\/staging.varesenews.it\/swgapi\/v1\/wp\/v2\/users\/10"}],"replies":[{"embeddable":true,"href":"https:\/\/staging.varesenews.it\/swgapi\/v1\/wp\/v2\/comments?post=281655"}],"version-history":[{"count":0,"href":"https:\/\/staging.varesenews.it\/swgapi\/v1\/wp\/v2\/posts\/281655\/revisions"}],"wp:attachment":[{"href":"https:\/\/staging.varesenews.it\/swgapi\/v1\/wp\/v2\/media?parent=281655"}],"wp:term":[{"taxonomy":"category","embeddable":true,"href":"https:\/\/staging.varesenews.it\/swgapi\/v1\/wp\/v2\/categories?post=281655"},{"taxonomy":"post_tag","embeddable":true,"href":"https:\/\/staging.varesenews.it\/swgapi\/v1\/wp\/v2\/tags?post=281655"}],"curies":[{"name":"wp","href":"https:\/\/api.w.org\/{rel}","templated":true}]}}