{"id":281756,"date":"2004-12-21T00:00:00","date_gmt":"2004-12-21T00:00:00","guid":{"rendered":""},"modified":"2004-12-21T00:00:00","modified_gmt":"2004-12-21T00:00:00","slug":"se-ci-vogliono-seppellire-lo-dicano","status":"publish","type":"post","link":"https:\/\/staging.varesenews.it\/2004\/12\/se-ci-vogliono-seppellire-lo-dicano\/281756\/","title":{"rendered":"\u00abSe ci vogliono seppellire, lo dicano\u00bb"},"content":{"rendered":"<p style=\"margin: 0cm 0cm 0pt;\" class=\"MsoNormal\"><font face=\"arial,helvetica,sans-serif\"><strong>Presidio <\/strong>dei dipendenti di <strong>Volare<\/strong> a Malpensa. <strong>Cgil <\/strong>ha riunito i lavoratori della compagnia commissariata per protestare contro la presa di posizione della Sea, che ha impedito l\u2019arrivo dell\u2019aeromobile di Volare a Malpensa. Davanti al <strong>Terminal 2<\/strong>, di fronte agli uffici Sea, si sono riunite <strong>una settantina di persone<\/strong>. <\/font><\/p>\n<p style=\"margin: 0cm 0cm 0pt;\" class=\"MsoNormal\"><font face=\"arial,helvetica,sans-serif\">&nbsp;<\/font><\/p>\n<p style=\"margin: 0cm 0cm 0pt;\" class=\"MsoNormal\"><font face=\"arial,helvetica,sans-serif\">Tra i lavoratori serpeggiava la <strong>delusione<\/strong> e la <strong>rassegnazione<\/strong>, <img decoding=\"async\" vspace=\"3\" hspace=\"3\" border=\"1\" align=\"right\" src=\"https:\/\/www3.varesenews.it\/immagini_articoli\/200412\/volare-1.gif\" \/>molti si sono dichiarati arrabbiati e incapaci di rendersi conto di quanto \u00e8 successo ieri: \u00abCi spiace per i passeggeri \u2013 hanno detto alcune <strong>assistenti di volo<\/strong> \u2013 che ci hanno dato fiducia e hanno tenuto il biglietto di Air Europe. \u00c8 la <strong>SEA <\/strong>la <strong>colpevole<\/strong> di tutto questo, non ha creduto in noi e ci ha affossato\u00bb. \u00abCi sono forze occulte e <strong>grandi interessi<\/strong> \u2013 \u00e8 intervenuta una dipendente in attivit\u00e0 da quindici anni \u2013 Non mi spiego come una societ\u00e0 che vanta crediti da tre anni faccia valere le proprie ragioni proprio quanto il debitore pu\u00f2 rimettersi in pista e ripartire. <strong><img decoding=\"async\" vspace=\"3\" hspace=\"3\" border=\"1\" align=\"left\" src=\"https:\/\/www3.varesenews.it\/immagini_articoli\/200412\/volare-2.gif\" \/>Malpensa era la nostra seconda casa, ora siamo costretti a lasciarla<\/strong>\u00bb. <\/font><\/p>\n<p style=\"margin: 0cm 0cm 0pt;\" class=\"MsoNormal\"><font face=\"arial,helvetica,sans-serif\">Un&#8217;altra addetta al personale di terra aggiunge: \u00abNoi ci abbiamo sempre creduto, <strong>se ci vogliono affossare, lo dicano chiaro<\/strong>. Non c\u2019\u00e8 mai stata chiarezza in questa vertenza, ci hanno voluto seppellire\u00bb. Ancora pi\u00f9 duro <strong>Antonio Iorio<\/strong>, responsabile ingegneria avionica di VolareWeb: \u00ab<strong>Non basta fare queste manifestazioni<\/strong>, ci vogliono atti dimostrativi pi\u00f9 forti. Se avessimo bloccato le piste, tutti si sarebbero ricordati del 21 dicembre 2004 quando gli aerei non sono decollati, bloccati dai dipendenti di Volare. Non sappiamo cosa fare. Ci hanno chiesto di tornare al lavoro e lo abbiamo fatto. Io sono stato allertato venerd\u00ec 17 per il volo di luned\u00ec 20 dicembre, e come me tanti altri. <strong>La compagnia si \u00e8 mossa con tempismo<\/strong>, non ha responsabilit\u00e0. Se gli aerei non possono volare non sappiamo proprio cosa possiamo<\/font> <font face=\"arial,helvetica,sans-serif\">fare<\/font>\u00bb.<span>&nbsp;<\/span><\/p>\n","protected":false},"excerpt":{"rendered":"<p>I lavoratori di Volare si sono riuniti al Terminal 2 per protestare e chiedere che Sea riveda le sue posizioni e conceda le liberatoria alla compagnia Volare Group<\/p>\n","protected":false},"author":10,"featured_media":0,"comment_status":"open","ping_status":"open","sticky":false,"template":"","format":"standard","meta":{"footnotes":""},"categories":[3],"tags":[],"acf":[],"yoast_head":"<!-- This site is optimized with the Yoast SEO plugin v20.1 - https:\/\/yoast.com\/wordpress\/plugins\/seo\/ -->\n<title>\u00abSe ci vogliono seppellire, lo dicano\u00bb<\/title>\n<meta name=\"description\" content=\"I lavoratori di Volare si sono riuniti al Terminal 2 per protestare e chiedere che Sea riveda le sue posizioni e conceda le liberatoria alla compagnia Volare Group\" \/>\n<meta name=\"robots\" content=\"noindex, follow, max-snippet:-1, max-image-preview:large, max-video-preview:-1\" \/>\n<meta property=\"og:locale\" content=\"it_IT\" \/>\n<meta property=\"og:type\" content=\"article\" \/>\n<meta property=\"og:title\" content=\"\u00abSe ci vogliono seppellire, lo dicano\u00bb\" \/>\n<meta property=\"og:description\" content=\"I lavoratori di Volare si sono riuniti al Terminal 2 per protestare e chiedere che Sea riveda le sue posizioni e conceda le liberatoria alla compagnia Volare Group\" \/>\n<meta property=\"og:url\" content=\"https:\/\/staging.varesenews.it\/2004\/12\/se-ci-vogliono-seppellire-lo-dicano\/281756\/\" \/>\n<meta property=\"og:site_name\" content=\"VareseNews\" \/>\n<meta property=\"article:publisher\" content=\"https:\/\/www.facebook.com\/varesenews\" \/>\n<meta property=\"article:published_time\" content=\"2004-12-21T00:00:00+00:00\" \/>\n<meta property=\"og:image\" content=\"https:\/\/www3.varesenews.it\/immagini_articoli\/200412\/volare-1.gif\" \/>\n<meta name=\"author\" content=\"Redazione VareseNews\" \/>\n<meta name=\"twitter:card\" content=\"summary_large_image\" \/>\n<meta name=\"twitter:creator\" content=\"@varesenews\" \/>\n<meta name=\"twitter:site\" content=\"@varesenews\" \/>\n<meta name=\"twitter:label1\" content=\"Scritto da\" \/>\n\t<meta name=\"twitter:data1\" content=\"Redazione VareseNews\" \/>\n\t<meta name=\"twitter:label2\" content=\"Tempo di lettura stimato\" \/>\n\t<meta name=\"twitter:data2\" content=\"1 minuto\" \/>\n<script type=\"application\/ld+json\" class=\"yoast-schema-graph\">{\"@context\":\"https:\/\/schema.org\",\"@graph\":[{\"@type\":\"WebPage\",\"@id\":\"https:\/\/staging.varesenews.it\/2004\/12\/se-ci-vogliono-seppellire-lo-dicano\/281756\/\",\"url\":\"https:\/\/staging.varesenews.it\/2004\/12\/se-ci-vogliono-seppellire-lo-dicano\/281756\/\",\"name\":\"\u00abSe ci vogliono seppellire, lo dicano\u00bb\",\"isPartOf\":{\"@id\":\"https:\/\/staging.varesenews.it\/#website\"},\"datePublished\":\"2004-12-21T00:00:00+00:00\",\"dateModified\":\"2004-12-21T00:00:00+00:00\",\"author\":{\"@id\":\"https:\/\/staging.varesenews.it\/#\/schema\/person\/fb20c4da0b7b16c291707a20db73e169\"},\"description\":\"I lavoratori di Volare si sono riuniti al Terminal 2 per protestare e chiedere che Sea riveda le sue posizioni e conceda le liberatoria alla compagnia Volare Group\",\"breadcrumb\":{\"@id\":\"https:\/\/staging.varesenews.it\/2004\/12\/se-ci-vogliono-seppellire-lo-dicano\/281756\/#breadcrumb\"},\"inLanguage\":\"it-IT\",\"potentialAction\":[{\"@type\":\"ReadAction\",\"target\":[\"https:\/\/staging.varesenews.it\/2004\/12\/se-ci-vogliono-seppellire-lo-dicano\/281756\/\"]}]},{\"@type\":\"BreadcrumbList\",\"@id\":\"https:\/\/staging.varesenews.it\/2004\/12\/se-ci-vogliono-seppellire-lo-dicano\/281756\/#breadcrumb\",\"itemListElement\":[{\"@type\":\"ListItem\",\"position\":1,\"name\":\"Home\",\"item\":\"https:\/\/www.varesenews.it\/\"},{\"@type\":\"ListItem\",\"position\":2,\"name\":\"\u00abSe ci vogliono seppellire, lo dicano\u00bb\"}]},{\"@type\":\"WebSite\",\"@id\":\"https:\/\/staging.varesenews.it\/#website\",\"url\":\"https:\/\/staging.varesenews.it\/\",\"name\":\"VareseNews\",\"description\":\"\",\"potentialAction\":[{\"@type\":\"SearchAction\",\"target\":{\"@type\":\"EntryPoint\",\"urlTemplate\":\"https:\/\/staging.varesenews.it\/?s={search_term_string}\"},\"query-input\":\"required name=search_term_string\"}],\"inLanguage\":\"it-IT\"},{\"@type\":\"Person\",\"@id\":\"https:\/\/staging.varesenews.it\/#\/schema\/person\/fb20c4da0b7b16c291707a20db73e169\",\"name\":\"Redazione VareseNews\",\"image\":{\"@type\":\"ImageObject\",\"inLanguage\":\"it-IT\",\"@id\":\"https:\/\/staging.varesenews.it\/#\/schema\/person\/image\/\",\"url\":\"https:\/\/staging.varesenews.it\/wp-content\/uploads\/2020\/12\/logo_VN_colori_500.png\",\"contentUrl\":\"https:\/\/staging.varesenews.it\/wp-content\/uploads\/2020\/12\/logo_VN_colori_500.png\",\"caption\":\"Redazione VareseNews\"},\"url\":\"https:\/\/staging.varesenews.it\/persona\/redazione1\/\"}]}<\/script>\n<!-- \/ Yoast SEO plugin. -->","yoast_head_json":{"title":"\u00abSe ci vogliono seppellire, lo dicano\u00bb","description":"I lavoratori di Volare si sono riuniti al Terminal 2 per protestare e chiedere che Sea riveda le sue posizioni e conceda le liberatoria alla compagnia Volare Group","robots":{"index":"noindex","follow":"follow","max-snippet":"max-snippet:-1","max-image-preview":"max-image-preview:large","max-video-preview":"max-video-preview:-1"},"og_locale":"it_IT","og_type":"article","og_title":"\u00abSe ci vogliono seppellire, lo dicano\u00bb","og_description":"I lavoratori di Volare si sono riuniti al Terminal 2 per protestare e chiedere che Sea riveda le sue posizioni e conceda le liberatoria alla compagnia Volare Group","og_url":"https:\/\/staging.varesenews.it\/2004\/12\/se-ci-vogliono-seppellire-lo-dicano\/281756\/","og_site_name":"VareseNews","article_publisher":"https:\/\/www.facebook.com\/varesenews","article_published_time":"2004-12-21T00:00:00+00:00","og_image":[{"url":"https:\/\/www3.varesenews.it\/immagini_articoli\/200412\/volare-1.gif"}],"author":"Redazione VareseNews","twitter_card":"summary_large_image","twitter_creator":"@varesenews","twitter_site":"@varesenews","twitter_misc":{"Scritto da":"Redazione VareseNews","Tempo di lettura stimato":"1 minuto"},"schema":{"@context":"https:\/\/schema.org","@graph":[{"@type":"WebPage","@id":"https:\/\/staging.varesenews.it\/2004\/12\/se-ci-vogliono-seppellire-lo-dicano\/281756\/","url":"https:\/\/staging.varesenews.it\/2004\/12\/se-ci-vogliono-seppellire-lo-dicano\/281756\/","name":"\u00abSe ci vogliono seppellire, lo dicano\u00bb","isPartOf":{"@id":"https:\/\/staging.varesenews.it\/#website"},"datePublished":"2004-12-21T00:00:00+00:00","dateModified":"2004-12-21T00:00:00+00:00","author":{"@id":"https:\/\/staging.varesenews.it\/#\/schema\/person\/fb20c4da0b7b16c291707a20db73e169"},"description":"I lavoratori di Volare si sono riuniti al Terminal 2 per protestare e chiedere che Sea riveda le sue posizioni e conceda le liberatoria alla compagnia Volare Group","breadcrumb":{"@id":"https:\/\/staging.varesenews.it\/2004\/12\/se-ci-vogliono-seppellire-lo-dicano\/281756\/#breadcrumb"},"inLanguage":"it-IT","potentialAction":[{"@type":"ReadAction","target":["https:\/\/staging.varesenews.it\/2004\/12\/se-ci-vogliono-seppellire-lo-dicano\/281756\/"]}]},{"@type":"BreadcrumbList","@id":"https:\/\/staging.varesenews.it\/2004\/12\/se-ci-vogliono-seppellire-lo-dicano\/281756\/#breadcrumb","itemListElement":[{"@type":"ListItem","position":1,"name":"Home","item":"https:\/\/www.varesenews.it\/"},{"@type":"ListItem","position":2,"name":"\u00abSe ci vogliono seppellire, lo dicano\u00bb"}]},{"@type":"WebSite","@id":"https:\/\/staging.varesenews.it\/#website","url":"https:\/\/staging.varesenews.it\/","name":"VareseNews","description":"","potentialAction":[{"@type":"SearchAction","target":{"@type":"EntryPoint","urlTemplate":"https:\/\/staging.varesenews.it\/?s={search_term_string}"},"query-input":"required name=search_term_string"}],"inLanguage":"it-IT"},{"@type":"Person","@id":"https:\/\/staging.varesenews.it\/#\/schema\/person\/fb20c4da0b7b16c291707a20db73e169","name":"Redazione VareseNews","image":{"@type":"ImageObject","inLanguage":"it-IT","@id":"https:\/\/staging.varesenews.it\/#\/schema\/person\/image\/","url":"https:\/\/staging.varesenews.it\/wp-content\/uploads\/2020\/12\/logo_VN_colori_500.png","contentUrl":"https:\/\/staging.varesenews.it\/wp-content\/uploads\/2020\/12\/logo_VN_colori_500.png","caption":"Redazione VareseNews"},"url":"https:\/\/staging.varesenews.it\/persona\/redazione1\/"}]}},"post_meta":{"id_old":"15268","argomento":"Malpensa","autore_old":"Tommaso Guidotti"},"photos":[],"_links":{"self":[{"href":"https:\/\/staging.varesenews.it\/swgapi\/v1\/wp\/v2\/posts\/281756"}],"collection":[{"href":"https:\/\/staging.varesenews.it\/swgapi\/v1\/wp\/v2\/posts"}],"about":[{"href":"https:\/\/staging.varesenews.it\/swgapi\/v1\/wp\/v2\/types\/post"}],"author":[{"embeddable":true,"href":"https:\/\/staging.varesenews.it\/swgapi\/v1\/wp\/v2\/users\/10"}],"replies":[{"embeddable":true,"href":"https:\/\/staging.varesenews.it\/swgapi\/v1\/wp\/v2\/comments?post=281756"}],"version-history":[{"count":0,"href":"https:\/\/staging.varesenews.it\/swgapi\/v1\/wp\/v2\/posts\/281756\/revisions"}],"wp:attachment":[{"href":"https:\/\/staging.varesenews.it\/swgapi\/v1\/wp\/v2\/media?parent=281756"}],"wp:term":[{"taxonomy":"category","embeddable":true,"href":"https:\/\/staging.varesenews.it\/swgapi\/v1\/wp\/v2\/categories?post=281756"},{"taxonomy":"post_tag","embeddable":true,"href":"https:\/\/staging.varesenews.it\/swgapi\/v1\/wp\/v2\/tags?post=281756"}],"curies":[{"name":"wp","href":"https:\/\/api.w.org\/{rel}","templated":true}]}}