{"id":282113,"date":"2004-12-10T00:00:00","date_gmt":"2004-12-10T00:00:00","guid":{"rendered":""},"modified":"2004-12-10T00:00:00","modified_gmt":"2004-12-10T00:00:00","slug":"portatori-di-pace-tra-i-premiati-ci-sono-otto-varesini","status":"publish","type":"post","link":"https:\/\/staging.varesenews.it\/2004\/12\/portatori-di-pace-tra-i-premiati-ci-sono-otto-varesini\/282113\/","title":{"rendered":"Portatori di Pace, tra i premiati ci sono otto varesini"},"content":{"rendered":"<p class=\"MsoNormal\" style=\"MARGIN: 0cm 0cm 0pt; LINE-HEIGHT: 12pt; mso-layout-grid-align: none\"><span style=\"COLOR: black; FONT-FAMILY: Arial; mso-bidi-font-size: 10.0pt\">Il presidente della Regione Lombardia Roberto Formigoni ha conferito un riconoscimento speciale a 91 candidati &#8216;ammessi&#8217; al &quot;Premio per la Pace&quot;, <\/span><span style=\"COLOR: black; FONT-FAMILY: Arial; mso-bidi-font-size: 10.0pt\">per la &quot;dedizione con cui hanno operato a favore della pace <\/span><span style=\"COLOR: black; FONT-FAMILY: Arial; mso-bidi-font-size: 10.0pt\">portando la propria testimonianza in difesa dei valori di <\/span><span style=\"COLOR: black; FONT-FAMILY: Arial; mso-bidi-font-size: 10.0pt\">solidariet\u00e0 con i paesi in via di sviluppo e di amicizia tra i <\/span><span style=\"COLOR: black; FONT-FAMILY: Arial; mso-bidi-font-size: 10.0pt\">popoli e precisamente&quot;. Alcuni di essi sono della provincia di varese: tra i premiati delle nostre zone ci sono tre associazioni, due bande musicali e tre persone che si sono distinte particolarmente in opere a favore della pace. <\/span><\/p>\n<p class=\"MsoNormal\" style=\"MARGIN: 0cm 0cm 0pt; LINE-HEIGHT: 12pt; mso-layout-grid-align: none\"><span style=\"COLOR: black; FONT-FAMILY: Arial; mso-bidi-font-size: 10.0pt\"><br \/><\/span><span style=\"COLOR: black; FONT-FAMILY: Arial; mso-bidi-font-size: 10.0pt\">La prima delle associazioni varesine segnalate \u00e8 l\u2019associazione <strong>Amici del Madagascar<\/strong> di Brissago Valtravaglia, per il sostegno alle attivit\u00e0 di centri missionari cattolici operanti in Madagascar e per la lotta all&#8217;analfabetismo. <\/span><\/p>\n<p \/>\n<p class=\"MsoNormal\" style=\"MARGIN: 0cm 0cm 0pt; LINE-HEIGHT: 12pt; mso-layout-grid-align: none\"><span style=\"COLOR: black; FONT-FAMILY: Arial; mso-bidi-font-size: 10.0pt\">Con lei anche il <strong>Comitato Aiuti di Castellanza<\/strong> della scuola <\/span><span style=\"COLOR: black; FONT-FAMILY: Arial; mso-bidi-font-size: 10.0pt\">elementare Manzoni: la motivazione della segnalazione \u00e8 quella di avere educato i bambini ai valori di solidariet\u00e0 e di libert\u00e0, in particolare verso le popolazioni profughe di Croazia, Bosnia Erzegovina, Albania e Serbia e per i <\/span><span style=\"COLOR: black; FONT-FAMILY: Arial; mso-bidi-font-size: 10.0pt\">terremotati di Colfiorito (Umbria) e Ripabottoni (Molise). La terza associazione \u00e8 <strong>\u201cIl Cantiere della Solidariet\u00e0\u201d<\/strong> di Varese, segnalata per le <\/span><span style=\"COLOR: black; FONT-FAMILY: Arial; mso-bidi-font-size: 10.0pt\">diverse iniziative e testimonianza sul valore di pace che hanno <\/span><span style=\"COLOR: black; FONT-FAMILY: Arial; mso-bidi-font-size: 10.0pt\">coinvolto pi\u00f9 soggetti, sia pubblici che privati, all&#8217;interno <\/span><span style=\"COLOR: black; FONT-FAMILY: Arial; mso-bidi-font-size: 10.0pt\">del mondo della scuola, con lo scopo di motivare centinaia di <\/span><span style=\"COLOR: black; FONT-FAMILY: Arial; mso-bidi-font-size: 10.0pt\">ragazzi alla pace, anche attraverso l&#8217;incontro con altri ragazzi <\/span><span style=\"COLOR: black; FONT-FAMILY: Arial; mso-bidi-font-size: 10.0pt\">di paesi diversi.<\/span><span style=\"COLOR: black; FONT-FAMILY: Arial; mso-bidi-font-size: 10.0pt\">\u00a0<\/span><\/p>\n<p \/>\n<p class=\"MsoNormal\" style=\"MARGIN: 0cm 0cm 0pt; LINE-HEIGHT: 12pt; mso-layout-grid-align: none\"><span style=\"COLOR: black; FONT-FAMILY: Arial; mso-bidi-font-size: 10.0pt\">Le due bande musicali segnalate per il loro impegno per la pace sono stati il\u00a0 <\/span><span style=\"COLOR: black; FONT-FAMILY: Arial; mso-bidi-font-size: 10.0pt\"><strong>Corpo Musicale &quot;la Filarmonica\u201d di Verghera<\/strong>, segnalata per <\/span><span style=\"COLOR: black; FONT-FAMILY: Arial; mso-bidi-font-size: 10.0pt\">iniziative di prestigio come concerti al Parlamento Europeo a Strasburgo o Bruxelles, all&#8217;ONU di New York e all&#8217;Aeroporto della Malpensa, e la\u00a0 <\/span><span style=\"COLOR: black; FONT-FAMILY: Arial; mso-bidi-font-size: 10.0pt\"><strong>Filarmonica Samaratese &quot;Banda Cittadina&quot; di Vizzola Ticino<\/strong> per <\/span><span style=\"COLOR: black; FONT-FAMILY: Arial; mso-bidi-font-size: 10.0pt\">l&#8217;intensa attivit\u00e0 a favore della diffusione della cultura della <\/span><span style=\"COLOR: black; FONT-FAMILY: Arial; mso-bidi-font-size: 10.0pt\">pace per mezzo di concerti e partecipazioni ad eventi anche <\/span><span style=\"COLOR: black; FONT-FAMILY: Arial; mso-bidi-font-size: 10.0pt\">internazionali.<\/span><span style=\"COLOR: black; FONT-FAMILY: Arial; mso-bidi-font-size: 10.0pt\">\u00a0<\/span><\/p>\n<p \/>\n<p class=\"MsoNormal\" style=\"MARGIN: 0cm 0cm 0pt; LINE-HEIGHT: 12pt; mso-layout-grid-align: none\"><span style=\"COLOR: black; FONT-FAMILY: Arial; mso-bidi-font-size: 10.0pt\">I tre personaggi varesini che si sono distinti per opere di pace sono conosciuti e amati in provincia, per il loro impegno molto simile per intensit\u00e0 e molto diverso per obiettivi.<\/span><\/p>\n<p \/>\n<p class=\"MsoNormal\" style=\"MARGIN: 0cm 0cm 0pt; LINE-HEIGHT: 12pt; mso-layout-grid-align: none\"><span style=\"FONT-FAMILY: Arial\">Il primo \u00e8 <strong>Monsignor Emilio Patriarca<\/strong> ora Vescovo di Monze in Zambia, ma partito dalla parrochia di Masnago, Varese. La motivazione del riconoscimento \u00e8 stata \u201cper il suo infaticabile impegno ultraventicinquennale in Zambia, in particolare a favore della cura sanitaria, educazione e formazione di disabili, giovani e poveri e nella lotta all&#8217;AIDS\u201d. Il secondo riconoscimento \u00e8 invece andato ad <strong>Olimpio Gasparotto<\/strong> di Castiglione Olona, per la sua opera ventennale sia in<span style=\"mso-spacerun: yes\">\u00a0 <\/span>progetti di solidariet\u00e0 in Paesi in via di sviluppo, sia in situazioni di emergenza e di guerra, sia in progetti a lungo termine contro denutrizione e per il <\/span><span style=\"COLOR: black; FONT-FAMILY: Arial; mso-bidi-font-size: 10.0pt\">miglioramento delle condizioni sanitarie, igieniche ed alimentari. Infine il riconoscimento \u00e8 andato ad <strong>Angelo Pietro Castiglioni<\/strong> di Busto Arsizio, deportato nei campi di sterminio nazisti e ora presidente dell\u2019associazione deportati, per l&#8217;impegno che profonde da anni per mantenere vivo nella gente il ricordo e la difesa della memoria dei martiri di <\/span><span style=\"COLOR: black; FONT-FAMILY: Arial; mso-bidi-font-size: 10.0pt\">guerra e il suo sforzo di sensibilizzare soprattutto le <\/span><span style=\"COLOR: black; FONT-FAMILY: Arial; mso-bidi-font-size: 10.0pt\">giovani generazioni ai valori della <\/span><span style=\"COLOR: black; FONT-FAMILY: Arial; mso-bidi-font-size: 10.0pt\">libert\u00e0 e della pace.<\/span><\/p>\n<p \/>\n","protected":false},"excerpt":{"rendered":"<p>Il riconoscimento dalla regione Lombardia. Tra essi anche Monsignor Emilio patriarca e Angelo castiglioni<\/p>\n","protected":false},"author":10,"featured_media":0,"comment_status":"open","ping_status":"open","sticky":false,"template":"","format":"standard","meta":{"footnotes":""},"categories":[7],"tags":[],"acf":[],"yoast_head":"<!-- This site is optimized with the Yoast SEO plugin v20.1 - https:\/\/yoast.com\/wordpress\/plugins\/seo\/ -->\n<title>Portatori di Pace, tra i premiati ci sono otto varesini<\/title>\n<meta name=\"description\" content=\"Il riconoscimento dalla regione Lombardia. Tra essi anche Monsignor Emilio patriarca e Angelo castiglioni\" \/>\n<meta name=\"robots\" content=\"noindex, follow, max-snippet:-1, max-image-preview:large, max-video-preview:-1\" \/>\n<meta property=\"og:locale\" content=\"it_IT\" \/>\n<meta property=\"og:type\" content=\"article\" \/>\n<meta property=\"og:title\" content=\"Portatori di Pace, tra i premiati ci sono otto varesini\" \/>\n<meta property=\"og:description\" content=\"Il riconoscimento dalla regione Lombardia. Tra essi anche Monsignor Emilio patriarca e Angelo castiglioni\" \/>\n<meta property=\"og:url\" content=\"https:\/\/staging.varesenews.it\/2004\/12\/portatori-di-pace-tra-i-premiati-ci-sono-otto-varesini\/282113\/\" \/>\n<meta property=\"og:site_name\" content=\"VareseNews\" \/>\n<meta property=\"article:publisher\" content=\"https:\/\/www.facebook.com\/varesenews\" \/>\n<meta property=\"article:published_time\" content=\"2004-12-10T00:00:00+00:00\" \/>\n<meta name=\"author\" content=\"Redazione VareseNews\" \/>\n<meta name=\"twitter:card\" content=\"summary_large_image\" \/>\n<meta name=\"twitter:creator\" content=\"@varesenews\" \/>\n<meta name=\"twitter:site\" content=\"@varesenews\" \/>\n<meta name=\"twitter:label1\" content=\"Scritto da\" \/>\n\t<meta name=\"twitter:data1\" content=\"Redazione VareseNews\" \/>\n\t<meta name=\"twitter:label2\" content=\"Tempo di lettura stimato\" \/>\n\t<meta name=\"twitter:data2\" content=\"3 minuti\" \/>\n<script type=\"application\/ld+json\" class=\"yoast-schema-graph\">{\"@context\":\"https:\/\/schema.org\",\"@graph\":[{\"@type\":\"WebPage\",\"@id\":\"https:\/\/staging.varesenews.it\/2004\/12\/portatori-di-pace-tra-i-premiati-ci-sono-otto-varesini\/282113\/\",\"url\":\"https:\/\/staging.varesenews.it\/2004\/12\/portatori-di-pace-tra-i-premiati-ci-sono-otto-varesini\/282113\/\",\"name\":\"Portatori di Pace, tra i premiati ci sono otto varesini\",\"isPartOf\":{\"@id\":\"https:\/\/staging.varesenews.it\/#website\"},\"datePublished\":\"2004-12-10T00:00:00+00:00\",\"dateModified\":\"2004-12-10T00:00:00+00:00\",\"author\":{\"@id\":\"https:\/\/staging.varesenews.it\/#\/schema\/person\/fb20c4da0b7b16c291707a20db73e169\"},\"description\":\"Il riconoscimento dalla regione Lombardia. Tra essi anche Monsignor Emilio patriarca e Angelo castiglioni\",\"breadcrumb\":{\"@id\":\"https:\/\/staging.varesenews.it\/2004\/12\/portatori-di-pace-tra-i-premiati-ci-sono-otto-varesini\/282113\/#breadcrumb\"},\"inLanguage\":\"it-IT\",\"potentialAction\":[{\"@type\":\"ReadAction\",\"target\":[\"https:\/\/staging.varesenews.it\/2004\/12\/portatori-di-pace-tra-i-premiati-ci-sono-otto-varesini\/282113\/\"]}]},{\"@type\":\"BreadcrumbList\",\"@id\":\"https:\/\/staging.varesenews.it\/2004\/12\/portatori-di-pace-tra-i-premiati-ci-sono-otto-varesini\/282113\/#breadcrumb\",\"itemListElement\":[{\"@type\":\"ListItem\",\"position\":1,\"name\":\"Home\",\"item\":\"https:\/\/www.varesenews.it\/\"},{\"@type\":\"ListItem\",\"position\":2,\"name\":\"Portatori di Pace, tra i premiati ci sono otto varesini\"}]},{\"@type\":\"WebSite\",\"@id\":\"https:\/\/staging.varesenews.it\/#website\",\"url\":\"https:\/\/staging.varesenews.it\/\",\"name\":\"VareseNews\",\"description\":\"\",\"potentialAction\":[{\"@type\":\"SearchAction\",\"target\":{\"@type\":\"EntryPoint\",\"urlTemplate\":\"https:\/\/staging.varesenews.it\/?s={search_term_string}\"},\"query-input\":\"required name=search_term_string\"}],\"inLanguage\":\"it-IT\"},{\"@type\":\"Person\",\"@id\":\"https:\/\/staging.varesenews.it\/#\/schema\/person\/fb20c4da0b7b16c291707a20db73e169\",\"name\":\"Redazione VareseNews\",\"image\":{\"@type\":\"ImageObject\",\"inLanguage\":\"it-IT\",\"@id\":\"https:\/\/staging.varesenews.it\/#\/schema\/person\/image\/\",\"url\":\"https:\/\/staging.varesenews.it\/wp-content\/uploads\/2020\/12\/logo_VN_colori_500.png\",\"contentUrl\":\"https:\/\/staging.varesenews.it\/wp-content\/uploads\/2020\/12\/logo_VN_colori_500.png\",\"caption\":\"Redazione VareseNews\"},\"url\":\"https:\/\/staging.varesenews.it\/persona\/redazione1\/\"}]}<\/script>\n<!-- \/ Yoast SEO plugin. -->","yoast_head_json":{"title":"Portatori di Pace, tra i premiati ci sono otto varesini","description":"Il riconoscimento dalla regione Lombardia. Tra essi anche Monsignor Emilio patriarca e Angelo castiglioni","robots":{"index":"noindex","follow":"follow","max-snippet":"max-snippet:-1","max-image-preview":"max-image-preview:large","max-video-preview":"max-video-preview:-1"},"og_locale":"it_IT","og_type":"article","og_title":"Portatori di Pace, tra i premiati ci sono otto varesini","og_description":"Il riconoscimento dalla regione Lombardia. Tra essi anche Monsignor Emilio patriarca e Angelo castiglioni","og_url":"https:\/\/staging.varesenews.it\/2004\/12\/portatori-di-pace-tra-i-premiati-ci-sono-otto-varesini\/282113\/","og_site_name":"VareseNews","article_publisher":"https:\/\/www.facebook.com\/varesenews","article_published_time":"2004-12-10T00:00:00+00:00","author":"Redazione VareseNews","twitter_card":"summary_large_image","twitter_creator":"@varesenews","twitter_site":"@varesenews","twitter_misc":{"Scritto da":"Redazione VareseNews","Tempo di lettura stimato":"3 minuti"},"schema":{"@context":"https:\/\/schema.org","@graph":[{"@type":"WebPage","@id":"https:\/\/staging.varesenews.it\/2004\/12\/portatori-di-pace-tra-i-premiati-ci-sono-otto-varesini\/282113\/","url":"https:\/\/staging.varesenews.it\/2004\/12\/portatori-di-pace-tra-i-premiati-ci-sono-otto-varesini\/282113\/","name":"Portatori di Pace, tra i premiati ci sono otto varesini","isPartOf":{"@id":"https:\/\/staging.varesenews.it\/#website"},"datePublished":"2004-12-10T00:00:00+00:00","dateModified":"2004-12-10T00:00:00+00:00","author":{"@id":"https:\/\/staging.varesenews.it\/#\/schema\/person\/fb20c4da0b7b16c291707a20db73e169"},"description":"Il riconoscimento dalla regione Lombardia. Tra essi anche Monsignor Emilio patriarca e Angelo castiglioni","breadcrumb":{"@id":"https:\/\/staging.varesenews.it\/2004\/12\/portatori-di-pace-tra-i-premiati-ci-sono-otto-varesini\/282113\/#breadcrumb"},"inLanguage":"it-IT","potentialAction":[{"@type":"ReadAction","target":["https:\/\/staging.varesenews.it\/2004\/12\/portatori-di-pace-tra-i-premiati-ci-sono-otto-varesini\/282113\/"]}]},{"@type":"BreadcrumbList","@id":"https:\/\/staging.varesenews.it\/2004\/12\/portatori-di-pace-tra-i-premiati-ci-sono-otto-varesini\/282113\/#breadcrumb","itemListElement":[{"@type":"ListItem","position":1,"name":"Home","item":"https:\/\/www.varesenews.it\/"},{"@type":"ListItem","position":2,"name":"Portatori di Pace, tra i premiati ci sono otto varesini"}]},{"@type":"WebSite","@id":"https:\/\/staging.varesenews.it\/#website","url":"https:\/\/staging.varesenews.it\/","name":"VareseNews","description":"","potentialAction":[{"@type":"SearchAction","target":{"@type":"EntryPoint","urlTemplate":"https:\/\/staging.varesenews.it\/?s={search_term_string}"},"query-input":"required name=search_term_string"}],"inLanguage":"it-IT"},{"@type":"Person","@id":"https:\/\/staging.varesenews.it\/#\/schema\/person\/fb20c4da0b7b16c291707a20db73e169","name":"Redazione VareseNews","image":{"@type":"ImageObject","inLanguage":"it-IT","@id":"https:\/\/staging.varesenews.it\/#\/schema\/person\/image\/","url":"https:\/\/staging.varesenews.it\/wp-content\/uploads\/2020\/12\/logo_VN_colori_500.png","contentUrl":"https:\/\/staging.varesenews.it\/wp-content\/uploads\/2020\/12\/logo_VN_colori_500.png","caption":"Redazione VareseNews"},"url":"https:\/\/staging.varesenews.it\/persona\/redazione1\/"}]}},"post_meta":{"id_old":"14785","argomento":"Milano"},"photos":[],"_links":{"self":[{"href":"https:\/\/staging.varesenews.it\/swgapi\/v1\/wp\/v2\/posts\/282113"}],"collection":[{"href":"https:\/\/staging.varesenews.it\/swgapi\/v1\/wp\/v2\/posts"}],"about":[{"href":"https:\/\/staging.varesenews.it\/swgapi\/v1\/wp\/v2\/types\/post"}],"author":[{"embeddable":true,"href":"https:\/\/staging.varesenews.it\/swgapi\/v1\/wp\/v2\/users\/10"}],"replies":[{"embeddable":true,"href":"https:\/\/staging.varesenews.it\/swgapi\/v1\/wp\/v2\/comments?post=282113"}],"version-history":[{"count":0,"href":"https:\/\/staging.varesenews.it\/swgapi\/v1\/wp\/v2\/posts\/282113\/revisions"}],"wp:attachment":[{"href":"https:\/\/staging.varesenews.it\/swgapi\/v1\/wp\/v2\/media?parent=282113"}],"wp:term":[{"taxonomy":"category","embeddable":true,"href":"https:\/\/staging.varesenews.it\/swgapi\/v1\/wp\/v2\/categories?post=282113"},{"taxonomy":"post_tag","embeddable":true,"href":"https:\/\/staging.varesenews.it\/swgapi\/v1\/wp\/v2\/tags?post=282113"}],"curies":[{"name":"wp","href":"https:\/\/api.w.org\/{rel}","templated":true}]}}