{"id":282141,"date":"2004-12-10T00:00:00","date_gmt":"2004-12-10T00:00:00","guid":{"rendered":""},"modified":"2004-12-10T00:00:00","modified_gmt":"2004-12-10T00:00:00","slug":"tutto-l-arbitrato-in-un-corso","status":"publish","type":"post","link":"https:\/\/staging.varesenews.it\/2004\/12\/tutto-l-arbitrato-in-un-corso\/282141\/","title":{"rendered":"Tutto l&#8217;Arbitrato in un corso"},"content":{"rendered":"<p>Si svolger\u00e0 tra il Centro Congressi &quot;Ville Ponti&quot; di Varese e a &quot;Malpensafiere&quot; di Busto Arsizio la prima edizione del &quot;Corso di Introduzione all&#8217;Arbitrato&quot;, organizzato dalla Camera di Commercio attraverso la sua azienda speciale Formas e in collaborazione con l&#8217;Universit\u00e0 Cattaneo di Castellanza.<br \/>L&#8217;iniziativa &#8211; dedicata alla figura di Vincenzo Rovello, magistrato scomparso lo scorso anno e gi\u00e0 presidente della Camera Arbitrale presso la Camera di Commercio &#8211; si propone di diffondere la conoscenza dell&#8217;Arbitrato come strumento di risoluzione delle controversie alternativo alla giustizia ordinaria.<br \/>Il corso, che prender\u00e0 il via sabato 15 gennaio, si rivolge in particolare a chi si trovi o si sia gi\u00e0 trovato a svolgere incarichi in procedimenti arbitrali.<br \/>Gli argomenti spazieranno dai tipi di arbitrato utilizzabili all&#8217;accordo compromissorio, gli arbitri, le fasi del procedimento e il lodo. Seguiranno poi tre approfondimenti specifici sull&#8217;arbitrato nei rapporti con la pubblica amministrazione, con particolare riferimento agli appalti, sull&#8217;arbitrato in materia societaria e sull&#8217;arbitrato in materia immobiliare.<\/p>\n<p>Gli appuntamenti previsti sono otto, in orario pomeridiano dalle ore 15.00 alle ore 18.00, alternativamente nelle sedi di Varese e Busto Arsizio: pi\u00f9 precisamente il \u00b7 15 gennaio, il 18 febbraio, il 18 marzo, il 15 aprile a Varese; il 4 febbraio, il 4 marzo, il 1\u00b0 aprile e il 29 aprile a Busto Arsizio.<\/p>\n<p>Il ciclo d&#8217;incontri si chiuder\u00e0 venerd\u00ec 20 maggio 2005 con un convegno alle Ville Ponti. La sua presentazione \u00e8 invece prevista per mercoled\u00ec 15 dicembre alle ore 17.00 nella sala Campiotti della Camera di Commercio, in piazza Monte Grappa a Varese. Tra gli altri, interverranno il presidente della Camera di Commercio Angelo Belloli, il professor Aurelio D. Candian, docente all&#8217;Universit\u00e0 Cattaneo e presidente in carica della Camera Arbitrale, il professor Alberto Malatesta, anche lui dell&#8217;Universit\u00e0 Cattaneo e coordinatore del corso, nonch\u00e9 il presidente del Tribunale varesino Giovanni Polidori. Quest&#8217;ultimo nell&#8217;occasione ricorder\u00e0 la figura di Vincenzo Rovello. Per ulteriori informazioni \u00e8 possibile rivolgersi al &quot;Servizio Regolazione del Mercato&quot; (Lucia Polesello, tel. 0332\/295311; e-mail: regolazione.mercato@va.camcom.it).<\/p>\n","protected":false},"excerpt":{"rendered":"<p>Si svolger\u00e0 a partire dal 15 gennaio, e verr\u00e0 presentato mercoled\u00ec 15 dicembre<\/p>\n","protected":false},"author":10,"featured_media":0,"comment_status":"open","ping_status":"open","sticky":false,"template":"","format":"standard","meta":{"footnotes":""},"categories":[15],"tags":[],"acf":[],"yoast_head":"<!-- This site is optimized with the Yoast SEO plugin v20.1 - https:\/\/yoast.com\/wordpress\/plugins\/seo\/ -->\n<title>Tutto l&#039;Arbitrato in un corso<\/title>\n<meta name=\"description\" content=\"Si svolger\u00e0 a partire dal 15 gennaio, e verr\u00e0 presentato mercoled\u00ec 15 dicembre\" \/>\n<meta name=\"robots\" content=\"noindex, follow, max-snippet:-1, max-image-preview:large, max-video-preview:-1\" \/>\n<meta property=\"og:locale\" content=\"it_IT\" \/>\n<meta property=\"og:type\" content=\"article\" \/>\n<meta property=\"og:title\" content=\"Tutto l&#039;Arbitrato in un corso\" \/>\n<meta property=\"og:description\" content=\"Si svolger\u00e0 a partire dal 15 gennaio, e verr\u00e0 presentato mercoled\u00ec 15 dicembre\" \/>\n<meta property=\"og:url\" content=\"https:\/\/staging.varesenews.it\/2004\/12\/tutto-l-arbitrato-in-un-corso\/282141\/\" \/>\n<meta property=\"og:site_name\" content=\"VareseNews\" \/>\n<meta property=\"article:publisher\" content=\"https:\/\/www.facebook.com\/varesenews\" \/>\n<meta property=\"article:published_time\" content=\"2004-12-10T00:00:00+00:00\" \/>\n<meta name=\"author\" content=\"Redazione VareseNews\" \/>\n<meta name=\"twitter:card\" content=\"summary_large_image\" \/>\n<meta name=\"twitter:creator\" content=\"@varesenews\" \/>\n<meta name=\"twitter:site\" content=\"@varesenews\" \/>\n<meta name=\"twitter:label1\" content=\"Scritto da\" \/>\n\t<meta name=\"twitter:data1\" content=\"Redazione VareseNews\" \/>\n\t<meta name=\"twitter:label2\" content=\"Tempo di lettura stimato\" \/>\n\t<meta name=\"twitter:data2\" content=\"2 minuti\" \/>\n<script type=\"application\/ld+json\" class=\"yoast-schema-graph\">{\"@context\":\"https:\/\/schema.org\",\"@graph\":[{\"@type\":\"WebPage\",\"@id\":\"https:\/\/staging.varesenews.it\/2004\/12\/tutto-l-arbitrato-in-un-corso\/282141\/\",\"url\":\"https:\/\/staging.varesenews.it\/2004\/12\/tutto-l-arbitrato-in-un-corso\/282141\/\",\"name\":\"Tutto l'Arbitrato in un corso\",\"isPartOf\":{\"@id\":\"https:\/\/staging.varesenews.it\/#website\"},\"datePublished\":\"2004-12-10T00:00:00+00:00\",\"dateModified\":\"2004-12-10T00:00:00+00:00\",\"author\":{\"@id\":\"https:\/\/staging.varesenews.it\/#\/schema\/person\/fb20c4da0b7b16c291707a20db73e169\"},\"description\":\"Si svolger\u00e0 a partire dal 15 gennaio, e verr\u00e0 presentato mercoled\u00ec 15 dicembre\",\"breadcrumb\":{\"@id\":\"https:\/\/staging.varesenews.it\/2004\/12\/tutto-l-arbitrato-in-un-corso\/282141\/#breadcrumb\"},\"inLanguage\":\"it-IT\",\"potentialAction\":[{\"@type\":\"ReadAction\",\"target\":[\"https:\/\/staging.varesenews.it\/2004\/12\/tutto-l-arbitrato-in-un-corso\/282141\/\"]}]},{\"@type\":\"BreadcrumbList\",\"@id\":\"https:\/\/staging.varesenews.it\/2004\/12\/tutto-l-arbitrato-in-un-corso\/282141\/#breadcrumb\",\"itemListElement\":[{\"@type\":\"ListItem\",\"position\":1,\"name\":\"Home\",\"item\":\"https:\/\/www.varesenews.it\/\"},{\"@type\":\"ListItem\",\"position\":2,\"name\":\"Tutto l&#8217;Arbitrato in un corso\"}]},{\"@type\":\"WebSite\",\"@id\":\"https:\/\/staging.varesenews.it\/#website\",\"url\":\"https:\/\/staging.varesenews.it\/\",\"name\":\"VareseNews\",\"description\":\"\",\"potentialAction\":[{\"@type\":\"SearchAction\",\"target\":{\"@type\":\"EntryPoint\",\"urlTemplate\":\"https:\/\/staging.varesenews.it\/?s={search_term_string}\"},\"query-input\":\"required name=search_term_string\"}],\"inLanguage\":\"it-IT\"},{\"@type\":\"Person\",\"@id\":\"https:\/\/staging.varesenews.it\/#\/schema\/person\/fb20c4da0b7b16c291707a20db73e169\",\"name\":\"Redazione VareseNews\",\"image\":{\"@type\":\"ImageObject\",\"inLanguage\":\"it-IT\",\"@id\":\"https:\/\/staging.varesenews.it\/#\/schema\/person\/image\/\",\"url\":\"https:\/\/staging.varesenews.it\/wp-content\/uploads\/2020\/12\/logo_VN_colori_500.png\",\"contentUrl\":\"https:\/\/staging.varesenews.it\/wp-content\/uploads\/2020\/12\/logo_VN_colori_500.png\",\"caption\":\"Redazione VareseNews\"},\"url\":\"https:\/\/staging.varesenews.it\/persona\/redazione1\/\"}]}<\/script>\n<!-- \/ Yoast SEO plugin. -->","yoast_head_json":{"title":"Tutto l'Arbitrato in un corso","description":"Si svolger\u00e0 a partire dal 15 gennaio, e verr\u00e0 presentato mercoled\u00ec 15 dicembre","robots":{"index":"noindex","follow":"follow","max-snippet":"max-snippet:-1","max-image-preview":"max-image-preview:large","max-video-preview":"max-video-preview:-1"},"og_locale":"it_IT","og_type":"article","og_title":"Tutto l'Arbitrato in un corso","og_description":"Si svolger\u00e0 a partire dal 15 gennaio, e verr\u00e0 presentato mercoled\u00ec 15 dicembre","og_url":"https:\/\/staging.varesenews.it\/2004\/12\/tutto-l-arbitrato-in-un-corso\/282141\/","og_site_name":"VareseNews","article_publisher":"https:\/\/www.facebook.com\/varesenews","article_published_time":"2004-12-10T00:00:00+00:00","author":"Redazione VareseNews","twitter_card":"summary_large_image","twitter_creator":"@varesenews","twitter_site":"@varesenews","twitter_misc":{"Scritto da":"Redazione VareseNews","Tempo di lettura stimato":"2 minuti"},"schema":{"@context":"https:\/\/schema.org","@graph":[{"@type":"WebPage","@id":"https:\/\/staging.varesenews.it\/2004\/12\/tutto-l-arbitrato-in-un-corso\/282141\/","url":"https:\/\/staging.varesenews.it\/2004\/12\/tutto-l-arbitrato-in-un-corso\/282141\/","name":"Tutto l'Arbitrato in un corso","isPartOf":{"@id":"https:\/\/staging.varesenews.it\/#website"},"datePublished":"2004-12-10T00:00:00+00:00","dateModified":"2004-12-10T00:00:00+00:00","author":{"@id":"https:\/\/staging.varesenews.it\/#\/schema\/person\/fb20c4da0b7b16c291707a20db73e169"},"description":"Si svolger\u00e0 a partire dal 15 gennaio, e verr\u00e0 presentato mercoled\u00ec 15 dicembre","breadcrumb":{"@id":"https:\/\/staging.varesenews.it\/2004\/12\/tutto-l-arbitrato-in-un-corso\/282141\/#breadcrumb"},"inLanguage":"it-IT","potentialAction":[{"@type":"ReadAction","target":["https:\/\/staging.varesenews.it\/2004\/12\/tutto-l-arbitrato-in-un-corso\/282141\/"]}]},{"@type":"BreadcrumbList","@id":"https:\/\/staging.varesenews.it\/2004\/12\/tutto-l-arbitrato-in-un-corso\/282141\/#breadcrumb","itemListElement":[{"@type":"ListItem","position":1,"name":"Home","item":"https:\/\/www.varesenews.it\/"},{"@type":"ListItem","position":2,"name":"Tutto l&#8217;Arbitrato in un corso"}]},{"@type":"WebSite","@id":"https:\/\/staging.varesenews.it\/#website","url":"https:\/\/staging.varesenews.it\/","name":"VareseNews","description":"","potentialAction":[{"@type":"SearchAction","target":{"@type":"EntryPoint","urlTemplate":"https:\/\/staging.varesenews.it\/?s={search_term_string}"},"query-input":"required name=search_term_string"}],"inLanguage":"it-IT"},{"@type":"Person","@id":"https:\/\/staging.varesenews.it\/#\/schema\/person\/fb20c4da0b7b16c291707a20db73e169","name":"Redazione VareseNews","image":{"@type":"ImageObject","inLanguage":"it-IT","@id":"https:\/\/staging.varesenews.it\/#\/schema\/person\/image\/","url":"https:\/\/staging.varesenews.it\/wp-content\/uploads\/2020\/12\/logo_VN_colori_500.png","contentUrl":"https:\/\/staging.varesenews.it\/wp-content\/uploads\/2020\/12\/logo_VN_colori_500.png","caption":"Redazione VareseNews"},"url":"https:\/\/staging.varesenews.it\/persona\/redazione1\/"}]}},"post_meta":{"id_old":"14748","argomento":"Varese"},"photos":[],"_links":{"self":[{"href":"https:\/\/staging.varesenews.it\/swgapi\/v1\/wp\/v2\/posts\/282141"}],"collection":[{"href":"https:\/\/staging.varesenews.it\/swgapi\/v1\/wp\/v2\/posts"}],"about":[{"href":"https:\/\/staging.varesenews.it\/swgapi\/v1\/wp\/v2\/types\/post"}],"author":[{"embeddable":true,"href":"https:\/\/staging.varesenews.it\/swgapi\/v1\/wp\/v2\/users\/10"}],"replies":[{"embeddable":true,"href":"https:\/\/staging.varesenews.it\/swgapi\/v1\/wp\/v2\/comments?post=282141"}],"version-history":[{"count":0,"href":"https:\/\/staging.varesenews.it\/swgapi\/v1\/wp\/v2\/posts\/282141\/revisions"}],"wp:attachment":[{"href":"https:\/\/staging.varesenews.it\/swgapi\/v1\/wp\/v2\/media?parent=282141"}],"wp:term":[{"taxonomy":"category","embeddable":true,"href":"https:\/\/staging.varesenews.it\/swgapi\/v1\/wp\/v2\/categories?post=282141"},{"taxonomy":"post_tag","embeddable":true,"href":"https:\/\/staging.varesenews.it\/swgapi\/v1\/wp\/v2\/tags?post=282141"}],"curies":[{"name":"wp","href":"https:\/\/api.w.org\/{rel}","templated":true}]}}