{"id":282442,"date":"2004-12-02T00:00:00","date_gmt":"2004-12-02T00:00:00","guid":{"rendered":""},"modified":"2004-12-02T00:00:00","modified_gmt":"2004-12-02T00:00:00","slug":"un-seme-di-speranza-per-l-africa","status":"publish","type":"post","link":"https:\/\/staging.varesenews.it\/2004\/12\/un-seme-di-speranza-per-l-africa\/282442\/","title":{"rendered":"Un seme di speranza per l\u2019Africa"},"content":{"rendered":"<p align=\"left\"><font face=\"arial,helvetica,sans-serif\">Questo <strong>sabato, 4 dicembre<\/strong>, alla &quot;Cripta di Masnago&quot; si svolger\u00e0 una serata in sostegno della costruzione del &quot;<strong>Villaggio della gioia<\/strong>&quot;, dal titolo significativo &quot;Tra presente e futuro, un seme di speranza per l\u2019Africa&quot;. A questo incontro saranno presenti <strong>Giorgio Forconi, reporter di Rai3, e Fulgenzio Cortesi, il padre missionario<\/strong> che ha creato il progetto. I due relatori presenteranno varie diapositive per aggiornare i presenti sullo stato dei lavori ed un interessante documentario, di Cortesi, in grado di dare un\u2019immagine intensa della difficile situazione in cui si trovano i bambini nel terzo e quarto mondo. <img decoding=\"async\" hspace=\"3\" src=\"https:\/\/www3.varesenews.it\/immagini_articoli\/200412\/Plastico%20parziale%20del%20villaggio.jpg\" align=\"left\" vspace=\"3\" border=\"0\" \/><\/font><\/p>\n<p align=\"left\"><font face=\"arial,helvetica,sans-serif\">Il Villaggio della gioia sar\u00e0 una struttura, nella Tanzania orientale, in grado di ospitare fino a 1300 bambini di strada. Una volta ultimata questa comunit\u00e0 sar\u00e0 in grado di offrire possibilit\u00e0 di sostentamento durature e autonome per i suoi abitanti, con campi coltivabili, fattorie, pozzi e scuole. <\/font><\/p>\n<p align=\"left\"><font face=\"arial,helvetica,sans-serif\">La Tanzania \u00e8 uno dei paesi africani pi\u00f9 poveri, in particolare a Dar es Salaam, la zona in cui opera padre Cortesi, l\u201980% degli abitanti vive in quartieri degradati e in baraccopoli sovrappopolate, la mortalit\u00e0 infantile \u00e8 superiore al 13% e il 40% dei bambini \u00e8 malnutrito. Ecco, secondo la testimonianza di padre Cortesi, qual \u00e8 lo stato dei bambini che ha trovato in Tanzania: \u00ab<em>Q<\/em><\/font><font face=\"arial,helvetica,sans-serif\"><em>uesti bambini forzatamente adulti non hanno altra scelta che sopravvivere quotidianamente di espedienti, il che li porta spesso a diventare mendicanti cronici, a specializzarsi in piccoli furti, a prostituirsi ai ricchi turisti del Nord in cerca di emozioni animalesche forti, a far uso di droghe per alleviare e calmare i morsi della fame\u00bb. <br \/><\/em><\/font><font face=\"arial,helvetica,sans-serif\"><br \/><\/font><font face=\"arial,helvetica,sans-serif\">In questi mesi le Acli provinciali stanno lanciando varie campagne per la raccolta fondi e l\u2019informazione, tra cui anche quest\u2019ultimo incontro; l\u2019obiettivo ora \u00e8 quello di raccogliere il denaro necessario a costruire delle sale da pranzo e dei luoghi ricreativi per i bambini.<\/font><font face=\"arial,helvetica,sans-serif\"><\/font><\/p>\n<p align=\"left\"><font face=\"arial,helvetica,sans-serif\"><\/font><\/p>\n<p align=\"left\"><font face=\"arial,helvetica,sans-serif\"><\/font><\/p>\n<p align=\"left\"><font face=\"arial,helvetica,sans-serif\"><strong>&quot;Tra presente e futuro un seme di speranza per l\u2019Africa&quot;<br \/><\/strong><\/font><font face=\"arial,helvetica,sans-serif\"><strong>Sabato 4 dicembre 2004, ore 20.45 alla Cripta di Masnago, via Petracchi, Varese, accesso libero e gratuito<\/strong>.<\/p>\n<p><\/font><font face=\"arial,helvetica,sans-serif\">Per quanto riguarda le donazioni, oltre ai salvadanai che si potranno trovare nei <strong>circoli Acli<\/strong>, esistono anche questi altri metodi di pagamento:<br \/><\/font><font face=\"arial,helvetica,sans-serif\">&#8211; <strong>bollettini postali su c\/c 30021208 intestato a Il Villaggio della Gioia onlus, causale &quot;Contributo realizzazione villaggio della Gioia&quot;<\/strong><\/font><\/p>\n<p align=\"left\"><font face=\"arial,helvetica,sans-serif\"><strong>&#8211; Conto Corrente Bancario nr. 530000 \u2013 Abi 05018 \u2013 Cab 12100 \u2013 della Banca Popolare Etica<\/strong><\/font><\/p>\n<p \/>\n","protected":false},"excerpt":{"rendered":"<p>Sabato sera un incontro a Masnago per far conoscere il progetto \u201cVillaggio della gioia\u201d<\/p>\n","protected":false},"author":10,"featured_media":0,"comment_status":"open","ping_status":"open","sticky":false,"template":"","format":"standard","meta":{"footnotes":""},"categories":[2],"tags":[],"acf":[],"yoast_head":"<!-- This site is optimized with the Yoast SEO plugin v20.1 - https:\/\/yoast.com\/wordpress\/plugins\/seo\/ -->\n<title>Un seme di speranza per l\u2019Africa<\/title>\n<meta name=\"description\" content=\"Sabato sera un incontro a Masnago per far conoscere il progetto \u201cVillaggio della gioia\u201d\" \/>\n<meta name=\"robots\" content=\"noindex, follow, max-snippet:-1, max-image-preview:large, max-video-preview:-1\" \/>\n<meta property=\"og:locale\" content=\"it_IT\" \/>\n<meta property=\"og:type\" content=\"article\" \/>\n<meta property=\"og:title\" content=\"Un seme di speranza per l\u2019Africa\" \/>\n<meta property=\"og:description\" content=\"Sabato sera un incontro a Masnago per far conoscere il progetto \u201cVillaggio della gioia\u201d\" \/>\n<meta property=\"og:url\" content=\"https:\/\/staging.varesenews.it\/2004\/12\/un-seme-di-speranza-per-l-africa\/282442\/\" \/>\n<meta property=\"og:site_name\" content=\"VareseNews\" \/>\n<meta property=\"article:publisher\" content=\"https:\/\/www.facebook.com\/varesenews\" \/>\n<meta property=\"article:published_time\" content=\"2004-12-02T00:00:00+00:00\" \/>\n<meta property=\"og:image\" content=\"https:\/\/www3.varesenews.it\/immagini_articoli\/200412\/Plastico%20parziale%20del%20villaggio.jpg\" \/>\n<meta name=\"author\" content=\"Redazione VareseNews\" \/>\n<meta name=\"twitter:card\" content=\"summary_large_image\" \/>\n<meta name=\"twitter:creator\" content=\"@varesenews\" \/>\n<meta name=\"twitter:site\" content=\"@varesenews\" \/>\n<meta name=\"twitter:label1\" content=\"Scritto da\" \/>\n\t<meta name=\"twitter:data1\" content=\"Redazione VareseNews\" \/>\n\t<meta name=\"twitter:label2\" content=\"Tempo di lettura stimato\" \/>\n\t<meta name=\"twitter:data2\" content=\"2 minuti\" \/>\n<script type=\"application\/ld+json\" class=\"yoast-schema-graph\">{\"@context\":\"https:\/\/schema.org\",\"@graph\":[{\"@type\":\"WebPage\",\"@id\":\"https:\/\/staging.varesenews.it\/2004\/12\/un-seme-di-speranza-per-l-africa\/282442\/\",\"url\":\"https:\/\/staging.varesenews.it\/2004\/12\/un-seme-di-speranza-per-l-africa\/282442\/\",\"name\":\"Un seme di speranza per l\u2019Africa\",\"isPartOf\":{\"@id\":\"https:\/\/staging.varesenews.it\/#website\"},\"datePublished\":\"2004-12-02T00:00:00+00:00\",\"dateModified\":\"2004-12-02T00:00:00+00:00\",\"author\":{\"@id\":\"https:\/\/staging.varesenews.it\/#\/schema\/person\/fb20c4da0b7b16c291707a20db73e169\"},\"description\":\"Sabato sera un incontro a Masnago per far conoscere il progetto \u201cVillaggio della gioia\u201d\",\"breadcrumb\":{\"@id\":\"https:\/\/staging.varesenews.it\/2004\/12\/un-seme-di-speranza-per-l-africa\/282442\/#breadcrumb\"},\"inLanguage\":\"it-IT\",\"potentialAction\":[{\"@type\":\"ReadAction\",\"target\":[\"https:\/\/staging.varesenews.it\/2004\/12\/un-seme-di-speranza-per-l-africa\/282442\/\"]}]},{\"@type\":\"BreadcrumbList\",\"@id\":\"https:\/\/staging.varesenews.it\/2004\/12\/un-seme-di-speranza-per-l-africa\/282442\/#breadcrumb\",\"itemListElement\":[{\"@type\":\"ListItem\",\"position\":1,\"name\":\"Home\",\"item\":\"https:\/\/www.varesenews.it\/\"},{\"@type\":\"ListItem\",\"position\":2,\"name\":\"Un seme di speranza per l\u2019Africa\"}]},{\"@type\":\"WebSite\",\"@id\":\"https:\/\/staging.varesenews.it\/#website\",\"url\":\"https:\/\/staging.varesenews.it\/\",\"name\":\"VareseNews\",\"description\":\"\",\"potentialAction\":[{\"@type\":\"SearchAction\",\"target\":{\"@type\":\"EntryPoint\",\"urlTemplate\":\"https:\/\/staging.varesenews.it\/?s={search_term_string}\"},\"query-input\":\"required name=search_term_string\"}],\"inLanguage\":\"it-IT\"},{\"@type\":\"Person\",\"@id\":\"https:\/\/staging.varesenews.it\/#\/schema\/person\/fb20c4da0b7b16c291707a20db73e169\",\"name\":\"Redazione VareseNews\",\"image\":{\"@type\":\"ImageObject\",\"inLanguage\":\"it-IT\",\"@id\":\"https:\/\/staging.varesenews.it\/#\/schema\/person\/image\/\",\"url\":\"https:\/\/staging.varesenews.it\/wp-content\/uploads\/2020\/12\/logo_VN_colori_500.png\",\"contentUrl\":\"https:\/\/staging.varesenews.it\/wp-content\/uploads\/2020\/12\/logo_VN_colori_500.png\",\"caption\":\"Redazione VareseNews\"},\"url\":\"https:\/\/staging.varesenews.it\/persona\/redazione1\/\"}]}<\/script>\n<!-- \/ Yoast SEO plugin. -->","yoast_head_json":{"title":"Un seme di speranza per l\u2019Africa","description":"Sabato sera un incontro a Masnago per far conoscere il progetto \u201cVillaggio della gioia\u201d","robots":{"index":"noindex","follow":"follow","max-snippet":"max-snippet:-1","max-image-preview":"max-image-preview:large","max-video-preview":"max-video-preview:-1"},"og_locale":"it_IT","og_type":"article","og_title":"Un seme di speranza per l\u2019Africa","og_description":"Sabato sera un incontro a Masnago per far conoscere il progetto \u201cVillaggio della gioia\u201d","og_url":"https:\/\/staging.varesenews.it\/2004\/12\/un-seme-di-speranza-per-l-africa\/282442\/","og_site_name":"VareseNews","article_publisher":"https:\/\/www.facebook.com\/varesenews","article_published_time":"2004-12-02T00:00:00+00:00","og_image":[{"url":"https:\/\/www3.varesenews.it\/immagini_articoli\/200412\/Plastico%20parziale%20del%20villaggio.jpg"}],"author":"Redazione VareseNews","twitter_card":"summary_large_image","twitter_creator":"@varesenews","twitter_site":"@varesenews","twitter_misc":{"Scritto da":"Redazione VareseNews","Tempo di lettura stimato":"2 minuti"},"schema":{"@context":"https:\/\/schema.org","@graph":[{"@type":"WebPage","@id":"https:\/\/staging.varesenews.it\/2004\/12\/un-seme-di-speranza-per-l-africa\/282442\/","url":"https:\/\/staging.varesenews.it\/2004\/12\/un-seme-di-speranza-per-l-africa\/282442\/","name":"Un seme di speranza per l\u2019Africa","isPartOf":{"@id":"https:\/\/staging.varesenews.it\/#website"},"datePublished":"2004-12-02T00:00:00+00:00","dateModified":"2004-12-02T00:00:00+00:00","author":{"@id":"https:\/\/staging.varesenews.it\/#\/schema\/person\/fb20c4da0b7b16c291707a20db73e169"},"description":"Sabato sera un incontro a Masnago per far conoscere il progetto \u201cVillaggio della gioia\u201d","breadcrumb":{"@id":"https:\/\/staging.varesenews.it\/2004\/12\/un-seme-di-speranza-per-l-africa\/282442\/#breadcrumb"},"inLanguage":"it-IT","potentialAction":[{"@type":"ReadAction","target":["https:\/\/staging.varesenews.it\/2004\/12\/un-seme-di-speranza-per-l-africa\/282442\/"]}]},{"@type":"BreadcrumbList","@id":"https:\/\/staging.varesenews.it\/2004\/12\/un-seme-di-speranza-per-l-africa\/282442\/#breadcrumb","itemListElement":[{"@type":"ListItem","position":1,"name":"Home","item":"https:\/\/www.varesenews.it\/"},{"@type":"ListItem","position":2,"name":"Un seme di speranza per l\u2019Africa"}]},{"@type":"WebSite","@id":"https:\/\/staging.varesenews.it\/#website","url":"https:\/\/staging.varesenews.it\/","name":"VareseNews","description":"","potentialAction":[{"@type":"SearchAction","target":{"@type":"EntryPoint","urlTemplate":"https:\/\/staging.varesenews.it\/?s={search_term_string}"},"query-input":"required name=search_term_string"}],"inLanguage":"it-IT"},{"@type":"Person","@id":"https:\/\/staging.varesenews.it\/#\/schema\/person\/fb20c4da0b7b16c291707a20db73e169","name":"Redazione VareseNews","image":{"@type":"ImageObject","inLanguage":"it-IT","@id":"https:\/\/staging.varesenews.it\/#\/schema\/person\/image\/","url":"https:\/\/staging.varesenews.it\/wp-content\/uploads\/2020\/12\/logo_VN_colori_500.png","contentUrl":"https:\/\/staging.varesenews.it\/wp-content\/uploads\/2020\/12\/logo_VN_colori_500.png","caption":"Redazione VareseNews"},"url":"https:\/\/staging.varesenews.it\/persona\/redazione1\/"}]}},"post_meta":{"id_old":"14345","argomento":"Varse"},"photos":[],"_links":{"self":[{"href":"https:\/\/staging.varesenews.it\/swgapi\/v1\/wp\/v2\/posts\/282442"}],"collection":[{"href":"https:\/\/staging.varesenews.it\/swgapi\/v1\/wp\/v2\/posts"}],"about":[{"href":"https:\/\/staging.varesenews.it\/swgapi\/v1\/wp\/v2\/types\/post"}],"author":[{"embeddable":true,"href":"https:\/\/staging.varesenews.it\/swgapi\/v1\/wp\/v2\/users\/10"}],"replies":[{"embeddable":true,"href":"https:\/\/staging.varesenews.it\/swgapi\/v1\/wp\/v2\/comments?post=282442"}],"version-history":[{"count":0,"href":"https:\/\/staging.varesenews.it\/swgapi\/v1\/wp\/v2\/posts\/282442\/revisions"}],"wp:attachment":[{"href":"https:\/\/staging.varesenews.it\/swgapi\/v1\/wp\/v2\/media?parent=282442"}],"wp:term":[{"taxonomy":"category","embeddable":true,"href":"https:\/\/staging.varesenews.it\/swgapi\/v1\/wp\/v2\/categories?post=282442"},{"taxonomy":"post_tag","embeddable":true,"href":"https:\/\/staging.varesenews.it\/swgapi\/v1\/wp\/v2\/tags?post=282442"}],"curies":[{"name":"wp","href":"https:\/\/api.w.org\/{rel}","templated":true}]}}