{"id":282650,"date":"2004-11-27T00:00:00","date_gmt":"2004-11-27T00:00:00","guid":{"rendered":""},"modified":"2004-11-27T00:00:00","modified_gmt":"2004-11-27T00:00:00","slug":"amici-di-bosto-un-assemblea-contro-inquinamento-e-traffico","status":"publish","type":"post","link":"https:\/\/staging.varesenews.it\/2004\/11\/amici-di-bosto-un-assemblea-contro-inquinamento-e-traffico\/282650\/","title":{"rendered":"&#8220;Amici di Bosto&#8221;, un&#8217;assemblea contro inquinamento e traffico"},"content":{"rendered":"<p class=\"MsoNormal\" style=\"MARGIN: 0cm 0cm 0pt\"><font face=\"arial,helvetica,sans-serif\">Inquinamento acustico, macchine che sfrecciano senza curarsi dei passanti, parcheggi abusivi che impediscono ai pedoni di camminare in sicurezza sui marciapiedi. Questi e tanti altri i problemi trattati dal <strong>comitato \u201cAmici di Bosto\u201d,<\/strong> riunitosi per la prima volta in assemblea nella sala della casa parrocchiale di S. Michele. <\/font><\/p>\n<p class=\"MsoNormal\" style=\"MARGIN: 0cm 0cm 0pt\"><font face=\"arial,helvetica,sans-serif\">\u00abIl comitato \u00e8 sorto spontaneamente \u2013 dice uno degli organizzatori, Giuseppe <strong>Dominici <\/strong>\u2013 non c\u2019\u00e8 nessuna ideologia politica o altro, solo la volont\u00e0 forte di chiudere questa querelle che ci vede coinvolti da anni. Abbiamo pi\u00f9 volte chiesto all\u2019amministrazione comunale di risolvere il problema viabilit\u00e0, ma nulla \u00e8 stato fatto. Ci siamo rivolti e ci rivolgeremo al difensore civico per tutelare le nostre posizioni. Inoltre abbiamo gi\u00e0 interpellato l\u2019<strong>Arpa<\/strong> (Agenzia Regionale Prevenzione e Ambiente) per monitorare la situazione dell<strong>\u2019inquinamento<\/strong> acustico e ambientale: la risposta \u00e8 stata pronta e positiva, salvo comunicarci che senza la richiesta ufficiale del comune non possono intervenire. Noi chiediamo cose non trascendentali: va eliminato il doppio senso sulla via che porta da S. Imerio alla chiesa di S. Michele, vanno messe in <strong>sicurezza <\/strong>le strade per eliminare il pericolo di incidenti tra auto e pedoni, <strong>piccole migliorie<\/strong> che non comportano gravi dispendi di energie o spese da parte del comune\u00bb.<\/font><\/p>\n<p class=\"MsoNormal\" style=\"MARGIN: 0cm 0cm 0pt\"><font face=\"arial,helvetica,sans-serif\">\u00a0<\/font><\/p>\n<p \/>\n<p class=\"MsoNormal\" style=\"MARGIN: 0cm 0cm 0pt\"><font face=\"arial,helvetica,sans-serif\">All\u2019assemblea ha partecipato molta gente, <strong>una cinquantina di persone<\/strong>, per lo pi\u00f9 abitanti nel quartiere di Bosto. In tanti sono intervenuti nella discussione portando alla ribalta i problemi del quartiere, come le signore <strong>Marcella Figini e Lina Zeami<\/strong>: \u00abSono dieci anni che viviamo tra l\u2019inquinamento acustico e ambientale, le strade di Bosto sono perennementeb trafficate, non c\u2019\u00e8 un attimo di sosta e il pericolo di essere investiti \u00e8 all\u2019ordine del giorno. Da anni chiediamo che il comune trovi una soluzione, ma nessuno si \u00e8 mosso, forse perch\u00e9 in via Metastasio ci sono altri interessi per cui non si pu\u00f2 e non si vuole intervenire\u00bb. <strong>Domenico Greco<\/strong> ha invece sollevato il problema della \u00abtutela di un borgo antico senza strade pedonali, vittima dei gas e dei rumori che le molte auto che passano espellono senza sosta\u00bb, mentre <strong>Giorgio Riccardi<\/strong> ha sottolineato come \u00abmadri e bambini che vanno verso le elementari e l\u2019asilo subiscono tutti i giorni l\u2019inquinamento acustico ed atmosferico, rischiando di essere investiti ad ogni pi\u00e8 sospinto\u00bb. Anche i parcheggi sono un problema, sollevato dai signori <strong>Carlo Daverio e Candido Alberici<\/strong>: \u00abIn via S. Imerio non ci sono posti dove lasciare le auto e si consente senza fare nulla che i guidatori posteggino sui marciapiedi, impedendo ai pedoni di camminare in sicurezza: le macchine sfrecciano, noi siamo costretti a sfidare la sorte ogni volta che di sera dobbiamo percorrere questa strada. \u00c8 inaudito, va trovata una soluzione\u00bb. <strong>Lorenzo Macchi<\/strong>, consigliere di circoscrizione della Margherita, va oltre: \u00abAbbiamo pi\u00f9 volte fatto presente all\u2019assessore Nicoletti quali sono i problemi, ma non ci ha mai risposto. Non c\u2019\u00e8 riscontro nelle istituzioni, se si va avanti cos\u00ec tra vent\u2019anni ci ritroveremo con gli stessi problemi. Le cose da fare non sono molte e non sono difficili: si potrebbe cominciare con la riapertura al doppio senso di marcia in via Metastasio, chiuso dalla sera alla mattina senza spiegazioni. Fa sorridere poi che il sindaco dica che via S. Imerio \u00e8 un\u2019importante arteria della viabilit\u00e0 varesina: al pi\u00f9 \u00e8 un capillare, non \u00e8 pensabile definirla altrimenti\u00bb. Tante altre le voci che si sono levate, come ad esempio quelle delle signore <strong>Cristina Ferrario e Simona Mangiagalli<\/strong>: \u00abAbitiamo nel punto pi\u00f9 stretto della zona, uscire di casa per noi \u00e8 sempre un terno al lotto\u00bb, o quella di <strong>Walter Senapi<\/strong>, che propone \u00abla riapertura del doppio senso di via Metastasio\u00bb come panacea a tutti i mali del quartiere di Bosto.<\/font><\/p>\n<p class=\"MsoNormal\" style=\"MARGIN: 0cm 0cm 0pt\"><font face=\"arial,helvetica,sans-serif\">\u00a0<\/font><\/p>\n<p \/><span style=\"FONT-SIZE: 12pt; FONT-FAMILY: \"><font face=\"arial,helvetica,sans-serif\">\u00abPorteremo le nostre istanze alle istituzioni\u00bb chiosa Dominici \u00ab<strong>tra un mese<\/strong> ci ritroveremo e vedremo a che punto siamo arrivati. Resta il fatto che <strong>siamo esasperati<\/strong> e che se nessuno fa niente prenderemo le nostre precauzioni e ci faremo sentire con forza e decisione\u00bb.<\/font><\/span> <\/p>\n","protected":false},"excerpt":{"rendered":"<p>Molti interventi nell&#8217;assemblea del comitato spontaneo nato nel quartiere di Bosto. Molto sentiti i problemi del traffico e dell&#8217;inquinamento<\/p>\n","protected":false},"author":10,"featured_media":0,"comment_status":"open","ping_status":"open","sticky":false,"template":"","format":"standard","meta":{"footnotes":""},"categories":[2],"tags":[],"acf":[],"yoast_head":"<!-- This site is optimized with the Yoast SEO plugin v20.1 - https:\/\/yoast.com\/wordpress\/plugins\/seo\/ -->\n<title>&quot;Amici di Bosto&quot;, un&#039;assemblea contro inquinamento e traffico<\/title>\n<meta name=\"description\" content=\"Molti interventi nell&#039;assemblea del comitato spontaneo nato nel quartiere di Bosto. Molto sentiti i problemi del traffico e dell&#039;inquinamento\" \/>\n<meta name=\"robots\" content=\"noindex, follow, max-snippet:-1, max-image-preview:large, max-video-preview:-1\" \/>\n<meta property=\"og:locale\" content=\"it_IT\" \/>\n<meta property=\"og:type\" content=\"article\" \/>\n<meta property=\"og:title\" content=\"&quot;Amici di Bosto&quot;, un&#039;assemblea contro inquinamento e traffico\" \/>\n<meta property=\"og:description\" content=\"Molti interventi nell&#039;assemblea del comitato spontaneo nato nel quartiere di Bosto. Molto sentiti i problemi del traffico e dell&#039;inquinamento\" \/>\n<meta property=\"og:url\" content=\"https:\/\/staging.varesenews.it\/2004\/11\/amici-di-bosto-un-assemblea-contro-inquinamento-e-traffico\/282650\/\" \/>\n<meta property=\"og:site_name\" content=\"VareseNews\" \/>\n<meta property=\"article:publisher\" content=\"https:\/\/www.facebook.com\/varesenews\" \/>\n<meta property=\"article:published_time\" content=\"2004-11-27T00:00:00+00:00\" \/>\n<meta name=\"author\" content=\"Redazione VareseNews\" \/>\n<meta name=\"twitter:card\" content=\"summary_large_image\" \/>\n<meta name=\"twitter:creator\" content=\"@varesenews\" \/>\n<meta name=\"twitter:site\" content=\"@varesenews\" \/>\n<meta name=\"twitter:label1\" content=\"Scritto da\" \/>\n\t<meta name=\"twitter:data1\" content=\"Redazione VareseNews\" \/>\n\t<meta name=\"twitter:label2\" content=\"Tempo di lettura stimato\" \/>\n\t<meta name=\"twitter:data2\" content=\"3 minuti\" \/>\n<script type=\"application\/ld+json\" class=\"yoast-schema-graph\">{\"@context\":\"https:\/\/schema.org\",\"@graph\":[{\"@type\":\"WebPage\",\"@id\":\"https:\/\/staging.varesenews.it\/2004\/11\/amici-di-bosto-un-assemblea-contro-inquinamento-e-traffico\/282650\/\",\"url\":\"https:\/\/staging.varesenews.it\/2004\/11\/amici-di-bosto-un-assemblea-contro-inquinamento-e-traffico\/282650\/\",\"name\":\"\\\"Amici di Bosto\\\", un'assemblea contro inquinamento e traffico\",\"isPartOf\":{\"@id\":\"https:\/\/staging.varesenews.it\/#website\"},\"datePublished\":\"2004-11-27T00:00:00+00:00\",\"dateModified\":\"2004-11-27T00:00:00+00:00\",\"author\":{\"@id\":\"https:\/\/staging.varesenews.it\/#\/schema\/person\/fb20c4da0b7b16c291707a20db73e169\"},\"description\":\"Molti interventi nell'assemblea del comitato spontaneo nato nel quartiere di Bosto. Molto sentiti i problemi del traffico e dell'inquinamento\",\"breadcrumb\":{\"@id\":\"https:\/\/staging.varesenews.it\/2004\/11\/amici-di-bosto-un-assemblea-contro-inquinamento-e-traffico\/282650\/#breadcrumb\"},\"inLanguage\":\"it-IT\",\"potentialAction\":[{\"@type\":\"ReadAction\",\"target\":[\"https:\/\/staging.varesenews.it\/2004\/11\/amici-di-bosto-un-assemblea-contro-inquinamento-e-traffico\/282650\/\"]}]},{\"@type\":\"BreadcrumbList\",\"@id\":\"https:\/\/staging.varesenews.it\/2004\/11\/amici-di-bosto-un-assemblea-contro-inquinamento-e-traffico\/282650\/#breadcrumb\",\"itemListElement\":[{\"@type\":\"ListItem\",\"position\":1,\"name\":\"Home\",\"item\":\"https:\/\/www.varesenews.it\/\"},{\"@type\":\"ListItem\",\"position\":2,\"name\":\"&#8220;Amici di Bosto&#8221;, un&#8217;assemblea contro inquinamento e traffico\"}]},{\"@type\":\"WebSite\",\"@id\":\"https:\/\/staging.varesenews.it\/#website\",\"url\":\"https:\/\/staging.varesenews.it\/\",\"name\":\"VareseNews\",\"description\":\"\",\"potentialAction\":[{\"@type\":\"SearchAction\",\"target\":{\"@type\":\"EntryPoint\",\"urlTemplate\":\"https:\/\/staging.varesenews.it\/?s={search_term_string}\"},\"query-input\":\"required name=search_term_string\"}],\"inLanguage\":\"it-IT\"},{\"@type\":\"Person\",\"@id\":\"https:\/\/staging.varesenews.it\/#\/schema\/person\/fb20c4da0b7b16c291707a20db73e169\",\"name\":\"Redazione VareseNews\",\"image\":{\"@type\":\"ImageObject\",\"inLanguage\":\"it-IT\",\"@id\":\"https:\/\/staging.varesenews.it\/#\/schema\/person\/image\/\",\"url\":\"https:\/\/staging.varesenews.it\/wp-content\/uploads\/2020\/12\/logo_VN_colori_500.png\",\"contentUrl\":\"https:\/\/staging.varesenews.it\/wp-content\/uploads\/2020\/12\/logo_VN_colori_500.png\",\"caption\":\"Redazione VareseNews\"},\"url\":\"https:\/\/staging.varesenews.it\/persona\/redazione1\/\"}]}<\/script>\n<!-- \/ Yoast SEO plugin. -->","yoast_head_json":{"title":"\"Amici di Bosto\", un'assemblea contro inquinamento e traffico","description":"Molti interventi nell'assemblea del comitato spontaneo nato nel quartiere di Bosto. Molto sentiti i problemi del traffico e dell'inquinamento","robots":{"index":"noindex","follow":"follow","max-snippet":"max-snippet:-1","max-image-preview":"max-image-preview:large","max-video-preview":"max-video-preview:-1"},"og_locale":"it_IT","og_type":"article","og_title":"\"Amici di Bosto\", un'assemblea contro inquinamento e traffico","og_description":"Molti interventi nell'assemblea del comitato spontaneo nato nel quartiere di Bosto. Molto sentiti i problemi del traffico e dell'inquinamento","og_url":"https:\/\/staging.varesenews.it\/2004\/11\/amici-di-bosto-un-assemblea-contro-inquinamento-e-traffico\/282650\/","og_site_name":"VareseNews","article_publisher":"https:\/\/www.facebook.com\/varesenews","article_published_time":"2004-11-27T00:00:00+00:00","author":"Redazione VareseNews","twitter_card":"summary_large_image","twitter_creator":"@varesenews","twitter_site":"@varesenews","twitter_misc":{"Scritto da":"Redazione VareseNews","Tempo di lettura stimato":"3 minuti"},"schema":{"@context":"https:\/\/schema.org","@graph":[{"@type":"WebPage","@id":"https:\/\/staging.varesenews.it\/2004\/11\/amici-di-bosto-un-assemblea-contro-inquinamento-e-traffico\/282650\/","url":"https:\/\/staging.varesenews.it\/2004\/11\/amici-di-bosto-un-assemblea-contro-inquinamento-e-traffico\/282650\/","name":"\"Amici di Bosto\", un'assemblea contro inquinamento e traffico","isPartOf":{"@id":"https:\/\/staging.varesenews.it\/#website"},"datePublished":"2004-11-27T00:00:00+00:00","dateModified":"2004-11-27T00:00:00+00:00","author":{"@id":"https:\/\/staging.varesenews.it\/#\/schema\/person\/fb20c4da0b7b16c291707a20db73e169"},"description":"Molti interventi nell'assemblea del comitato spontaneo nato nel quartiere di Bosto. Molto sentiti i problemi del traffico e dell'inquinamento","breadcrumb":{"@id":"https:\/\/staging.varesenews.it\/2004\/11\/amici-di-bosto-un-assemblea-contro-inquinamento-e-traffico\/282650\/#breadcrumb"},"inLanguage":"it-IT","potentialAction":[{"@type":"ReadAction","target":["https:\/\/staging.varesenews.it\/2004\/11\/amici-di-bosto-un-assemblea-contro-inquinamento-e-traffico\/282650\/"]}]},{"@type":"BreadcrumbList","@id":"https:\/\/staging.varesenews.it\/2004\/11\/amici-di-bosto-un-assemblea-contro-inquinamento-e-traffico\/282650\/#breadcrumb","itemListElement":[{"@type":"ListItem","position":1,"name":"Home","item":"https:\/\/www.varesenews.it\/"},{"@type":"ListItem","position":2,"name":"&#8220;Amici di Bosto&#8221;, un&#8217;assemblea contro inquinamento e traffico"}]},{"@type":"WebSite","@id":"https:\/\/staging.varesenews.it\/#website","url":"https:\/\/staging.varesenews.it\/","name":"VareseNews","description":"","potentialAction":[{"@type":"SearchAction","target":{"@type":"EntryPoint","urlTemplate":"https:\/\/staging.varesenews.it\/?s={search_term_string}"},"query-input":"required name=search_term_string"}],"inLanguage":"it-IT"},{"@type":"Person","@id":"https:\/\/staging.varesenews.it\/#\/schema\/person\/fb20c4da0b7b16c291707a20db73e169","name":"Redazione VareseNews","image":{"@type":"ImageObject","inLanguage":"it-IT","@id":"https:\/\/staging.varesenews.it\/#\/schema\/person\/image\/","url":"https:\/\/staging.varesenews.it\/wp-content\/uploads\/2020\/12\/logo_VN_colori_500.png","contentUrl":"https:\/\/staging.varesenews.it\/wp-content\/uploads\/2020\/12\/logo_VN_colori_500.png","caption":"Redazione VareseNews"},"url":"https:\/\/staging.varesenews.it\/persona\/redazione1\/"}]}},"post_meta":{"id_old":"14086","argomento":"Varese","autore_old":"Tommaso Guidotti"},"photos":[],"_links":{"self":[{"href":"https:\/\/staging.varesenews.it\/swgapi\/v1\/wp\/v2\/posts\/282650"}],"collection":[{"href":"https:\/\/staging.varesenews.it\/swgapi\/v1\/wp\/v2\/posts"}],"about":[{"href":"https:\/\/staging.varesenews.it\/swgapi\/v1\/wp\/v2\/types\/post"}],"author":[{"embeddable":true,"href":"https:\/\/staging.varesenews.it\/swgapi\/v1\/wp\/v2\/users\/10"}],"replies":[{"embeddable":true,"href":"https:\/\/staging.varesenews.it\/swgapi\/v1\/wp\/v2\/comments?post=282650"}],"version-history":[{"count":0,"href":"https:\/\/staging.varesenews.it\/swgapi\/v1\/wp\/v2\/posts\/282650\/revisions"}],"wp:attachment":[{"href":"https:\/\/staging.varesenews.it\/swgapi\/v1\/wp\/v2\/media?parent=282650"}],"wp:term":[{"taxonomy":"category","embeddable":true,"href":"https:\/\/staging.varesenews.it\/swgapi\/v1\/wp\/v2\/categories?post=282650"},{"taxonomy":"post_tag","embeddable":true,"href":"https:\/\/staging.varesenews.it\/swgapi\/v1\/wp\/v2\/tags?post=282650"}],"curies":[{"name":"wp","href":"https:\/\/api.w.org\/{rel}","templated":true}]}}