{"id":283453,"date":"2002-12-28T00:00:00","date_gmt":"2002-12-28T00:00:00","guid":{"rendered":""},"modified":"2002-12-28T00:00:00","modified_gmt":"2002-12-28T00:00:00","slug":"visite-medico-sportive-gratuite-a-minori-e-disabili","status":"publish","type":"post","link":"https:\/\/staging.varesenews.it\/2002\/12\/visite-medico-sportive-gratuite-a-minori-e-disabili\/283453\/","title":{"rendered":"Visite medico sportive gratuite a minori e disabili"},"content":{"rendered":"<p><font face=\"Arial\" color=\"#ff0000\" size=\"2\">Riceviamo e pubblichiamo<\/font> <\/p>\n<p><font face=\"Arial\" size=\"3\">\u00abTutto \u00e8 bene quel che finisce bene. Sarebbe stato, infatti, sorprendente che questa delibera non venisse assunta. Meglio tardi che mai: siamo lieti che questa nostra iniziativa abbiamo ottenuto un importante risultato, anche se in zona Cesarini. Ricordo, tuttavia, all&#8217;assessore Borsani che analogo provvedimento dovr\u00e0 essere assunto anche per il 2004 e il 2005 e possibilmente un po&#8217; prima del 28 dicembre per evitare di trasmettere incertezza sia alle societ\u00e0 sportive che a tutti i medici e ai laboratori che si occupano di questo compito delicato\u00bb. Daniele Marantelli, consigliere regionale Ds Lombardia, prende atto con soddisfazione che l&#8217;ordine del giorno, presentato dall&#8217;opposizione e approvato all&#8217;unanimit\u00e0 dal Consiglio regionale a met\u00e0 dicembre proprio sulla gratuit\u00e0 delle visite medico sportive per i minorenni e i disabili, sia stato tradotto in un provvedimento di Giunta. \u00abLa gratuit\u00e0 delle visite mediche &#8211; spiega Marantelli &#8211; era uno dei capisaldi della nuova Legge sullo Sport, approvata pochi mesi fa. Lo sport ha funzioni educative, formative e quindi va incentivato, togliendo qualsiasi ostacolo alla sua diffusione. Le visite mediche hanno una grande importanza anche perch\u00e9 attraverso gli accertamenti diagnostici si possono individuare patologie che possono essere curate preventivamente. In Lombardia, l&#8217;attivit\u00e0 fisica sportiva e dilettantistica \u00e8 praticata da centinaia di migliaia di ragazzi. La Giunta, quindi, non poteva disattendere la volont\u00e0 del Consiglio regionale sollecitata proprio da noi\u00bb.<\/font><\/p>\n<p><font face=\"Arial\" size=\"3\">Daniele Marantelli\u00a0<br \/>Consigliere regionale Ds Lombardia<\/font> <\/p>\n","protected":false},"excerpt":{"rendered":"<p>Soddisfazione del diessino Daniele Marantelli per  la decisione della giunta Formigoni di recepire una proposta avanzata dall&#8217;opposizione<\/p>\n","protected":false},"author":10,"featured_media":0,"comment_status":"open","ping_status":"open","sticky":false,"template":"","format":"standard","meta":{"footnotes":""},"categories":[7],"tags":[],"acf":[],"yoast_head":"<!-- This site is optimized with the Yoast SEO plugin v20.1 - https:\/\/yoast.com\/wordpress\/plugins\/seo\/ -->\n<title>Visite medico sportive gratuite a minori e disabili<\/title>\n<meta name=\"description\" content=\"Soddisfazione del diessino Daniele Marantelli per la decisione della giunta Formigoni di recepire una proposta avanzata dall&#039;opposizione\" \/>\n<meta name=\"robots\" content=\"noindex, follow, max-snippet:-1, max-image-preview:large, max-video-preview:-1\" \/>\n<meta property=\"og:locale\" content=\"it_IT\" \/>\n<meta property=\"og:type\" content=\"article\" \/>\n<meta property=\"og:title\" content=\"Visite medico sportive gratuite a minori e disabili\" \/>\n<meta property=\"og:description\" content=\"Soddisfazione del diessino Daniele Marantelli per la decisione della giunta Formigoni di recepire una proposta avanzata dall&#039;opposizione\" \/>\n<meta property=\"og:url\" content=\"https:\/\/staging.varesenews.it\/2002\/12\/visite-medico-sportive-gratuite-a-minori-e-disabili\/283453\/\" \/>\n<meta property=\"og:site_name\" content=\"VareseNews\" \/>\n<meta property=\"article:publisher\" content=\"https:\/\/www.facebook.com\/varesenews\" \/>\n<meta property=\"article:published_time\" content=\"2002-12-28T00:00:00+00:00\" \/>\n<meta name=\"author\" content=\"Redazione VareseNews\" \/>\n<meta name=\"twitter:card\" content=\"summary_large_image\" \/>\n<meta name=\"twitter:creator\" content=\"@varesenews\" \/>\n<meta name=\"twitter:site\" content=\"@varesenews\" \/>\n<meta name=\"twitter:label1\" content=\"Scritto da\" \/>\n\t<meta name=\"twitter:data1\" content=\"Redazione VareseNews\" \/>\n\t<meta name=\"twitter:label2\" content=\"Tempo di lettura stimato\" \/>\n\t<meta name=\"twitter:data2\" content=\"1 minuto\" \/>\n<script type=\"application\/ld+json\" class=\"yoast-schema-graph\">{\"@context\":\"https:\/\/schema.org\",\"@graph\":[{\"@type\":\"WebPage\",\"@id\":\"https:\/\/staging.varesenews.it\/2002\/12\/visite-medico-sportive-gratuite-a-minori-e-disabili\/283453\/\",\"url\":\"https:\/\/staging.varesenews.it\/2002\/12\/visite-medico-sportive-gratuite-a-minori-e-disabili\/283453\/\",\"name\":\"Visite medico sportive gratuite a minori e disabili\",\"isPartOf\":{\"@id\":\"https:\/\/staging.varesenews.it\/#website\"},\"datePublished\":\"2002-12-28T00:00:00+00:00\",\"dateModified\":\"2002-12-28T00:00:00+00:00\",\"author\":{\"@id\":\"https:\/\/staging.varesenews.it\/#\/schema\/person\/fb20c4da0b7b16c291707a20db73e169\"},\"description\":\"Soddisfazione del diessino Daniele Marantelli per la decisione della giunta Formigoni di recepire una proposta avanzata dall'opposizione\",\"breadcrumb\":{\"@id\":\"https:\/\/staging.varesenews.it\/2002\/12\/visite-medico-sportive-gratuite-a-minori-e-disabili\/283453\/#breadcrumb\"},\"inLanguage\":\"it-IT\",\"potentialAction\":[{\"@type\":\"ReadAction\",\"target\":[\"https:\/\/staging.varesenews.it\/2002\/12\/visite-medico-sportive-gratuite-a-minori-e-disabili\/283453\/\"]}]},{\"@type\":\"BreadcrumbList\",\"@id\":\"https:\/\/staging.varesenews.it\/2002\/12\/visite-medico-sportive-gratuite-a-minori-e-disabili\/283453\/#breadcrumb\",\"itemListElement\":[{\"@type\":\"ListItem\",\"position\":1,\"name\":\"Home\",\"item\":\"https:\/\/www.varesenews.it\/\"},{\"@type\":\"ListItem\",\"position\":2,\"name\":\"Visite medico sportive gratuite a minori e disabili\"}]},{\"@type\":\"WebSite\",\"@id\":\"https:\/\/staging.varesenews.it\/#website\",\"url\":\"https:\/\/staging.varesenews.it\/\",\"name\":\"VareseNews\",\"description\":\"\",\"potentialAction\":[{\"@type\":\"SearchAction\",\"target\":{\"@type\":\"EntryPoint\",\"urlTemplate\":\"https:\/\/staging.varesenews.it\/?s={search_term_string}\"},\"query-input\":\"required name=search_term_string\"}],\"inLanguage\":\"it-IT\"},{\"@type\":\"Person\",\"@id\":\"https:\/\/staging.varesenews.it\/#\/schema\/person\/fb20c4da0b7b16c291707a20db73e169\",\"name\":\"Redazione VareseNews\",\"image\":{\"@type\":\"ImageObject\",\"inLanguage\":\"it-IT\",\"@id\":\"https:\/\/staging.varesenews.it\/#\/schema\/person\/image\/\",\"url\":\"https:\/\/staging.varesenews.it\/wp-content\/uploads\/2020\/12\/logo_VN_colori_500.png\",\"contentUrl\":\"https:\/\/staging.varesenews.it\/wp-content\/uploads\/2020\/12\/logo_VN_colori_500.png\",\"caption\":\"Redazione VareseNews\"},\"url\":\"https:\/\/staging.varesenews.it\/persona\/redazione1\/\"}]}<\/script>\n<!-- \/ Yoast SEO plugin. -->","yoast_head_json":{"title":"Visite medico sportive gratuite a minori e disabili","description":"Soddisfazione del diessino Daniele Marantelli per la decisione della giunta Formigoni di recepire una proposta avanzata dall'opposizione","robots":{"index":"noindex","follow":"follow","max-snippet":"max-snippet:-1","max-image-preview":"max-image-preview:large","max-video-preview":"max-video-preview:-1"},"og_locale":"it_IT","og_type":"article","og_title":"Visite medico sportive gratuite a minori e disabili","og_description":"Soddisfazione del diessino Daniele Marantelli per la decisione della giunta Formigoni di recepire una proposta avanzata dall'opposizione","og_url":"https:\/\/staging.varesenews.it\/2002\/12\/visite-medico-sportive-gratuite-a-minori-e-disabili\/283453\/","og_site_name":"VareseNews","article_publisher":"https:\/\/www.facebook.com\/varesenews","article_published_time":"2002-12-28T00:00:00+00:00","author":"Redazione VareseNews","twitter_card":"summary_large_image","twitter_creator":"@varesenews","twitter_site":"@varesenews","twitter_misc":{"Scritto da":"Redazione VareseNews","Tempo di lettura stimato":"1 minuto"},"schema":{"@context":"https:\/\/schema.org","@graph":[{"@type":"WebPage","@id":"https:\/\/staging.varesenews.it\/2002\/12\/visite-medico-sportive-gratuite-a-minori-e-disabili\/283453\/","url":"https:\/\/staging.varesenews.it\/2002\/12\/visite-medico-sportive-gratuite-a-minori-e-disabili\/283453\/","name":"Visite medico sportive gratuite a minori e disabili","isPartOf":{"@id":"https:\/\/staging.varesenews.it\/#website"},"datePublished":"2002-12-28T00:00:00+00:00","dateModified":"2002-12-28T00:00:00+00:00","author":{"@id":"https:\/\/staging.varesenews.it\/#\/schema\/person\/fb20c4da0b7b16c291707a20db73e169"},"description":"Soddisfazione del diessino Daniele Marantelli per la decisione della giunta Formigoni di recepire una proposta avanzata dall'opposizione","breadcrumb":{"@id":"https:\/\/staging.varesenews.it\/2002\/12\/visite-medico-sportive-gratuite-a-minori-e-disabili\/283453\/#breadcrumb"},"inLanguage":"it-IT","potentialAction":[{"@type":"ReadAction","target":["https:\/\/staging.varesenews.it\/2002\/12\/visite-medico-sportive-gratuite-a-minori-e-disabili\/283453\/"]}]},{"@type":"BreadcrumbList","@id":"https:\/\/staging.varesenews.it\/2002\/12\/visite-medico-sportive-gratuite-a-minori-e-disabili\/283453\/#breadcrumb","itemListElement":[{"@type":"ListItem","position":1,"name":"Home","item":"https:\/\/www.varesenews.it\/"},{"@type":"ListItem","position":2,"name":"Visite medico sportive gratuite a minori e disabili"}]},{"@type":"WebSite","@id":"https:\/\/staging.varesenews.it\/#website","url":"https:\/\/staging.varesenews.it\/","name":"VareseNews","description":"","potentialAction":[{"@type":"SearchAction","target":{"@type":"EntryPoint","urlTemplate":"https:\/\/staging.varesenews.it\/?s={search_term_string}"},"query-input":"required name=search_term_string"}],"inLanguage":"it-IT"},{"@type":"Person","@id":"https:\/\/staging.varesenews.it\/#\/schema\/person\/fb20c4da0b7b16c291707a20db73e169","name":"Redazione VareseNews","image":{"@type":"ImageObject","inLanguage":"it-IT","@id":"https:\/\/staging.varesenews.it\/#\/schema\/person\/image\/","url":"https:\/\/staging.varesenews.it\/wp-content\/uploads\/2020\/12\/logo_VN_colori_500.png","contentUrl":"https:\/\/staging.varesenews.it\/wp-content\/uploads\/2020\/12\/logo_VN_colori_500.png","caption":"Redazione VareseNews"},"url":"https:\/\/staging.varesenews.it\/persona\/redazione1\/"}]}},"post_meta":{"id_old":"12942","argomento":"Regione"},"photos":[],"_links":{"self":[{"href":"https:\/\/staging.varesenews.it\/swgapi\/v1\/wp\/v2\/posts\/283453"}],"collection":[{"href":"https:\/\/staging.varesenews.it\/swgapi\/v1\/wp\/v2\/posts"}],"about":[{"href":"https:\/\/staging.varesenews.it\/swgapi\/v1\/wp\/v2\/types\/post"}],"author":[{"embeddable":true,"href":"https:\/\/staging.varesenews.it\/swgapi\/v1\/wp\/v2\/users\/10"}],"replies":[{"embeddable":true,"href":"https:\/\/staging.varesenews.it\/swgapi\/v1\/wp\/v2\/comments?post=283453"}],"version-history":[{"count":0,"href":"https:\/\/staging.varesenews.it\/swgapi\/v1\/wp\/v2\/posts\/283453\/revisions"}],"wp:attachment":[{"href":"https:\/\/staging.varesenews.it\/swgapi\/v1\/wp\/v2\/media?parent=283453"}],"wp:term":[{"taxonomy":"category","embeddable":true,"href":"https:\/\/staging.varesenews.it\/swgapi\/v1\/wp\/v2\/categories?post=283453"},{"taxonomy":"post_tag","embeddable":true,"href":"https:\/\/staging.varesenews.it\/swgapi\/v1\/wp\/v2\/tags?post=283453"}],"curies":[{"name":"wp","href":"https:\/\/api.w.org\/{rel}","templated":true}]}}