{"id":284170,"date":"2004-11-03T00:00:00","date_gmt":"2004-11-03T00:00:00","guid":{"rendered":""},"modified":"2004-11-03T00:00:00","modified_gmt":"2004-11-03T00:00:00","slug":"parco-alto-milanese-legnano-sta-alla-finestra","status":"publish","type":"post","link":"https:\/\/staging.varesenews.it\/2004\/11\/parco-alto-milanese-legnano-sta-alla-finestra\/284170\/","title":{"rendered":"Parco Alto Milanese, Legnano \u00absta alla finestra\u00bb"},"content":{"rendered":"<p><font size=\"3\"><span style=\"FONT-FAMILY: arial,helvetica,sans-serif\">\u00abNon \u00e8 vero, come ha scritto la stampa locale, che intendo disertare le riunioni del Parco Alto Milanese. Non \u00e8 certo quella la mia intenzione, vorrebbe dire mandare il PAM a carte quarantotto, ed \u00e8 una responsabilit\u00e0 che non intendo assumermi\u00bb. <\/span><span style=\"FONT-WEIGHT: bold; FONT-FAMILY: arial,helvetica,sans-serif\">Carmelo Tomasello<\/span><span style=\"FONT-FAMILY: arial,helvetica,sans-serif\">, vicesindaco ed assessore ai lavori Pubblici di Legnano, fa trasparire un pizzico di irritazione per il modo in cui sono state riportate di recente le sue esternazioni. <\/span><br style=\"FONT-FAMILY: arial,helvetica,sans-serif\" \/><br style=\"FONT-FAMILY: arial,helvetica,sans-serif\" \/><span style=\"FONT-FAMILY: arial,helvetica,sans-serif\">\u00abSemmai \u00e8 corretto dire che come rappresentante del Comune di Legnano non intendo farmi ripresentare davanti progetti come quello attuale dell&#8217;<\/span><span style=\"FONT-WEIGHT: bold; FONT-FAMILY: arial,helvetica,sans-serif\">Accademia dello Sport<\/span><span style=\"FONT-FAMILY: arial,helvetica,sans-serif\">\u00bb si spiega Tomasello. \u00abQuesto perch\u00e8 il progetto sul quale il PAM, e anche noi, concordavamo nel 2001, era per un&#8217;opera molto pi\u00f9 modesta e meno impattante di quella poi effettivamente progettata. Di fronte ad una situazione del genere non ci resta che chiamarci fuori e <\/span><span style=\"FONT-WEIGHT: bold; FONT-FAMILY: arial,helvetica,sans-serif\">stare alla finestra<\/span><span style=\"FONT-FAMILY: arial,helvetica,sans-serif\"> in attesa di sviluppi\u00bb. <\/span><br style=\"FONT-FAMILY: arial,helvetica,sans-serif\" \/><br style=\"FONT-FAMILY: arial,helvetica,sans-serif\" \/><span style=\"FONT-FAMILY: arial,helvetica,sans-serif\">Legnano dunque non &quot;spacca&quot; il Parco Alto Milanese come si era ventilato nei giorni passati, ma continua a mettere i puntini sulle i, n\u00e8 pare minimamente intenzionata a recedere dalla sua politica, che potremmo definire delle &quot;mani nette&quot;. \u00abLegnano vuole una <\/span><span style=\"FONT-WEIGHT: bold; FONT-FAMILY: arial,helvetica,sans-serif\">riconversione<\/span><span style=\"FONT-FAMILY: arial,helvetica,sans-serif\"> del progetto secondo quelli che erano i canoni originari del 2001\u00bb ribadisce il vicesindaco. \u00abDel resto, nelle modifiche intervenute nel frattempo vi sono delle responsabilit\u00e0 che, se sfuggono ad alcuni, non sfuggono a me\u00bb. E chi ha orecchie per intendere, intenda.<\/span><br style=\"FONT-FAMILY: arial,helvetica,sans-serif\" \/><br style=\"FONT-FAMILY: arial,helvetica,sans-serif\" \/><span style=\"FONT-FAMILY: arial,helvetica,sans-serif\">A scatenare le ire di Legnano e del suo vicesindaco, cui \u00e8 delegata la spinosa vicenda del Parco, sarebbe stata la notizia che la Piccola Cooperativa Polisportiva Alto Milanese &#8211; la forza trainante dietro il progetto dell&#8217;Accademia dello Sport, ossia il complesso di campi da Pitch &amp; Putt, pratica <\/span><span style=\"FONT-WEIGHT: bold; FONT-FAMILY: arial,helvetica,sans-serif\">golf<\/span><span style=\"FONT-FAMILY: arial,helvetica,sans-serif\">, bocce, tiro con l&#8217;arco e croquet che dvrebbe sorgere all&#8217;interno del PAM di fronte al Palazzetto dello Sport di Busto Arsizio &#8211; ha di recente depositato una dichiarazione di inizio attivit\u00e0.<\/span><br style=\"FONT-FAMILY: arial,helvetica,sans-serif\" \/><br style=\"FONT-FAMILY: arial,helvetica,sans-serif\" \/><span style=\"FONT-FAMILY: arial,helvetica,sans-serif\">\u00abSe Busto e la cooperativa, che sembrano legati a filo doppio, ritengono che con tutto questo progetto si sia rimasti nella legittimit\u00e0 &#8211; del che dubito &#8211; liberissimi\u00bb commenta freddamente Tomasello. \u00abNoi, ripeto, stiamo alla finestra, tanto pi\u00f9 che il PAM, nella persona del Presidente Barlocco, sembra subire passivamente la situazione. Per ora attendiamo copia della dichiarazione di inizio attivit\u00e0, che voci da me raccolte fanno risalire a ben pi\u00f9 di qualche giorno fa. In Consiglio comunale c&#8217;\u00e8 stato anche chi, come provocazione, mi ha chiesto di realizzare nel PAM un circuito di <\/span><span style=\"FONT-WEIGHT: bold; FONT-FAMILY: arial,helvetica,sans-serif\">Formula Uno<\/span><span style=\"FONT-FAMILY: arial,helvetica,sans-serif\">&#8230;\u00bb<\/span><\/font><\/p>\n","protected":false},"excerpt":{"rendered":"<p>Il vicesindaco di Legnano Carmelo Tomasello nega di voler abbandonare le riunioni dell&#8217;assemblea del PAM, ma sul golf vuole un passo indietro<\/p>\n","protected":false},"author":10,"featured_media":0,"comment_status":"open","ping_status":"open","sticky":false,"template":"","format":"standard","meta":{"footnotes":""},"categories":[4],"tags":[],"acf":[],"yoast_head":"<!-- This site is optimized with the Yoast SEO plugin v20.1 - https:\/\/yoast.com\/wordpress\/plugins\/seo\/ -->\n<title>Parco Alto Milanese, Legnano \u00absta alla finestra\u00bb<\/title>\n<meta name=\"description\" content=\"Il vicesindaco di Legnano Carmelo Tomasello nega di voler abbandonare le riunioni dell&#039;assemblea del PAM, ma sul golf vuole un passo indietro\" \/>\n<meta name=\"robots\" content=\"noindex, follow, max-snippet:-1, max-image-preview:large, max-video-preview:-1\" \/>\n<meta property=\"og:locale\" content=\"it_IT\" \/>\n<meta property=\"og:type\" content=\"article\" \/>\n<meta property=\"og:title\" content=\"Parco Alto Milanese, Legnano \u00absta alla finestra\u00bb\" \/>\n<meta property=\"og:description\" content=\"Il vicesindaco di Legnano Carmelo Tomasello nega di voler abbandonare le riunioni dell&#039;assemblea del PAM, ma sul golf vuole un passo indietro\" \/>\n<meta property=\"og:url\" content=\"https:\/\/staging.varesenews.it\/2004\/11\/parco-alto-milanese-legnano-sta-alla-finestra\/284170\/\" \/>\n<meta property=\"og:site_name\" content=\"VareseNews\" \/>\n<meta property=\"article:publisher\" content=\"https:\/\/www.facebook.com\/varesenews\" \/>\n<meta property=\"article:published_time\" content=\"2004-11-03T00:00:00+00:00\" \/>\n<meta name=\"author\" content=\"Redazione VareseNews\" \/>\n<meta name=\"twitter:card\" content=\"summary_large_image\" \/>\n<meta name=\"twitter:creator\" content=\"@varesenews\" \/>\n<meta name=\"twitter:site\" content=\"@varesenews\" \/>\n<meta name=\"twitter:label1\" content=\"Scritto da\" \/>\n\t<meta name=\"twitter:data1\" content=\"Redazione VareseNews\" \/>\n\t<meta name=\"twitter:label2\" content=\"Tempo di lettura stimato\" \/>\n\t<meta name=\"twitter:data2\" content=\"2 minuti\" \/>\n<script type=\"application\/ld+json\" class=\"yoast-schema-graph\">{\"@context\":\"https:\/\/schema.org\",\"@graph\":[{\"@type\":\"WebPage\",\"@id\":\"https:\/\/staging.varesenews.it\/2004\/11\/parco-alto-milanese-legnano-sta-alla-finestra\/284170\/\",\"url\":\"https:\/\/staging.varesenews.it\/2004\/11\/parco-alto-milanese-legnano-sta-alla-finestra\/284170\/\",\"name\":\"Parco Alto Milanese, Legnano \u00absta alla finestra\u00bb\",\"isPartOf\":{\"@id\":\"https:\/\/staging.varesenews.it\/#website\"},\"datePublished\":\"2004-11-03T00:00:00+00:00\",\"dateModified\":\"2004-11-03T00:00:00+00:00\",\"author\":{\"@id\":\"https:\/\/staging.varesenews.it\/#\/schema\/person\/fb20c4da0b7b16c291707a20db73e169\"},\"description\":\"Il vicesindaco di Legnano Carmelo Tomasello nega di voler abbandonare le riunioni dell'assemblea del PAM, ma sul golf vuole un passo indietro\",\"breadcrumb\":{\"@id\":\"https:\/\/staging.varesenews.it\/2004\/11\/parco-alto-milanese-legnano-sta-alla-finestra\/284170\/#breadcrumb\"},\"inLanguage\":\"it-IT\",\"potentialAction\":[{\"@type\":\"ReadAction\",\"target\":[\"https:\/\/staging.varesenews.it\/2004\/11\/parco-alto-milanese-legnano-sta-alla-finestra\/284170\/\"]}]},{\"@type\":\"BreadcrumbList\",\"@id\":\"https:\/\/staging.varesenews.it\/2004\/11\/parco-alto-milanese-legnano-sta-alla-finestra\/284170\/#breadcrumb\",\"itemListElement\":[{\"@type\":\"ListItem\",\"position\":1,\"name\":\"Home\",\"item\":\"https:\/\/www.varesenews.it\/\"},{\"@type\":\"ListItem\",\"position\":2,\"name\":\"Parco Alto Milanese, Legnano \u00absta alla finestra\u00bb\"}]},{\"@type\":\"WebSite\",\"@id\":\"https:\/\/staging.varesenews.it\/#website\",\"url\":\"https:\/\/staging.varesenews.it\/\",\"name\":\"VareseNews\",\"description\":\"\",\"potentialAction\":[{\"@type\":\"SearchAction\",\"target\":{\"@type\":\"EntryPoint\",\"urlTemplate\":\"https:\/\/staging.varesenews.it\/?s={search_term_string}\"},\"query-input\":\"required name=search_term_string\"}],\"inLanguage\":\"it-IT\"},{\"@type\":\"Person\",\"@id\":\"https:\/\/staging.varesenews.it\/#\/schema\/person\/fb20c4da0b7b16c291707a20db73e169\",\"name\":\"Redazione VareseNews\",\"image\":{\"@type\":\"ImageObject\",\"inLanguage\":\"it-IT\",\"@id\":\"https:\/\/staging.varesenews.it\/#\/schema\/person\/image\/\",\"url\":\"https:\/\/staging.varesenews.it\/wp-content\/uploads\/2020\/12\/logo_VN_colori_500.png\",\"contentUrl\":\"https:\/\/staging.varesenews.it\/wp-content\/uploads\/2020\/12\/logo_VN_colori_500.png\",\"caption\":\"Redazione VareseNews\"},\"url\":\"https:\/\/staging.varesenews.it\/persona\/redazione1\/\"}]}<\/script>\n<!-- \/ Yoast SEO plugin. -->","yoast_head_json":{"title":"Parco Alto Milanese, Legnano \u00absta alla finestra\u00bb","description":"Il vicesindaco di Legnano Carmelo Tomasello nega di voler abbandonare le riunioni dell'assemblea del PAM, ma sul golf vuole un passo indietro","robots":{"index":"noindex","follow":"follow","max-snippet":"max-snippet:-1","max-image-preview":"max-image-preview:large","max-video-preview":"max-video-preview:-1"},"og_locale":"it_IT","og_type":"article","og_title":"Parco Alto Milanese, Legnano \u00absta alla finestra\u00bb","og_description":"Il vicesindaco di Legnano Carmelo Tomasello nega di voler abbandonare le riunioni dell'assemblea del PAM, ma sul golf vuole un passo indietro","og_url":"https:\/\/staging.varesenews.it\/2004\/11\/parco-alto-milanese-legnano-sta-alla-finestra\/284170\/","og_site_name":"VareseNews","article_publisher":"https:\/\/www.facebook.com\/varesenews","article_published_time":"2004-11-03T00:00:00+00:00","author":"Redazione VareseNews","twitter_card":"summary_large_image","twitter_creator":"@varesenews","twitter_site":"@varesenews","twitter_misc":{"Scritto da":"Redazione VareseNews","Tempo di lettura stimato":"2 minuti"},"schema":{"@context":"https:\/\/schema.org","@graph":[{"@type":"WebPage","@id":"https:\/\/staging.varesenews.it\/2004\/11\/parco-alto-milanese-legnano-sta-alla-finestra\/284170\/","url":"https:\/\/staging.varesenews.it\/2004\/11\/parco-alto-milanese-legnano-sta-alla-finestra\/284170\/","name":"Parco Alto Milanese, Legnano \u00absta alla finestra\u00bb","isPartOf":{"@id":"https:\/\/staging.varesenews.it\/#website"},"datePublished":"2004-11-03T00:00:00+00:00","dateModified":"2004-11-03T00:00:00+00:00","author":{"@id":"https:\/\/staging.varesenews.it\/#\/schema\/person\/fb20c4da0b7b16c291707a20db73e169"},"description":"Il vicesindaco di Legnano Carmelo Tomasello nega di voler abbandonare le riunioni dell'assemblea del PAM, ma sul golf vuole un passo indietro","breadcrumb":{"@id":"https:\/\/staging.varesenews.it\/2004\/11\/parco-alto-milanese-legnano-sta-alla-finestra\/284170\/#breadcrumb"},"inLanguage":"it-IT","potentialAction":[{"@type":"ReadAction","target":["https:\/\/staging.varesenews.it\/2004\/11\/parco-alto-milanese-legnano-sta-alla-finestra\/284170\/"]}]},{"@type":"BreadcrumbList","@id":"https:\/\/staging.varesenews.it\/2004\/11\/parco-alto-milanese-legnano-sta-alla-finestra\/284170\/#breadcrumb","itemListElement":[{"@type":"ListItem","position":1,"name":"Home","item":"https:\/\/www.varesenews.it\/"},{"@type":"ListItem","position":2,"name":"Parco Alto Milanese, Legnano \u00absta alla finestra\u00bb"}]},{"@type":"WebSite","@id":"https:\/\/staging.varesenews.it\/#website","url":"https:\/\/staging.varesenews.it\/","name":"VareseNews","description":"","potentialAction":[{"@type":"SearchAction","target":{"@type":"EntryPoint","urlTemplate":"https:\/\/staging.varesenews.it\/?s={search_term_string}"},"query-input":"required name=search_term_string"}],"inLanguage":"it-IT"},{"@type":"Person","@id":"https:\/\/staging.varesenews.it\/#\/schema\/person\/fb20c4da0b7b16c291707a20db73e169","name":"Redazione VareseNews","image":{"@type":"ImageObject","inLanguage":"it-IT","@id":"https:\/\/staging.varesenews.it\/#\/schema\/person\/image\/","url":"https:\/\/staging.varesenews.it\/wp-content\/uploads\/2020\/12\/logo_VN_colori_500.png","contentUrl":"https:\/\/staging.varesenews.it\/wp-content\/uploads\/2020\/12\/logo_VN_colori_500.png","caption":"Redazione VareseNews"},"url":"https:\/\/staging.varesenews.it\/persona\/redazione1\/"}]}},"post_meta":{"id_old":"12128","argomento":"Legnano","autore_old":"Stefano D'Adamo"},"photos":[],"_links":{"self":[{"href":"https:\/\/staging.varesenews.it\/swgapi\/v1\/wp\/v2\/posts\/284170"}],"collection":[{"href":"https:\/\/staging.varesenews.it\/swgapi\/v1\/wp\/v2\/posts"}],"about":[{"href":"https:\/\/staging.varesenews.it\/swgapi\/v1\/wp\/v2\/types\/post"}],"author":[{"embeddable":true,"href":"https:\/\/staging.varesenews.it\/swgapi\/v1\/wp\/v2\/users\/10"}],"replies":[{"embeddable":true,"href":"https:\/\/staging.varesenews.it\/swgapi\/v1\/wp\/v2\/comments?post=284170"}],"version-history":[{"count":0,"href":"https:\/\/staging.varesenews.it\/swgapi\/v1\/wp\/v2\/posts\/284170\/revisions"}],"wp:attachment":[{"href":"https:\/\/staging.varesenews.it\/swgapi\/v1\/wp\/v2\/media?parent=284170"}],"wp:term":[{"taxonomy":"category","embeddable":true,"href":"https:\/\/staging.varesenews.it\/swgapi\/v1\/wp\/v2\/categories?post=284170"},{"taxonomy":"post_tag","embeddable":true,"href":"https:\/\/staging.varesenews.it\/swgapi\/v1\/wp\/v2\/tags?post=284170"}],"curies":[{"name":"wp","href":"https:\/\/api.w.org\/{rel}","templated":true}]}}