{"id":284806,"date":"2002-09-30T00:00:00","date_gmt":"2002-09-30T00:00:00","guid":{"rendered":""},"modified":"2002-09-30T00:00:00","modified_gmt":"2002-09-30T00:00:00","slug":"fiera-del-libro-tremila-visitatori-in-due-giorni","status":"publish","type":"post","link":"https:\/\/staging.varesenews.it\/2002\/09\/fiera-del-libro-tremila-visitatori-in-due-giorni\/284806\/","title":{"rendered":"Fiera del libro, tremila visitatori in due giorni"},"content":{"rendered":"<p class=\"MsoBodyText\" align=\"left\"><font face=\"Arial\" size=\"3\">Successo di pubblico alla fiera del libro di <\/font><font face=\"Arial\" size=\"3\">Gallarate<\/font><font face=\"Arial\" size=\"3\">. Sono stati tremila infatti i visitatori che hanno seguito nel week-end le iniziative organizzate dall&#8217;amministrazione comunale. Particolarmente affollati gli incontri con il giornalista Felice Cavallaro, cronista siciliano del Corriere della sera e Tiziana Abate, la giornalista che ha raccolto la biografia di Indro Montanelli.\u00a0<br \/>Per Gallarate si tratta di un risultato che va oltre le aspettative. La decisione di spostare la fiera dentro il ristrutturato cortile di palazzo Broletto ha creato una cornice certamente pi\u00f9 consona all&#8217;avvenimento culturale, ma anche il collage di iniziative che coinvolge diverse fasce di utenti, dai lettori distratti, agli appassionati, ai bambini, sembra aver centrato l&#8217;obiettivo anche se la rassegna non ha concorrenza nel panorama culturale locale.\u00a0<br \/>Di\u00a0 seguito il programma dei prossimi giorni.<\/font><font face=\"Arial\">&nbsp;<\/font><u><font face=\"Arial\" color=\"#0000ff\">www.lombardiacultura.it<\/font><\/u><font face=\"Arial\">) e della Provincia di Varese \u2013 Assessorato alla Cultura, e con la collaborazione del Comitato Commercianti del Centro e dell\u2019Associazione Commercianti Gallarate, ha naturalmente in programma altri appuntamenti anche per un pubblico di lettori pi\u00f9 adulto: <b>marted\u00ec 1\u00b0 ottobre alle 21<\/b> l\u2019incontro \u00e8 con Giuseppe Pederiali, introdotto da Anna Longo Pagnozzi (organizzazione di Emporio del Libro), autore emiliano di nascita e cultura, anche se vive oggi a Milano, &quot;padre&quot; di storie che raccontano di quell\u2019Emilia di campagna, popolata da contadini e sognatori, e dalle quali sembra trasparire l\u2019immagine delle paludi e del lambrusco, terra di fantasia, di amore per il gusto e la fantasia. Tra i suoi ultimi libri, &quot;L\u2019Osteria della Fola&quot;, &quot;Padania Felix&quot; (raccolta di saggi e interventi giornalistici di tipo storico, 1999, Premio Estense), &quot;L\u2019Amica italiana&quot; (1998, Premio Frontino Montefeltro e Premio Fenice Europea), e, nelle edizioni per ragazzi, &quot;La strana cosa&quot;, &quot;Il drago di pietra&quot;, &quot;Il bambino senza un venerd\u00ec&quot;, &quot;Avventura a quel paese&quot; (Premio Castello), &quot;Il bambino che non voleva nascere&quot; (1999, Premio Europeo di Letteratura giovanile &quot;Pier Paolo Vergerio&quot; e tradotto in Giappone nel 2001). \u00c8 tradotto in Germania, Giappone, Inghilterra, Russia e Francia.<\/font> <\/p>\n<p align=\"left\">\u00c8 atteso da Topazia, l\u2019Isola dei Topi dove vive e lavora quale giornalista ed editore dell\u2019 &quot;Eco del Roditore&quot;: a Gallarate arriver\u00e0 puntuale, alle 17.00 di <b>mercoled\u00ec 2 ottobre, <\/b>per incontrare i bambini (i biglietti d\u2019ingresso sono esauriti) sotto la tensostruttura allestita a Palazzo Broletto e che ospita la terza edizione di &quot;Duemilalibri, settimana del libro e dell\u2019autore in fiera&quot;.<\/p>\n<p align=\"left\">Sar\u00e0 lui, definito da pi\u00f9 parti &quot;la risposta italiana a Harry Potter&quot;, non fosse altro che per il numero di copie dei suoi libri venduti in poco pi\u00f9 di due anni (oltre 1.600.000), il grande protagonista chiamato a concludere gli appuntamenti aperti al pubblico e destinati ai piccoli lettori, iniziati felicemente con l\u2019ampia partecipazione allo spettacolo &quot;Torri&quot; di Guido Quarzo e Fabrizio Monetti domenica pomeriggio.<\/p>\n<p align=\"left\">&quot;A scuola di pace con Geronimo Stilton&quot; \u00e8 il titolo dello spettacolo, offerto dalla Gioielleria Zaro (organizzazione dell\u2019Emporio del Libro di Gallarate), che vedr\u00e0 il simpatico e assennato roditore protagonista deputato a raccontare ai bambini, cos\u00ec come ha fatto con il suo nipotino Benjamin, il senso della pace. La rappresentazione \u00e8 tratta da &quot;Il piccolo libro della pace&quot; pubblicato dalla &quot;Fondazione per la Lettura Il Battello a Vapore&quot; dopo i tragici fatti dell\u201911 settembre 2001. Un libro scritto con un linguaggio semplice, pulito, capace di trasmettere ai piccoli, davanti a tanta violenza, un messaggio comunque di affetto e di sicurezza. Un libro in cui la parola &quot;Pace&quot; assume subito un senso pieno di vita e di speranza e che aiuta i piccoli ad apprezzare il valore delle idee altrui, a riflettere sul risolvere i conflitti in modo pacifico, a credere nella concreta possibilit\u00e0 di un mondo migliore.<\/p>\n<p align=\"left\">Lo spettacolo con Stilton sar\u00e0, si diceva, l\u2019ultimo appuntamento pubblico per i giovani lettori proposto da &quot;Duemilalibri&quot;, che sta riscuotendo un successo veramente importante: in solo un giorno e mezzo di apertura ha gi\u00e0 registrato <b>oltre tremila visitatori. <\/b>Con gli incontri con gli autori (da Felice Cavallaro a Gianni Berengo Gardin, da Stefania Bettinelli a Tiziana Abate, fino allo spettacolo di Quarzo e Monetti) che hanno sempre registrato il &quot;tutto esaurito&quot;. Ma altri sono comunque gli appuntamenti per i bambini, grandi protagonisti del programma dei prossimi due giorni: alla presentazione di questo pomeriggio, <b>luned\u00ec 30 settembre alle 17, <\/b>della Collana Macchione per l\u2019Infanzia \u2013 e quindi alla letteratura per i bambini e i ragazzi &#8211; con un appuntamento intitolato &quot;7 storie del Vares8&quot;, alla presenza di Marinella Trebbia, Chicco Colombo, Massimiliano Tappari e Roberto Fassi, far\u00e0 seguito <b>marted\u00ec 1\u00b0 ottobre alle 17 <\/b>una animazione ludica ispirata proprio a un racconto di Tappari, &quot;Il dono del bosco&quot; e realizzata dal centro di espressione artistica per bambini e ragazzi &quot;Calicanto&quot;. Per un\u2019ora e mezzo circa un esperto di comunicazione teatrale, uno di propedeutica musicale e uno di espressione pittorica coinvolgeranno i bambini in attivit\u00e0 ludico-espressive, raccontando loro la storia, analizzandola, componendola e ripresentandola attraverso diversi linguaggi, espressivi e non (anche per questa proposta i biglietti sono esauriti).<\/p>\n<p align=\"left\">E non \u00e8 tutto: negli spazi riservati alle scuole, fino a venerd\u00ec &quot;Duemilalibri&quot; ha destinato uno spazio alla mattina per inaugurare la tradizionale stagione di promozione della lettura promossa dalla Bibilioteca Civica &quot;Luigi Majno&quot;.<\/p>\n<p align=\"left\">&quot;Duemilalibri &quot;, organizzata dalla Biblioteca Civica &quot;Luigi Majno&quot; con le librerie gallaratesi Car\u00f9, Emporio del Libro e La Fonte e la libreria Boragno di Busto Arsizio, il Liceo Scientifico e Classico Statale l\u2019IPC &quot;Falcone&quot; e l\u2019ITPA Rosselli di Gallarate e il Sestante Fotoclub, con il patrocinio del Comune di Gallarate \u2013 Assessorato alla Cultura, della Regione Lombardia \u2013 Assessorato alle Culture, Identit\u00e0 e Autonomie della Lombardia (<\/p>\n<p><b><\/p>\n<p align=\"left\">Mercoled\u00ec 2 ottobre alle 21 <\/p>\n<p align=\"left\">A corollario, sono previsti accompagnamenti musicali: alcuni di musica classica a cura del Liceo Scientifico e Classico cittadino, altri proposti da Car\u00f9 Libri e Dischi con Davide Buffoli, Angelo &quot;Leadbelly&quot; Rossi e i Same Old Blues. Ancora visitabili le mostre fotografiche &quot;Gallarate ieri&quot; e &quot;Il liberty a Gallarate&quot; a cura del Sestante Fotoclub&quot; che per l\u2019occasione propone la ripubblicazione del volume &quot;Gallarate Ieri&quot;).<\/p>\n<p><\/b>l\u2019appuntamento \u00e8 con Lisa Ginzburg, un cognome famoso per un nome che lo sta diventando a pieno diritto: presentata da Marisa Denna (organizzazione Car\u00f9 Libri di Gallarate), Lisa \u00e8 nipote della celebre Natalia, e curatrice gi\u00e0 nel 1999 con Cesare Garbati del toccante &quot;\u00c8 difficile parlare di s\u00e9&quot;, libro a pi\u00f9 voci che raccolgieva le confessioni appunto di Natalia Ginzburg, nonch\u00e9 finalista alla 73a edizione del Premio Letterario Viareggio Repaci con il libro &quot;Desiderava la bufera&quot; che ha segnato il suo esordio narrativo.<\/p>\n","protected":false},"excerpt":{"rendered":"<p>Un pubblico numeroso decreta il successo della manifestazione nel week-end<\/p>\n","protected":false},"author":10,"featured_media":0,"comment_status":"open","ping_status":"open","sticky":false,"template":"","format":"standard","meta":{"footnotes":""},"categories":[3],"tags":[],"acf":[],"yoast_head":"<!-- This site is optimized with the Yoast SEO plugin v20.1 - https:\/\/yoast.com\/wordpress\/plugins\/seo\/ -->\n<title>Fiera del libro, tremila visitatori in due giorni<\/title>\n<meta name=\"description\" content=\"Un pubblico numeroso decreta il successo della manifestazione nel week-end\" \/>\n<meta name=\"robots\" content=\"noindex, follow, max-snippet:-1, max-image-preview:large, max-video-preview:-1\" \/>\n<meta property=\"og:locale\" content=\"it_IT\" \/>\n<meta property=\"og:type\" content=\"article\" \/>\n<meta property=\"og:title\" content=\"Fiera del libro, tremila visitatori in due giorni\" \/>\n<meta property=\"og:description\" content=\"Un pubblico numeroso decreta il successo della manifestazione nel week-end\" \/>\n<meta property=\"og:url\" content=\"https:\/\/staging.varesenews.it\/2002\/09\/fiera-del-libro-tremila-visitatori-in-due-giorni\/284806\/\" \/>\n<meta property=\"og:site_name\" content=\"VareseNews\" \/>\n<meta property=\"article:publisher\" content=\"https:\/\/www.facebook.com\/varesenews\" \/>\n<meta property=\"article:published_time\" content=\"2002-09-30T00:00:00+00:00\" \/>\n<meta name=\"author\" content=\"Redazione VareseNews\" \/>\n<meta name=\"twitter:card\" content=\"summary_large_image\" \/>\n<meta name=\"twitter:creator\" content=\"@varesenews\" \/>\n<meta name=\"twitter:site\" content=\"@varesenews\" \/>\n<meta name=\"twitter:label1\" content=\"Scritto da\" \/>\n\t<meta name=\"twitter:data1\" content=\"Redazione VareseNews\" \/>\n\t<meta name=\"twitter:label2\" content=\"Tempo di lettura stimato\" \/>\n\t<meta name=\"twitter:data2\" content=\"6 minuti\" \/>\n<script type=\"application\/ld+json\" class=\"yoast-schema-graph\">{\"@context\":\"https:\/\/schema.org\",\"@graph\":[{\"@type\":\"WebPage\",\"@id\":\"https:\/\/staging.varesenews.it\/2002\/09\/fiera-del-libro-tremila-visitatori-in-due-giorni\/284806\/\",\"url\":\"https:\/\/staging.varesenews.it\/2002\/09\/fiera-del-libro-tremila-visitatori-in-due-giorni\/284806\/\",\"name\":\"Fiera del libro, tremila visitatori in due giorni\",\"isPartOf\":{\"@id\":\"https:\/\/staging.varesenews.it\/#website\"},\"datePublished\":\"2002-09-30T00:00:00+00:00\",\"dateModified\":\"2002-09-30T00:00:00+00:00\",\"author\":{\"@id\":\"https:\/\/staging.varesenews.it\/#\/schema\/person\/fb20c4da0b7b16c291707a20db73e169\"},\"description\":\"Un pubblico numeroso decreta il successo della manifestazione nel week-end\",\"breadcrumb\":{\"@id\":\"https:\/\/staging.varesenews.it\/2002\/09\/fiera-del-libro-tremila-visitatori-in-due-giorni\/284806\/#breadcrumb\"},\"inLanguage\":\"it-IT\",\"potentialAction\":[{\"@type\":\"ReadAction\",\"target\":[\"https:\/\/staging.varesenews.it\/2002\/09\/fiera-del-libro-tremila-visitatori-in-due-giorni\/284806\/\"]}]},{\"@type\":\"BreadcrumbList\",\"@id\":\"https:\/\/staging.varesenews.it\/2002\/09\/fiera-del-libro-tremila-visitatori-in-due-giorni\/284806\/#breadcrumb\",\"itemListElement\":[{\"@type\":\"ListItem\",\"position\":1,\"name\":\"Home\",\"item\":\"https:\/\/www.varesenews.it\/\"},{\"@type\":\"ListItem\",\"position\":2,\"name\":\"Fiera del libro, tremila visitatori in due giorni\"}]},{\"@type\":\"WebSite\",\"@id\":\"https:\/\/staging.varesenews.it\/#website\",\"url\":\"https:\/\/staging.varesenews.it\/\",\"name\":\"VareseNews\",\"description\":\"\",\"potentialAction\":[{\"@type\":\"SearchAction\",\"target\":{\"@type\":\"EntryPoint\",\"urlTemplate\":\"https:\/\/staging.varesenews.it\/?s={search_term_string}\"},\"query-input\":\"required name=search_term_string\"}],\"inLanguage\":\"it-IT\"},{\"@type\":\"Person\",\"@id\":\"https:\/\/staging.varesenews.it\/#\/schema\/person\/fb20c4da0b7b16c291707a20db73e169\",\"name\":\"Redazione VareseNews\",\"image\":{\"@type\":\"ImageObject\",\"inLanguage\":\"it-IT\",\"@id\":\"https:\/\/staging.varesenews.it\/#\/schema\/person\/image\/\",\"url\":\"https:\/\/staging.varesenews.it\/wp-content\/uploads\/2020\/12\/logo_VN_colori_500.png\",\"contentUrl\":\"https:\/\/staging.varesenews.it\/wp-content\/uploads\/2020\/12\/logo_VN_colori_500.png\",\"caption\":\"Redazione VareseNews\"},\"url\":\"https:\/\/staging.varesenews.it\/persona\/redazione1\/\"}]}<\/script>\n<!-- \/ Yoast SEO plugin. -->","yoast_head_json":{"title":"Fiera del libro, tremila visitatori in due giorni","description":"Un pubblico numeroso decreta il successo della manifestazione nel week-end","robots":{"index":"noindex","follow":"follow","max-snippet":"max-snippet:-1","max-image-preview":"max-image-preview:large","max-video-preview":"max-video-preview:-1"},"og_locale":"it_IT","og_type":"article","og_title":"Fiera del libro, tremila visitatori in due giorni","og_description":"Un pubblico numeroso decreta il successo della manifestazione nel week-end","og_url":"https:\/\/staging.varesenews.it\/2002\/09\/fiera-del-libro-tremila-visitatori-in-due-giorni\/284806\/","og_site_name":"VareseNews","article_publisher":"https:\/\/www.facebook.com\/varesenews","article_published_time":"2002-09-30T00:00:00+00:00","author":"Redazione VareseNews","twitter_card":"summary_large_image","twitter_creator":"@varesenews","twitter_site":"@varesenews","twitter_misc":{"Scritto da":"Redazione VareseNews","Tempo di lettura stimato":"6 minuti"},"schema":{"@context":"https:\/\/schema.org","@graph":[{"@type":"WebPage","@id":"https:\/\/staging.varesenews.it\/2002\/09\/fiera-del-libro-tremila-visitatori-in-due-giorni\/284806\/","url":"https:\/\/staging.varesenews.it\/2002\/09\/fiera-del-libro-tremila-visitatori-in-due-giorni\/284806\/","name":"Fiera del libro, tremila visitatori in due giorni","isPartOf":{"@id":"https:\/\/staging.varesenews.it\/#website"},"datePublished":"2002-09-30T00:00:00+00:00","dateModified":"2002-09-30T00:00:00+00:00","author":{"@id":"https:\/\/staging.varesenews.it\/#\/schema\/person\/fb20c4da0b7b16c291707a20db73e169"},"description":"Un pubblico numeroso decreta il successo della manifestazione nel week-end","breadcrumb":{"@id":"https:\/\/staging.varesenews.it\/2002\/09\/fiera-del-libro-tremila-visitatori-in-due-giorni\/284806\/#breadcrumb"},"inLanguage":"it-IT","potentialAction":[{"@type":"ReadAction","target":["https:\/\/staging.varesenews.it\/2002\/09\/fiera-del-libro-tremila-visitatori-in-due-giorni\/284806\/"]}]},{"@type":"BreadcrumbList","@id":"https:\/\/staging.varesenews.it\/2002\/09\/fiera-del-libro-tremila-visitatori-in-due-giorni\/284806\/#breadcrumb","itemListElement":[{"@type":"ListItem","position":1,"name":"Home","item":"https:\/\/www.varesenews.it\/"},{"@type":"ListItem","position":2,"name":"Fiera del libro, tremila visitatori in due giorni"}]},{"@type":"WebSite","@id":"https:\/\/staging.varesenews.it\/#website","url":"https:\/\/staging.varesenews.it\/","name":"VareseNews","description":"","potentialAction":[{"@type":"SearchAction","target":{"@type":"EntryPoint","urlTemplate":"https:\/\/staging.varesenews.it\/?s={search_term_string}"},"query-input":"required name=search_term_string"}],"inLanguage":"it-IT"},{"@type":"Person","@id":"https:\/\/staging.varesenews.it\/#\/schema\/person\/fb20c4da0b7b16c291707a20db73e169","name":"Redazione VareseNews","image":{"@type":"ImageObject","inLanguage":"it-IT","@id":"https:\/\/staging.varesenews.it\/#\/schema\/person\/image\/","url":"https:\/\/staging.varesenews.it\/wp-content\/uploads\/2020\/12\/logo_VN_colori_500.png","contentUrl":"https:\/\/staging.varesenews.it\/wp-content\/uploads\/2020\/12\/logo_VN_colori_500.png","caption":"Redazione VareseNews"},"url":"https:\/\/staging.varesenews.it\/persona\/redazione1\/"}]}},"post_meta":{"id_old":"11408","argomento":"Gallarate"},"photos":[],"_links":{"self":[{"href":"https:\/\/staging.varesenews.it\/swgapi\/v1\/wp\/v2\/posts\/284806"}],"collection":[{"href":"https:\/\/staging.varesenews.it\/swgapi\/v1\/wp\/v2\/posts"}],"about":[{"href":"https:\/\/staging.varesenews.it\/swgapi\/v1\/wp\/v2\/types\/post"}],"author":[{"embeddable":true,"href":"https:\/\/staging.varesenews.it\/swgapi\/v1\/wp\/v2\/users\/10"}],"replies":[{"embeddable":true,"href":"https:\/\/staging.varesenews.it\/swgapi\/v1\/wp\/v2\/comments?post=284806"}],"version-history":[{"count":0,"href":"https:\/\/staging.varesenews.it\/swgapi\/v1\/wp\/v2\/posts\/284806\/revisions"}],"wp:attachment":[{"href":"https:\/\/staging.varesenews.it\/swgapi\/v1\/wp\/v2\/media?parent=284806"}],"wp:term":[{"taxonomy":"category","embeddable":true,"href":"https:\/\/staging.varesenews.it\/swgapi\/v1\/wp\/v2\/categories?post=284806"},{"taxonomy":"post_tag","embeddable":true,"href":"https:\/\/staging.varesenews.it\/swgapi\/v1\/wp\/v2\/tags?post=284806"}],"curies":[{"name":"wp","href":"https:\/\/api.w.org\/{rel}","templated":true}]}}