{"id":286727,"date":"2004-10-10T00:00:00","date_gmt":"2004-10-10T00:00:00","guid":{"rendered":""},"modified":"2004-10-10T00:00:00","modified_gmt":"2004-10-10T00:00:00","slug":"sport-e-convegni-il-nuovo-turismo-e-gia-realta","status":"publish","type":"post","link":"https:\/\/staging.varesenews.it\/2004\/10\/sport-e-convegni-il-nuovo-turismo-e-gia-realta\/286727\/","title":{"rendered":"Sport e convegni, il nuovo turismo \u00e8 gi\u00e0 realt\u00e0"},"content":{"rendered":"<p><font face=\"Arial\"><img loading=\"lazy\" decoding=\"async\" height=\"224\" hspace=\"3\" src=\"https:\/\/www3.varesenews.it\/immagini_articoli\/200410\/squadracanottieriva.jpg\" width=\"242\" align=\"left\" vspace=\"3\" border=\"0\" \/>\u00a0<\/font><span style=\"FONT-FAMILY: Arial\">Tre imbarcazioni arrivano appaiate al traguardo. Il pubblico abbarbicato sulla palazzina della Canottieri Varese incita l\u2019equipaggio di casa. Sopra di loro un aliante volteggia, incurante delle nuvole e del tempo. Per due giorni la Schiranna, oltre all&#8217;italiano, parler\u00e0 francese, tedesco,\u00a0 sloveno, serbo-croato e inglese, tante lingue quante sono i Paesi che partecipano al primo meeting internazionale di canottaggio \u201c5 nazioni\u201d, organizzato dalla Canottieri Varese in collaborazione con la Camera di Commercio e la Provincia di Varese.<br \/>Lo speaker, con una perfetta pronuncia anglosassone, d\u00e0 l\u2019ordine d\u2019arrivo e la squadra svizzera esulta. Ogni team partecipa con quattro ragazze, tra i tredici e i sedici anni, e otto ragazzi pi\u00f9 il timoniere. \u00abSi tratta di un meeting di grande livello \u2013 spiega Renato Gaeta, direttore tecnico della Canottieri Varese -. Noi partecipiamo con ragazzi un po\u2019 pi\u00f9 giovani rispetto agli altri. Per i nostri \u00e8 una grande esperienza che gli servir\u00e0 molto in futuro ed \u00e8 un\u2019occasione importante anche per Varese, perch\u00e9 si parla molto di turismo sportivo e questo ne \u00e8 un esempio. \u00c8 stato possibile organizzare una gara di questa portata solo perch\u00e9 c\u2019\u00e8 una sinergia forte con Camera di Commercio, Comune\u00a0 e Provincia. Ospitare tanti atleti richiede organizzazione e risorse\u00bb.<\/span><b><font size=\"2\"><br \/><\/font><\/b><span style=\"FONT-FAMILY: Arial\">Le sorprese per\u00f2 non sono finite. Per chi ama il canottaggio, domenica 10 ottobre sar\u00e0 una giornata indimenticabile.Alla Schiranna, per la seconda tornata di gare, saranno infatti\u00a0 presenti i fratelli Giuseppe e Agostino Abbagnale, ai quali sar\u00e0 consegnato un premio alla carriera dalla Camera di Commercio di Varese. <\/span><b><font face=\"Arial\" size=\"2\">(Foto: la squadra della Canottieri Varese)<\/font><\/b> <\/p>\n<p class=\"MsoNormal\" style=\"mso-pagination: none; mso-layout-grid-align: none\"><span style=\"FONT-FAMILY: Arial\"><img decoding=\"async\" hspace=\"3\" src=\"https:\/\/www3.varesenews.it\/immagini_articoli\/200410\/cesare_cardani_7218.jpg\" align=\"left\" vspace=\"3\" border=\"0\" \/>A poca distanza dalla Schiranna , nella Palazzina della Cultura di via Sacco, si tiene un importante convegno dal titolo \u201cMotorless Flight Symposium\u201d, dedicato ad appassionati ed esperti del volo a vela. Tra i presenti e tra i premiati anche l&#8217;ingegner Ermanno Bazzocchi, monumento dell&#8217;aeronautica varesina. \u00abLa risposta che abbiamo avuto\u00a0 \u2013 spiega Cesare Cardani <\/span><b><font face=\"Arial\" size=\"2\">(foto)<\/font><\/b><span style=\"FONT-FAMILY: Arial\">, presidente della sezione lombarda dell\u2019Associazione italiana di aeronautica ed astronautica \u2013 \u00e8 andata molto oltre le nostre aspettative. Sono arrivati 120 esperti da tutta Europa, soprattutto dalla Germania, dall\u2019Inghilterra e dall\u2019Olanda, paesi oggi leader in questo tipo di disciplina. Varese era la sede ideale considerata la tradizione nell\u2019aeronautica e nel volo a vela. Inoltre chi programma il turismo sul territorio farebbe bene a tenere in considerazione anche il volo a vela come offerta e ulteriore attrattiva, prova ne \u00e8 che alcuni partecipanti inglesi hanno gradito le bellezze del luogo e hanno gi\u00e0 \u00a0prenotato una settimana di vacanze a Laveno\u00bb.<\/span> <\/p>\n","protected":false},"excerpt":{"rendered":"<p>Canottieri provenienti da tutta Europa si sfidano sulle acque del lago di Varese. Nella palazzina della Cultura oltre cento esperti ed appassionati di alianti si confrontano in un convegno internazionale<\/p>\n","protected":false},"author":10,"featured_media":0,"comment_status":"open","ping_status":"open","sticky":false,"template":"","format":"standard","meta":{"footnotes":""},"categories":[2],"tags":[],"acf":[],"yoast_head":"<!-- This site is optimized with the Yoast SEO plugin v20.1 - https:\/\/yoast.com\/wordpress\/plugins\/seo\/ -->\n<title>Sport e convegni, il nuovo turismo \u00e8 gi\u00e0 realt\u00e0<\/title>\n<meta name=\"description\" content=\"Canottieri provenienti da tutta Europa si sfidano sulle acque del lago di Varese. Nella palazzina della Cultura oltre cento esperti ed appassionati di alianti si confrontano in un convegno internazionale\" \/>\n<meta name=\"robots\" content=\"noindex, follow, max-snippet:-1, max-image-preview:large, max-video-preview:-1\" \/>\n<meta property=\"og:locale\" content=\"it_IT\" \/>\n<meta property=\"og:type\" content=\"article\" \/>\n<meta property=\"og:title\" content=\"Sport e convegni, il nuovo turismo \u00e8 gi\u00e0 realt\u00e0\" \/>\n<meta property=\"og:description\" content=\"Canottieri provenienti da tutta Europa si sfidano sulle acque del lago di Varese. Nella palazzina della Cultura oltre cento esperti ed appassionati di alianti si confrontano in un convegno internazionale\" \/>\n<meta property=\"og:url\" content=\"https:\/\/staging.varesenews.it\/2004\/10\/sport-e-convegni-il-nuovo-turismo-e-gia-realta\/286727\/\" \/>\n<meta property=\"og:site_name\" content=\"VareseNews\" \/>\n<meta property=\"article:publisher\" content=\"https:\/\/www.facebook.com\/varesenews\" \/>\n<meta property=\"article:published_time\" content=\"2004-10-10T00:00:00+00:00\" \/>\n<meta property=\"og:image\" content=\"https:\/\/www3.varesenews.it\/immagini_articoli\/200410\/squadracanottieriva.jpg\" \/>\n<meta name=\"author\" content=\"Redazione VareseNews\" \/>\n<meta name=\"twitter:card\" content=\"summary_large_image\" \/>\n<meta name=\"twitter:creator\" content=\"@varesenews\" \/>\n<meta name=\"twitter:site\" content=\"@varesenews\" \/>\n<meta name=\"twitter:label1\" content=\"Scritto da\" \/>\n\t<meta name=\"twitter:data1\" content=\"Redazione VareseNews\" \/>\n\t<meta name=\"twitter:label2\" content=\"Tempo di lettura stimato\" \/>\n\t<meta name=\"twitter:data2\" content=\"2 minuti\" \/>\n<script type=\"application\/ld+json\" class=\"yoast-schema-graph\">{\"@context\":\"https:\/\/schema.org\",\"@graph\":[{\"@type\":\"WebPage\",\"@id\":\"https:\/\/staging.varesenews.it\/2004\/10\/sport-e-convegni-il-nuovo-turismo-e-gia-realta\/286727\/\",\"url\":\"https:\/\/staging.varesenews.it\/2004\/10\/sport-e-convegni-il-nuovo-turismo-e-gia-realta\/286727\/\",\"name\":\"Sport e convegni, il nuovo turismo \u00e8 gi\u00e0 realt\u00e0\",\"isPartOf\":{\"@id\":\"https:\/\/staging.varesenews.it\/#website\"},\"datePublished\":\"2004-10-10T00:00:00+00:00\",\"dateModified\":\"2004-10-10T00:00:00+00:00\",\"author\":{\"@id\":\"https:\/\/staging.varesenews.it\/#\/schema\/person\/fb20c4da0b7b16c291707a20db73e169\"},\"description\":\"Canottieri provenienti da tutta Europa si sfidano sulle acque del lago di Varese. Nella palazzina della Cultura oltre cento esperti ed appassionati di alianti si confrontano in un convegno internazionale\",\"breadcrumb\":{\"@id\":\"https:\/\/staging.varesenews.it\/2004\/10\/sport-e-convegni-il-nuovo-turismo-e-gia-realta\/286727\/#breadcrumb\"},\"inLanguage\":\"it-IT\",\"potentialAction\":[{\"@type\":\"ReadAction\",\"target\":[\"https:\/\/staging.varesenews.it\/2004\/10\/sport-e-convegni-il-nuovo-turismo-e-gia-realta\/286727\/\"]}]},{\"@type\":\"BreadcrumbList\",\"@id\":\"https:\/\/staging.varesenews.it\/2004\/10\/sport-e-convegni-il-nuovo-turismo-e-gia-realta\/286727\/#breadcrumb\",\"itemListElement\":[{\"@type\":\"ListItem\",\"position\":1,\"name\":\"Home\",\"item\":\"https:\/\/www.varesenews.it\/\"},{\"@type\":\"ListItem\",\"position\":2,\"name\":\"Sport e convegni, il nuovo turismo \u00e8 gi\u00e0 realt\u00e0\"}]},{\"@type\":\"WebSite\",\"@id\":\"https:\/\/staging.varesenews.it\/#website\",\"url\":\"https:\/\/staging.varesenews.it\/\",\"name\":\"VareseNews\",\"description\":\"\",\"potentialAction\":[{\"@type\":\"SearchAction\",\"target\":{\"@type\":\"EntryPoint\",\"urlTemplate\":\"https:\/\/staging.varesenews.it\/?s={search_term_string}\"},\"query-input\":\"required name=search_term_string\"}],\"inLanguage\":\"it-IT\"},{\"@type\":\"Person\",\"@id\":\"https:\/\/staging.varesenews.it\/#\/schema\/person\/fb20c4da0b7b16c291707a20db73e169\",\"name\":\"Redazione VareseNews\",\"image\":{\"@type\":\"ImageObject\",\"inLanguage\":\"it-IT\",\"@id\":\"https:\/\/staging.varesenews.it\/#\/schema\/person\/image\/\",\"url\":\"https:\/\/staging.varesenews.it\/wp-content\/uploads\/2020\/12\/logo_VN_colori_500.png\",\"contentUrl\":\"https:\/\/staging.varesenews.it\/wp-content\/uploads\/2020\/12\/logo_VN_colori_500.png\",\"caption\":\"Redazione VareseNews\"},\"url\":\"https:\/\/staging.varesenews.it\/persona\/redazione1\/\"}]}<\/script>\n<!-- \/ Yoast SEO plugin. -->","yoast_head_json":{"title":"Sport e convegni, il nuovo turismo \u00e8 gi\u00e0 realt\u00e0","description":"Canottieri provenienti da tutta Europa si sfidano sulle acque del lago di Varese. Nella palazzina della Cultura oltre cento esperti ed appassionati di alianti si confrontano in un convegno internazionale","robots":{"index":"noindex","follow":"follow","max-snippet":"max-snippet:-1","max-image-preview":"max-image-preview:large","max-video-preview":"max-video-preview:-1"},"og_locale":"it_IT","og_type":"article","og_title":"Sport e convegni, il nuovo turismo \u00e8 gi\u00e0 realt\u00e0","og_description":"Canottieri provenienti da tutta Europa si sfidano sulle acque del lago di Varese. Nella palazzina della Cultura oltre cento esperti ed appassionati di alianti si confrontano in un convegno internazionale","og_url":"https:\/\/staging.varesenews.it\/2004\/10\/sport-e-convegni-il-nuovo-turismo-e-gia-realta\/286727\/","og_site_name":"VareseNews","article_publisher":"https:\/\/www.facebook.com\/varesenews","article_published_time":"2004-10-10T00:00:00+00:00","og_image":[{"url":"https:\/\/www3.varesenews.it\/immagini_articoli\/200410\/squadracanottieriva.jpg"}],"author":"Redazione VareseNews","twitter_card":"summary_large_image","twitter_creator":"@varesenews","twitter_site":"@varesenews","twitter_misc":{"Scritto da":"Redazione VareseNews","Tempo di lettura stimato":"2 minuti"},"schema":{"@context":"https:\/\/schema.org","@graph":[{"@type":"WebPage","@id":"https:\/\/staging.varesenews.it\/2004\/10\/sport-e-convegni-il-nuovo-turismo-e-gia-realta\/286727\/","url":"https:\/\/staging.varesenews.it\/2004\/10\/sport-e-convegni-il-nuovo-turismo-e-gia-realta\/286727\/","name":"Sport e convegni, il nuovo turismo \u00e8 gi\u00e0 realt\u00e0","isPartOf":{"@id":"https:\/\/staging.varesenews.it\/#website"},"datePublished":"2004-10-10T00:00:00+00:00","dateModified":"2004-10-10T00:00:00+00:00","author":{"@id":"https:\/\/staging.varesenews.it\/#\/schema\/person\/fb20c4da0b7b16c291707a20db73e169"},"description":"Canottieri provenienti da tutta Europa si sfidano sulle acque del lago di Varese. Nella palazzina della Cultura oltre cento esperti ed appassionati di alianti si confrontano in un convegno internazionale","breadcrumb":{"@id":"https:\/\/staging.varesenews.it\/2004\/10\/sport-e-convegni-il-nuovo-turismo-e-gia-realta\/286727\/#breadcrumb"},"inLanguage":"it-IT","potentialAction":[{"@type":"ReadAction","target":["https:\/\/staging.varesenews.it\/2004\/10\/sport-e-convegni-il-nuovo-turismo-e-gia-realta\/286727\/"]}]},{"@type":"BreadcrumbList","@id":"https:\/\/staging.varesenews.it\/2004\/10\/sport-e-convegni-il-nuovo-turismo-e-gia-realta\/286727\/#breadcrumb","itemListElement":[{"@type":"ListItem","position":1,"name":"Home","item":"https:\/\/www.varesenews.it\/"},{"@type":"ListItem","position":2,"name":"Sport e convegni, il nuovo turismo \u00e8 gi\u00e0 realt\u00e0"}]},{"@type":"WebSite","@id":"https:\/\/staging.varesenews.it\/#website","url":"https:\/\/staging.varesenews.it\/","name":"VareseNews","description":"","potentialAction":[{"@type":"SearchAction","target":{"@type":"EntryPoint","urlTemplate":"https:\/\/staging.varesenews.it\/?s={search_term_string}"},"query-input":"required name=search_term_string"}],"inLanguage":"it-IT"},{"@type":"Person","@id":"https:\/\/staging.varesenews.it\/#\/schema\/person\/fb20c4da0b7b16c291707a20db73e169","name":"Redazione VareseNews","image":{"@type":"ImageObject","inLanguage":"it-IT","@id":"https:\/\/staging.varesenews.it\/#\/schema\/person\/image\/","url":"https:\/\/staging.varesenews.it\/wp-content\/uploads\/2020\/12\/logo_VN_colori_500.png","contentUrl":"https:\/\/staging.varesenews.it\/wp-content\/uploads\/2020\/12\/logo_VN_colori_500.png","caption":"Redazione VareseNews"},"url":"https:\/\/staging.varesenews.it\/persona\/redazione1\/"}]}},"post_meta":{"id_old":"9159","argomento":"Varese","autore_old":"M. Man."},"photos":[],"_links":{"self":[{"href":"https:\/\/staging.varesenews.it\/swgapi\/v1\/wp\/v2\/posts\/286727"}],"collection":[{"href":"https:\/\/staging.varesenews.it\/swgapi\/v1\/wp\/v2\/posts"}],"about":[{"href":"https:\/\/staging.varesenews.it\/swgapi\/v1\/wp\/v2\/types\/post"}],"author":[{"embeddable":true,"href":"https:\/\/staging.varesenews.it\/swgapi\/v1\/wp\/v2\/users\/10"}],"replies":[{"embeddable":true,"href":"https:\/\/staging.varesenews.it\/swgapi\/v1\/wp\/v2\/comments?post=286727"}],"version-history":[{"count":0,"href":"https:\/\/staging.varesenews.it\/swgapi\/v1\/wp\/v2\/posts\/286727\/revisions"}],"wp:attachment":[{"href":"https:\/\/staging.varesenews.it\/swgapi\/v1\/wp\/v2\/media?parent=286727"}],"wp:term":[{"taxonomy":"category","embeddable":true,"href":"https:\/\/staging.varesenews.it\/swgapi\/v1\/wp\/v2\/categories?post=286727"},{"taxonomy":"post_tag","embeddable":true,"href":"https:\/\/staging.varesenews.it\/swgapi\/v1\/wp\/v2\/tags?post=286727"}],"curies":[{"name":"wp","href":"https:\/\/api.w.org\/{rel}","templated":true}]}}