{"id":286797,"date":"2002-02-28T00:00:00","date_gmt":"2002-02-28T00:00:00","guid":{"rendered":""},"modified":"2002-02-28T00:00:00","modified_gmt":"2002-02-28T00:00:00","slug":"raggi-x-proteggere-il-nascituro","status":"publish","type":"post","link":"https:\/\/staging.varesenews.it\/2002\/02\/raggi-x-proteggere-il-nascituro\/286797\/","title":{"rendered":"Raggi x : proteggere il nascituro"},"content":{"rendered":"<table height=\"120\" cellspacing=\"6\" cellpadding=\"0\" width=\"99%\" border=\"0\">\n<tbody>\n<tr>\n<td width=\"100%\" height=\"1\"><font face=\"Arial\">Una donna in stato di gravidanza deve stare molto accorta nel sottoporsi ad esami radiologici: i raggi x , infatti, possono avere effetti negativi, anche gravi, sul nascituro. Su questo tema l&#8217;Azienda Ospedaliera di Busto Arsizio ha avviato una vera e propria campagna di informazione rivolta, in particolare, ai medici di famiglia e, indirettamente alle donne in et\u00e0 fertile. E stata realizzata, per l&#8217;occasione, una brochure e una locandina da affiggere presso le sale d&#8217;aspetto dei medici di base. In esse si avverte del rischio e si comunica ai medici di informarsi su un possibile stato di gravidanza delle proprie pazienti prima di prescrivere loro un esame radiologico in cui l&#8217;utero pu\u00f2 essere o \u00e8 sicuramente esposto alle radiazioni. Se l&#8217;esame non pu\u00f2 essere rimandato o sostituito da una modalit\u00e0 diagnostica che non comporta l&#8217;impiego di radiazioni ionizzanti (ecografia, RM) occorre considerare l&#8217;esecuzione di un esame minimale; proteggere le gonadi, ove possibile; richiedere una stima della dose al feto. Analoga campagna coinvolge anche i medici che in ospedale eseguono esami radiologici: anche in questo caso la paziente deve essere informata sui rischi derivanti da una esposizione al feto. La brochure li riassume, identificandoli per periodi di gestazione: da un riassorbimento dell&#8217;embrione, durante il primo stadio della gravidanza, a eventuali malformazioni e disturbi della crescita; dall&#8217;induzione del ritardo mentale al rischio, due-tre volte superiore alla media, dell&#8217;insorgenza di cancro durante l&#8217;infanzia o la vita adulta. La campagna \u00e8 stata curata dal Servizio di Fisica Sanitaria e dall&#8217;Ufficio Marketing dell&#8217;Azienda Ospedaliera.<\/font><\/td>\n<\/tr>\n<tr>\n<td width=\"100%\" height=\"21\">\n<p align=\"right\" \/><\/td>\n<\/tr>\n<tr>\n<td width=\"100%\" height=\"21\"><\/td>\n<\/tr>\n<\/tbody>\n<\/table>\n","protected":false},"excerpt":{"rendered":"<p>Una campagna dell&#8217;Azienda Ospedaliera sulla prescrizione di esami radiologici a donne in et\u00e0 fertile e la protezione radiologica<\/p>\n","protected":false},"author":10,"featured_media":0,"comment_status":"open","ping_status":"open","sticky":false,"template":"","format":"standard","meta":{"footnotes":""},"categories":[4],"tags":[],"acf":[],"yoast_head":"<!-- This site is optimized with the Yoast SEO plugin v20.1 - https:\/\/yoast.com\/wordpress\/plugins\/seo\/ -->\n<title>Raggi x : proteggere il nascituro<\/title>\n<meta name=\"description\" content=\"Una campagna dell&#039;Azienda Ospedaliera sulla prescrizione di esami radiologici a donne in et\u00e0 fertile e la protezione radiologica\" \/>\n<meta name=\"robots\" content=\"noindex, follow, max-snippet:-1, max-image-preview:large, max-video-preview:-1\" \/>\n<meta property=\"og:locale\" content=\"it_IT\" \/>\n<meta property=\"og:type\" content=\"article\" \/>\n<meta property=\"og:title\" content=\"Raggi x : proteggere il nascituro\" \/>\n<meta property=\"og:description\" content=\"Una campagna dell&#039;Azienda Ospedaliera sulla prescrizione di esami radiologici a donne in et\u00e0 fertile e la protezione radiologica\" \/>\n<meta property=\"og:url\" content=\"https:\/\/staging.varesenews.it\/2002\/02\/raggi-x-proteggere-il-nascituro\/286797\/\" \/>\n<meta property=\"og:site_name\" content=\"VareseNews\" \/>\n<meta property=\"article:publisher\" content=\"https:\/\/www.facebook.com\/varesenews\" \/>\n<meta property=\"article:published_time\" content=\"2002-02-28T00:00:00+00:00\" \/>\n<meta name=\"author\" content=\"Redazione VareseNews\" \/>\n<meta name=\"twitter:card\" content=\"summary_large_image\" \/>\n<meta name=\"twitter:creator\" content=\"@varesenews\" \/>\n<meta name=\"twitter:site\" content=\"@varesenews\" \/>\n<meta name=\"twitter:label1\" content=\"Scritto da\" \/>\n\t<meta name=\"twitter:data1\" content=\"Redazione VareseNews\" \/>\n\t<meta name=\"twitter:label2\" content=\"Tempo di lettura stimato\" \/>\n\t<meta name=\"twitter:data2\" content=\"1 minuto\" \/>\n<script type=\"application\/ld+json\" class=\"yoast-schema-graph\">{\"@context\":\"https:\/\/schema.org\",\"@graph\":[{\"@type\":\"WebPage\",\"@id\":\"https:\/\/staging.varesenews.it\/2002\/02\/raggi-x-proteggere-il-nascituro\/286797\/\",\"url\":\"https:\/\/staging.varesenews.it\/2002\/02\/raggi-x-proteggere-il-nascituro\/286797\/\",\"name\":\"Raggi x : proteggere il nascituro\",\"isPartOf\":{\"@id\":\"https:\/\/staging.varesenews.it\/#website\"},\"datePublished\":\"2002-02-28T00:00:00+00:00\",\"dateModified\":\"2002-02-28T00:00:00+00:00\",\"author\":{\"@id\":\"https:\/\/staging.varesenews.it\/#\/schema\/person\/fb20c4da0b7b16c291707a20db73e169\"},\"description\":\"Una campagna dell'Azienda Ospedaliera sulla prescrizione di esami radiologici a donne in et\u00e0 fertile e la protezione radiologica\",\"breadcrumb\":{\"@id\":\"https:\/\/staging.varesenews.it\/2002\/02\/raggi-x-proteggere-il-nascituro\/286797\/#breadcrumb\"},\"inLanguage\":\"it-IT\",\"potentialAction\":[{\"@type\":\"ReadAction\",\"target\":[\"https:\/\/staging.varesenews.it\/2002\/02\/raggi-x-proteggere-il-nascituro\/286797\/\"]}]},{\"@type\":\"BreadcrumbList\",\"@id\":\"https:\/\/staging.varesenews.it\/2002\/02\/raggi-x-proteggere-il-nascituro\/286797\/#breadcrumb\",\"itemListElement\":[{\"@type\":\"ListItem\",\"position\":1,\"name\":\"Home\",\"item\":\"https:\/\/www.varesenews.it\/\"},{\"@type\":\"ListItem\",\"position\":2,\"name\":\"Raggi x : proteggere il nascituro\"}]},{\"@type\":\"WebSite\",\"@id\":\"https:\/\/staging.varesenews.it\/#website\",\"url\":\"https:\/\/staging.varesenews.it\/\",\"name\":\"VareseNews\",\"description\":\"\",\"potentialAction\":[{\"@type\":\"SearchAction\",\"target\":{\"@type\":\"EntryPoint\",\"urlTemplate\":\"https:\/\/staging.varesenews.it\/?s={search_term_string}\"},\"query-input\":\"required name=search_term_string\"}],\"inLanguage\":\"it-IT\"},{\"@type\":\"Person\",\"@id\":\"https:\/\/staging.varesenews.it\/#\/schema\/person\/fb20c4da0b7b16c291707a20db73e169\",\"name\":\"Redazione VareseNews\",\"image\":{\"@type\":\"ImageObject\",\"inLanguage\":\"it-IT\",\"@id\":\"https:\/\/staging.varesenews.it\/#\/schema\/person\/image\/\",\"url\":\"https:\/\/staging.varesenews.it\/wp-content\/uploads\/2020\/12\/logo_VN_colori_500.png\",\"contentUrl\":\"https:\/\/staging.varesenews.it\/wp-content\/uploads\/2020\/12\/logo_VN_colori_500.png\",\"caption\":\"Redazione VareseNews\"},\"url\":\"https:\/\/staging.varesenews.it\/persona\/redazione1\/\"}]}<\/script>\n<!-- \/ Yoast SEO plugin. -->","yoast_head_json":{"title":"Raggi x : proteggere il nascituro","description":"Una campagna dell'Azienda Ospedaliera sulla prescrizione di esami radiologici a donne in et\u00e0 fertile e la protezione radiologica","robots":{"index":"noindex","follow":"follow","max-snippet":"max-snippet:-1","max-image-preview":"max-image-preview:large","max-video-preview":"max-video-preview:-1"},"og_locale":"it_IT","og_type":"article","og_title":"Raggi x : proteggere il nascituro","og_description":"Una campagna dell'Azienda Ospedaliera sulla prescrizione di esami radiologici a donne in et\u00e0 fertile e la protezione radiologica","og_url":"https:\/\/staging.varesenews.it\/2002\/02\/raggi-x-proteggere-il-nascituro\/286797\/","og_site_name":"VareseNews","article_publisher":"https:\/\/www.facebook.com\/varesenews","article_published_time":"2002-02-28T00:00:00+00:00","author":"Redazione VareseNews","twitter_card":"summary_large_image","twitter_creator":"@varesenews","twitter_site":"@varesenews","twitter_misc":{"Scritto da":"Redazione VareseNews","Tempo di lettura stimato":"1 minuto"},"schema":{"@context":"https:\/\/schema.org","@graph":[{"@type":"WebPage","@id":"https:\/\/staging.varesenews.it\/2002\/02\/raggi-x-proteggere-il-nascituro\/286797\/","url":"https:\/\/staging.varesenews.it\/2002\/02\/raggi-x-proteggere-il-nascituro\/286797\/","name":"Raggi x : proteggere il nascituro","isPartOf":{"@id":"https:\/\/staging.varesenews.it\/#website"},"datePublished":"2002-02-28T00:00:00+00:00","dateModified":"2002-02-28T00:00:00+00:00","author":{"@id":"https:\/\/staging.varesenews.it\/#\/schema\/person\/fb20c4da0b7b16c291707a20db73e169"},"description":"Una campagna dell'Azienda Ospedaliera sulla prescrizione di esami radiologici a donne in et\u00e0 fertile e la protezione radiologica","breadcrumb":{"@id":"https:\/\/staging.varesenews.it\/2002\/02\/raggi-x-proteggere-il-nascituro\/286797\/#breadcrumb"},"inLanguage":"it-IT","potentialAction":[{"@type":"ReadAction","target":["https:\/\/staging.varesenews.it\/2002\/02\/raggi-x-proteggere-il-nascituro\/286797\/"]}]},{"@type":"BreadcrumbList","@id":"https:\/\/staging.varesenews.it\/2002\/02\/raggi-x-proteggere-il-nascituro\/286797\/#breadcrumb","itemListElement":[{"@type":"ListItem","position":1,"name":"Home","item":"https:\/\/www.varesenews.it\/"},{"@type":"ListItem","position":2,"name":"Raggi x : proteggere il nascituro"}]},{"@type":"WebSite","@id":"https:\/\/staging.varesenews.it\/#website","url":"https:\/\/staging.varesenews.it\/","name":"VareseNews","description":"","potentialAction":[{"@type":"SearchAction","target":{"@type":"EntryPoint","urlTemplate":"https:\/\/staging.varesenews.it\/?s={search_term_string}"},"query-input":"required name=search_term_string"}],"inLanguage":"it-IT"},{"@type":"Person","@id":"https:\/\/staging.varesenews.it\/#\/schema\/person\/fb20c4da0b7b16c291707a20db73e169","name":"Redazione VareseNews","image":{"@type":"ImageObject","inLanguage":"it-IT","@id":"https:\/\/staging.varesenews.it\/#\/schema\/person\/image\/","url":"https:\/\/staging.varesenews.it\/wp-content\/uploads\/2020\/12\/logo_VN_colori_500.png","contentUrl":"https:\/\/staging.varesenews.it\/wp-content\/uploads\/2020\/12\/logo_VN_colori_500.png","caption":"Redazione VareseNews"},"url":"https:\/\/staging.varesenews.it\/persona\/redazione1\/"}]}},"post_meta":{"id_old":"9083","argomento":"Busto Arsizio"},"photos":[],"_links":{"self":[{"href":"https:\/\/staging.varesenews.it\/swgapi\/v1\/wp\/v2\/posts\/286797"}],"collection":[{"href":"https:\/\/staging.varesenews.it\/swgapi\/v1\/wp\/v2\/posts"}],"about":[{"href":"https:\/\/staging.varesenews.it\/swgapi\/v1\/wp\/v2\/types\/post"}],"author":[{"embeddable":true,"href":"https:\/\/staging.varesenews.it\/swgapi\/v1\/wp\/v2\/users\/10"}],"replies":[{"embeddable":true,"href":"https:\/\/staging.varesenews.it\/swgapi\/v1\/wp\/v2\/comments?post=286797"}],"version-history":[{"count":0,"href":"https:\/\/staging.varesenews.it\/swgapi\/v1\/wp\/v2\/posts\/286797\/revisions"}],"wp:attachment":[{"href":"https:\/\/staging.varesenews.it\/swgapi\/v1\/wp\/v2\/media?parent=286797"}],"wp:term":[{"taxonomy":"category","embeddable":true,"href":"https:\/\/staging.varesenews.it\/swgapi\/v1\/wp\/v2\/categories?post=286797"},{"taxonomy":"post_tag","embeddable":true,"href":"https:\/\/staging.varesenews.it\/swgapi\/v1\/wp\/v2\/tags?post=286797"}],"curies":[{"name":"wp","href":"https:\/\/api.w.org\/{rel}","templated":true}]}}