{"id":286970,"date":"2004-09-02T00:00:00","date_gmt":"2004-09-02T00:00:00","guid":{"rendered":""},"modified":"2004-09-02T00:00:00","modified_gmt":"2004-09-02T00:00:00","slug":"la-protezione-civile-cerca-volontari","status":"publish","type":"post","link":"https:\/\/staging.varesenews.it\/2004\/09\/la-protezione-civile-cerca-volontari\/286970\/","title":{"rendered":"La Protezione Civile cerca volontari"},"content":{"rendered":"<p><span style=\"mso-bidi-font-size: 10.0pt; mso-bidi-font-family: Times New Roman\"><font face=\"Arial\">Conoscere la Protezione Civile. E, soprattutto, appassionarsi al suo impegno e decidere di &quot;arruolarsi&quot; come volontari. La proposta \u00e8 del Gruppo di Protezione Civile del Comune di Gallarate, che per illustrare chi \u00e8, che cosa fa, di che cosa ha bisogno, allestisce per sabato 4 e sabato 18 settembre dalle 9.00 alle 18.00 in piazza Libert\u00e0 banchetti esplicativi. Per crescere, cercando nuovi volontari. Gi\u00e0 protagonista di iniziative coordinate dalla Regione Lombardia e che hanno interessato anche la nostra Citt\u00e0, come l&#8217;operazione Fiumi Puliti nella primavera scorsa, che ha portato alla pulizia da detriti e immondizie dei fiumi Rile e Arno, il Gruppo di Protezione Civile del Comune di Gallarate pu\u00f2 contare, dal giugno scorso, di una nuova sede per il distaccamento in Citt\u00e0, nel deposito comunale di via Pacinotti. Intanto proseguono i lavori di sistemazione della struttura dell&#8217;ex-macello di via degli Aceri, dove sar\u00e0 ubicato il centro polifunzionale di emergenza, sviluppato in sinergia con l&#8217;Assessorato regionale guidato dal gallaratese Massimo Buscemi. Grazie a un finanziamento su base regionale, Gallarate \u00e8 destinata a diventare punto focale per la prevenzione e la gestione di emergenze sul territorio, data anche la sua vicinanza con l&#8217;aeroporto di Malpensa. Nello stabile, che viene sottoposto a un recupero di tipo funzionale, trover\u00e0 sede non solo il gruppo comunale di Protezione Civile, che avr\u00e0 comunque la funzione di coordinamento sinergico tra i vari enti, ma anche altre realt\u00e0 associative che sono impegnate per garantire interventi atti a tutelare dal pericolo di danni derivanti da calamit\u00e0 naturali o eventi calamitosi. Il progetto di ristrutturazione, con il recupero dei piani e delle sale, prevede anche la creazione di un grande spazio per i mezzi e le attrezzature e di un&#8217;ampia sala con i collegamenti informatici, pi\u00f9 altri spazi polifunzionali. Inoltre viene ricavata una piazzola per l&#8217;eventuale atterraggio di emergenza degli elicotteri.<\/font><\/span><\/p>\n","protected":false},"excerpt":{"rendered":"<p>Banchetti sabato 4 e sabato 18 settembre in piazza Libert\u00e0 <\/p>\n","protected":false},"author":10,"featured_media":0,"comment_status":"open","ping_status":"open","sticky":false,"template":"","format":"standard","meta":{"footnotes":""},"categories":[3],"tags":[],"acf":[],"yoast_head":"<!-- This site is optimized with the Yoast SEO plugin v20.1 - https:\/\/yoast.com\/wordpress\/plugins\/seo\/ -->\n<title>La Protezione Civile cerca volontari<\/title>\n<meta name=\"description\" content=\"Banchetti sabato 4 e sabato 18 settembre in piazza Libert\u00e0\" \/>\n<meta name=\"robots\" content=\"noindex, follow, max-snippet:-1, max-image-preview:large, max-video-preview:-1\" \/>\n<meta property=\"og:locale\" content=\"it_IT\" \/>\n<meta property=\"og:type\" content=\"article\" \/>\n<meta property=\"og:title\" content=\"La Protezione Civile cerca volontari\" \/>\n<meta property=\"og:description\" content=\"Banchetti sabato 4 e sabato 18 settembre in piazza Libert\u00e0\" \/>\n<meta property=\"og:url\" content=\"https:\/\/staging.varesenews.it\/2004\/09\/la-protezione-civile-cerca-volontari\/286970\/\" \/>\n<meta property=\"og:site_name\" content=\"VareseNews\" \/>\n<meta property=\"article:publisher\" content=\"https:\/\/www.facebook.com\/varesenews\" \/>\n<meta property=\"article:published_time\" content=\"2004-09-02T00:00:00+00:00\" \/>\n<meta name=\"author\" content=\"Redazione VareseNews\" \/>\n<meta name=\"twitter:card\" content=\"summary_large_image\" \/>\n<meta name=\"twitter:creator\" content=\"@varesenews\" \/>\n<meta name=\"twitter:site\" content=\"@varesenews\" \/>\n<meta name=\"twitter:label1\" content=\"Scritto da\" \/>\n\t<meta name=\"twitter:data1\" content=\"Redazione VareseNews\" \/>\n\t<meta name=\"twitter:label2\" content=\"Tempo di lettura stimato\" \/>\n\t<meta name=\"twitter:data2\" content=\"1 minuto\" \/>\n<script type=\"application\/ld+json\" class=\"yoast-schema-graph\">{\"@context\":\"https:\/\/schema.org\",\"@graph\":[{\"@type\":\"WebPage\",\"@id\":\"https:\/\/staging.varesenews.it\/2004\/09\/la-protezione-civile-cerca-volontari\/286970\/\",\"url\":\"https:\/\/staging.varesenews.it\/2004\/09\/la-protezione-civile-cerca-volontari\/286970\/\",\"name\":\"La Protezione Civile cerca volontari\",\"isPartOf\":{\"@id\":\"https:\/\/staging.varesenews.it\/#website\"},\"datePublished\":\"2004-09-02T00:00:00+00:00\",\"dateModified\":\"2004-09-02T00:00:00+00:00\",\"author\":{\"@id\":\"https:\/\/staging.varesenews.it\/#\/schema\/person\/fb20c4da0b7b16c291707a20db73e169\"},\"description\":\"Banchetti sabato 4 e sabato 18 settembre in piazza Libert\u00e0\",\"breadcrumb\":{\"@id\":\"https:\/\/staging.varesenews.it\/2004\/09\/la-protezione-civile-cerca-volontari\/286970\/#breadcrumb\"},\"inLanguage\":\"it-IT\",\"potentialAction\":[{\"@type\":\"ReadAction\",\"target\":[\"https:\/\/staging.varesenews.it\/2004\/09\/la-protezione-civile-cerca-volontari\/286970\/\"]}]},{\"@type\":\"BreadcrumbList\",\"@id\":\"https:\/\/staging.varesenews.it\/2004\/09\/la-protezione-civile-cerca-volontari\/286970\/#breadcrumb\",\"itemListElement\":[{\"@type\":\"ListItem\",\"position\":1,\"name\":\"Home\",\"item\":\"https:\/\/www.varesenews.it\/\"},{\"@type\":\"ListItem\",\"position\":2,\"name\":\"La Protezione Civile cerca volontari\"}]},{\"@type\":\"WebSite\",\"@id\":\"https:\/\/staging.varesenews.it\/#website\",\"url\":\"https:\/\/staging.varesenews.it\/\",\"name\":\"VareseNews\",\"description\":\"\",\"potentialAction\":[{\"@type\":\"SearchAction\",\"target\":{\"@type\":\"EntryPoint\",\"urlTemplate\":\"https:\/\/staging.varesenews.it\/?s={search_term_string}\"},\"query-input\":\"required name=search_term_string\"}],\"inLanguage\":\"it-IT\"},{\"@type\":\"Person\",\"@id\":\"https:\/\/staging.varesenews.it\/#\/schema\/person\/fb20c4da0b7b16c291707a20db73e169\",\"name\":\"Redazione VareseNews\",\"image\":{\"@type\":\"ImageObject\",\"inLanguage\":\"it-IT\",\"@id\":\"https:\/\/staging.varesenews.it\/#\/schema\/person\/image\/\",\"url\":\"https:\/\/staging.varesenews.it\/wp-content\/uploads\/2020\/12\/logo_VN_colori_500.png\",\"contentUrl\":\"https:\/\/staging.varesenews.it\/wp-content\/uploads\/2020\/12\/logo_VN_colori_500.png\",\"caption\":\"Redazione VareseNews\"},\"url\":\"https:\/\/staging.varesenews.it\/persona\/redazione1\/\"}]}<\/script>\n<!-- \/ Yoast SEO plugin. -->","yoast_head_json":{"title":"La Protezione Civile cerca volontari","description":"Banchetti sabato 4 e sabato 18 settembre in piazza Libert\u00e0","robots":{"index":"noindex","follow":"follow","max-snippet":"max-snippet:-1","max-image-preview":"max-image-preview:large","max-video-preview":"max-video-preview:-1"},"og_locale":"it_IT","og_type":"article","og_title":"La Protezione Civile cerca volontari","og_description":"Banchetti sabato 4 e sabato 18 settembre in piazza Libert\u00e0","og_url":"https:\/\/staging.varesenews.it\/2004\/09\/la-protezione-civile-cerca-volontari\/286970\/","og_site_name":"VareseNews","article_publisher":"https:\/\/www.facebook.com\/varesenews","article_published_time":"2004-09-02T00:00:00+00:00","author":"Redazione VareseNews","twitter_card":"summary_large_image","twitter_creator":"@varesenews","twitter_site":"@varesenews","twitter_misc":{"Scritto da":"Redazione VareseNews","Tempo di lettura stimato":"1 minuto"},"schema":{"@context":"https:\/\/schema.org","@graph":[{"@type":"WebPage","@id":"https:\/\/staging.varesenews.it\/2004\/09\/la-protezione-civile-cerca-volontari\/286970\/","url":"https:\/\/staging.varesenews.it\/2004\/09\/la-protezione-civile-cerca-volontari\/286970\/","name":"La Protezione Civile cerca volontari","isPartOf":{"@id":"https:\/\/staging.varesenews.it\/#website"},"datePublished":"2004-09-02T00:00:00+00:00","dateModified":"2004-09-02T00:00:00+00:00","author":{"@id":"https:\/\/staging.varesenews.it\/#\/schema\/person\/fb20c4da0b7b16c291707a20db73e169"},"description":"Banchetti sabato 4 e sabato 18 settembre in piazza Libert\u00e0","breadcrumb":{"@id":"https:\/\/staging.varesenews.it\/2004\/09\/la-protezione-civile-cerca-volontari\/286970\/#breadcrumb"},"inLanguage":"it-IT","potentialAction":[{"@type":"ReadAction","target":["https:\/\/staging.varesenews.it\/2004\/09\/la-protezione-civile-cerca-volontari\/286970\/"]}]},{"@type":"BreadcrumbList","@id":"https:\/\/staging.varesenews.it\/2004\/09\/la-protezione-civile-cerca-volontari\/286970\/#breadcrumb","itemListElement":[{"@type":"ListItem","position":1,"name":"Home","item":"https:\/\/www.varesenews.it\/"},{"@type":"ListItem","position":2,"name":"La Protezione Civile cerca volontari"}]},{"@type":"WebSite","@id":"https:\/\/staging.varesenews.it\/#website","url":"https:\/\/staging.varesenews.it\/","name":"VareseNews","description":"","potentialAction":[{"@type":"SearchAction","target":{"@type":"EntryPoint","urlTemplate":"https:\/\/staging.varesenews.it\/?s={search_term_string}"},"query-input":"required name=search_term_string"}],"inLanguage":"it-IT"},{"@type":"Person","@id":"https:\/\/staging.varesenews.it\/#\/schema\/person\/fb20c4da0b7b16c291707a20db73e169","name":"Redazione VareseNews","image":{"@type":"ImageObject","inLanguage":"it-IT","@id":"https:\/\/staging.varesenews.it\/#\/schema\/person\/image\/","url":"https:\/\/staging.varesenews.it\/wp-content\/uploads\/2020\/12\/logo_VN_colori_500.png","contentUrl":"https:\/\/staging.varesenews.it\/wp-content\/uploads\/2020\/12\/logo_VN_colori_500.png","caption":"Redazione VareseNews"},"url":"https:\/\/staging.varesenews.it\/persona\/redazione1\/"}]}},"post_meta":{"id_old":"8884","argomento":"Gallarate"},"photos":[],"_links":{"self":[{"href":"https:\/\/staging.varesenews.it\/swgapi\/v1\/wp\/v2\/posts\/286970"}],"collection":[{"href":"https:\/\/staging.varesenews.it\/swgapi\/v1\/wp\/v2\/posts"}],"about":[{"href":"https:\/\/staging.varesenews.it\/swgapi\/v1\/wp\/v2\/types\/post"}],"author":[{"embeddable":true,"href":"https:\/\/staging.varesenews.it\/swgapi\/v1\/wp\/v2\/users\/10"}],"replies":[{"embeddable":true,"href":"https:\/\/staging.varesenews.it\/swgapi\/v1\/wp\/v2\/comments?post=286970"}],"version-history":[{"count":0,"href":"https:\/\/staging.varesenews.it\/swgapi\/v1\/wp\/v2\/posts\/286970\/revisions"}],"wp:attachment":[{"href":"https:\/\/staging.varesenews.it\/swgapi\/v1\/wp\/v2\/media?parent=286970"}],"wp:term":[{"taxonomy":"category","embeddable":true,"href":"https:\/\/staging.varesenews.it\/swgapi\/v1\/wp\/v2\/categories?post=286970"},{"taxonomy":"post_tag","embeddable":true,"href":"https:\/\/staging.varesenews.it\/swgapi\/v1\/wp\/v2\/tags?post=286970"}],"curies":[{"name":"wp","href":"https:\/\/api.w.org\/{rel}","templated":true}]}}