{"id":287015,"date":"2004-09-24T00:00:00","date_gmt":"2004-09-24T00:00:00","guid":{"rendered":""},"modified":"2004-09-24T00:00:00","modified_gmt":"2004-09-24T00:00:00","slug":"la-mia-banca-e-differente-anche-a-cassano-magnago","status":"publish","type":"post","link":"https:\/\/staging.varesenews.it\/2004\/09\/la-mia-banca-e-differente-anche-a-cassano-magnago\/287015\/","title":{"rendered":"La mia banca \u00e8 differente, anche a Cassano Magnago"},"content":{"rendered":"<p><img decoding=\"async\" hspace=\"3\" src=\"https:\/\/www3.varesenews.it\/immagini_articoli\/200410\/bcc2.jpg\" align=\"left\" vspace=\"3\" border=\"0\" \/>\u00abVogliamo fabbricare fiducia, anche in nome di ci\u00f2 che differenzia le banche di credito cooperativo\u00bb. Ovvero la mia banca \u00e8 differente, parafrasando la bella pubblicit\u00e0 televisiva. A ben vedere anche l&#8217;inaugurazione della nuova filiale del Credito cooperativo di Busto Garolfo e Buguggiate, a Cassano Magnago, \u00e8 stata diversa dal solito. C&#8217;era il prevosto, Don Claudio, il campione di ciclismo, Ivan Basso, c&#8217;era il sindaco, e c&#8217;era anche la consapevolezza che la presenza di una banca sul territorio abbia ancora un senso e un ruolo importanti, nonostante si viva in un&#8217;economia globalizzata. \u00abL&#8217;obiettivo &#8211; ha spiegato Silvano Caglio, presidente della Bcc di Busto Garolfo e Buguggiate &#8211; \u00e8 dar forza alla nostra area, concentrarsi nei punti forti del territorio, passare dalle parole ai fatti e superare le barriere amministrative\u00bb. Una dichiarazione d&#8217;intenti che render\u00e0 felici gli imprenditori della zona, perch\u00e9 la politica della Bcc punta ad un obiettivo preciso: diventare la banca di riferimento del Varesotto e dell&#8217;Alto Milanese. Avere una strategia locale in un mondo superglobalizzato, come quello della finanza attuale, \u00e8 una sfida che deve partire necessariamente da un punto di vista differente. \u00abIl nostro scopo &#8211; ha continuato Caglio &#8211; sono il mutualismo e la cooperazione al servizio delle imprese, non certo i profitti e ci\u00f2 che non mettiamo da parte per rafforzare le nostre basi, lo diamo in solidariet\u00e0. Oggi abbiamo circa 2200 soci un numero che speriamo cresca ancora\u00bb. Dietro una visione differente e fuori dal coro, c&#8217;\u00e8 sempre una storia forte. Gianni Macchi, direttore generale, ha ricordato le origini delle casse rurali e artigiane, e, citando Papa Giovanni Paolo II, ha sottolineato il ruolo importante e l&#8217;alto valore sociale del credito cooperativo. \u00abCassano Magnago \u00e8 una citt\u00e0 che preferisce la sostanza alla forma. Perci\u00f2 i nostri primi dieci conti correnti andranno a dieci associazioni attive nel campo della solidariet\u00e0\u00bb. Le cifre, si sa, sono noiose, ma la sostanza per una banca \u00e8 fatta di numeri. A Paolo Innocenti, responsabile regionale dell&#8217;area servizi e organizzazione, \u00e8 toccato elencare le cifre che contraddistinguono il credito cooperativo in Italia: 25 mila dipendenti, di cui 4 mila nella sola Lombardia, una raccolta diretta complessiva pari a 85 miliardi di euro, impieghi economici per 66,9 miliardi di euro. (foto da sinistra: Gianni Macchi, Ivan Basso e Silvano Caglio) La presenza di un grande campione di ciclismo, qual \u00e8 Ivan Basso, non poteva che rimandare ad una speranza sportiva: la vittoria ai Mondiali su strada, magari a Verona. E, per sottolineare questa speranza, al fuoriclasse di casa \u00e8 stata donata una mappa del mondo risalente al Sedicesimo secolo. Cassano Magnago ha, dunque, una nuova filiale del Credito cooperativo di Busto Garolfo e Buguggiate. Al neodirettore della filiale, Fabio Gemma, non resta che mettersi al lavoro e ricordare &#8211; come dice lo spot pubblicitario &#8211; \u00abche la sua banca \u00e8 differente perch\u00e9 con lei il credito \u00e8 alla portata di tutti\u00bb. <\/p>\n","protected":false},"excerpt":{"rendered":"<p>Inaugurata la filiale del Credito cooperativo di Busto Garolfo e Buguggiate. Presente il campione di ciclismo Ivan Basso<\/p>\n","protected":false},"author":10,"featured_media":0,"comment_status":"open","ping_status":"open","sticky":false,"template":"","format":"standard","meta":{"footnotes":""},"categories":[15],"tags":[],"acf":[],"yoast_head":"<!-- This site is optimized with the Yoast SEO plugin v20.1 - https:\/\/yoast.com\/wordpress\/plugins\/seo\/ -->\n<title>La mia banca \u00e8 differente, anche a Cassano Magnago<\/title>\n<meta name=\"description\" content=\"Inaugurata la filiale del Credito cooperativo di Busto Garolfo e Buguggiate. Presente il campione di ciclismo Ivan Basso\" \/>\n<meta name=\"robots\" content=\"noindex, follow, max-snippet:-1, max-image-preview:large, max-video-preview:-1\" \/>\n<meta property=\"og:locale\" content=\"it_IT\" \/>\n<meta property=\"og:type\" content=\"article\" \/>\n<meta property=\"og:title\" content=\"La mia banca \u00e8 differente, anche a Cassano Magnago\" \/>\n<meta property=\"og:description\" content=\"Inaugurata la filiale del Credito cooperativo di Busto Garolfo e Buguggiate. Presente il campione di ciclismo Ivan Basso\" \/>\n<meta property=\"og:url\" content=\"https:\/\/staging.varesenews.it\/2004\/09\/la-mia-banca-e-differente-anche-a-cassano-magnago\/287015\/\" \/>\n<meta property=\"og:site_name\" content=\"VareseNews\" \/>\n<meta property=\"article:publisher\" content=\"https:\/\/www.facebook.com\/varesenews\" \/>\n<meta property=\"article:published_time\" content=\"2004-09-24T00:00:00+00:00\" \/>\n<meta property=\"og:image\" content=\"https:\/\/www3.varesenews.it\/immagini_articoli\/200410\/bcc2.jpg\" \/>\n<meta name=\"author\" content=\"Redazione VareseNews\" \/>\n<meta name=\"twitter:card\" content=\"summary_large_image\" \/>\n<meta name=\"twitter:creator\" content=\"@varesenews\" \/>\n<meta name=\"twitter:site\" content=\"@varesenews\" \/>\n<meta name=\"twitter:label1\" content=\"Scritto da\" \/>\n\t<meta name=\"twitter:data1\" content=\"Redazione VareseNews\" \/>\n\t<meta name=\"twitter:label2\" content=\"Tempo di lettura stimato\" \/>\n\t<meta name=\"twitter:data2\" content=\"2 minuti\" \/>\n<script type=\"application\/ld+json\" class=\"yoast-schema-graph\">{\"@context\":\"https:\/\/schema.org\",\"@graph\":[{\"@type\":\"WebPage\",\"@id\":\"https:\/\/staging.varesenews.it\/2004\/09\/la-mia-banca-e-differente-anche-a-cassano-magnago\/287015\/\",\"url\":\"https:\/\/staging.varesenews.it\/2004\/09\/la-mia-banca-e-differente-anche-a-cassano-magnago\/287015\/\",\"name\":\"La mia banca \u00e8 differente, anche a Cassano Magnago\",\"isPartOf\":{\"@id\":\"https:\/\/staging.varesenews.it\/#website\"},\"datePublished\":\"2004-09-24T00:00:00+00:00\",\"dateModified\":\"2004-09-24T00:00:00+00:00\",\"author\":{\"@id\":\"https:\/\/staging.varesenews.it\/#\/schema\/person\/fb20c4da0b7b16c291707a20db73e169\"},\"description\":\"Inaugurata la filiale del Credito cooperativo di Busto Garolfo e Buguggiate. Presente il campione di ciclismo Ivan Basso\",\"breadcrumb\":{\"@id\":\"https:\/\/staging.varesenews.it\/2004\/09\/la-mia-banca-e-differente-anche-a-cassano-magnago\/287015\/#breadcrumb\"},\"inLanguage\":\"it-IT\",\"potentialAction\":[{\"@type\":\"ReadAction\",\"target\":[\"https:\/\/staging.varesenews.it\/2004\/09\/la-mia-banca-e-differente-anche-a-cassano-magnago\/287015\/\"]}]},{\"@type\":\"BreadcrumbList\",\"@id\":\"https:\/\/staging.varesenews.it\/2004\/09\/la-mia-banca-e-differente-anche-a-cassano-magnago\/287015\/#breadcrumb\",\"itemListElement\":[{\"@type\":\"ListItem\",\"position\":1,\"name\":\"Home\",\"item\":\"https:\/\/www.varesenews.it\/\"},{\"@type\":\"ListItem\",\"position\":2,\"name\":\"La mia banca \u00e8 differente, anche a Cassano Magnago\"}]},{\"@type\":\"WebSite\",\"@id\":\"https:\/\/staging.varesenews.it\/#website\",\"url\":\"https:\/\/staging.varesenews.it\/\",\"name\":\"VareseNews\",\"description\":\"\",\"potentialAction\":[{\"@type\":\"SearchAction\",\"target\":{\"@type\":\"EntryPoint\",\"urlTemplate\":\"https:\/\/staging.varesenews.it\/?s={search_term_string}\"},\"query-input\":\"required name=search_term_string\"}],\"inLanguage\":\"it-IT\"},{\"@type\":\"Person\",\"@id\":\"https:\/\/staging.varesenews.it\/#\/schema\/person\/fb20c4da0b7b16c291707a20db73e169\",\"name\":\"Redazione VareseNews\",\"image\":{\"@type\":\"ImageObject\",\"inLanguage\":\"it-IT\",\"@id\":\"https:\/\/staging.varesenews.it\/#\/schema\/person\/image\/\",\"url\":\"https:\/\/staging.varesenews.it\/wp-content\/uploads\/2020\/12\/logo_VN_colori_500.png\",\"contentUrl\":\"https:\/\/staging.varesenews.it\/wp-content\/uploads\/2020\/12\/logo_VN_colori_500.png\",\"caption\":\"Redazione VareseNews\"},\"url\":\"https:\/\/staging.varesenews.it\/persona\/redazione1\/\"}]}<\/script>\n<!-- \/ Yoast SEO plugin. -->","yoast_head_json":{"title":"La mia banca \u00e8 differente, anche a Cassano Magnago","description":"Inaugurata la filiale del Credito cooperativo di Busto Garolfo e Buguggiate. Presente il campione di ciclismo Ivan Basso","robots":{"index":"noindex","follow":"follow","max-snippet":"max-snippet:-1","max-image-preview":"max-image-preview:large","max-video-preview":"max-video-preview:-1"},"og_locale":"it_IT","og_type":"article","og_title":"La mia banca \u00e8 differente, anche a Cassano Magnago","og_description":"Inaugurata la filiale del Credito cooperativo di Busto Garolfo e Buguggiate. Presente il campione di ciclismo Ivan Basso","og_url":"https:\/\/staging.varesenews.it\/2004\/09\/la-mia-banca-e-differente-anche-a-cassano-magnago\/287015\/","og_site_name":"VareseNews","article_publisher":"https:\/\/www.facebook.com\/varesenews","article_published_time":"2004-09-24T00:00:00+00:00","og_image":[{"url":"https:\/\/www3.varesenews.it\/immagini_articoli\/200410\/bcc2.jpg"}],"author":"Redazione VareseNews","twitter_card":"summary_large_image","twitter_creator":"@varesenews","twitter_site":"@varesenews","twitter_misc":{"Scritto da":"Redazione VareseNews","Tempo di lettura stimato":"2 minuti"},"schema":{"@context":"https:\/\/schema.org","@graph":[{"@type":"WebPage","@id":"https:\/\/staging.varesenews.it\/2004\/09\/la-mia-banca-e-differente-anche-a-cassano-magnago\/287015\/","url":"https:\/\/staging.varesenews.it\/2004\/09\/la-mia-banca-e-differente-anche-a-cassano-magnago\/287015\/","name":"La mia banca \u00e8 differente, anche a Cassano Magnago","isPartOf":{"@id":"https:\/\/staging.varesenews.it\/#website"},"datePublished":"2004-09-24T00:00:00+00:00","dateModified":"2004-09-24T00:00:00+00:00","author":{"@id":"https:\/\/staging.varesenews.it\/#\/schema\/person\/fb20c4da0b7b16c291707a20db73e169"},"description":"Inaugurata la filiale del Credito cooperativo di Busto Garolfo e Buguggiate. Presente il campione di ciclismo Ivan Basso","breadcrumb":{"@id":"https:\/\/staging.varesenews.it\/2004\/09\/la-mia-banca-e-differente-anche-a-cassano-magnago\/287015\/#breadcrumb"},"inLanguage":"it-IT","potentialAction":[{"@type":"ReadAction","target":["https:\/\/staging.varesenews.it\/2004\/09\/la-mia-banca-e-differente-anche-a-cassano-magnago\/287015\/"]}]},{"@type":"BreadcrumbList","@id":"https:\/\/staging.varesenews.it\/2004\/09\/la-mia-banca-e-differente-anche-a-cassano-magnago\/287015\/#breadcrumb","itemListElement":[{"@type":"ListItem","position":1,"name":"Home","item":"https:\/\/www.varesenews.it\/"},{"@type":"ListItem","position":2,"name":"La mia banca \u00e8 differente, anche a Cassano Magnago"}]},{"@type":"WebSite","@id":"https:\/\/staging.varesenews.it\/#website","url":"https:\/\/staging.varesenews.it\/","name":"VareseNews","description":"","potentialAction":[{"@type":"SearchAction","target":{"@type":"EntryPoint","urlTemplate":"https:\/\/staging.varesenews.it\/?s={search_term_string}"},"query-input":"required name=search_term_string"}],"inLanguage":"it-IT"},{"@type":"Person","@id":"https:\/\/staging.varesenews.it\/#\/schema\/person\/fb20c4da0b7b16c291707a20db73e169","name":"Redazione VareseNews","image":{"@type":"ImageObject","inLanguage":"it-IT","@id":"https:\/\/staging.varesenews.it\/#\/schema\/person\/image\/","url":"https:\/\/staging.varesenews.it\/wp-content\/uploads\/2020\/12\/logo_VN_colori_500.png","contentUrl":"https:\/\/staging.varesenews.it\/wp-content\/uploads\/2020\/12\/logo_VN_colori_500.png","caption":"Redazione VareseNews"},"url":"https:\/\/staging.varesenews.it\/persona\/redazione1\/"}]}},"post_meta":{"id_old":"8835","argomento":"Economia"},"photos":[],"_links":{"self":[{"href":"https:\/\/staging.varesenews.it\/swgapi\/v1\/wp\/v2\/posts\/287015"}],"collection":[{"href":"https:\/\/staging.varesenews.it\/swgapi\/v1\/wp\/v2\/posts"}],"about":[{"href":"https:\/\/staging.varesenews.it\/swgapi\/v1\/wp\/v2\/types\/post"}],"author":[{"embeddable":true,"href":"https:\/\/staging.varesenews.it\/swgapi\/v1\/wp\/v2\/users\/10"}],"replies":[{"embeddable":true,"href":"https:\/\/staging.varesenews.it\/swgapi\/v1\/wp\/v2\/comments?post=287015"}],"version-history":[{"count":0,"href":"https:\/\/staging.varesenews.it\/swgapi\/v1\/wp\/v2\/posts\/287015\/revisions"}],"wp:attachment":[{"href":"https:\/\/staging.varesenews.it\/swgapi\/v1\/wp\/v2\/media?parent=287015"}],"wp:term":[{"taxonomy":"category","embeddable":true,"href":"https:\/\/staging.varesenews.it\/swgapi\/v1\/wp\/v2\/categories?post=287015"},{"taxonomy":"post_tag","embeddable":true,"href":"https:\/\/staging.varesenews.it\/swgapi\/v1\/wp\/v2\/tags?post=287015"}],"curies":[{"name":"wp","href":"https:\/\/api.w.org\/{rel}","templated":true}]}}