{"id":287046,"date":"2004-09-29T00:00:00","date_gmt":"2004-09-29T00:00:00","guid":{"rendered":""},"modified":"2004-09-29T00:00:00","modified_gmt":"2004-09-29T00:00:00","slug":"rosa-non-conosco-la-vicenda-faremo-chiarezza","status":"publish","type":"post","link":"https:\/\/staging.varesenews.it\/2004\/09\/rosa-non-conosco-la-vicenda-faremo-chiarezza\/287046\/","title":{"rendered":"Rosa: \u00abNon conosco la vicenda, faremo chiarezza\u00bb"},"content":{"rendered":"<p class=\"MsoNormal\" align=\"left\"><font face=\"Arial\"><img loading=\"lazy\" decoding=\"async\" height=\"176\" hspace=\"0\" src=\"https:\/\/www3.varesenews.it\/immagini_articoli\/200410\/rosa.jpg\" width=\"202\" align=\"left\" border=\"0\" \/>(<!--webbot\n            bot=\"Timestamp\" S-Type=\"EDITED\" S-Format=\"%d.%m.%Y\" startspan -->29.09.2004<!--webbot\n            bot=\"Timestamp\" endspan i-checksum=\"12612\" -->)\u00a0<\/font><font face=\"Arial\" size=\"3\">\u00abSi tratta in larga misura di una faccenda personale tra Porfidio e Mazzucchelli, comunque occorrer\u00e0 approfondire la questione\u00bb. Il sindaco di Busto Arsizio Luigi Rosa, intervistato sulla la vicenda del giovane Davide Giaramita, invalido al 100 per cento, e della madre, cui da quasi tre anni \u00e8 negata l&#8217;assegnazione di una casa popolare, getta acqua sul fuoco e difende Mazzucchelli. \u00abSulla singola vicenda non posso essere preciso, non conoscendola nel dettaglio. Posso per\u00f2 ricordare che la mia giunta si \u00e8 impegnata a fondo nel settore dei servizi sociali, e le cifre della relazione che vi abbiamo consegnato ieri parlano chiaro. Solo nel 2003 4,6 milioni di euro in assistenza, quest&#8217;anno la spesa crescer\u00e0 del 6 per cento e si giunger\u00e0 a qualcosa come 1500 soggetti assistiti. Si tratta di numeri importanti, che testimoniano la scelta precisa di questa amministrazione in sostegno dei servizi sociali, ben pi\u00f9 di quanto sia stato fatto in passato\u00bb.\u00a0<\/font><\/p>\n<p class=\"MsoNormal\" align=\"left\"><font face=\"Arial\" size=\"3\">Su Mazzucchelli in particolare, Rosa si sente di spezzare una lancia in sua difesa: \u00abConosco Franco Mazzucchelli da molti anni e lo conosco come uomo sensibile e generoso. Credo che la posizione assunta verso di lui da Porfidio sia sbagliata. Si \u00e8 andati oltre le righe, \u00e8 evidente che si tratta di una faccenda personale\u00bb. Circa l&#8217;assegnazione delle case popolari, Rosa chiede cautela nell&#8217;emettere sentenze. \u00abNon conosco a memoria il regolamento e non posso dire se spetti di regola la precedenza ai residenti, so per\u00f2 che preciso impegno di Mazzucchelli \u00e8 far s\u00ec che tale regolamento sia rispettato. Tra l&#8217;altro non \u00e8 lui, n\u00e9 la Giunta ad assegnare le case popolari, ma una commissione che comprende tutte le parti in causa. Ad ogni modo, se Porfidio trova ingiusta una norma, ha fior di strumenti a disposizione per proporne la modifica. Noi abbiamo la pi\u00f9 grande disponibilit\u00e0 a confrontarci su queste tematiche: ne sia prova la convocazione della Commissione servizi sociali, prevista per i prossimi giorni\u00bb.<br \/>Non potendo chiedere lumi direttamente all&#8217;assessore Mazzucchelli, introvabile per tutta la giornata, la risposta circa i criteri d&#8217;assegnazione delle case popolari arriva da Gianpietro Colombo, presidente dell&#8217;Aler, l&#8217; Azienda Lombarda Edilizia Residenziale di Varese.<br \/>\u00abCon le nuove regole regionali i criteri introdotti per l&#8217;assegnazione delle case popolari, a Busto Arsizio come a Varese, dipende da quanto tempo il richiedente risiede in citt\u00e0, o da quanto tempo vi risiede per questioni di lavoro &#8211; afferma Colombo &#8211; . A fronte di questa nuova disciplina, \u00e8 in atto un ricorso di fronte al Tar della Lombardia promosso dal Sicet (Sindacato Inquilini Casa e Territorio). Il tribunale amministrativo non si \u00e8 ancora pronunciato, quindi viene applicata la nuova normativa\u00bb.<\/font><\/p>\n","protected":false},"excerpt":{"rendered":"<p>Il Sindaco di Busto Arsizio prende le difese del suo assessore ai Servizi Sociali nel caso denunciato in consiglio comunale<\/p>\n","protected":false},"author":10,"featured_media":0,"comment_status":"open","ping_status":"open","sticky":false,"template":"","format":"standard","meta":{"footnotes":""},"categories":[4],"tags":[],"acf":[],"yoast_head":"<!-- This site is optimized with the Yoast SEO plugin v20.1 - https:\/\/yoast.com\/wordpress\/plugins\/seo\/ -->\n<title>Rosa: \u00abNon conosco la vicenda, faremo chiarezza\u00bb<\/title>\n<meta name=\"description\" content=\"Il Sindaco di Busto Arsizio prende le difese del suo assessore ai Servizi Sociali nel caso denunciato in consiglio comunale\" \/>\n<meta name=\"robots\" content=\"noindex, follow, max-snippet:-1, max-image-preview:large, max-video-preview:-1\" \/>\n<meta property=\"og:locale\" content=\"it_IT\" \/>\n<meta property=\"og:type\" content=\"article\" \/>\n<meta property=\"og:title\" content=\"Rosa: \u00abNon conosco la vicenda, faremo chiarezza\u00bb\" \/>\n<meta property=\"og:description\" content=\"Il Sindaco di Busto Arsizio prende le difese del suo assessore ai Servizi Sociali nel caso denunciato in consiglio comunale\" \/>\n<meta property=\"og:url\" content=\"https:\/\/staging.varesenews.it\/2004\/09\/rosa-non-conosco-la-vicenda-faremo-chiarezza\/287046\/\" \/>\n<meta property=\"og:site_name\" content=\"VareseNews\" \/>\n<meta property=\"article:publisher\" content=\"https:\/\/www.facebook.com\/varesenews\" \/>\n<meta property=\"article:published_time\" content=\"2004-09-29T00:00:00+00:00\" \/>\n<meta property=\"og:image\" content=\"https:\/\/www3.varesenews.it\/immagini_articoli\/200410\/rosa.jpg\" \/>\n<meta name=\"author\" content=\"Redazione VareseNews\" \/>\n<meta name=\"twitter:card\" content=\"summary_large_image\" \/>\n<meta name=\"twitter:creator\" content=\"@varesenews\" \/>\n<meta name=\"twitter:site\" content=\"@varesenews\" \/>\n<meta name=\"twitter:label1\" content=\"Scritto da\" \/>\n\t<meta name=\"twitter:data1\" content=\"Redazione VareseNews\" \/>\n\t<meta name=\"twitter:label2\" content=\"Tempo di lettura stimato\" \/>\n\t<meta name=\"twitter:data2\" content=\"2 minuti\" \/>\n<script type=\"application\/ld+json\" class=\"yoast-schema-graph\">{\"@context\":\"https:\/\/schema.org\",\"@graph\":[{\"@type\":\"WebPage\",\"@id\":\"https:\/\/staging.varesenews.it\/2004\/09\/rosa-non-conosco-la-vicenda-faremo-chiarezza\/287046\/\",\"url\":\"https:\/\/staging.varesenews.it\/2004\/09\/rosa-non-conosco-la-vicenda-faremo-chiarezza\/287046\/\",\"name\":\"Rosa: \u00abNon conosco la vicenda, faremo chiarezza\u00bb\",\"isPartOf\":{\"@id\":\"https:\/\/staging.varesenews.it\/#website\"},\"datePublished\":\"2004-09-29T00:00:00+00:00\",\"dateModified\":\"2004-09-29T00:00:00+00:00\",\"author\":{\"@id\":\"https:\/\/staging.varesenews.it\/#\/schema\/person\/fb20c4da0b7b16c291707a20db73e169\"},\"description\":\"Il Sindaco di Busto Arsizio prende le difese del suo assessore ai Servizi Sociali nel caso denunciato in consiglio comunale\",\"breadcrumb\":{\"@id\":\"https:\/\/staging.varesenews.it\/2004\/09\/rosa-non-conosco-la-vicenda-faremo-chiarezza\/287046\/#breadcrumb\"},\"inLanguage\":\"it-IT\",\"potentialAction\":[{\"@type\":\"ReadAction\",\"target\":[\"https:\/\/staging.varesenews.it\/2004\/09\/rosa-non-conosco-la-vicenda-faremo-chiarezza\/287046\/\"]}]},{\"@type\":\"BreadcrumbList\",\"@id\":\"https:\/\/staging.varesenews.it\/2004\/09\/rosa-non-conosco-la-vicenda-faremo-chiarezza\/287046\/#breadcrumb\",\"itemListElement\":[{\"@type\":\"ListItem\",\"position\":1,\"name\":\"Home\",\"item\":\"https:\/\/www.varesenews.it\/\"},{\"@type\":\"ListItem\",\"position\":2,\"name\":\"Rosa: \u00abNon conosco la vicenda, faremo chiarezza\u00bb\"}]},{\"@type\":\"WebSite\",\"@id\":\"https:\/\/staging.varesenews.it\/#website\",\"url\":\"https:\/\/staging.varesenews.it\/\",\"name\":\"VareseNews\",\"description\":\"\",\"potentialAction\":[{\"@type\":\"SearchAction\",\"target\":{\"@type\":\"EntryPoint\",\"urlTemplate\":\"https:\/\/staging.varesenews.it\/?s={search_term_string}\"},\"query-input\":\"required name=search_term_string\"}],\"inLanguage\":\"it-IT\"},{\"@type\":\"Person\",\"@id\":\"https:\/\/staging.varesenews.it\/#\/schema\/person\/fb20c4da0b7b16c291707a20db73e169\",\"name\":\"Redazione VareseNews\",\"image\":{\"@type\":\"ImageObject\",\"inLanguage\":\"it-IT\",\"@id\":\"https:\/\/staging.varesenews.it\/#\/schema\/person\/image\/\",\"url\":\"https:\/\/staging.varesenews.it\/wp-content\/uploads\/2020\/12\/logo_VN_colori_500.png\",\"contentUrl\":\"https:\/\/staging.varesenews.it\/wp-content\/uploads\/2020\/12\/logo_VN_colori_500.png\",\"caption\":\"Redazione VareseNews\"},\"url\":\"https:\/\/staging.varesenews.it\/persona\/redazione1\/\"}]}<\/script>\n<!-- \/ Yoast SEO plugin. -->","yoast_head_json":{"title":"Rosa: \u00abNon conosco la vicenda, faremo chiarezza\u00bb","description":"Il Sindaco di Busto Arsizio prende le difese del suo assessore ai Servizi Sociali nel caso denunciato in consiglio comunale","robots":{"index":"noindex","follow":"follow","max-snippet":"max-snippet:-1","max-image-preview":"max-image-preview:large","max-video-preview":"max-video-preview:-1"},"og_locale":"it_IT","og_type":"article","og_title":"Rosa: \u00abNon conosco la vicenda, faremo chiarezza\u00bb","og_description":"Il Sindaco di Busto Arsizio prende le difese del suo assessore ai Servizi Sociali nel caso denunciato in consiglio comunale","og_url":"https:\/\/staging.varesenews.it\/2004\/09\/rosa-non-conosco-la-vicenda-faremo-chiarezza\/287046\/","og_site_name":"VareseNews","article_publisher":"https:\/\/www.facebook.com\/varesenews","article_published_time":"2004-09-29T00:00:00+00:00","og_image":[{"url":"https:\/\/www3.varesenews.it\/immagini_articoli\/200410\/rosa.jpg"}],"author":"Redazione VareseNews","twitter_card":"summary_large_image","twitter_creator":"@varesenews","twitter_site":"@varesenews","twitter_misc":{"Scritto da":"Redazione VareseNews","Tempo di lettura stimato":"2 minuti"},"schema":{"@context":"https:\/\/schema.org","@graph":[{"@type":"WebPage","@id":"https:\/\/staging.varesenews.it\/2004\/09\/rosa-non-conosco-la-vicenda-faremo-chiarezza\/287046\/","url":"https:\/\/staging.varesenews.it\/2004\/09\/rosa-non-conosco-la-vicenda-faremo-chiarezza\/287046\/","name":"Rosa: \u00abNon conosco la vicenda, faremo chiarezza\u00bb","isPartOf":{"@id":"https:\/\/staging.varesenews.it\/#website"},"datePublished":"2004-09-29T00:00:00+00:00","dateModified":"2004-09-29T00:00:00+00:00","author":{"@id":"https:\/\/staging.varesenews.it\/#\/schema\/person\/fb20c4da0b7b16c291707a20db73e169"},"description":"Il Sindaco di Busto Arsizio prende le difese del suo assessore ai Servizi Sociali nel caso denunciato in consiglio comunale","breadcrumb":{"@id":"https:\/\/staging.varesenews.it\/2004\/09\/rosa-non-conosco-la-vicenda-faremo-chiarezza\/287046\/#breadcrumb"},"inLanguage":"it-IT","potentialAction":[{"@type":"ReadAction","target":["https:\/\/staging.varesenews.it\/2004\/09\/rosa-non-conosco-la-vicenda-faremo-chiarezza\/287046\/"]}]},{"@type":"BreadcrumbList","@id":"https:\/\/staging.varesenews.it\/2004\/09\/rosa-non-conosco-la-vicenda-faremo-chiarezza\/287046\/#breadcrumb","itemListElement":[{"@type":"ListItem","position":1,"name":"Home","item":"https:\/\/www.varesenews.it\/"},{"@type":"ListItem","position":2,"name":"Rosa: \u00abNon conosco la vicenda, faremo chiarezza\u00bb"}]},{"@type":"WebSite","@id":"https:\/\/staging.varesenews.it\/#website","url":"https:\/\/staging.varesenews.it\/","name":"VareseNews","description":"","potentialAction":[{"@type":"SearchAction","target":{"@type":"EntryPoint","urlTemplate":"https:\/\/staging.varesenews.it\/?s={search_term_string}"},"query-input":"required name=search_term_string"}],"inLanguage":"it-IT"},{"@type":"Person","@id":"https:\/\/staging.varesenews.it\/#\/schema\/person\/fb20c4da0b7b16c291707a20db73e169","name":"Redazione VareseNews","image":{"@type":"ImageObject","inLanguage":"it-IT","@id":"https:\/\/staging.varesenews.it\/#\/schema\/person\/image\/","url":"https:\/\/staging.varesenews.it\/wp-content\/uploads\/2020\/12\/logo_VN_colori_500.png","contentUrl":"https:\/\/staging.varesenews.it\/wp-content\/uploads\/2020\/12\/logo_VN_colori_500.png","caption":"Redazione VareseNews"},"url":"https:\/\/staging.varesenews.it\/persona\/redazione1\/"}]}},"post_meta":{"id_old":"8801","argomento":"Busto Arsizio"},"photos":[],"_links":{"self":[{"href":"https:\/\/staging.varesenews.it\/swgapi\/v1\/wp\/v2\/posts\/287046"}],"collection":[{"href":"https:\/\/staging.varesenews.it\/swgapi\/v1\/wp\/v2\/posts"}],"about":[{"href":"https:\/\/staging.varesenews.it\/swgapi\/v1\/wp\/v2\/types\/post"}],"author":[{"embeddable":true,"href":"https:\/\/staging.varesenews.it\/swgapi\/v1\/wp\/v2\/users\/10"}],"replies":[{"embeddable":true,"href":"https:\/\/staging.varesenews.it\/swgapi\/v1\/wp\/v2\/comments?post=287046"}],"version-history":[{"count":0,"href":"https:\/\/staging.varesenews.it\/swgapi\/v1\/wp\/v2\/posts\/287046\/revisions"}],"wp:attachment":[{"href":"https:\/\/staging.varesenews.it\/swgapi\/v1\/wp\/v2\/media?parent=287046"}],"wp:term":[{"taxonomy":"category","embeddable":true,"href":"https:\/\/staging.varesenews.it\/swgapi\/v1\/wp\/v2\/categories?post=287046"},{"taxonomy":"post_tag","embeddable":true,"href":"https:\/\/staging.varesenews.it\/swgapi\/v1\/wp\/v2\/tags?post=287046"}],"curies":[{"name":"wp","href":"https:\/\/api.w.org\/{rel}","templated":true}]}}