{"id":287303,"date":"2004-09-27T00:00:00","date_gmt":"2004-09-27T00:00:00","guid":{"rendered":""},"modified":"2004-09-27T00:00:00","modified_gmt":"2004-09-27T00:00:00","slug":"ville-ponti-l-albergo-si-presenta","status":"publish","type":"post","link":"https:\/\/staging.varesenews.it\/2004\/09\/ville-ponti-l-albergo-si-presenta\/287303\/","title":{"rendered":"Ville Ponti, l&#8217;albergo si presenta"},"content":{"rendered":"<p>Un nuova struttura alberghiera, capace di supportare la vocazione di &#8220;turismo congressuale&#8221;, che da tempo si abbina a possibile sviluppo economico per Varese. E&#8217; stato molto pi\u00f9 di un semplice sopralluogo quello avvenuto nella giornata di oggi alle Ville Ponti, dove l&#8217;amministrazione comunale, insieme alla Camera di Commercio, alla Regione e al Fai, ha incontrato la citt\u00e0 per parlare del nuovo centro congressi a Ville Ponti.<br \/>\nEd \u00e8 stata anche un&#8217;occasione per aprire il sipario su un argomento importante per la citt\u00e0, che ha dato la possibilit\u00e0 alle diverse parti che da tempo animano il dibattito attorno a questo progetto di interagire tra loro.<br \/>\nIl sindaco di Varese ha in apertura ricordato la posizione di Palazzo Estense di fronte all&#8217;ipotesi di un centro congressuale. \u00abUn&#8217;idea che non \u00e8 mai stata osteggiata, ma piuttosto valutata con cautela, soprattutto alla luce dei problemi viabilistici e di parcheggio che un&#8217;opera del genere potrebbe comportare per il quartiere\u00bb<br \/>\nSostanzialmente contrarie alla realizzazione del centro congressi le associazioni ambientaliste: l&#8217;incontro alle Ville Ponti non ha quindi mutato la posizione di &#8220;Italia Nostra&#8221;, &#8220;Verdi Ambiente e Societ\u00e0&#8221;, &#8220;Legambiente&#8221;, presenti alla giornata.<br \/>\nSecondo Marco Magnifico, direttore del Fai, \u00abl&#8217;importante a questo punto sarebbe coinvolgere il ministero dei beni culturali e la sovrintendenza\u00bb.<br \/>\nIl nuovo albergo sorgerebbe nella zona delle Ville Ponti, e si tratta di una struttura che verr\u00e0 costruita ex novo: la prima pietra si pensa potr\u00e0 venir posata nell&#8217;estate 2006 una volta completato l&#8217;iter che prevede una presentazione del progetto entro l&#8217;estate 2005, con un&#8217;eventuale richiesta di variazione al Prg. <\/p>\n","protected":false},"excerpt":{"rendered":"<p>La posa della prima pietra del nuovo centro congressi prevista per l&#8217;estate del 2006. Amministrazione comunale e parti sociali in un incontro per presentare alla citt\u00e0 &#8220;un&#8217;occasione di sviluppo per il territorio&#8221;<\/p>\n","protected":false},"author":10,"featured_media":0,"comment_status":"open","ping_status":"open","sticky":false,"template":"","format":"standard","meta":{"footnotes":""},"categories":[2],"tags":[],"acf":[],"yoast_head":"<!-- This site is optimized with the Yoast SEO plugin v20.1 - https:\/\/yoast.com\/wordpress\/plugins\/seo\/ -->\n<title>Ville Ponti, l&#039;albergo si presenta<\/title>\n<meta name=\"description\" content=\"La posa della prima pietra del nuovo centro congressi prevista per l&#039;estate del 2006. Amministrazione comunale e parti sociali in un incontro per presentare alla citt\u00e0 &quot;un&#039;occasione di sviluppo per il territorio&quot;\" \/>\n<meta name=\"robots\" content=\"noindex, follow, max-snippet:-1, max-image-preview:large, max-video-preview:-1\" \/>\n<meta property=\"og:locale\" content=\"it_IT\" \/>\n<meta property=\"og:type\" content=\"article\" \/>\n<meta property=\"og:title\" content=\"Ville Ponti, l&#039;albergo si presenta\" \/>\n<meta property=\"og:description\" content=\"La posa della prima pietra del nuovo centro congressi prevista per l&#039;estate del 2006. Amministrazione comunale e parti sociali in un incontro per presentare alla citt\u00e0 &quot;un&#039;occasione di sviluppo per il territorio&quot;\" \/>\n<meta property=\"og:url\" content=\"https:\/\/staging.varesenews.it\/2004\/09\/ville-ponti-l-albergo-si-presenta\/287303\/\" \/>\n<meta property=\"og:site_name\" content=\"VareseNews\" \/>\n<meta property=\"article:publisher\" content=\"https:\/\/www.facebook.com\/varesenews\" \/>\n<meta property=\"article:published_time\" content=\"2004-09-27T00:00:00+00:00\" \/>\n<meta name=\"author\" content=\"Redazione VareseNews\" \/>\n<meta name=\"twitter:card\" content=\"summary_large_image\" \/>\n<meta name=\"twitter:creator\" content=\"@varesenews\" \/>\n<meta name=\"twitter:site\" content=\"@varesenews\" \/>\n<meta name=\"twitter:label1\" content=\"Scritto da\" \/>\n\t<meta name=\"twitter:data1\" content=\"Redazione VareseNews\" \/>\n\t<meta name=\"twitter:label2\" content=\"Tempo di lettura stimato\" \/>\n\t<meta name=\"twitter:data2\" content=\"1 minuto\" \/>\n<script type=\"application\/ld+json\" class=\"yoast-schema-graph\">{\"@context\":\"https:\/\/schema.org\",\"@graph\":[{\"@type\":\"WebPage\",\"@id\":\"https:\/\/staging.varesenews.it\/2004\/09\/ville-ponti-l-albergo-si-presenta\/287303\/\",\"url\":\"https:\/\/staging.varesenews.it\/2004\/09\/ville-ponti-l-albergo-si-presenta\/287303\/\",\"name\":\"Ville Ponti, l'albergo si presenta\",\"isPartOf\":{\"@id\":\"https:\/\/staging.varesenews.it\/#website\"},\"datePublished\":\"2004-09-27T00:00:00+00:00\",\"dateModified\":\"2004-09-27T00:00:00+00:00\",\"author\":{\"@id\":\"https:\/\/staging.varesenews.it\/#\/schema\/person\/fb20c4da0b7b16c291707a20db73e169\"},\"description\":\"La posa della prima pietra del nuovo centro congressi prevista per l'estate del 2006. Amministrazione comunale e parti sociali in un incontro per presentare alla citt\u00e0 \\\"un'occasione di sviluppo per il territorio\\\"\",\"breadcrumb\":{\"@id\":\"https:\/\/staging.varesenews.it\/2004\/09\/ville-ponti-l-albergo-si-presenta\/287303\/#breadcrumb\"},\"inLanguage\":\"it-IT\",\"potentialAction\":[{\"@type\":\"ReadAction\",\"target\":[\"https:\/\/staging.varesenews.it\/2004\/09\/ville-ponti-l-albergo-si-presenta\/287303\/\"]}]},{\"@type\":\"BreadcrumbList\",\"@id\":\"https:\/\/staging.varesenews.it\/2004\/09\/ville-ponti-l-albergo-si-presenta\/287303\/#breadcrumb\",\"itemListElement\":[{\"@type\":\"ListItem\",\"position\":1,\"name\":\"Home\",\"item\":\"https:\/\/www.varesenews.it\/\"},{\"@type\":\"ListItem\",\"position\":2,\"name\":\"Ville Ponti, l&#8217;albergo si presenta\"}]},{\"@type\":\"WebSite\",\"@id\":\"https:\/\/staging.varesenews.it\/#website\",\"url\":\"https:\/\/staging.varesenews.it\/\",\"name\":\"VareseNews\",\"description\":\"\",\"potentialAction\":[{\"@type\":\"SearchAction\",\"target\":{\"@type\":\"EntryPoint\",\"urlTemplate\":\"https:\/\/staging.varesenews.it\/?s={search_term_string}\"},\"query-input\":\"required name=search_term_string\"}],\"inLanguage\":\"it-IT\"},{\"@type\":\"Person\",\"@id\":\"https:\/\/staging.varesenews.it\/#\/schema\/person\/fb20c4da0b7b16c291707a20db73e169\",\"name\":\"Redazione VareseNews\",\"image\":{\"@type\":\"ImageObject\",\"inLanguage\":\"it-IT\",\"@id\":\"https:\/\/staging.varesenews.it\/#\/schema\/person\/image\/\",\"url\":\"https:\/\/staging.varesenews.it\/wp-content\/uploads\/2020\/12\/logo_VN_colori_500.png\",\"contentUrl\":\"https:\/\/staging.varesenews.it\/wp-content\/uploads\/2020\/12\/logo_VN_colori_500.png\",\"caption\":\"Redazione VareseNews\"},\"url\":\"https:\/\/staging.varesenews.it\/persona\/redazione1\/\"}]}<\/script>\n<!-- \/ Yoast SEO plugin. -->","yoast_head_json":{"title":"Ville Ponti, l'albergo si presenta","description":"La posa della prima pietra del nuovo centro congressi prevista per l'estate del 2006. Amministrazione comunale e parti sociali in un incontro per presentare alla citt\u00e0 \"un'occasione di sviluppo per il territorio\"","robots":{"index":"noindex","follow":"follow","max-snippet":"max-snippet:-1","max-image-preview":"max-image-preview:large","max-video-preview":"max-video-preview:-1"},"og_locale":"it_IT","og_type":"article","og_title":"Ville Ponti, l'albergo si presenta","og_description":"La posa della prima pietra del nuovo centro congressi prevista per l'estate del 2006. Amministrazione comunale e parti sociali in un incontro per presentare alla citt\u00e0 \"un'occasione di sviluppo per il territorio\"","og_url":"https:\/\/staging.varesenews.it\/2004\/09\/ville-ponti-l-albergo-si-presenta\/287303\/","og_site_name":"VareseNews","article_publisher":"https:\/\/www.facebook.com\/varesenews","article_published_time":"2004-09-27T00:00:00+00:00","author":"Redazione VareseNews","twitter_card":"summary_large_image","twitter_creator":"@varesenews","twitter_site":"@varesenews","twitter_misc":{"Scritto da":"Redazione VareseNews","Tempo di lettura stimato":"1 minuto"},"schema":{"@context":"https:\/\/schema.org","@graph":[{"@type":"WebPage","@id":"https:\/\/staging.varesenews.it\/2004\/09\/ville-ponti-l-albergo-si-presenta\/287303\/","url":"https:\/\/staging.varesenews.it\/2004\/09\/ville-ponti-l-albergo-si-presenta\/287303\/","name":"Ville Ponti, l'albergo si presenta","isPartOf":{"@id":"https:\/\/staging.varesenews.it\/#website"},"datePublished":"2004-09-27T00:00:00+00:00","dateModified":"2004-09-27T00:00:00+00:00","author":{"@id":"https:\/\/staging.varesenews.it\/#\/schema\/person\/fb20c4da0b7b16c291707a20db73e169"},"description":"La posa della prima pietra del nuovo centro congressi prevista per l'estate del 2006. Amministrazione comunale e parti sociali in un incontro per presentare alla citt\u00e0 \"un'occasione di sviluppo per il territorio\"","breadcrumb":{"@id":"https:\/\/staging.varesenews.it\/2004\/09\/ville-ponti-l-albergo-si-presenta\/287303\/#breadcrumb"},"inLanguage":"it-IT","potentialAction":[{"@type":"ReadAction","target":["https:\/\/staging.varesenews.it\/2004\/09\/ville-ponti-l-albergo-si-presenta\/287303\/"]}]},{"@type":"BreadcrumbList","@id":"https:\/\/staging.varesenews.it\/2004\/09\/ville-ponti-l-albergo-si-presenta\/287303\/#breadcrumb","itemListElement":[{"@type":"ListItem","position":1,"name":"Home","item":"https:\/\/www.varesenews.it\/"},{"@type":"ListItem","position":2,"name":"Ville Ponti, l&#8217;albergo si presenta"}]},{"@type":"WebSite","@id":"https:\/\/staging.varesenews.it\/#website","url":"https:\/\/staging.varesenews.it\/","name":"VareseNews","description":"","potentialAction":[{"@type":"SearchAction","target":{"@type":"EntryPoint","urlTemplate":"https:\/\/staging.varesenews.it\/?s={search_term_string}"},"query-input":"required name=search_term_string"}],"inLanguage":"it-IT"},{"@type":"Person","@id":"https:\/\/staging.varesenews.it\/#\/schema\/person\/fb20c4da0b7b16c291707a20db73e169","name":"Redazione VareseNews","image":{"@type":"ImageObject","inLanguage":"it-IT","@id":"https:\/\/staging.varesenews.it\/#\/schema\/person\/image\/","url":"https:\/\/staging.varesenews.it\/wp-content\/uploads\/2020\/12\/logo_VN_colori_500.png","contentUrl":"https:\/\/staging.varesenews.it\/wp-content\/uploads\/2020\/12\/logo_VN_colori_500.png","caption":"Redazione VareseNews"},"url":"https:\/\/staging.varesenews.it\/persona\/redazione1\/"}]}},"post_meta":{"id_old":"8524","argomento":"Varese"},"photos":[],"_links":{"self":[{"href":"https:\/\/staging.varesenews.it\/swgapi\/v1\/wp\/v2\/posts\/287303"}],"collection":[{"href":"https:\/\/staging.varesenews.it\/swgapi\/v1\/wp\/v2\/posts"}],"about":[{"href":"https:\/\/staging.varesenews.it\/swgapi\/v1\/wp\/v2\/types\/post"}],"author":[{"embeddable":true,"href":"https:\/\/staging.varesenews.it\/swgapi\/v1\/wp\/v2\/users\/10"}],"replies":[{"embeddable":true,"href":"https:\/\/staging.varesenews.it\/swgapi\/v1\/wp\/v2\/comments?post=287303"}],"version-history":[{"count":0,"href":"https:\/\/staging.varesenews.it\/swgapi\/v1\/wp\/v2\/posts\/287303\/revisions"}],"wp:attachment":[{"href":"https:\/\/staging.varesenews.it\/swgapi\/v1\/wp\/v2\/media?parent=287303"}],"wp:term":[{"taxonomy":"category","embeddable":true,"href":"https:\/\/staging.varesenews.it\/swgapi\/v1\/wp\/v2\/categories?post=287303"},{"taxonomy":"post_tag","embeddable":true,"href":"https:\/\/staging.varesenews.it\/swgapi\/v1\/wp\/v2\/tags?post=287303"}],"curies":[{"name":"wp","href":"https:\/\/api.w.org\/{rel}","templated":true}]}}