{"id":287359,"date":"2004-10-01T00:00:00","date_gmt":"2004-10-01T00:00:00","guid":{"rendered":""},"modified":"2004-10-01T00:00:00","modified_gmt":"2004-10-01T00:00:00","slug":"servizio-civile-da-oggi-si-puo-anche-nei-vigili-del-fuoco","status":"publish","type":"post","link":"https:\/\/staging.varesenews.it\/2004\/10\/servizio-civile-da-oggi-si-puo-anche-nei-vigili-del-fuoco\/287359\/","title":{"rendered":"Servizio civile? Da oggi si pu\u00f2 anche nei Vigili del Fuoco"},"content":{"rendered":"<p><font face=\"Arial\">Dodici mesi nei vigili del fuoco, in &quot;supporto operativo&quot;. Da oggi \u00e8 \u00e8possibiole anche per chi intende aderire al servizio civile volontario. Il Dipartimento dei Vigili del Fuoco del Soccorso Pubblico e della Difesa Civile ha fatto sapere che da oggi questo \u00e8 possibile. E&#8217; stata difatti diramata una nota dove si d\u00e0 notizia di una procedura selettiva per soli titoli e per 200 posti rivolta ai giovani che chiedono di svolgere il servizio civile nell\u2019ambito del progetto &quot;Supporto alle sale operative distaccate del Corpo nazionale dei Vigili del Fuoco&quot;. La durata, come si \u00e8 detto \u00e8 di 12 mesi cos\u00ec come approvato dall&#8217;Ufficio nazionale per il servizio civile, nei distaccamenti operativi dei Comandi Vigili del Fuoco.\u00a0<br \/>Il progetto nasce per assicurare il supporto e la continuit\u00e0 necessarie al lavoro delle sale operative sedi di progetto.\u00a0<br \/>I volontari saranno impiegati come supporto al personale professionista addetto alle linee di soccorso &quot;115&quot; e collaboreranno alla gestione delle attrezzature tecniche e della documentazione attinente le sale operative.\u00a0<\/font><\/p>\n<p><font face=\"Arial, Helvetica, sans-serif\">Per quanto attiene la provincia di Varese, la sede operativa sar\u00e0 il distaccamento di Busto Arsizio, per la quale sono previsti due posti. \u00c8 opportuno ricordare che a decorrere dal 1\u00b0 gennaio 2006, ai volontari che svolgono il servizio civile nel Corpo Nazionale dei Vigili del Fuoco \u00e8 riservato il 10% dei posti dei concorsi relativi all&#8217;accesso nel profilo di Vigile del Fuoco. Le domande di ammissione alla procedura per l\u2019ammissione a prestare il servizio civile nel Corpo Nazionale dei Vigili del Fuoco \u2013 esclusivamente per la sede distaccata di Busto Arsizio &#8211; redatte sull\u2019apposito stampato scaricabile dal sito internet <a href=\"http:\/\/www.serviziocivile.it\/area_volontari\/dettaglio_modulistica.asp?id=1829\">http:\/\/www.serviziocivile.it\/area_volontari\/dettaglio_modulistica.asp?id=1829<\/a> e compilate secondo le modalit\u00e0 specificate, devono pervenire al Comando provinciale dei Vigili del Fuoco di Varese entro il 21 ottobre 2004. I vincitori della selezione seguiranno un corso iniziale di formazione della durata di quattro settimane. Il bando per la selezione \u00e8 visibile alla pagina <a href=\"http:\/\/www.vigilfuoco.it\/info\/concorsi\/servizio_civile\/bando.asp\">http:\/\/www.vigilfuoco.it\/info\/concorsi\/servizio_civile\/bando.asp<\/a>. Per ogni ulteriore informazione \u00e8 possibile contattare i Vigili del Fuoco di Varese dal luned\u00ec al sabato \u2013 dalle 8 alle 14 \u2013 al numero 0332285513 interno 208.<\/font><\/p>\n","protected":false},"excerpt":{"rendered":"<p>Anche a Varese come nel resto d&#8217;Italia \u00e8 possibile per i giovani prestare servizio nei distaccamenti dei pompieri. Modulistica e informazioni su internet<\/p>\n","protected":false},"author":10,"featured_media":0,"comment_status":"open","ping_status":"open","sticky":false,"template":"","format":"standard","meta":{"footnotes":""},"categories":[2],"tags":[],"acf":[],"yoast_head":"<!-- This site is optimized with the Yoast SEO plugin v20.1 - https:\/\/yoast.com\/wordpress\/plugins\/seo\/ -->\n<title>Servizio civile? Da oggi si pu\u00f2 anche nei Vigili del Fuoco<\/title>\n<meta name=\"description\" content=\"Anche a Varese come nel resto d&#039;Italia \u00e8 possibile per i giovani prestare servizio nei distaccamenti dei pompieri. Modulistica e informazioni su internet\" \/>\n<meta name=\"robots\" content=\"noindex, follow, max-snippet:-1, max-image-preview:large, max-video-preview:-1\" \/>\n<meta property=\"og:locale\" content=\"it_IT\" \/>\n<meta property=\"og:type\" content=\"article\" \/>\n<meta property=\"og:title\" content=\"Servizio civile? Da oggi si pu\u00f2 anche nei Vigili del Fuoco\" \/>\n<meta property=\"og:description\" content=\"Anche a Varese come nel resto d&#039;Italia \u00e8 possibile per i giovani prestare servizio nei distaccamenti dei pompieri. Modulistica e informazioni su internet\" \/>\n<meta property=\"og:url\" content=\"https:\/\/staging.varesenews.it\/2004\/10\/servizio-civile-da-oggi-si-puo-anche-nei-vigili-del-fuoco\/287359\/\" \/>\n<meta property=\"og:site_name\" content=\"VareseNews\" \/>\n<meta property=\"article:publisher\" content=\"https:\/\/www.facebook.com\/varesenews\" \/>\n<meta property=\"article:published_time\" content=\"2004-10-01T00:00:00+00:00\" \/>\n<meta name=\"author\" content=\"Redazione VareseNews\" \/>\n<meta name=\"twitter:card\" content=\"summary_large_image\" \/>\n<meta name=\"twitter:creator\" content=\"@varesenews\" \/>\n<meta name=\"twitter:site\" content=\"@varesenews\" \/>\n<meta name=\"twitter:label1\" content=\"Scritto da\" \/>\n\t<meta name=\"twitter:data1\" content=\"Redazione VareseNews\" \/>\n\t<meta name=\"twitter:label2\" content=\"Tempo di lettura stimato\" \/>\n\t<meta name=\"twitter:data2\" content=\"2 minuti\" \/>\n<script type=\"application\/ld+json\" class=\"yoast-schema-graph\">{\"@context\":\"https:\/\/schema.org\",\"@graph\":[{\"@type\":\"WebPage\",\"@id\":\"https:\/\/staging.varesenews.it\/2004\/10\/servizio-civile-da-oggi-si-puo-anche-nei-vigili-del-fuoco\/287359\/\",\"url\":\"https:\/\/staging.varesenews.it\/2004\/10\/servizio-civile-da-oggi-si-puo-anche-nei-vigili-del-fuoco\/287359\/\",\"name\":\"Servizio civile? Da oggi si pu\u00f2 anche nei Vigili del Fuoco\",\"isPartOf\":{\"@id\":\"https:\/\/staging.varesenews.it\/#website\"},\"datePublished\":\"2004-10-01T00:00:00+00:00\",\"dateModified\":\"2004-10-01T00:00:00+00:00\",\"author\":{\"@id\":\"https:\/\/staging.varesenews.it\/#\/schema\/person\/fb20c4da0b7b16c291707a20db73e169\"},\"description\":\"Anche a Varese come nel resto d'Italia \u00e8 possibile per i giovani prestare servizio nei distaccamenti dei pompieri. Modulistica e informazioni su internet\",\"breadcrumb\":{\"@id\":\"https:\/\/staging.varesenews.it\/2004\/10\/servizio-civile-da-oggi-si-puo-anche-nei-vigili-del-fuoco\/287359\/#breadcrumb\"},\"inLanguage\":\"it-IT\",\"potentialAction\":[{\"@type\":\"ReadAction\",\"target\":[\"https:\/\/staging.varesenews.it\/2004\/10\/servizio-civile-da-oggi-si-puo-anche-nei-vigili-del-fuoco\/287359\/\"]}]},{\"@type\":\"BreadcrumbList\",\"@id\":\"https:\/\/staging.varesenews.it\/2004\/10\/servizio-civile-da-oggi-si-puo-anche-nei-vigili-del-fuoco\/287359\/#breadcrumb\",\"itemListElement\":[{\"@type\":\"ListItem\",\"position\":1,\"name\":\"Home\",\"item\":\"https:\/\/www.varesenews.it\/\"},{\"@type\":\"ListItem\",\"position\":2,\"name\":\"Servizio civile? Da oggi si pu\u00f2 anche nei Vigili del Fuoco\"}]},{\"@type\":\"WebSite\",\"@id\":\"https:\/\/staging.varesenews.it\/#website\",\"url\":\"https:\/\/staging.varesenews.it\/\",\"name\":\"VareseNews\",\"description\":\"\",\"potentialAction\":[{\"@type\":\"SearchAction\",\"target\":{\"@type\":\"EntryPoint\",\"urlTemplate\":\"https:\/\/staging.varesenews.it\/?s={search_term_string}\"},\"query-input\":\"required name=search_term_string\"}],\"inLanguage\":\"it-IT\"},{\"@type\":\"Person\",\"@id\":\"https:\/\/staging.varesenews.it\/#\/schema\/person\/fb20c4da0b7b16c291707a20db73e169\",\"name\":\"Redazione VareseNews\",\"image\":{\"@type\":\"ImageObject\",\"inLanguage\":\"it-IT\",\"@id\":\"https:\/\/staging.varesenews.it\/#\/schema\/person\/image\/\",\"url\":\"https:\/\/staging.varesenews.it\/wp-content\/uploads\/2020\/12\/logo_VN_colori_500.png\",\"contentUrl\":\"https:\/\/staging.varesenews.it\/wp-content\/uploads\/2020\/12\/logo_VN_colori_500.png\",\"caption\":\"Redazione VareseNews\"},\"url\":\"https:\/\/staging.varesenews.it\/persona\/redazione1\/\"}]}<\/script>\n<!-- \/ Yoast SEO plugin. -->","yoast_head_json":{"title":"Servizio civile? Da oggi si pu\u00f2 anche nei Vigili del Fuoco","description":"Anche a Varese come nel resto d'Italia \u00e8 possibile per i giovani prestare servizio nei distaccamenti dei pompieri. Modulistica e informazioni su internet","robots":{"index":"noindex","follow":"follow","max-snippet":"max-snippet:-1","max-image-preview":"max-image-preview:large","max-video-preview":"max-video-preview:-1"},"og_locale":"it_IT","og_type":"article","og_title":"Servizio civile? Da oggi si pu\u00f2 anche nei Vigili del Fuoco","og_description":"Anche a Varese come nel resto d'Italia \u00e8 possibile per i giovani prestare servizio nei distaccamenti dei pompieri. Modulistica e informazioni su internet","og_url":"https:\/\/staging.varesenews.it\/2004\/10\/servizio-civile-da-oggi-si-puo-anche-nei-vigili-del-fuoco\/287359\/","og_site_name":"VareseNews","article_publisher":"https:\/\/www.facebook.com\/varesenews","article_published_time":"2004-10-01T00:00:00+00:00","author":"Redazione VareseNews","twitter_card":"summary_large_image","twitter_creator":"@varesenews","twitter_site":"@varesenews","twitter_misc":{"Scritto da":"Redazione VareseNews","Tempo di lettura stimato":"2 minuti"},"schema":{"@context":"https:\/\/schema.org","@graph":[{"@type":"WebPage","@id":"https:\/\/staging.varesenews.it\/2004\/10\/servizio-civile-da-oggi-si-puo-anche-nei-vigili-del-fuoco\/287359\/","url":"https:\/\/staging.varesenews.it\/2004\/10\/servizio-civile-da-oggi-si-puo-anche-nei-vigili-del-fuoco\/287359\/","name":"Servizio civile? Da oggi si pu\u00f2 anche nei Vigili del Fuoco","isPartOf":{"@id":"https:\/\/staging.varesenews.it\/#website"},"datePublished":"2004-10-01T00:00:00+00:00","dateModified":"2004-10-01T00:00:00+00:00","author":{"@id":"https:\/\/staging.varesenews.it\/#\/schema\/person\/fb20c4da0b7b16c291707a20db73e169"},"description":"Anche a Varese come nel resto d'Italia \u00e8 possibile per i giovani prestare servizio nei distaccamenti dei pompieri. Modulistica e informazioni su internet","breadcrumb":{"@id":"https:\/\/staging.varesenews.it\/2004\/10\/servizio-civile-da-oggi-si-puo-anche-nei-vigili-del-fuoco\/287359\/#breadcrumb"},"inLanguage":"it-IT","potentialAction":[{"@type":"ReadAction","target":["https:\/\/staging.varesenews.it\/2004\/10\/servizio-civile-da-oggi-si-puo-anche-nei-vigili-del-fuoco\/287359\/"]}]},{"@type":"BreadcrumbList","@id":"https:\/\/staging.varesenews.it\/2004\/10\/servizio-civile-da-oggi-si-puo-anche-nei-vigili-del-fuoco\/287359\/#breadcrumb","itemListElement":[{"@type":"ListItem","position":1,"name":"Home","item":"https:\/\/www.varesenews.it\/"},{"@type":"ListItem","position":2,"name":"Servizio civile? Da oggi si pu\u00f2 anche nei Vigili del Fuoco"}]},{"@type":"WebSite","@id":"https:\/\/staging.varesenews.it\/#website","url":"https:\/\/staging.varesenews.it\/","name":"VareseNews","description":"","potentialAction":[{"@type":"SearchAction","target":{"@type":"EntryPoint","urlTemplate":"https:\/\/staging.varesenews.it\/?s={search_term_string}"},"query-input":"required name=search_term_string"}],"inLanguage":"it-IT"},{"@type":"Person","@id":"https:\/\/staging.varesenews.it\/#\/schema\/person\/fb20c4da0b7b16c291707a20db73e169","name":"Redazione VareseNews","image":{"@type":"ImageObject","inLanguage":"it-IT","@id":"https:\/\/staging.varesenews.it\/#\/schema\/person\/image\/","url":"https:\/\/staging.varesenews.it\/wp-content\/uploads\/2020\/12\/logo_VN_colori_500.png","contentUrl":"https:\/\/staging.varesenews.it\/wp-content\/uploads\/2020\/12\/logo_VN_colori_500.png","caption":"Redazione VareseNews"},"url":"https:\/\/staging.varesenews.it\/persona\/redazione1\/"}]}},"post_meta":{"id_old":"8466","argomento":"Varese"},"photos":[],"_links":{"self":[{"href":"https:\/\/staging.varesenews.it\/swgapi\/v1\/wp\/v2\/posts\/287359"}],"collection":[{"href":"https:\/\/staging.varesenews.it\/swgapi\/v1\/wp\/v2\/posts"}],"about":[{"href":"https:\/\/staging.varesenews.it\/swgapi\/v1\/wp\/v2\/types\/post"}],"author":[{"embeddable":true,"href":"https:\/\/staging.varesenews.it\/swgapi\/v1\/wp\/v2\/users\/10"}],"replies":[{"embeddable":true,"href":"https:\/\/staging.varesenews.it\/swgapi\/v1\/wp\/v2\/comments?post=287359"}],"version-history":[{"count":0,"href":"https:\/\/staging.varesenews.it\/swgapi\/v1\/wp\/v2\/posts\/287359\/revisions"}],"wp:attachment":[{"href":"https:\/\/staging.varesenews.it\/swgapi\/v1\/wp\/v2\/media?parent=287359"}],"wp:term":[{"taxonomy":"category","embeddable":true,"href":"https:\/\/staging.varesenews.it\/swgapi\/v1\/wp\/v2\/categories?post=287359"},{"taxonomy":"post_tag","embeddable":true,"href":"https:\/\/staging.varesenews.it\/swgapi\/v1\/wp\/v2\/tags?post=287359"}],"curies":[{"name":"wp","href":"https:\/\/api.w.org\/{rel}","templated":true}]}}