{"id":287380,"date":"2004-10-02T00:00:00","date_gmt":"2004-10-02T00:00:00","guid":{"rendered":""},"modified":"2004-10-02T00:00:00","modified_gmt":"2004-10-02T00:00:00","slug":"a-varese-europea-si-parla-di-trasporti","status":"publish","type":"post","link":"https:\/\/staging.varesenews.it\/2004\/10\/a-varese-europea-si-parla-di-trasporti\/287380\/","title":{"rendered":"A Varese Europea si parla di trasporti"},"content":{"rendered":"<p>Continuano i convegni organizzati da &#8220;Varese europea&#8221; dedicati alle problematiche dell&#8217;area varesina. Nella seconda giornata, organizzata all&#8217;istituto &#8220;De Filippi&#8221; di Varese, si sono affrontati i temi strettamente connessi alla vivibilit\u00e0 cittadina e al sistema viabilistico.<br \/>\nNiente proclami da campagna elettorale, spazio solo ad un dibattito aperto sui problemi della citt\u00e0. Certo, dalle parole ai fatti il passo \u00e8 tutt&#8217;altro che breve, ma sicuramente il profilo pi\u00f9 istituzionale e meno politico di &#8220;Varese europea&#8221; favorisce un approccio pi\u00f9 concreto alle problematiche. Per esempio capita che l&#8217;architetto Ovidio Cazzola, parlando di vivibilit\u00e0 urbana e di nuovi punti di attrazione a Varese, critichi senza mezzi termini praticamente tutto lo sviluppo urbanistico di Varese dal dopoguerra ad oggi. Cazzola contesta soprattutto l&#8217;eccessivo intasamento del centro, e cita la recente istituzione del teatro &#8220;Apollonio&#8221; in piazza Repubblica come esempio di questa scarsa propensione al decentramento che a lungo termine danneggia la citt\u00e0 tutta, centro e periferia. Nel corso del suo intervento, non sono mancate neppure le frecciate polemiche sull&#8217;albergo di Ville Ponti, tanto caro all&#8217;Amministrazione comunale. Il sindaco di Buguggiate Alessandro Vedani, ha criticato aspramente la politica varesina (provinciale e comunale) del trasporto pubblico, che penalizzerebbe i comuni confinanti col capoluogo.<br \/>\nProprio la pianificazione strategica necessaria per riorganizzare il sistema dei trasporti dell&#8217;area varesina \u00e8 stato il punto centrale della giornata. Tutti i relatori &#8211; lo stesso Vedani, gli assessori alla viabilit\u00e0 della Provincia (Baroni) e del comune di Varese (Nicoletti) ed il dottor Castano dell&#8217;omonima azienda di trasporti &#8211; si sono trovati d&#8217;accordo sul fatto che il sistema attuale presenta numerose falle. Ci sono carenze di mezzi nelle ore di punta mentre in alcuni orari viaggiano autobus completamente vuoti. Tuttavia alcune novit\u00e0 dovrebbero alleviare le sofferenze dei pendolari. Con il passaggio dalla concessione esclusiva al bando di gara, in seguito ad un&#8217;apposita legge regionale, si \u00e8 liberalizzato il sistema dei trasporti.  Le attuali linee dell&#8217;Avt dovrebbero comprendere anche i comuni limitrofi, come Lozza e Buguggiate, rivedendo i percorsi oppure tramite un servizio di mobilit\u00e0 a chiamata, novit\u00e0 che sta riscuotendo un notevole successo nei comuni ticinesi dove viene utilizzata. Infine sia Nicoletti sia Baroni hanno parlato della necessit\u00e0 di giungere ad un sistema di integrazione tariffaria per le varie tratte della provincia, o almeno tra la singola tratta ed il trasporto cittadino di Varese.<\/p>\n","protected":false},"excerpt":{"rendered":"<p>Vivibilit\u00e0 cittadina e sistema viabilistico al centro dell&#8217;incontro al De Filippi<\/p>\n","protected":false},"author":10,"featured_media":0,"comment_status":"open","ping_status":"open","sticky":false,"template":"","format":"standard","meta":{"footnotes":""},"categories":[2],"tags":[],"acf":[],"yoast_head":"<!-- This site is optimized with the Yoast SEO plugin v20.1 - https:\/\/yoast.com\/wordpress\/plugins\/seo\/ -->\n<title>A Varese Europea si parla di trasporti<\/title>\n<meta name=\"description\" content=\"Vivibilit\u00e0 cittadina e sistema viabilistico al centro dell&#039;incontro al De Filippi\" \/>\n<meta name=\"robots\" content=\"noindex, follow, max-snippet:-1, max-image-preview:large, max-video-preview:-1\" \/>\n<meta property=\"og:locale\" content=\"it_IT\" \/>\n<meta property=\"og:type\" content=\"article\" \/>\n<meta property=\"og:title\" content=\"A Varese Europea si parla di trasporti\" \/>\n<meta property=\"og:description\" content=\"Vivibilit\u00e0 cittadina e sistema viabilistico al centro dell&#039;incontro al De Filippi\" \/>\n<meta property=\"og:url\" content=\"https:\/\/staging.varesenews.it\/2004\/10\/a-varese-europea-si-parla-di-trasporti\/287380\/\" \/>\n<meta property=\"og:site_name\" content=\"VareseNews\" \/>\n<meta property=\"article:publisher\" content=\"https:\/\/www.facebook.com\/varesenews\" \/>\n<meta property=\"article:published_time\" content=\"2004-10-02T00:00:00+00:00\" \/>\n<meta name=\"author\" content=\"Redazione VareseNews\" \/>\n<meta name=\"twitter:card\" content=\"summary_large_image\" \/>\n<meta name=\"twitter:creator\" content=\"@varesenews\" \/>\n<meta name=\"twitter:site\" content=\"@varesenews\" \/>\n<meta name=\"twitter:label1\" content=\"Scritto da\" \/>\n\t<meta name=\"twitter:data1\" content=\"Redazione VareseNews\" \/>\n\t<meta name=\"twitter:label2\" content=\"Tempo di lettura stimato\" \/>\n\t<meta name=\"twitter:data2\" content=\"2 minuti\" \/>\n<script type=\"application\/ld+json\" class=\"yoast-schema-graph\">{\"@context\":\"https:\/\/schema.org\",\"@graph\":[{\"@type\":\"WebPage\",\"@id\":\"https:\/\/staging.varesenews.it\/2004\/10\/a-varese-europea-si-parla-di-trasporti\/287380\/\",\"url\":\"https:\/\/staging.varesenews.it\/2004\/10\/a-varese-europea-si-parla-di-trasporti\/287380\/\",\"name\":\"A Varese Europea si parla di trasporti\",\"isPartOf\":{\"@id\":\"https:\/\/staging.varesenews.it\/#website\"},\"datePublished\":\"2004-10-02T00:00:00+00:00\",\"dateModified\":\"2004-10-02T00:00:00+00:00\",\"author\":{\"@id\":\"https:\/\/staging.varesenews.it\/#\/schema\/person\/fb20c4da0b7b16c291707a20db73e169\"},\"description\":\"Vivibilit\u00e0 cittadina e sistema viabilistico al centro dell'incontro al De Filippi\",\"breadcrumb\":{\"@id\":\"https:\/\/staging.varesenews.it\/2004\/10\/a-varese-europea-si-parla-di-trasporti\/287380\/#breadcrumb\"},\"inLanguage\":\"it-IT\",\"potentialAction\":[{\"@type\":\"ReadAction\",\"target\":[\"https:\/\/staging.varesenews.it\/2004\/10\/a-varese-europea-si-parla-di-trasporti\/287380\/\"]}]},{\"@type\":\"BreadcrumbList\",\"@id\":\"https:\/\/staging.varesenews.it\/2004\/10\/a-varese-europea-si-parla-di-trasporti\/287380\/#breadcrumb\",\"itemListElement\":[{\"@type\":\"ListItem\",\"position\":1,\"name\":\"Home\",\"item\":\"https:\/\/www.varesenews.it\/\"},{\"@type\":\"ListItem\",\"position\":2,\"name\":\"A Varese Europea si parla di trasporti\"}]},{\"@type\":\"WebSite\",\"@id\":\"https:\/\/staging.varesenews.it\/#website\",\"url\":\"https:\/\/staging.varesenews.it\/\",\"name\":\"VareseNews\",\"description\":\"\",\"potentialAction\":[{\"@type\":\"SearchAction\",\"target\":{\"@type\":\"EntryPoint\",\"urlTemplate\":\"https:\/\/staging.varesenews.it\/?s={search_term_string}\"},\"query-input\":\"required name=search_term_string\"}],\"inLanguage\":\"it-IT\"},{\"@type\":\"Person\",\"@id\":\"https:\/\/staging.varesenews.it\/#\/schema\/person\/fb20c4da0b7b16c291707a20db73e169\",\"name\":\"Redazione VareseNews\",\"image\":{\"@type\":\"ImageObject\",\"inLanguage\":\"it-IT\",\"@id\":\"https:\/\/staging.varesenews.it\/#\/schema\/person\/image\/\",\"url\":\"https:\/\/staging.varesenews.it\/wp-content\/uploads\/2020\/12\/logo_VN_colori_500.png\",\"contentUrl\":\"https:\/\/staging.varesenews.it\/wp-content\/uploads\/2020\/12\/logo_VN_colori_500.png\",\"caption\":\"Redazione VareseNews\"},\"url\":\"https:\/\/staging.varesenews.it\/persona\/redazione1\/\"}]}<\/script>\n<!-- \/ Yoast SEO plugin. -->","yoast_head_json":{"title":"A Varese Europea si parla di trasporti","description":"Vivibilit\u00e0 cittadina e sistema viabilistico al centro dell'incontro al De Filippi","robots":{"index":"noindex","follow":"follow","max-snippet":"max-snippet:-1","max-image-preview":"max-image-preview:large","max-video-preview":"max-video-preview:-1"},"og_locale":"it_IT","og_type":"article","og_title":"A Varese Europea si parla di trasporti","og_description":"Vivibilit\u00e0 cittadina e sistema viabilistico al centro dell'incontro al De Filippi","og_url":"https:\/\/staging.varesenews.it\/2004\/10\/a-varese-europea-si-parla-di-trasporti\/287380\/","og_site_name":"VareseNews","article_publisher":"https:\/\/www.facebook.com\/varesenews","article_published_time":"2004-10-02T00:00:00+00:00","author":"Redazione VareseNews","twitter_card":"summary_large_image","twitter_creator":"@varesenews","twitter_site":"@varesenews","twitter_misc":{"Scritto da":"Redazione VareseNews","Tempo di lettura stimato":"2 minuti"},"schema":{"@context":"https:\/\/schema.org","@graph":[{"@type":"WebPage","@id":"https:\/\/staging.varesenews.it\/2004\/10\/a-varese-europea-si-parla-di-trasporti\/287380\/","url":"https:\/\/staging.varesenews.it\/2004\/10\/a-varese-europea-si-parla-di-trasporti\/287380\/","name":"A Varese Europea si parla di trasporti","isPartOf":{"@id":"https:\/\/staging.varesenews.it\/#website"},"datePublished":"2004-10-02T00:00:00+00:00","dateModified":"2004-10-02T00:00:00+00:00","author":{"@id":"https:\/\/staging.varesenews.it\/#\/schema\/person\/fb20c4da0b7b16c291707a20db73e169"},"description":"Vivibilit\u00e0 cittadina e sistema viabilistico al centro dell'incontro al De Filippi","breadcrumb":{"@id":"https:\/\/staging.varesenews.it\/2004\/10\/a-varese-europea-si-parla-di-trasporti\/287380\/#breadcrumb"},"inLanguage":"it-IT","potentialAction":[{"@type":"ReadAction","target":["https:\/\/staging.varesenews.it\/2004\/10\/a-varese-europea-si-parla-di-trasporti\/287380\/"]}]},{"@type":"BreadcrumbList","@id":"https:\/\/staging.varesenews.it\/2004\/10\/a-varese-europea-si-parla-di-trasporti\/287380\/#breadcrumb","itemListElement":[{"@type":"ListItem","position":1,"name":"Home","item":"https:\/\/www.varesenews.it\/"},{"@type":"ListItem","position":2,"name":"A Varese Europea si parla di trasporti"}]},{"@type":"WebSite","@id":"https:\/\/staging.varesenews.it\/#website","url":"https:\/\/staging.varesenews.it\/","name":"VareseNews","description":"","potentialAction":[{"@type":"SearchAction","target":{"@type":"EntryPoint","urlTemplate":"https:\/\/staging.varesenews.it\/?s={search_term_string}"},"query-input":"required name=search_term_string"}],"inLanguage":"it-IT"},{"@type":"Person","@id":"https:\/\/staging.varesenews.it\/#\/schema\/person\/fb20c4da0b7b16c291707a20db73e169","name":"Redazione VareseNews","image":{"@type":"ImageObject","inLanguage":"it-IT","@id":"https:\/\/staging.varesenews.it\/#\/schema\/person\/image\/","url":"https:\/\/staging.varesenews.it\/wp-content\/uploads\/2020\/12\/logo_VN_colori_500.png","contentUrl":"https:\/\/staging.varesenews.it\/wp-content\/uploads\/2020\/12\/logo_VN_colori_500.png","caption":"Redazione VareseNews"},"url":"https:\/\/staging.varesenews.it\/persona\/redazione1\/"}]}},"post_meta":{"id_old":"8445","argomento":"Varese","autore_old":"Michele Mezzanzanica"},"photos":[],"_links":{"self":[{"href":"https:\/\/staging.varesenews.it\/swgapi\/v1\/wp\/v2\/posts\/287380"}],"collection":[{"href":"https:\/\/staging.varesenews.it\/swgapi\/v1\/wp\/v2\/posts"}],"about":[{"href":"https:\/\/staging.varesenews.it\/swgapi\/v1\/wp\/v2\/types\/post"}],"author":[{"embeddable":true,"href":"https:\/\/staging.varesenews.it\/swgapi\/v1\/wp\/v2\/users\/10"}],"replies":[{"embeddable":true,"href":"https:\/\/staging.varesenews.it\/swgapi\/v1\/wp\/v2\/comments?post=287380"}],"version-history":[{"count":0,"href":"https:\/\/staging.varesenews.it\/swgapi\/v1\/wp\/v2\/posts\/287380\/revisions"}],"wp:attachment":[{"href":"https:\/\/staging.varesenews.it\/swgapi\/v1\/wp\/v2\/media?parent=287380"}],"wp:term":[{"taxonomy":"category","embeddable":true,"href":"https:\/\/staging.varesenews.it\/swgapi\/v1\/wp\/v2\/categories?post=287380"},{"taxonomy":"post_tag","embeddable":true,"href":"https:\/\/staging.varesenews.it\/swgapi\/v1\/wp\/v2\/tags?post=287380"}],"curies":[{"name":"wp","href":"https:\/\/api.w.org\/{rel}","templated":true}]}}