{"id":288437,"date":"2004-09-05T00:00:00","date_gmt":"2004-09-05T00:00:00","guid":{"rendered":""},"modified":"2004-09-05T00:00:00","modified_gmt":"2004-09-05T00:00:00","slug":"scendere-in-campo-coi-colori-della-solidarieta","status":"publish","type":"post","link":"https:\/\/staging.varesenews.it\/2004\/09\/scendere-in-campo-coi-colori-della-solidarieta\/288437\/","title":{"rendered":"Scendere in campo coi colori della solidariet\u00e0"},"content":{"rendered":"<p><font face=\"Arial\">\u00abDai Alex, segna per noi!\u00bb. Un grido come tanti se ne sentono, soprattutto alla domenica, su campi da gioco. Lui si volta, sorride, saluta, ha il sole in faccia e non riesce a raggiungere un passaggio troppo lungo. Ma questa volta non siamo al &quot;Delle Alpi&quot;, e l&#8217;Alex in questione non si chiama Del Piero. In campo, nel pi\u00f9 modesto prato di Via De Gasperi a Castiglione Olona, giocava un altro altro Alex, padre Zanotelli, il missionario comboniano che ha dedicato la vita ad aiutare il prossimo.\u00a0<br \/>E a passargli la palla, sudato, un po&#8217; impacciato ma del tutto convinto di giocare la sua partita \u00e8 don Ciotti, il prete torinese fondatore della comunit\u00e0 Abele.\u00a0<\/font><\/p>\n<p><font face=\"Arial\">A sfidarli una nazionale molto particolare: i campioni del mondo dei &quot;senza fissa dimora&quot;, giovani di diverse nazionalit\u00e0 che hanno appena disputato la finale in Svezia, con tanto di coppa al seguito.<br \/>Un&#8217;iniziativa originale che ha visto una massiccia partecipazione. C&#8217;erano tanti volti noti del volontariato, ma anche moltissime persone &#8211; alcune centinaia\u00a0 &#8211; che hanno riempito il palazzetto di Castiglione Olona.<br \/>La partita alla fine \u00e8 finita tre a tre, con qualche rigore tirato a bruciapelo e molte risate tra che giocava.\u00a0<br \/>Ma la partita pi\u00f9 importante la si giocher\u00e0 nelle prossime settimane e nei prossimi mesi, quando le decisioni del governo keniano, intenzionato a demolire le bidonville di Nairobi, potrebbero portare centinaia di migliaia di persone che vi abitano a dover abbandonare le loro case con la prospettiva di vivere in mezzo ad una strada.\u00a0<br \/>\u00abUna situazione che non riguarda solo il Kenya bens\u00ec un sesto della popolazione mondiale &#8211; ha spiegato padre Daniele Moschetti, anch&#8217;esso comboniano, di Castiglione Olona e che da anni opera in Africa &#8211; . Per il momento abbiamo fermato la decisione del governo con un tam tam che ha portato sul tavolo delle autorit\u00e0 settemila firme. La pressione cos\u00ec esercitata dalla societ\u00e0 civile di molti paesi ha bloccato le ruspe, ma bisogna continuare per questa strada\u00bb.<\/font><\/p>\n<p><font face=\"Arial\">Con questo intento sono arrivati a Varese anche Alex Zanotelli e don Ciotti: per sostenere l&#8217;iniziativa &quot;W NairobiW&quot;.<br \/>\u00abSempre pi\u00f9 spesso si parla di diritti negati &#8211; ha spiegato Don Ciotti- . Ma il passo che qui vogliamo fare, purtroppo, vuole sottolineare come ancor prima dei diritti esiste la dignit\u00e0 umana che oggi, pi\u00f9 ancora che in passato, viene calpestata, violata, distrutta. Per questo siamo qui, per dire la nostra sui deboli e gli emarginati\u00bb.<br \/>Ma come fare ad accorciare le distanze tra chi ha bisogno di aiuto e chi vuole offrirlo? \u00abLa ricetta sta in una vocale &#8211; ha affermato don Ciotti &#8211; una semplice &quot;e&quot;. Questo vuol dire che ci sono io, come singolo &quot;e&quot; gli altri, &quot;e&quot; le associazioni &quot;e&quot; le istituzioni: solo assieme si pu\u00f2 &quot;fare&quot;: \u00e8 per questo che oggi siamo qui\u00bb.\u00a0<\/font><\/p>\n","protected":false},"excerpt":{"rendered":"<p>Padre Alex Zanotelli e don Luigi Ciotti in pantaloncini e maglietta partecipano ad un&#8217;iniziativa in favore dei senzatetto <\/p>\n","protected":false},"author":10,"featured_media":0,"comment_status":"open","ping_status":"open","sticky":false,"template":"","format":"standard","meta":{"footnotes":""},"categories":[5],"tags":[],"acf":[],"yoast_head":"<!-- This site is optimized with the Yoast SEO plugin v20.1 - https:\/\/yoast.com\/wordpress\/plugins\/seo\/ -->\n<title>Scendere in campo coi colori della solidariet\u00e0<\/title>\n<meta name=\"description\" content=\"Padre Alex Zanotelli e don Luigi Ciotti in pantaloncini e maglietta partecipano ad un&#039;iniziativa in favore dei senzatetto\" \/>\n<meta name=\"robots\" content=\"noindex, follow, max-snippet:-1, max-image-preview:large, max-video-preview:-1\" \/>\n<meta property=\"og:locale\" content=\"it_IT\" \/>\n<meta property=\"og:type\" content=\"article\" \/>\n<meta property=\"og:title\" content=\"Scendere in campo coi colori della solidariet\u00e0\" \/>\n<meta property=\"og:description\" content=\"Padre Alex Zanotelli e don Luigi Ciotti in pantaloncini e maglietta partecipano ad un&#039;iniziativa in favore dei senzatetto\" \/>\n<meta property=\"og:url\" content=\"https:\/\/www.varesenews.it\/2004\/09\/scendere-in-campo-coi-colori-della-solidarieta\/288437\/\" \/>\n<meta property=\"og:site_name\" content=\"VareseNews\" \/>\n<meta property=\"article:publisher\" content=\"https:\/\/www.facebook.com\/varesenews\" \/>\n<meta property=\"article:published_time\" content=\"2004-09-05T00:00:00+00:00\" \/>\n<meta name=\"author\" content=\"Redazione VareseNews\" \/>\n<meta name=\"twitter:card\" content=\"summary_large_image\" \/>\n<meta name=\"twitter:creator\" content=\"@varesenews\" \/>\n<meta name=\"twitter:site\" content=\"@varesenews\" \/>\n<meta name=\"twitter:label1\" content=\"Scritto da\" \/>\n\t<meta name=\"twitter:data1\" content=\"Redazione VareseNews\" \/>\n\t<meta name=\"twitter:label2\" content=\"Tempo di lettura stimato\" \/>\n\t<meta name=\"twitter:data2\" content=\"2 minuti\" \/>\n<script type=\"application\/ld+json\" class=\"yoast-schema-graph\">{\"@context\":\"https:\/\/schema.org\",\"@graph\":[{\"@type\":\"WebPage\",\"@id\":\"https:\/\/www.varesenews.it\/2004\/09\/scendere-in-campo-coi-colori-della-solidarieta\/288437\/\",\"url\":\"https:\/\/www.varesenews.it\/2004\/09\/scendere-in-campo-coi-colori-della-solidarieta\/288437\/\",\"name\":\"Scendere in campo coi colori della solidariet\u00e0\",\"isPartOf\":{\"@id\":\"https:\/\/staging.varesenews.it\/#website\"},\"datePublished\":\"2004-09-05T00:00:00+00:00\",\"dateModified\":\"2004-09-05T00:00:00+00:00\",\"author\":{\"@id\":\"https:\/\/staging.varesenews.it\/#\/schema\/person\/fb20c4da0b7b16c291707a20db73e169\"},\"description\":\"Padre Alex Zanotelli e don Luigi Ciotti in pantaloncini e maglietta partecipano ad un'iniziativa in favore dei senzatetto\",\"breadcrumb\":{\"@id\":\"https:\/\/www.varesenews.it\/2004\/09\/scendere-in-campo-coi-colori-della-solidarieta\/288437\/#breadcrumb\"},\"inLanguage\":\"it-IT\",\"potentialAction\":[{\"@type\":\"ReadAction\",\"target\":[\"https:\/\/www.varesenews.it\/2004\/09\/scendere-in-campo-coi-colori-della-solidarieta\/288437\/\"]}]},{\"@type\":\"BreadcrumbList\",\"@id\":\"https:\/\/www.varesenews.it\/2004\/09\/scendere-in-campo-coi-colori-della-solidarieta\/288437\/#breadcrumb\",\"itemListElement\":[{\"@type\":\"ListItem\",\"position\":1,\"name\":\"Home\",\"item\":\"https:\/\/www.varesenews.it\/\"},{\"@type\":\"ListItem\",\"position\":2,\"name\":\"Scendere in campo coi colori della solidariet\u00e0\"}]},{\"@type\":\"WebSite\",\"@id\":\"https:\/\/staging.varesenews.it\/#website\",\"url\":\"https:\/\/staging.varesenews.it\/\",\"name\":\"VareseNews\",\"description\":\"\",\"potentialAction\":[{\"@type\":\"SearchAction\",\"target\":{\"@type\":\"EntryPoint\",\"urlTemplate\":\"https:\/\/staging.varesenews.it\/?s={search_term_string}\"},\"query-input\":\"required name=search_term_string\"}],\"inLanguage\":\"it-IT\"},{\"@type\":\"Person\",\"@id\":\"https:\/\/staging.varesenews.it\/#\/schema\/person\/fb20c4da0b7b16c291707a20db73e169\",\"name\":\"Redazione VareseNews\",\"image\":{\"@type\":\"ImageObject\",\"inLanguage\":\"it-IT\",\"@id\":\"https:\/\/staging.varesenews.it\/#\/schema\/person\/image\/\",\"url\":\"https:\/\/staging.varesenews.it\/wp-content\/uploads\/2020\/12\/logo_VN_colori_500.png\",\"contentUrl\":\"https:\/\/staging.varesenews.it\/wp-content\/uploads\/2020\/12\/logo_VN_colori_500.png\",\"caption\":\"Redazione VareseNews\"},\"url\":\"https:\/\/staging.varesenews.it\/persona\/redazione1\/\"}]}<\/script>\n<!-- \/ Yoast SEO plugin. -->","yoast_head_json":{"title":"Scendere in campo coi colori della solidariet\u00e0","description":"Padre Alex Zanotelli e don Luigi Ciotti in pantaloncini e maglietta partecipano ad un'iniziativa in favore dei senzatetto","robots":{"index":"noindex","follow":"follow","max-snippet":"max-snippet:-1","max-image-preview":"max-image-preview:large","max-video-preview":"max-video-preview:-1"},"og_locale":"it_IT","og_type":"article","og_title":"Scendere in campo coi colori della solidariet\u00e0","og_description":"Padre Alex Zanotelli e don Luigi Ciotti in pantaloncini e maglietta partecipano ad un'iniziativa in favore dei senzatetto","og_url":"https:\/\/www.varesenews.it\/2004\/09\/scendere-in-campo-coi-colori-della-solidarieta\/288437\/","og_site_name":"VareseNews","article_publisher":"https:\/\/www.facebook.com\/varesenews","article_published_time":"2004-09-05T00:00:00+00:00","author":"Redazione VareseNews","twitter_card":"summary_large_image","twitter_creator":"@varesenews","twitter_site":"@varesenews","twitter_misc":{"Scritto da":"Redazione VareseNews","Tempo di lettura stimato":"2 minuti"},"schema":{"@context":"https:\/\/schema.org","@graph":[{"@type":"WebPage","@id":"https:\/\/www.varesenews.it\/2004\/09\/scendere-in-campo-coi-colori-della-solidarieta\/288437\/","url":"https:\/\/www.varesenews.it\/2004\/09\/scendere-in-campo-coi-colori-della-solidarieta\/288437\/","name":"Scendere in campo coi colori della solidariet\u00e0","isPartOf":{"@id":"https:\/\/staging.varesenews.it\/#website"},"datePublished":"2004-09-05T00:00:00+00:00","dateModified":"2004-09-05T00:00:00+00:00","author":{"@id":"https:\/\/staging.varesenews.it\/#\/schema\/person\/fb20c4da0b7b16c291707a20db73e169"},"description":"Padre Alex Zanotelli e don Luigi Ciotti in pantaloncini e maglietta partecipano ad un'iniziativa in favore dei senzatetto","breadcrumb":{"@id":"https:\/\/www.varesenews.it\/2004\/09\/scendere-in-campo-coi-colori-della-solidarieta\/288437\/#breadcrumb"},"inLanguage":"it-IT","potentialAction":[{"@type":"ReadAction","target":["https:\/\/www.varesenews.it\/2004\/09\/scendere-in-campo-coi-colori-della-solidarieta\/288437\/"]}]},{"@type":"BreadcrumbList","@id":"https:\/\/www.varesenews.it\/2004\/09\/scendere-in-campo-coi-colori-della-solidarieta\/288437\/#breadcrumb","itemListElement":[{"@type":"ListItem","position":1,"name":"Home","item":"https:\/\/www.varesenews.it\/"},{"@type":"ListItem","position":2,"name":"Scendere in campo coi colori della solidariet\u00e0"}]},{"@type":"WebSite","@id":"https:\/\/staging.varesenews.it\/#website","url":"https:\/\/staging.varesenews.it\/","name":"VareseNews","description":"","potentialAction":[{"@type":"SearchAction","target":{"@type":"EntryPoint","urlTemplate":"https:\/\/staging.varesenews.it\/?s={search_term_string}"},"query-input":"required name=search_term_string"}],"inLanguage":"it-IT"},{"@type":"Person","@id":"https:\/\/staging.varesenews.it\/#\/schema\/person\/fb20c4da0b7b16c291707a20db73e169","name":"Redazione VareseNews","image":{"@type":"ImageObject","inLanguage":"it-IT","@id":"https:\/\/staging.varesenews.it\/#\/schema\/person\/image\/","url":"https:\/\/staging.varesenews.it\/wp-content\/uploads\/2020\/12\/logo_VN_colori_500.png","contentUrl":"https:\/\/staging.varesenews.it\/wp-content\/uploads\/2020\/12\/logo_VN_colori_500.png","caption":"Redazione VareseNews"},"url":"https:\/\/staging.varesenews.it\/persona\/redazione1\/"}]}},"post_meta":{"id_old":"7358","argomento":"Castiglione Olona","autore_old":"Andrea Camurani"},"photos":[],"_links":{"self":[{"href":"https:\/\/staging.varesenews.it\/swgapi\/v1\/wp\/v2\/posts\/288437"}],"collection":[{"href":"https:\/\/staging.varesenews.it\/swgapi\/v1\/wp\/v2\/posts"}],"about":[{"href":"https:\/\/staging.varesenews.it\/swgapi\/v1\/wp\/v2\/types\/post"}],"author":[{"embeddable":true,"href":"https:\/\/staging.varesenews.it\/swgapi\/v1\/wp\/v2\/users\/10"}],"replies":[{"embeddable":true,"href":"https:\/\/staging.varesenews.it\/swgapi\/v1\/wp\/v2\/comments?post=288437"}],"version-history":[{"count":0,"href":"https:\/\/staging.varesenews.it\/swgapi\/v1\/wp\/v2\/posts\/288437\/revisions"}],"wp:attachment":[{"href":"https:\/\/staging.varesenews.it\/swgapi\/v1\/wp\/v2\/media?parent=288437"}],"wp:term":[{"taxonomy":"category","embeddable":true,"href":"https:\/\/staging.varesenews.it\/swgapi\/v1\/wp\/v2\/categories?post=288437"},{"taxonomy":"post_tag","embeddable":true,"href":"https:\/\/staging.varesenews.it\/swgapi\/v1\/wp\/v2\/tags?post=288437"}],"curies":[{"name":"wp","href":"https:\/\/api.w.org\/{rel}","templated":true}]}}