{"id":288667,"date":"2002-08-31T00:00:00","date_gmt":"2002-08-31T00:00:00","guid":{"rendered":""},"modified":"2002-08-31T00:00:00","modified_gmt":"2002-08-31T00:00:00","slug":"cosa-succede-in-fabbrica","status":"publish","type":"post","link":"https:\/\/staging.varesenews.it\/2002\/08\/cosa-succede-in-fabbrica\/288667\/","title":{"rendered":"Cosa succede in fabbrica?"},"content":{"rendered":"<p><font face=\"Arial\"><img decoding=\"async\" hspace=\"3\" src=\"https:\/\/www3.varesenews.it\/immagini_articoli\/200409\/laforgia.jpg\" align=\"left\" vspace=\"3\" border=\"1\" \/>Nessuno ormai tenta pi\u00f9 la mediazione. Lo scontro c&#8217;\u00e8, e si vede. &quot;Il Patto per l&#8217;Italia&quot; divide il sindacato e in fabbrica le cose tra i lavoratori non vanno per il meglio. C&#8217;\u00e8 tensione nella base e per gli operai di vecchio corso, come Domenico La Forgia, dal 1968 alla Ignis e poi alla Whirlpool, il clima che si vive oggi \u00e8 un d\u00e9j\u00e0 vu. \u00abSono pi\u00f9 di trent&#8217;anni che faccio l&#8217;operaio metalmeccanico e questa situazione \u00e8 paragonabile all&#8217;autunno caldo<\/font><span style=\"mso-bidi-font-size: 10.0pt; mso-bidi-font-family: Times New Roman\"><font face=\"Arial\"> di tanti anni fa. La differenza \u00e8 che il sindacato \u00e8 diviso e questa divisione si riflette sui lavoratori con tensioni pericolose. Molti operai, che hanno votato per questa maggioranza, oggi si trovano a vivere una situazione paradossale e lacerante. Questa stagione di lotta \u00e8 fatta anche per loro\u00bb.\u00a0<br \/>\u00abPer il sindacato &#8211; continua La Forgia &#8211; questa situazione puo&#8217; essere un&#8217;opportunit\u00e0, perch\u00e9 puo&#8217; ritrovare una ragione di rinnovamento sia nell&#8217;azione, sia per un&#8217;unit\u00e0 pi\u00f9 solida. Per alcuni delegati \u00e8 il momento di ritrovare un&#8217;idealit\u00e0 perduta. \u00c8 finito il tempo delle mediazioni sottobanco e delle pastette, su certe questioni non si puo&#8217; trattare\u00bb.<\/font><\/span><\/p>\n<p class=\"MsoNormal\"><font face=\"Arial\"><span style=\"mso-bidi-font-size: 10.0pt; mso-bidi-font-family: Times New Roman\"><img loading=\"lazy\" decoding=\"async\" height=\"201\" hspace=\"1\" src=\"https:\/\/www3.varesenews.it\/immagini_articoli\/200409\/banchetto1.jpg\" width=\"224\" align=\"left\" vspace=\"1\" border=\"1\" \/>Per i lavoratori pi\u00f9 giovani la musica cambia. La questione dei diritti non sempre viene percepita nella sua reale portata collettiva, come racconta Simona Pulvirenti, lavoratrice metalmeccanica a tempo determinato. \u00abMi sono avvicinata al sindacato grazie a mia madre che \u00e8 una delegata della Cgil. Ma ho capito l&#8217;importanza della partecipazione democratica, quando l&#8217;ho sperimentata sulla mia pelle. La sensazione netta che ho \u00e8 che in fabbrica i pi\u00f9 giovani credono di essere intoccabili, nonostante tutto e tutti. Percepiscono i problemi e le tensioni sindacali su un piano individuale e non collettivo. I diritti sono il frutto di un percorso democratico, fatto anche di dissensi, che non puo&#8217; prescindere dalla partecipazione. Questo non significa che tutti debbano scioperare per forza, anche il dissenso ha il suo valore quando diventa una scelta. Purtroppo c&#8217;\u00e8 anche chi non si fa coinvolgere per paura, soprattutto se ha un contratto a tempo determinato, per il timore che non gli venga rinnovato\u00bb.<\/span><\/font> <\/p>\n","protected":false},"excerpt":{"rendered":"<p>Due generazioni di lavoratori a confronto<\/p>\n","protected":false},"author":10,"featured_media":0,"comment_status":"open","ping_status":"open","sticky":false,"template":"","format":"standard","meta":{"footnotes":""},"categories":[2],"tags":[],"acf":[],"yoast_head":"<!-- This site is optimized with the Yoast SEO plugin v20.1 - https:\/\/yoast.com\/wordpress\/plugins\/seo\/ -->\n<title>Cosa succede in fabbrica?<\/title>\n<meta name=\"description\" content=\"Due generazioni di lavoratori a confronto\" \/>\n<meta name=\"robots\" content=\"noindex, follow, max-snippet:-1, max-image-preview:large, max-video-preview:-1\" \/>\n<meta property=\"og:locale\" content=\"it_IT\" \/>\n<meta property=\"og:type\" content=\"article\" \/>\n<meta property=\"og:title\" content=\"Cosa succede in fabbrica?\" \/>\n<meta property=\"og:description\" content=\"Due generazioni di lavoratori a confronto\" \/>\n<meta property=\"og:url\" content=\"https:\/\/staging.varesenews.it\/2002\/08\/cosa-succede-in-fabbrica\/288667\/\" \/>\n<meta property=\"og:site_name\" content=\"VareseNews\" \/>\n<meta property=\"article:publisher\" content=\"https:\/\/www.facebook.com\/varesenews\" \/>\n<meta property=\"article:published_time\" content=\"2002-08-31T00:00:00+00:00\" \/>\n<meta property=\"og:image\" content=\"https:\/\/www3.varesenews.it\/immagini_articoli\/200409\/laforgia.jpg\" \/>\n<meta name=\"author\" content=\"Redazione VareseNews\" \/>\n<meta name=\"twitter:card\" content=\"summary_large_image\" \/>\n<meta name=\"twitter:creator\" content=\"@varesenews\" \/>\n<meta name=\"twitter:site\" content=\"@varesenews\" \/>\n<meta name=\"twitter:label1\" content=\"Scritto da\" \/>\n\t<meta name=\"twitter:data1\" content=\"Redazione VareseNews\" \/>\n\t<meta name=\"twitter:label2\" content=\"Tempo di lettura stimato\" \/>\n\t<meta name=\"twitter:data2\" content=\"2 minuti\" \/>\n<script type=\"application\/ld+json\" class=\"yoast-schema-graph\">{\"@context\":\"https:\/\/schema.org\",\"@graph\":[{\"@type\":\"WebPage\",\"@id\":\"https:\/\/staging.varesenews.it\/2002\/08\/cosa-succede-in-fabbrica\/288667\/\",\"url\":\"https:\/\/staging.varesenews.it\/2002\/08\/cosa-succede-in-fabbrica\/288667\/\",\"name\":\"Cosa succede in fabbrica?\",\"isPartOf\":{\"@id\":\"https:\/\/staging.varesenews.it\/#website\"},\"datePublished\":\"2002-08-31T00:00:00+00:00\",\"dateModified\":\"2002-08-31T00:00:00+00:00\",\"author\":{\"@id\":\"https:\/\/staging.varesenews.it\/#\/schema\/person\/fb20c4da0b7b16c291707a20db73e169\"},\"description\":\"Due generazioni di lavoratori a confronto\",\"breadcrumb\":{\"@id\":\"https:\/\/staging.varesenews.it\/2002\/08\/cosa-succede-in-fabbrica\/288667\/#breadcrumb\"},\"inLanguage\":\"it-IT\",\"potentialAction\":[{\"@type\":\"ReadAction\",\"target\":[\"https:\/\/staging.varesenews.it\/2002\/08\/cosa-succede-in-fabbrica\/288667\/\"]}]},{\"@type\":\"BreadcrumbList\",\"@id\":\"https:\/\/staging.varesenews.it\/2002\/08\/cosa-succede-in-fabbrica\/288667\/#breadcrumb\",\"itemListElement\":[{\"@type\":\"ListItem\",\"position\":1,\"name\":\"Home\",\"item\":\"https:\/\/www.varesenews.it\/\"},{\"@type\":\"ListItem\",\"position\":2,\"name\":\"Cosa succede in fabbrica?\"}]},{\"@type\":\"WebSite\",\"@id\":\"https:\/\/staging.varesenews.it\/#website\",\"url\":\"https:\/\/staging.varesenews.it\/\",\"name\":\"VareseNews\",\"description\":\"\",\"potentialAction\":[{\"@type\":\"SearchAction\",\"target\":{\"@type\":\"EntryPoint\",\"urlTemplate\":\"https:\/\/staging.varesenews.it\/?s={search_term_string}\"},\"query-input\":\"required name=search_term_string\"}],\"inLanguage\":\"it-IT\"},{\"@type\":\"Person\",\"@id\":\"https:\/\/staging.varesenews.it\/#\/schema\/person\/fb20c4da0b7b16c291707a20db73e169\",\"name\":\"Redazione VareseNews\",\"image\":{\"@type\":\"ImageObject\",\"inLanguage\":\"it-IT\",\"@id\":\"https:\/\/staging.varesenews.it\/#\/schema\/person\/image\/\",\"url\":\"https:\/\/staging.varesenews.it\/wp-content\/uploads\/2020\/12\/logo_VN_colori_500.png\",\"contentUrl\":\"https:\/\/staging.varesenews.it\/wp-content\/uploads\/2020\/12\/logo_VN_colori_500.png\",\"caption\":\"Redazione VareseNews\"},\"url\":\"https:\/\/staging.varesenews.it\/persona\/redazione1\/\"}]}<\/script>\n<!-- \/ Yoast SEO plugin. -->","yoast_head_json":{"title":"Cosa succede in fabbrica?","description":"Due generazioni di lavoratori a confronto","robots":{"index":"noindex","follow":"follow","max-snippet":"max-snippet:-1","max-image-preview":"max-image-preview:large","max-video-preview":"max-video-preview:-1"},"og_locale":"it_IT","og_type":"article","og_title":"Cosa succede in fabbrica?","og_description":"Due generazioni di lavoratori a confronto","og_url":"https:\/\/staging.varesenews.it\/2002\/08\/cosa-succede-in-fabbrica\/288667\/","og_site_name":"VareseNews","article_publisher":"https:\/\/www.facebook.com\/varesenews","article_published_time":"2002-08-31T00:00:00+00:00","og_image":[{"url":"https:\/\/www3.varesenews.it\/immagini_articoli\/200409\/laforgia.jpg"}],"author":"Redazione VareseNews","twitter_card":"summary_large_image","twitter_creator":"@varesenews","twitter_site":"@varesenews","twitter_misc":{"Scritto da":"Redazione VareseNews","Tempo di lettura stimato":"2 minuti"},"schema":{"@context":"https:\/\/schema.org","@graph":[{"@type":"WebPage","@id":"https:\/\/staging.varesenews.it\/2002\/08\/cosa-succede-in-fabbrica\/288667\/","url":"https:\/\/staging.varesenews.it\/2002\/08\/cosa-succede-in-fabbrica\/288667\/","name":"Cosa succede in fabbrica?","isPartOf":{"@id":"https:\/\/staging.varesenews.it\/#website"},"datePublished":"2002-08-31T00:00:00+00:00","dateModified":"2002-08-31T00:00:00+00:00","author":{"@id":"https:\/\/staging.varesenews.it\/#\/schema\/person\/fb20c4da0b7b16c291707a20db73e169"},"description":"Due generazioni di lavoratori a confronto","breadcrumb":{"@id":"https:\/\/staging.varesenews.it\/2002\/08\/cosa-succede-in-fabbrica\/288667\/#breadcrumb"},"inLanguage":"it-IT","potentialAction":[{"@type":"ReadAction","target":["https:\/\/staging.varesenews.it\/2002\/08\/cosa-succede-in-fabbrica\/288667\/"]}]},{"@type":"BreadcrumbList","@id":"https:\/\/staging.varesenews.it\/2002\/08\/cosa-succede-in-fabbrica\/288667\/#breadcrumb","itemListElement":[{"@type":"ListItem","position":1,"name":"Home","item":"https:\/\/www.varesenews.it\/"},{"@type":"ListItem","position":2,"name":"Cosa succede in fabbrica?"}]},{"@type":"WebSite","@id":"https:\/\/staging.varesenews.it\/#website","url":"https:\/\/staging.varesenews.it\/","name":"VareseNews","description":"","potentialAction":[{"@type":"SearchAction","target":{"@type":"EntryPoint","urlTemplate":"https:\/\/staging.varesenews.it\/?s={search_term_string}"},"query-input":"required name=search_term_string"}],"inLanguage":"it-IT"},{"@type":"Person","@id":"https:\/\/staging.varesenews.it\/#\/schema\/person\/fb20c4da0b7b16c291707a20db73e169","name":"Redazione VareseNews","image":{"@type":"ImageObject","inLanguage":"it-IT","@id":"https:\/\/staging.varesenews.it\/#\/schema\/person\/image\/","url":"https:\/\/staging.varesenews.it\/wp-content\/uploads\/2020\/12\/logo_VN_colori_500.png","contentUrl":"https:\/\/staging.varesenews.it\/wp-content\/uploads\/2020\/12\/logo_VN_colori_500.png","caption":"Redazione VareseNews"},"url":"https:\/\/staging.varesenews.it\/persona\/redazione1\/"}]}},"post_meta":{"id_old":"7128","argomento":"Varese"},"photos":[],"_links":{"self":[{"href":"https:\/\/staging.varesenews.it\/swgapi\/v1\/wp\/v2\/posts\/288667"}],"collection":[{"href":"https:\/\/staging.varesenews.it\/swgapi\/v1\/wp\/v2\/posts"}],"about":[{"href":"https:\/\/staging.varesenews.it\/swgapi\/v1\/wp\/v2\/types\/post"}],"author":[{"embeddable":true,"href":"https:\/\/staging.varesenews.it\/swgapi\/v1\/wp\/v2\/users\/10"}],"replies":[{"embeddable":true,"href":"https:\/\/staging.varesenews.it\/swgapi\/v1\/wp\/v2\/comments?post=288667"}],"version-history":[{"count":0,"href":"https:\/\/staging.varesenews.it\/swgapi\/v1\/wp\/v2\/posts\/288667\/revisions"}],"wp:attachment":[{"href":"https:\/\/staging.varesenews.it\/swgapi\/v1\/wp\/v2\/media?parent=288667"}],"wp:term":[{"taxonomy":"category","embeddable":true,"href":"https:\/\/staging.varesenews.it\/swgapi\/v1\/wp\/v2\/categories?post=288667"},{"taxonomy":"post_tag","embeddable":true,"href":"https:\/\/staging.varesenews.it\/swgapi\/v1\/wp\/v2\/tags?post=288667"}],"curies":[{"name":"wp","href":"https:\/\/api.w.org\/{rel}","templated":true}]}}