{"id":289423,"date":"2002-02-07T00:00:00","date_gmt":"2002-02-07T00:00:00","guid":{"rendered":""},"modified":"2002-02-07T00:00:00","modified_gmt":"2002-02-07T00:00:00","slug":"pronti-i-preparativi-per-il-carnevale","status":"publish","type":"post","link":"https:\/\/staging.varesenews.it\/2002\/02\/pronti-i-preparativi-per-il-carnevale\/289423\/","title":{"rendered":"Pronti i preparativi per il carnevale"},"content":{"rendered":"<table height=\"1\" cellspacing=\"6\" cellpadding=\"0\" width=\"100%\" border=\"0\">\n<tbody>\n<tr>\n<td valign=\"top\" width=\"100%\" colspan=\"2\" height=\"16\"><font face=\"Arial\"><img decoding=\"async\" hspace=\"3\" src=\"https:\/\/www3.varesenews.it\/immagini_articoli\/200409\/carnevale-2002.jpg\" align=\"left\" vspace=\"3\" border=\"1\" \/>E&#8217; stato presentato nella mattinata di oggi, gioved\u00ec 7 febbraio nella sala cerimonie di Palazzo Estense, il programma per il &quot;Carnevale Bosino 2002&quot;.<br \/>Si tratta di una serie di iniziative promosse dal Comune di Varese, assessorato Sport e Tempo Libero, che partiranno domenica 10 febbraio con la tradizionale cerimonia della consegna delle chiavi della citt\u00e0 da parte del primo cittadino al re Bosino, seguita da corteo per le vie del centro cittadino, appositamente chiuse al traffico per l&#8217;occasione. Gi\u00e0 da domenica, per i pi\u00f9 piccolini saranno disponibili nel pomeriggio gli scivoloni gonfiabili in Piazza Monte Grappa e il teatro dei burattini in piazza Podest\u00e0.<\/font> <\/p>\n<p><font face=\"Arial\">E cos\u00ec via per tutta la settimana. Luned\u00ec 11 alle quattro del pomeriggio animazione per bambini sempre in piazza Podest\u00e0 a cura di &quot;Fabix &amp; Marix Show&quot; e &quot;Calimer\u00f2&quot;, mentre marted\u00ec all&#8217;Ospedale del Ponte, in pediatria, &quot;Pin Giormetta&quot; offrir\u00e0 il teatro dei burattini e animazione.<\/font><\/p>\n<p><font face=\"Arial\">Nel corso della settimana grassa ci sar\u00e0 spazio anche per un concorso. &quot;Mascherina della famiglia bosina&quot;, si terr\u00e0 nel salone del ristorante Raggio d&#8217;Oro a partire dalle 15, con premiazione nella serata , alle 18.<br \/>Gioved\u00ec 14 febbraio, per le vie del centro storico animazione per bambini a cura del laboratorio creativo &quot;Truccabimbi&quot;e fantasy band&quot; con il mago &quot;Tatos&quot;; saranno invece &quot;Calimer\u00f2&quot; e &quot;O homen samba&quot; a intrattenere grandi e piccini nel pomeriggio di venerd\u00ec 15.<\/font><\/p>\n<p><font face=\"Arial\">Il clou della manifestazione si avr\u00e0 sabato 16. Nelle vie del centro sfileranno i carri allegorici con bande di gruppi artistici e spettacolo di samba brasiliana, a partire dalle 14.30. Seguir\u00e0, alle 17 il discorso del discorso del re Bosino, in piazza Monte Grappa, con distribuzione di vin brul\u00e8 e zucchero filato. Sempre nel pomeriggio di sabato alle 17.45 si terr\u00e0 &quot;La caduta dell&#8217;angelo lucifero&quot; proposta dalla &quot;Compagnia dei folli&quot; di Ascoli Piceno.<br \/>La manifestazione terminer\u00e0 in via Bernascone e piazza della Motta con musica e premiazioni.<\/font><\/p>\n<p><font face=\"Arial\" size=\"2\"><b>per informazioni:\u00a0<br \/>Assessorato Sport e Tempo Libero, Palazzina della Cultura, via Sacco 11 Varese &#8211; 0332-255920<\/b><\/font><\/p>\n<\/td>\n<\/tr>\n<tr>\n<td width=\"100%\" colspan=\"2\" height=\"14\">\n<p align=\"right\" \/><\/td>\n<\/tr>\n<\/tbody>\n<\/table>\n","protected":false},"excerpt":{"rendered":"<p>Varese \u2013 Un&#8217;intera settimana con carri allegorici, animazione per bambini e samba per la prima settimana grassa della citt\u00e0 giardino<\/p>\n","protected":false},"author":10,"featured_media":0,"comment_status":"open","ping_status":"open","sticky":false,"template":"","format":"standard","meta":{"footnotes":""},"categories":[2],"tags":[],"acf":[],"yoast_head":"<!-- This site is optimized with the Yoast SEO plugin v20.1 - https:\/\/yoast.com\/wordpress\/plugins\/seo\/ -->\n<title>Pronti i preparativi per il carnevale<\/title>\n<meta name=\"description\" content=\"Varese \u2013 Un&#039;intera settimana con carri allegorici, animazione per bambini e samba per la prima settimana grassa della citt\u00e0 giardino\" \/>\n<meta name=\"robots\" content=\"noindex, follow, max-snippet:-1, max-image-preview:large, max-video-preview:-1\" \/>\n<meta property=\"og:locale\" content=\"it_IT\" \/>\n<meta property=\"og:type\" content=\"article\" \/>\n<meta property=\"og:title\" content=\"Pronti i preparativi per il carnevale\" \/>\n<meta property=\"og:description\" content=\"Varese \u2013 Un&#039;intera settimana con carri allegorici, animazione per bambini e samba per la prima settimana grassa della citt\u00e0 giardino\" \/>\n<meta property=\"og:url\" content=\"https:\/\/staging.varesenews.it\/2002\/02\/pronti-i-preparativi-per-il-carnevale\/289423\/\" \/>\n<meta property=\"og:site_name\" content=\"VareseNews\" \/>\n<meta property=\"article:publisher\" content=\"https:\/\/www.facebook.com\/varesenews\" \/>\n<meta property=\"article:published_time\" content=\"2002-02-07T00:00:00+00:00\" \/>\n<meta property=\"og:image\" content=\"https:\/\/www3.varesenews.it\/immagini_articoli\/200409\/carnevale-2002.jpg\" \/>\n<meta name=\"author\" content=\"Redazione VareseNews\" \/>\n<meta name=\"twitter:card\" content=\"summary_large_image\" \/>\n<meta name=\"twitter:creator\" content=\"@varesenews\" \/>\n<meta name=\"twitter:site\" content=\"@varesenews\" \/>\n<meta name=\"twitter:label1\" content=\"Scritto da\" \/>\n\t<meta name=\"twitter:data1\" content=\"Redazione VareseNews\" \/>\n\t<meta name=\"twitter:label2\" content=\"Tempo di lettura stimato\" \/>\n\t<meta name=\"twitter:data2\" content=\"2 minuti\" \/>\n<script type=\"application\/ld+json\" class=\"yoast-schema-graph\">{\"@context\":\"https:\/\/schema.org\",\"@graph\":[{\"@type\":\"WebPage\",\"@id\":\"https:\/\/staging.varesenews.it\/2002\/02\/pronti-i-preparativi-per-il-carnevale\/289423\/\",\"url\":\"https:\/\/staging.varesenews.it\/2002\/02\/pronti-i-preparativi-per-il-carnevale\/289423\/\",\"name\":\"Pronti i preparativi per il carnevale\",\"isPartOf\":{\"@id\":\"https:\/\/staging.varesenews.it\/#website\"},\"datePublished\":\"2002-02-07T00:00:00+00:00\",\"dateModified\":\"2002-02-07T00:00:00+00:00\",\"author\":{\"@id\":\"https:\/\/staging.varesenews.it\/#\/schema\/person\/fb20c4da0b7b16c291707a20db73e169\"},\"description\":\"Varese \u2013 Un'intera settimana con carri allegorici, animazione per bambini e samba per la prima settimana grassa della citt\u00e0 giardino\",\"breadcrumb\":{\"@id\":\"https:\/\/staging.varesenews.it\/2002\/02\/pronti-i-preparativi-per-il-carnevale\/289423\/#breadcrumb\"},\"inLanguage\":\"it-IT\",\"potentialAction\":[{\"@type\":\"ReadAction\",\"target\":[\"https:\/\/staging.varesenews.it\/2002\/02\/pronti-i-preparativi-per-il-carnevale\/289423\/\"]}]},{\"@type\":\"BreadcrumbList\",\"@id\":\"https:\/\/staging.varesenews.it\/2002\/02\/pronti-i-preparativi-per-il-carnevale\/289423\/#breadcrumb\",\"itemListElement\":[{\"@type\":\"ListItem\",\"position\":1,\"name\":\"Home\",\"item\":\"https:\/\/www.varesenews.it\/\"},{\"@type\":\"ListItem\",\"position\":2,\"name\":\"Pronti i preparativi per il carnevale\"}]},{\"@type\":\"WebSite\",\"@id\":\"https:\/\/staging.varesenews.it\/#website\",\"url\":\"https:\/\/staging.varesenews.it\/\",\"name\":\"VareseNews\",\"description\":\"\",\"potentialAction\":[{\"@type\":\"SearchAction\",\"target\":{\"@type\":\"EntryPoint\",\"urlTemplate\":\"https:\/\/staging.varesenews.it\/?s={search_term_string}\"},\"query-input\":\"required name=search_term_string\"}],\"inLanguage\":\"it-IT\"},{\"@type\":\"Person\",\"@id\":\"https:\/\/staging.varesenews.it\/#\/schema\/person\/fb20c4da0b7b16c291707a20db73e169\",\"name\":\"Redazione VareseNews\",\"image\":{\"@type\":\"ImageObject\",\"inLanguage\":\"it-IT\",\"@id\":\"https:\/\/staging.varesenews.it\/#\/schema\/person\/image\/\",\"url\":\"https:\/\/staging.varesenews.it\/wp-content\/uploads\/2020\/12\/logo_VN_colori_500.png\",\"contentUrl\":\"https:\/\/staging.varesenews.it\/wp-content\/uploads\/2020\/12\/logo_VN_colori_500.png\",\"caption\":\"Redazione VareseNews\"},\"url\":\"https:\/\/staging.varesenews.it\/persona\/redazione1\/\"}]}<\/script>\n<!-- \/ Yoast SEO plugin. -->","yoast_head_json":{"title":"Pronti i preparativi per il carnevale","description":"Varese \u2013 Un'intera settimana con carri allegorici, animazione per bambini e samba per la prima settimana grassa della citt\u00e0 giardino","robots":{"index":"noindex","follow":"follow","max-snippet":"max-snippet:-1","max-image-preview":"max-image-preview:large","max-video-preview":"max-video-preview:-1"},"og_locale":"it_IT","og_type":"article","og_title":"Pronti i preparativi per il carnevale","og_description":"Varese \u2013 Un'intera settimana con carri allegorici, animazione per bambini e samba per la prima settimana grassa della citt\u00e0 giardino","og_url":"https:\/\/staging.varesenews.it\/2002\/02\/pronti-i-preparativi-per-il-carnevale\/289423\/","og_site_name":"VareseNews","article_publisher":"https:\/\/www.facebook.com\/varesenews","article_published_time":"2002-02-07T00:00:00+00:00","og_image":[{"url":"https:\/\/www3.varesenews.it\/immagini_articoli\/200409\/carnevale-2002.jpg"}],"author":"Redazione VareseNews","twitter_card":"summary_large_image","twitter_creator":"@varesenews","twitter_site":"@varesenews","twitter_misc":{"Scritto da":"Redazione VareseNews","Tempo di lettura stimato":"2 minuti"},"schema":{"@context":"https:\/\/schema.org","@graph":[{"@type":"WebPage","@id":"https:\/\/staging.varesenews.it\/2002\/02\/pronti-i-preparativi-per-il-carnevale\/289423\/","url":"https:\/\/staging.varesenews.it\/2002\/02\/pronti-i-preparativi-per-il-carnevale\/289423\/","name":"Pronti i preparativi per il carnevale","isPartOf":{"@id":"https:\/\/staging.varesenews.it\/#website"},"datePublished":"2002-02-07T00:00:00+00:00","dateModified":"2002-02-07T00:00:00+00:00","author":{"@id":"https:\/\/staging.varesenews.it\/#\/schema\/person\/fb20c4da0b7b16c291707a20db73e169"},"description":"Varese \u2013 Un'intera settimana con carri allegorici, animazione per bambini e samba per la prima settimana grassa della citt\u00e0 giardino","breadcrumb":{"@id":"https:\/\/staging.varesenews.it\/2002\/02\/pronti-i-preparativi-per-il-carnevale\/289423\/#breadcrumb"},"inLanguage":"it-IT","potentialAction":[{"@type":"ReadAction","target":["https:\/\/staging.varesenews.it\/2002\/02\/pronti-i-preparativi-per-il-carnevale\/289423\/"]}]},{"@type":"BreadcrumbList","@id":"https:\/\/staging.varesenews.it\/2002\/02\/pronti-i-preparativi-per-il-carnevale\/289423\/#breadcrumb","itemListElement":[{"@type":"ListItem","position":1,"name":"Home","item":"https:\/\/www.varesenews.it\/"},{"@type":"ListItem","position":2,"name":"Pronti i preparativi per il carnevale"}]},{"@type":"WebSite","@id":"https:\/\/staging.varesenews.it\/#website","url":"https:\/\/staging.varesenews.it\/","name":"VareseNews","description":"","potentialAction":[{"@type":"SearchAction","target":{"@type":"EntryPoint","urlTemplate":"https:\/\/staging.varesenews.it\/?s={search_term_string}"},"query-input":"required name=search_term_string"}],"inLanguage":"it-IT"},{"@type":"Person","@id":"https:\/\/staging.varesenews.it\/#\/schema\/person\/fb20c4da0b7b16c291707a20db73e169","name":"Redazione VareseNews","image":{"@type":"ImageObject","inLanguage":"it-IT","@id":"https:\/\/staging.varesenews.it\/#\/schema\/person\/image\/","url":"https:\/\/staging.varesenews.it\/wp-content\/uploads\/2020\/12\/logo_VN_colori_500.png","contentUrl":"https:\/\/staging.varesenews.it\/wp-content\/uploads\/2020\/12\/logo_VN_colori_500.png","caption":"Redazione VareseNews"},"url":"https:\/\/staging.varesenews.it\/persona\/redazione1\/"}]}},"post_meta":{"id_old":"6365","argomento":"Varese"},"photos":[],"_links":{"self":[{"href":"https:\/\/staging.varesenews.it\/swgapi\/v1\/wp\/v2\/posts\/289423"}],"collection":[{"href":"https:\/\/staging.varesenews.it\/swgapi\/v1\/wp\/v2\/posts"}],"about":[{"href":"https:\/\/staging.varesenews.it\/swgapi\/v1\/wp\/v2\/types\/post"}],"author":[{"embeddable":true,"href":"https:\/\/staging.varesenews.it\/swgapi\/v1\/wp\/v2\/users\/10"}],"replies":[{"embeddable":true,"href":"https:\/\/staging.varesenews.it\/swgapi\/v1\/wp\/v2\/comments?post=289423"}],"version-history":[{"count":0,"href":"https:\/\/staging.varesenews.it\/swgapi\/v1\/wp\/v2\/posts\/289423\/revisions"}],"wp:attachment":[{"href":"https:\/\/staging.varesenews.it\/swgapi\/v1\/wp\/v2\/media?parent=289423"}],"wp:term":[{"taxonomy":"category","embeddable":true,"href":"https:\/\/staging.varesenews.it\/swgapi\/v1\/wp\/v2\/categories?post=289423"},{"taxonomy":"post_tag","embeddable":true,"href":"https:\/\/staging.varesenews.it\/swgapi\/v1\/wp\/v2\/tags?post=289423"}],"curies":[{"name":"wp","href":"https:\/\/api.w.org\/{rel}","templated":true}]}}