{"id":289549,"date":"2002-01-23T00:00:00","date_gmt":"2002-01-23T00:00:00","guid":{"rendered":""},"modified":"2002-01-23T00:00:00","modified_gmt":"2002-01-23T00:00:00","slug":"sul-nuovo-teatro-si-apre-il-sipario","status":"publish","type":"post","link":"https:\/\/staging.varesenews.it\/2002\/01\/sul-nuovo-teatro-si-apre-il-sipario\/289549\/","title":{"rendered":"Sul nuovo teatro si apre il sipario"},"content":{"rendered":"<p><font face=\"Arial\"><img loading=\"lazy\" decoding=\"async\" style=\"WIDTH: 232px; HEIGHT: 183px\" height=\"183\" hspace=\"3\" src=\"https:\/\/www3.varesenews.it\/immagini_articoli\/200409\/plateabella.jpg\" width=\"232\" align=\"left\" vspace=\"3\" border=\"1\" \/>Cresce, il teatro cresce. Ci\u00f2 che non pi\u00f9 di una <\/font><a href=\"http:\/\/www2.varesenews.it\/articoli\/2002\/gennaio\/varese\/10-1teatro.htm\"><font face=\"Arial\">settimana fa<\/font><\/a><font face=\"Arial\"> era appena abbozzato nelle sue linee essenziali, oggi \u00e8 ben visibile. All\u2019appello mancano solo le rifiniture. Il ridotto, la saletta, i guardaroba, i servizi e gli uffici, con uscite di sicurezza annesse,\u00a0 sono quasi ultimati. Gli operai lottano contro il tempo, anche se tutto sembra sotto controllo. In sottofondo c\u2019\u00e8 solo il rumore dei grandi condizionatori, che sparano aria calda e rendono ancora pi\u00f9 reale cio\u2019 che accadr\u00e0 fra tre giorni, in occasione dell\u2019inaugurazione con Paolo Conte. Il direttore dei lavori, l\u2019architetto Oscar Giovanni Carbonell, si aggira impartendo istruzioni, con molta calma. Esclama solo, sorridendo: &quot;ha presente <i>Runway time<\/i>? ma noi ce la faremo&quot;. Stefano Mannucci, addetto ai cementi, mostra soddisfazione e d\u00e0 le ultime disposizioni per l\u2019ultimazione dell\u2019ingresso.<\/font><\/p>\n<p align=\"justify\"><font face=\"Arial\" size=\"3\"><img loading=\"lazy\" decoding=\"async\" height=\"173\" hspace=\"1\" src=\"https:\/\/www3.varesenews.it\/immagini_articoli\/200409\/palco2jpg.jpg\" width=\"231\" align=\"left\" vspace=\"1\" border=\"1\" \/>Per accedere alla sala grande si deve entrare dal retro, perch\u00e9 l\u2019entrata principale sa ancora di cemento fresco, essendo stato da poco livellato. Il palco \u00e8 pronto. Spiovente e lucida la tela rossa vellutata del sipario viene agganciata dai tecnici, ondeggia di fronte alle 1200 poltroncine blu cobalto, mentre i tecnici sistemano le ultime file. Gli elettricisti dispongono le luci segnalatrici sulle scale, sollevando la moquette grigia appena posata.<\/font><\/p>\n<p align=\"justify\"><font face=\"Arial\" size=\"3\">I passanti si fermano incuriositi, qualcuno commenta sottovoce. \u00abQui a Varese \u2013 dice Giovanna Bernasconi \u2013 le cose provvisorie diventano eterne. Io vivo da oltre cinquant\u2019anni in questa citt\u00e0 e ho sempre sentito parlare del teatro. Francamente questo \u00e8 brutto, per\u00f2 meglio di niente. In genere per il teatro scelgo Milano. L\u2019ultimo spettacolo che ho visto? Quel che sapeva Maisie , con Mariangela Melato, al Piccolo\u00bb.<\/font><\/p>\n<p align=\"justify\"><font face=\"Arial\" size=\"3\">\u00abSono contento che ci sia \u2013 dice Simone Guidotti, studente universitario e attore teatrale &#8211; \u00e8 una cosa buona per la citt\u00e0. Certo il confronto con Milano \u00e8 perso in partenza, ma un teatro stabile pu\u00f2 fare solo che bene. Il vero aspetto negativo \u00e8 il pubblico, che a Varese \u00e8 snob, ha la puzza sotto il naso e va a teatro solo per dire c\u2019ero anch\u2019io e non perch\u00e9 lo ama. Mi auguro che un teatro stabile come questo possa creare una vera cultura teatrale\u00bb.<\/font><\/p>\n<p align=\"justify\"><font face=\"Arial\" size=\"3\"><img loading=\"lazy\" decoding=\"async\" height=\"163\" hspace=\"1\" src=\"https:\/\/www3.varesenews.it\/immagini_articoli\/200409\/responsabilebb.jpg\" width=\"201\" align=\"left\" vspace=\"1\" border=\"1\" \/>\u00abLa struttura non \u00e8 brutta \u2013 afferma Matteo Cesaretti, (nella foto a sinistra) responsabile del Blockbuster- \u00e8 un po\u2019 disadorna, basterebbe renderla pi\u00f9 allegra. A noi ci toglie un po\u2019 di visuale, ma tutto sommato l\u2019impatto sar\u00e0 positivo. Qualche cliente incuriosito ci ha chiesto che cosa fosse. L\u2019attenzione \u00e8 per\u00f2 salita negli ultimi giorni, un po\u2019 i manifesti del concerto di Paolo Conte, un po\u2019 i media hanno richiamato l\u2019attenzione. Per noi \u00e8 un fatto positivo perch\u00e9 si crea un ulteriore indotto, che unito al centro commerciale aumenter\u00e0 l\u2019afflusso delle persone. Sulla programmazione mi sembra che siano partiti bene, specialmente la rassegna di cabaret, con quelli di Zelig sar\u00e0 un successo\u00bb.<\/font><\/p>\n<p align=\"justify\"><font face=\"Arial\" size=\"3\">Di avviso completamente diverso \u00e8 invece Gianfranco, dello storico &quot;Colorificio Gattoni&quot;. \u00abNon mi piace esteticamente, questa piazza doveva essere pi\u00f9 fruibile. Verde, alberi un luogo dove poter ritrovarsi in tranquillit\u00e0. Questa \u00e8 una citt\u00e0 di bottegai, non dimentichiamolo. Ci avrei visto bene i Casbenatt con le loro bancarelle di frutta e verdura. Il nuovo teatro a noi non porter\u00e0 sostanzialmente miglioramenti, n\u00e9 dal punto di vista della clientela, n\u00e9 dal punto di vista dei servizi. Anzi ci porteranno via parcheggi e posti auto. Se andr\u00f2 a teatro? Ne abbiamo discusso in famiglia e io ho detto che non ci sarei mai andato. Perlomeno al debutto\u00bb.<\/font><\/p>\n<p align=\"justify\"><a href=\"http:\/\/www2.varesenews.it\/articoli\/2002\/gennaio\/varese\/teatro\/23-1teatrofoto.htm\"><b><font face=\"Arial\" size=\"2\">Tutte le foto al 23 gennaio<\/font><\/b><\/a> <\/p>\n<p align=\"justify\"><a href=\"http:\/\/www2.varesenews.it\/articoli\/2002\/gennaio\/varese\/10-1fototeatro.htm\"><b><font face=\"Arial\" size=\"2\">Le foto del 12 gennaio<\/font><\/b><\/a> <\/p>\n","protected":false},"excerpt":{"rendered":"<p>Varese &#8211; Comincia il count down per l&#8217;inaugurazione del teatro di Piazza Repubblica. Ultimi ritocchi. Il palco e la platea sono pronti. Esauriti i biglietti per il concerto inaugurale di Paolo Conte<\/p>\n","protected":false},"author":10,"featured_media":0,"comment_status":"open","ping_status":"open","sticky":false,"template":"","format":"standard","meta":{"footnotes":""},"categories":[2],"tags":[],"acf":[],"yoast_head":"<!-- This site is optimized with the Yoast SEO plugin v20.1 - https:\/\/yoast.com\/wordpress\/plugins\/seo\/ -->\n<title>Sul nuovo teatro si apre il sipario<\/title>\n<meta name=\"description\" content=\"Varese - Comincia il count down per l&#039;inaugurazione del teatro di Piazza Repubblica. Ultimi ritocchi. Il palco e la platea sono pronti. Esauriti i biglietti per il concerto inaugurale di Paolo Conte\" \/>\n<meta name=\"robots\" content=\"noindex, follow, max-snippet:-1, max-image-preview:large, max-video-preview:-1\" \/>\n<meta property=\"og:locale\" content=\"it_IT\" \/>\n<meta property=\"og:type\" content=\"article\" \/>\n<meta property=\"og:title\" content=\"Sul nuovo teatro si apre il sipario\" \/>\n<meta property=\"og:description\" content=\"Varese - Comincia il count down per l&#039;inaugurazione del teatro di Piazza Repubblica. Ultimi ritocchi. Il palco e la platea sono pronti. Esauriti i biglietti per il concerto inaugurale di Paolo Conte\" \/>\n<meta property=\"og:url\" content=\"https:\/\/staging.varesenews.it\/2002\/01\/sul-nuovo-teatro-si-apre-il-sipario\/289549\/\" \/>\n<meta property=\"og:site_name\" content=\"VareseNews\" \/>\n<meta property=\"article:publisher\" content=\"https:\/\/www.facebook.com\/varesenews\" \/>\n<meta property=\"article:published_time\" content=\"2002-01-23T00:00:00+00:00\" \/>\n<meta property=\"og:image\" content=\"https:\/\/www3.varesenews.it\/immagini_articoli\/200409\/plateabella.jpg\" \/>\n<meta name=\"author\" content=\"Redazione VareseNews\" \/>\n<meta name=\"twitter:card\" content=\"summary_large_image\" \/>\n<meta name=\"twitter:creator\" content=\"@varesenews\" \/>\n<meta name=\"twitter:site\" content=\"@varesenews\" \/>\n<meta name=\"twitter:label1\" content=\"Scritto da\" \/>\n\t<meta name=\"twitter:data1\" content=\"Redazione VareseNews\" \/>\n\t<meta name=\"twitter:label2\" content=\"Tempo di lettura stimato\" \/>\n\t<meta name=\"twitter:data2\" content=\"3 minuti\" \/>\n<script type=\"application\/ld+json\" class=\"yoast-schema-graph\">{\"@context\":\"https:\/\/schema.org\",\"@graph\":[{\"@type\":\"WebPage\",\"@id\":\"https:\/\/staging.varesenews.it\/2002\/01\/sul-nuovo-teatro-si-apre-il-sipario\/289549\/\",\"url\":\"https:\/\/staging.varesenews.it\/2002\/01\/sul-nuovo-teatro-si-apre-il-sipario\/289549\/\",\"name\":\"Sul nuovo teatro si apre il sipario\",\"isPartOf\":{\"@id\":\"https:\/\/staging.varesenews.it\/#website\"},\"datePublished\":\"2002-01-23T00:00:00+00:00\",\"dateModified\":\"2002-01-23T00:00:00+00:00\",\"author\":{\"@id\":\"https:\/\/staging.varesenews.it\/#\/schema\/person\/fb20c4da0b7b16c291707a20db73e169\"},\"description\":\"Varese - Comincia il count down per l'inaugurazione del teatro di Piazza Repubblica. Ultimi ritocchi. Il palco e la platea sono pronti. Esauriti i biglietti per il concerto inaugurale di Paolo Conte\",\"breadcrumb\":{\"@id\":\"https:\/\/staging.varesenews.it\/2002\/01\/sul-nuovo-teatro-si-apre-il-sipario\/289549\/#breadcrumb\"},\"inLanguage\":\"it-IT\",\"potentialAction\":[{\"@type\":\"ReadAction\",\"target\":[\"https:\/\/staging.varesenews.it\/2002\/01\/sul-nuovo-teatro-si-apre-il-sipario\/289549\/\"]}]},{\"@type\":\"BreadcrumbList\",\"@id\":\"https:\/\/staging.varesenews.it\/2002\/01\/sul-nuovo-teatro-si-apre-il-sipario\/289549\/#breadcrumb\",\"itemListElement\":[{\"@type\":\"ListItem\",\"position\":1,\"name\":\"Home\",\"item\":\"https:\/\/www.varesenews.it\/\"},{\"@type\":\"ListItem\",\"position\":2,\"name\":\"Sul nuovo teatro si apre il sipario\"}]},{\"@type\":\"WebSite\",\"@id\":\"https:\/\/staging.varesenews.it\/#website\",\"url\":\"https:\/\/staging.varesenews.it\/\",\"name\":\"VareseNews\",\"description\":\"\",\"potentialAction\":[{\"@type\":\"SearchAction\",\"target\":{\"@type\":\"EntryPoint\",\"urlTemplate\":\"https:\/\/staging.varesenews.it\/?s={search_term_string}\"},\"query-input\":\"required name=search_term_string\"}],\"inLanguage\":\"it-IT\"},{\"@type\":\"Person\",\"@id\":\"https:\/\/staging.varesenews.it\/#\/schema\/person\/fb20c4da0b7b16c291707a20db73e169\",\"name\":\"Redazione VareseNews\",\"image\":{\"@type\":\"ImageObject\",\"inLanguage\":\"it-IT\",\"@id\":\"https:\/\/staging.varesenews.it\/#\/schema\/person\/image\/\",\"url\":\"https:\/\/staging.varesenews.it\/wp-content\/uploads\/2020\/12\/logo_VN_colori_500.png\",\"contentUrl\":\"https:\/\/staging.varesenews.it\/wp-content\/uploads\/2020\/12\/logo_VN_colori_500.png\",\"caption\":\"Redazione VareseNews\"},\"url\":\"https:\/\/staging.varesenews.it\/persona\/redazione1\/\"}]}<\/script>\n<!-- \/ Yoast SEO plugin. -->","yoast_head_json":{"title":"Sul nuovo teatro si apre il sipario","description":"Varese - Comincia il count down per l'inaugurazione del teatro di Piazza Repubblica. Ultimi ritocchi. Il palco e la platea sono pronti. Esauriti i biglietti per il concerto inaugurale di Paolo Conte","robots":{"index":"noindex","follow":"follow","max-snippet":"max-snippet:-1","max-image-preview":"max-image-preview:large","max-video-preview":"max-video-preview:-1"},"og_locale":"it_IT","og_type":"article","og_title":"Sul nuovo teatro si apre il sipario","og_description":"Varese - Comincia il count down per l'inaugurazione del teatro di Piazza Repubblica. Ultimi ritocchi. Il palco e la platea sono pronti. Esauriti i biglietti per il concerto inaugurale di Paolo Conte","og_url":"https:\/\/staging.varesenews.it\/2002\/01\/sul-nuovo-teatro-si-apre-il-sipario\/289549\/","og_site_name":"VareseNews","article_publisher":"https:\/\/www.facebook.com\/varesenews","article_published_time":"2002-01-23T00:00:00+00:00","og_image":[{"url":"https:\/\/www3.varesenews.it\/immagini_articoli\/200409\/plateabella.jpg"}],"author":"Redazione VareseNews","twitter_card":"summary_large_image","twitter_creator":"@varesenews","twitter_site":"@varesenews","twitter_misc":{"Scritto da":"Redazione VareseNews","Tempo di lettura stimato":"3 minuti"},"schema":{"@context":"https:\/\/schema.org","@graph":[{"@type":"WebPage","@id":"https:\/\/staging.varesenews.it\/2002\/01\/sul-nuovo-teatro-si-apre-il-sipario\/289549\/","url":"https:\/\/staging.varesenews.it\/2002\/01\/sul-nuovo-teatro-si-apre-il-sipario\/289549\/","name":"Sul nuovo teatro si apre il sipario","isPartOf":{"@id":"https:\/\/staging.varesenews.it\/#website"},"datePublished":"2002-01-23T00:00:00+00:00","dateModified":"2002-01-23T00:00:00+00:00","author":{"@id":"https:\/\/staging.varesenews.it\/#\/schema\/person\/fb20c4da0b7b16c291707a20db73e169"},"description":"Varese - Comincia il count down per l'inaugurazione del teatro di Piazza Repubblica. Ultimi ritocchi. Il palco e la platea sono pronti. Esauriti i biglietti per il concerto inaugurale di Paolo Conte","breadcrumb":{"@id":"https:\/\/staging.varesenews.it\/2002\/01\/sul-nuovo-teatro-si-apre-il-sipario\/289549\/#breadcrumb"},"inLanguage":"it-IT","potentialAction":[{"@type":"ReadAction","target":["https:\/\/staging.varesenews.it\/2002\/01\/sul-nuovo-teatro-si-apre-il-sipario\/289549\/"]}]},{"@type":"BreadcrumbList","@id":"https:\/\/staging.varesenews.it\/2002\/01\/sul-nuovo-teatro-si-apre-il-sipario\/289549\/#breadcrumb","itemListElement":[{"@type":"ListItem","position":1,"name":"Home","item":"https:\/\/www.varesenews.it\/"},{"@type":"ListItem","position":2,"name":"Sul nuovo teatro si apre il sipario"}]},{"@type":"WebSite","@id":"https:\/\/staging.varesenews.it\/#website","url":"https:\/\/staging.varesenews.it\/","name":"VareseNews","description":"","potentialAction":[{"@type":"SearchAction","target":{"@type":"EntryPoint","urlTemplate":"https:\/\/staging.varesenews.it\/?s={search_term_string}"},"query-input":"required name=search_term_string"}],"inLanguage":"it-IT"},{"@type":"Person","@id":"https:\/\/staging.varesenews.it\/#\/schema\/person\/fb20c4da0b7b16c291707a20db73e169","name":"Redazione VareseNews","image":{"@type":"ImageObject","inLanguage":"it-IT","@id":"https:\/\/staging.varesenews.it\/#\/schema\/person\/image\/","url":"https:\/\/staging.varesenews.it\/wp-content\/uploads\/2020\/12\/logo_VN_colori_500.png","contentUrl":"https:\/\/staging.varesenews.it\/wp-content\/uploads\/2020\/12\/logo_VN_colori_500.png","caption":"Redazione VareseNews"},"url":"https:\/\/staging.varesenews.it\/persona\/redazione1\/"}]}},"post_meta":{"id_old":"6239","argomento":"Varese"},"photos":[],"_links":{"self":[{"href":"https:\/\/staging.varesenews.it\/swgapi\/v1\/wp\/v2\/posts\/289549"}],"collection":[{"href":"https:\/\/staging.varesenews.it\/swgapi\/v1\/wp\/v2\/posts"}],"about":[{"href":"https:\/\/staging.varesenews.it\/swgapi\/v1\/wp\/v2\/types\/post"}],"author":[{"embeddable":true,"href":"https:\/\/staging.varesenews.it\/swgapi\/v1\/wp\/v2\/users\/10"}],"replies":[{"embeddable":true,"href":"https:\/\/staging.varesenews.it\/swgapi\/v1\/wp\/v2\/comments?post=289549"}],"version-history":[{"count":0,"href":"https:\/\/staging.varesenews.it\/swgapi\/v1\/wp\/v2\/posts\/289549\/revisions"}],"wp:attachment":[{"href":"https:\/\/staging.varesenews.it\/swgapi\/v1\/wp\/v2\/media?parent=289549"}],"wp:term":[{"taxonomy":"category","embeddable":true,"href":"https:\/\/staging.varesenews.it\/swgapi\/v1\/wp\/v2\/categories?post=289549"},{"taxonomy":"post_tag","embeddable":true,"href":"https:\/\/staging.varesenews.it\/swgapi\/v1\/wp\/v2\/tags?post=289549"}],"curies":[{"name":"wp","href":"https:\/\/api.w.org\/{rel}","templated":true}]}}