{"id":289589,"date":"2002-01-18T00:00:00","date_gmt":"2002-01-18T00:00:00","guid":{"rendered":""},"modified":"2002-01-18T00:00:00","modified_gmt":"2002-01-18T00:00:00","slug":"porto-ceresio-e-il-paese-piu-minacciato-dal-nuovo-piano","status":"publish","type":"post","link":"https:\/\/staging.varesenews.it\/2002\/01\/porto-ceresio-e-il-paese-piu-minacciato-dal-nuovo-piano\/289589\/","title":{"rendered":"\u00abPorto Ceresio \u00e8 il paese pi\u00f9 minacciato dal nuovo Piano\u00bb"},"content":{"rendered":"<p><em><font face=\"Arial\">\u00a0<\/font><\/em><\/p>\n<p align=\"left\"><font face=\"Arial\" color=\"#ff0000\">Riceviamo e pubblichiamo<\/font><\/p>\n<p align=\"left\">Si terr\u00e0 il prossimo venerd\u00ec 25 gennaio alle 20.45 nel salone della biblioteca di Piazzale Luraschi a Porto Ceresio l\u2019assemblea promossa da Legambiente<\/p>\n<p><b \/><font face=\"Arial\"><\/font><i><font face=\"Arial\" color=\"#ff0000\"><\/font><font face=\"Arial\"><\/font><\/i><font face=\"Arial\"><\/p>\n<p align=\"left\">Il nuovo piano Pluriennale di Sviluppo Socie Economico della Valceresio prevede possibili ampliamenti delle zone edificabili ad esempio nei comuni di Arcisate, Besano, Bisuschio, Brusimpiano, Cuasso al Monte, Porto Ceresio. Se il terreno viene ulteriormente impermeabilizzato \u2013 con case capannoni, strade e altri manufatti di asfalto e cemento \u2013 l\u2019acqua, anzich\u00e9 penetrare nel terreno ed alimentare la falda si precipiter\u00e0 tutta e tutta assieme a Porto Ceresio, provocando alluvioni anche maggiori di quella del 1995. Porto Ceresio \u00e8 il paese pi\u00f9 minacciato dal PPSE. Per questo abbiamo deciso di tenere l\u00ec l\u00ec\u2019assemblea.<\/p>\n<p align=\"left\">Gli amministratori della Comunit\u00e0 Montana e dei comuni sono stati caldamente invitati ad intervenire e speriamo vivamente nella loro presenza per un confronto sereno e costruttivo sui problemi della Valle.<\/p>\n<p align=\"left\">\u00a0<\/p>\n<p align=\"left\">Per legambiente Valceresio<br \/>Silvio Riva<\/p>\n<p><\/font><\/p>\n","protected":false},"excerpt":{"rendered":"<p>In un comunicato la posizione di Legambiente Valceresio sul Piano Socio Economico. Indetta un\u2019assemblea pubblica cui sono stati invitati gli amministratori della Comunit\u00e0 Montana<\/p>\n","protected":false},"author":10,"featured_media":0,"comment_status":"open","ping_status":"open","sticky":false,"template":"","format":"standard","meta":{"footnotes":""},"categories":[2],"tags":[],"acf":[],"yoast_head":"<!-- This site is optimized with the Yoast SEO plugin v20.1 - https:\/\/yoast.com\/wordpress\/plugins\/seo\/ -->\n<title>\u00abPorto Ceresio \u00e8 il paese pi\u00f9 minacciato dal nuovo Piano\u00bb<\/title>\n<meta name=\"description\" content=\"In un comunicato la posizione di Legambiente Valceresio sul Piano Socio Economico. Indetta un\u2019assemblea pubblica cui sono stati invitati gli amministratori della Comunit\u00e0 Montana\" \/>\n<meta name=\"robots\" content=\"noindex, follow, max-snippet:-1, max-image-preview:large, max-video-preview:-1\" \/>\n<meta property=\"og:locale\" content=\"it_IT\" \/>\n<meta property=\"og:type\" content=\"article\" \/>\n<meta property=\"og:title\" content=\"\u00abPorto Ceresio \u00e8 il paese pi\u00f9 minacciato dal nuovo Piano\u00bb\" \/>\n<meta property=\"og:description\" content=\"In un comunicato la posizione di Legambiente Valceresio sul Piano Socio Economico. Indetta un\u2019assemblea pubblica cui sono stati invitati gli amministratori della Comunit\u00e0 Montana\" \/>\n<meta property=\"og:url\" content=\"https:\/\/staging.varesenews.it\/2002\/01\/porto-ceresio-e-il-paese-piu-minacciato-dal-nuovo-piano\/289589\/\" \/>\n<meta property=\"og:site_name\" content=\"VareseNews\" \/>\n<meta property=\"article:publisher\" content=\"https:\/\/www.facebook.com\/varesenews\" \/>\n<meta property=\"article:published_time\" content=\"2002-01-18T00:00:00+00:00\" \/>\n<meta name=\"author\" content=\"Redazione VareseNews\" \/>\n<meta name=\"twitter:card\" content=\"summary_large_image\" \/>\n<meta name=\"twitter:creator\" content=\"@varesenews\" \/>\n<meta name=\"twitter:site\" content=\"@varesenews\" \/>\n<meta name=\"twitter:label1\" content=\"Scritto da\" \/>\n\t<meta name=\"twitter:data1\" content=\"Redazione VareseNews\" \/>\n\t<meta name=\"twitter:label2\" content=\"Tempo di lettura stimato\" \/>\n\t<meta name=\"twitter:data2\" content=\"1 minuto\" \/>\n<script type=\"application\/ld+json\" class=\"yoast-schema-graph\">{\"@context\":\"https:\/\/schema.org\",\"@graph\":[{\"@type\":\"WebPage\",\"@id\":\"https:\/\/staging.varesenews.it\/2002\/01\/porto-ceresio-e-il-paese-piu-minacciato-dal-nuovo-piano\/289589\/\",\"url\":\"https:\/\/staging.varesenews.it\/2002\/01\/porto-ceresio-e-il-paese-piu-minacciato-dal-nuovo-piano\/289589\/\",\"name\":\"\u00abPorto Ceresio \u00e8 il paese pi\u00f9 minacciato dal nuovo Piano\u00bb\",\"isPartOf\":{\"@id\":\"https:\/\/staging.varesenews.it\/#website\"},\"datePublished\":\"2002-01-18T00:00:00+00:00\",\"dateModified\":\"2002-01-18T00:00:00+00:00\",\"author\":{\"@id\":\"https:\/\/staging.varesenews.it\/#\/schema\/person\/fb20c4da0b7b16c291707a20db73e169\"},\"description\":\"In un comunicato la posizione di Legambiente Valceresio sul Piano Socio Economico. Indetta un\u2019assemblea pubblica cui sono stati invitati gli amministratori della Comunit\u00e0 Montana\",\"breadcrumb\":{\"@id\":\"https:\/\/staging.varesenews.it\/2002\/01\/porto-ceresio-e-il-paese-piu-minacciato-dal-nuovo-piano\/289589\/#breadcrumb\"},\"inLanguage\":\"it-IT\",\"potentialAction\":[{\"@type\":\"ReadAction\",\"target\":[\"https:\/\/staging.varesenews.it\/2002\/01\/porto-ceresio-e-il-paese-piu-minacciato-dal-nuovo-piano\/289589\/\"]}]},{\"@type\":\"BreadcrumbList\",\"@id\":\"https:\/\/staging.varesenews.it\/2002\/01\/porto-ceresio-e-il-paese-piu-minacciato-dal-nuovo-piano\/289589\/#breadcrumb\",\"itemListElement\":[{\"@type\":\"ListItem\",\"position\":1,\"name\":\"Home\",\"item\":\"https:\/\/www.varesenews.it\/\"},{\"@type\":\"ListItem\",\"position\":2,\"name\":\"\u00abPorto Ceresio \u00e8 il paese pi\u00f9 minacciato dal nuovo Piano\u00bb\"}]},{\"@type\":\"WebSite\",\"@id\":\"https:\/\/staging.varesenews.it\/#website\",\"url\":\"https:\/\/staging.varesenews.it\/\",\"name\":\"VareseNews\",\"description\":\"\",\"potentialAction\":[{\"@type\":\"SearchAction\",\"target\":{\"@type\":\"EntryPoint\",\"urlTemplate\":\"https:\/\/staging.varesenews.it\/?s={search_term_string}\"},\"query-input\":\"required name=search_term_string\"}],\"inLanguage\":\"it-IT\"},{\"@type\":\"Person\",\"@id\":\"https:\/\/staging.varesenews.it\/#\/schema\/person\/fb20c4da0b7b16c291707a20db73e169\",\"name\":\"Redazione VareseNews\",\"image\":{\"@type\":\"ImageObject\",\"inLanguage\":\"it-IT\",\"@id\":\"https:\/\/staging.varesenews.it\/#\/schema\/person\/image\/\",\"url\":\"https:\/\/staging.varesenews.it\/wp-content\/uploads\/2020\/12\/logo_VN_colori_500.png\",\"contentUrl\":\"https:\/\/staging.varesenews.it\/wp-content\/uploads\/2020\/12\/logo_VN_colori_500.png\",\"caption\":\"Redazione VareseNews\"},\"url\":\"https:\/\/staging.varesenews.it\/persona\/redazione1\/\"}]}<\/script>\n<!-- \/ Yoast SEO plugin. -->","yoast_head_json":{"title":"\u00abPorto Ceresio \u00e8 il paese pi\u00f9 minacciato dal nuovo Piano\u00bb","description":"In un comunicato la posizione di Legambiente Valceresio sul Piano Socio Economico. Indetta un\u2019assemblea pubblica cui sono stati invitati gli amministratori della Comunit\u00e0 Montana","robots":{"index":"noindex","follow":"follow","max-snippet":"max-snippet:-1","max-image-preview":"max-image-preview:large","max-video-preview":"max-video-preview:-1"},"og_locale":"it_IT","og_type":"article","og_title":"\u00abPorto Ceresio \u00e8 il paese pi\u00f9 minacciato dal nuovo Piano\u00bb","og_description":"In un comunicato la posizione di Legambiente Valceresio sul Piano Socio Economico. Indetta un\u2019assemblea pubblica cui sono stati invitati gli amministratori della Comunit\u00e0 Montana","og_url":"https:\/\/staging.varesenews.it\/2002\/01\/porto-ceresio-e-il-paese-piu-minacciato-dal-nuovo-piano\/289589\/","og_site_name":"VareseNews","article_publisher":"https:\/\/www.facebook.com\/varesenews","article_published_time":"2002-01-18T00:00:00+00:00","author":"Redazione VareseNews","twitter_card":"summary_large_image","twitter_creator":"@varesenews","twitter_site":"@varesenews","twitter_misc":{"Scritto da":"Redazione VareseNews","Tempo di lettura stimato":"1 minuto"},"schema":{"@context":"https:\/\/schema.org","@graph":[{"@type":"WebPage","@id":"https:\/\/staging.varesenews.it\/2002\/01\/porto-ceresio-e-il-paese-piu-minacciato-dal-nuovo-piano\/289589\/","url":"https:\/\/staging.varesenews.it\/2002\/01\/porto-ceresio-e-il-paese-piu-minacciato-dal-nuovo-piano\/289589\/","name":"\u00abPorto Ceresio \u00e8 il paese pi\u00f9 minacciato dal nuovo Piano\u00bb","isPartOf":{"@id":"https:\/\/staging.varesenews.it\/#website"},"datePublished":"2002-01-18T00:00:00+00:00","dateModified":"2002-01-18T00:00:00+00:00","author":{"@id":"https:\/\/staging.varesenews.it\/#\/schema\/person\/fb20c4da0b7b16c291707a20db73e169"},"description":"In un comunicato la posizione di Legambiente Valceresio sul Piano Socio Economico. Indetta un\u2019assemblea pubblica cui sono stati invitati gli amministratori della Comunit\u00e0 Montana","breadcrumb":{"@id":"https:\/\/staging.varesenews.it\/2002\/01\/porto-ceresio-e-il-paese-piu-minacciato-dal-nuovo-piano\/289589\/#breadcrumb"},"inLanguage":"it-IT","potentialAction":[{"@type":"ReadAction","target":["https:\/\/staging.varesenews.it\/2002\/01\/porto-ceresio-e-il-paese-piu-minacciato-dal-nuovo-piano\/289589\/"]}]},{"@type":"BreadcrumbList","@id":"https:\/\/staging.varesenews.it\/2002\/01\/porto-ceresio-e-il-paese-piu-minacciato-dal-nuovo-piano\/289589\/#breadcrumb","itemListElement":[{"@type":"ListItem","position":1,"name":"Home","item":"https:\/\/www.varesenews.it\/"},{"@type":"ListItem","position":2,"name":"\u00abPorto Ceresio \u00e8 il paese pi\u00f9 minacciato dal nuovo Piano\u00bb"}]},{"@type":"WebSite","@id":"https:\/\/staging.varesenews.it\/#website","url":"https:\/\/staging.varesenews.it\/","name":"VareseNews","description":"","potentialAction":[{"@type":"SearchAction","target":{"@type":"EntryPoint","urlTemplate":"https:\/\/staging.varesenews.it\/?s={search_term_string}"},"query-input":"required name=search_term_string"}],"inLanguage":"it-IT"},{"@type":"Person","@id":"https:\/\/staging.varesenews.it\/#\/schema\/person\/fb20c4da0b7b16c291707a20db73e169","name":"Redazione VareseNews","image":{"@type":"ImageObject","inLanguage":"it-IT","@id":"https:\/\/staging.varesenews.it\/#\/schema\/person\/image\/","url":"https:\/\/staging.varesenews.it\/wp-content\/uploads\/2020\/12\/logo_VN_colori_500.png","contentUrl":"https:\/\/staging.varesenews.it\/wp-content\/uploads\/2020\/12\/logo_VN_colori_500.png","caption":"Redazione VareseNews"},"url":"https:\/\/staging.varesenews.it\/persona\/redazione1\/"}]}},"post_meta":{"id_old":"6199","argomento":"Porto Ceresio"},"photos":[],"_links":{"self":[{"href":"https:\/\/staging.varesenews.it\/swgapi\/v1\/wp\/v2\/posts\/289589"}],"collection":[{"href":"https:\/\/staging.varesenews.it\/swgapi\/v1\/wp\/v2\/posts"}],"about":[{"href":"https:\/\/staging.varesenews.it\/swgapi\/v1\/wp\/v2\/types\/post"}],"author":[{"embeddable":true,"href":"https:\/\/staging.varesenews.it\/swgapi\/v1\/wp\/v2\/users\/10"}],"replies":[{"embeddable":true,"href":"https:\/\/staging.varesenews.it\/swgapi\/v1\/wp\/v2\/comments?post=289589"}],"version-history":[{"count":0,"href":"https:\/\/staging.varesenews.it\/swgapi\/v1\/wp\/v2\/posts\/289589\/revisions"}],"wp:attachment":[{"href":"https:\/\/staging.varesenews.it\/swgapi\/v1\/wp\/v2\/media?parent=289589"}],"wp:term":[{"taxonomy":"category","embeddable":true,"href":"https:\/\/staging.varesenews.it\/swgapi\/v1\/wp\/v2\/categories?post=289589"},{"taxonomy":"post_tag","embeddable":true,"href":"https:\/\/staging.varesenews.it\/swgapi\/v1\/wp\/v2\/tags?post=289589"}],"curies":[{"name":"wp","href":"https:\/\/api.w.org\/{rel}","templated":true}]}}