{"id":290126,"date":"2002-04-08T00:00:00","date_gmt":"2002-04-08T00:00:00","guid":{"rendered":""},"modified":"2002-04-08T00:00:00","modified_gmt":"2002-04-08T00:00:00","slug":"la-lista-di-rifondazione-comunista","status":"publish","type":"post","link":"https:\/\/staging.varesenews.it\/2002\/04\/la-lista-di-rifondazione-comunista\/290126\/","title":{"rendered":"La lista di Rifondazione comunista"},"content":{"rendered":"<p><font face=\"Arial\">Con Angelo Zappoli per la poltrona di sindaco, si schierano trentadue candidati consiglieri. Grosse novit\u00e0 in casa rifondazione. La prima balza subito agli occhi, non c&#8217;\u00e8 un capolista, ma tutti sono in rigido ordine alfabetico. Altra indicazione, non era una novit\u00e0 per la pi\u00f9 volte dichiarata volont\u00e0, \u00e8 l&#8217;assenza dei due consiglieri uscenti. Scardeoni, al secondo mandato, lascia il posto a persone pi\u00f9 giovani e cos\u00ec lo segue anche Forma.<\/font> <\/p>\n<p><font face=\"Arial\">La lista<br \/>1. Bellosi Oscar\u00a0<br \/>2. Bossi Vera\u00a0<br \/>3. Calandro Luca\u00a0<br \/>4. Casali Gian Paola\u00a0<br \/>5. Cavanna Laura\u00a0<br \/>6. Chiarotto Mario\u00a0<br \/>7. Colli Carlo\u00a0<br \/>8. Corbella Marco\u00a0<br \/>9. Crespi Ovidio Gianni\u00a0<br \/>10. De Cecilia Lelio\u00a0<br \/>11. Del Conte Giovanna\u00a0<br \/>12. Digennaro Maurizio\u00a0<br \/>13. Ferla Maria Rita\u00a0<br \/>14. Franzoni Mauro\u00a0<br \/>15. Gamberoni Luciana\u00a0<br \/>16. Giannantoni Franco\u00a0<br \/>17. Gottardi Stefano\u00a0<br \/>18. Guadagnino Alice\u00a0<br \/>19. Guzzon Fernando\u00a0<br \/>20. Isella Giovanni Antonio\u00a0<br \/>21. Macaluso Mario\u00a0<br \/>22. Maccari Ileana\u00a0<br \/>23. Maj Elena\u00a0<br \/>24. Peccarisi Maurizio\u00a0<br \/>25. Petrozzino Roberta\u00a0<br \/>26. Reale Giuseppe\u00a0<br \/>27. Saponara Giacomo\u00a0<br \/>28. Scardeoni Maria\u00a0<br \/>29. Siviero Marcellino\u00a0<br \/>30. Talamo Emanuela\u00a0<br \/>31. Tesoro Francesco\u00a0<br \/>32. Testa Ludovico<\/font> <\/p>\n","protected":false},"excerpt":{"rendered":"<p>Trentadue candidati. Non si ripresentano Scardeoni e Forma, consiglieri uscenti <\/p>\n","protected":false},"author":10,"featured_media":0,"comment_status":"open","ping_status":"open","sticky":false,"template":"","format":"standard","meta":{"footnotes":""},"categories":[2],"tags":[],"acf":[],"yoast_head":"<!-- This site is optimized with the Yoast SEO plugin v20.1 - https:\/\/yoast.com\/wordpress\/plugins\/seo\/ -->\n<title>La lista di Rifondazione comunista<\/title>\n<meta name=\"description\" content=\"Trentadue candidati. Non si ripresentano Scardeoni e Forma, consiglieri uscenti\" \/>\n<meta name=\"robots\" content=\"noindex, follow, max-snippet:-1, max-image-preview:large, max-video-preview:-1\" \/>\n<meta property=\"og:locale\" content=\"it_IT\" \/>\n<meta property=\"og:type\" content=\"article\" \/>\n<meta property=\"og:title\" content=\"La lista di Rifondazione comunista\" \/>\n<meta property=\"og:description\" content=\"Trentadue candidati. Non si ripresentano Scardeoni e Forma, consiglieri uscenti\" \/>\n<meta property=\"og:url\" content=\"https:\/\/staging.varesenews.it\/2002\/04\/la-lista-di-rifondazione-comunista\/290126\/\" \/>\n<meta property=\"og:site_name\" content=\"VareseNews\" \/>\n<meta property=\"article:publisher\" content=\"https:\/\/www.facebook.com\/varesenews\" \/>\n<meta property=\"article:published_time\" content=\"2002-04-08T00:00:00+00:00\" \/>\n<meta name=\"author\" content=\"Redazione VareseNews\" \/>\n<meta name=\"twitter:card\" content=\"summary_large_image\" \/>\n<meta name=\"twitter:creator\" content=\"@varesenews\" \/>\n<meta name=\"twitter:site\" content=\"@varesenews\" \/>\n<meta name=\"twitter:label1\" content=\"Scritto da\" \/>\n\t<meta name=\"twitter:data1\" content=\"Redazione VareseNews\" \/>\n\t<meta name=\"twitter:label2\" content=\"Tempo di lettura stimato\" \/>\n\t<meta name=\"twitter:data2\" content=\"1 minuto\" \/>\n<script type=\"application\/ld+json\" class=\"yoast-schema-graph\">{\"@context\":\"https:\/\/schema.org\",\"@graph\":[{\"@type\":\"WebPage\",\"@id\":\"https:\/\/staging.varesenews.it\/2002\/04\/la-lista-di-rifondazione-comunista\/290126\/\",\"url\":\"https:\/\/staging.varesenews.it\/2002\/04\/la-lista-di-rifondazione-comunista\/290126\/\",\"name\":\"La lista di Rifondazione comunista\",\"isPartOf\":{\"@id\":\"https:\/\/staging.varesenews.it\/#website\"},\"datePublished\":\"2002-04-08T00:00:00+00:00\",\"dateModified\":\"2002-04-08T00:00:00+00:00\",\"author\":{\"@id\":\"https:\/\/staging.varesenews.it\/#\/schema\/person\/fb20c4da0b7b16c291707a20db73e169\"},\"description\":\"Trentadue candidati. Non si ripresentano Scardeoni e Forma, consiglieri uscenti\",\"breadcrumb\":{\"@id\":\"https:\/\/staging.varesenews.it\/2002\/04\/la-lista-di-rifondazione-comunista\/290126\/#breadcrumb\"},\"inLanguage\":\"it-IT\",\"potentialAction\":[{\"@type\":\"ReadAction\",\"target\":[\"https:\/\/staging.varesenews.it\/2002\/04\/la-lista-di-rifondazione-comunista\/290126\/\"]}]},{\"@type\":\"BreadcrumbList\",\"@id\":\"https:\/\/staging.varesenews.it\/2002\/04\/la-lista-di-rifondazione-comunista\/290126\/#breadcrumb\",\"itemListElement\":[{\"@type\":\"ListItem\",\"position\":1,\"name\":\"Home\",\"item\":\"https:\/\/www.varesenews.it\/\"},{\"@type\":\"ListItem\",\"position\":2,\"name\":\"La lista di Rifondazione comunista\"}]},{\"@type\":\"WebSite\",\"@id\":\"https:\/\/staging.varesenews.it\/#website\",\"url\":\"https:\/\/staging.varesenews.it\/\",\"name\":\"VareseNews\",\"description\":\"\",\"potentialAction\":[{\"@type\":\"SearchAction\",\"target\":{\"@type\":\"EntryPoint\",\"urlTemplate\":\"https:\/\/staging.varesenews.it\/?s={search_term_string}\"},\"query-input\":\"required name=search_term_string\"}],\"inLanguage\":\"it-IT\"},{\"@type\":\"Person\",\"@id\":\"https:\/\/staging.varesenews.it\/#\/schema\/person\/fb20c4da0b7b16c291707a20db73e169\",\"name\":\"Redazione VareseNews\",\"image\":{\"@type\":\"ImageObject\",\"inLanguage\":\"it-IT\",\"@id\":\"https:\/\/staging.varesenews.it\/#\/schema\/person\/image\/\",\"url\":\"https:\/\/staging.varesenews.it\/wp-content\/uploads\/2020\/12\/logo_VN_colori_500.png\",\"contentUrl\":\"https:\/\/staging.varesenews.it\/wp-content\/uploads\/2020\/12\/logo_VN_colori_500.png\",\"caption\":\"Redazione VareseNews\"},\"url\":\"https:\/\/staging.varesenews.it\/persona\/redazione1\/\"}]}<\/script>\n<!-- \/ Yoast SEO plugin. -->","yoast_head_json":{"title":"La lista di Rifondazione comunista","description":"Trentadue candidati. Non si ripresentano Scardeoni e Forma, consiglieri uscenti","robots":{"index":"noindex","follow":"follow","max-snippet":"max-snippet:-1","max-image-preview":"max-image-preview:large","max-video-preview":"max-video-preview:-1"},"og_locale":"it_IT","og_type":"article","og_title":"La lista di Rifondazione comunista","og_description":"Trentadue candidati. Non si ripresentano Scardeoni e Forma, consiglieri uscenti","og_url":"https:\/\/staging.varesenews.it\/2002\/04\/la-lista-di-rifondazione-comunista\/290126\/","og_site_name":"VareseNews","article_publisher":"https:\/\/www.facebook.com\/varesenews","article_published_time":"2002-04-08T00:00:00+00:00","author":"Redazione VareseNews","twitter_card":"summary_large_image","twitter_creator":"@varesenews","twitter_site":"@varesenews","twitter_misc":{"Scritto da":"Redazione VareseNews","Tempo di lettura stimato":"1 minuto"},"schema":{"@context":"https:\/\/schema.org","@graph":[{"@type":"WebPage","@id":"https:\/\/staging.varesenews.it\/2002\/04\/la-lista-di-rifondazione-comunista\/290126\/","url":"https:\/\/staging.varesenews.it\/2002\/04\/la-lista-di-rifondazione-comunista\/290126\/","name":"La lista di Rifondazione comunista","isPartOf":{"@id":"https:\/\/staging.varesenews.it\/#website"},"datePublished":"2002-04-08T00:00:00+00:00","dateModified":"2002-04-08T00:00:00+00:00","author":{"@id":"https:\/\/staging.varesenews.it\/#\/schema\/person\/fb20c4da0b7b16c291707a20db73e169"},"description":"Trentadue candidati. Non si ripresentano Scardeoni e Forma, consiglieri uscenti","breadcrumb":{"@id":"https:\/\/staging.varesenews.it\/2002\/04\/la-lista-di-rifondazione-comunista\/290126\/#breadcrumb"},"inLanguage":"it-IT","potentialAction":[{"@type":"ReadAction","target":["https:\/\/staging.varesenews.it\/2002\/04\/la-lista-di-rifondazione-comunista\/290126\/"]}]},{"@type":"BreadcrumbList","@id":"https:\/\/staging.varesenews.it\/2002\/04\/la-lista-di-rifondazione-comunista\/290126\/#breadcrumb","itemListElement":[{"@type":"ListItem","position":1,"name":"Home","item":"https:\/\/www.varesenews.it\/"},{"@type":"ListItem","position":2,"name":"La lista di Rifondazione comunista"}]},{"@type":"WebSite","@id":"https:\/\/staging.varesenews.it\/#website","url":"https:\/\/staging.varesenews.it\/","name":"VareseNews","description":"","potentialAction":[{"@type":"SearchAction","target":{"@type":"EntryPoint","urlTemplate":"https:\/\/staging.varesenews.it\/?s={search_term_string}"},"query-input":"required name=search_term_string"}],"inLanguage":"it-IT"},{"@type":"Person","@id":"https:\/\/staging.varesenews.it\/#\/schema\/person\/fb20c4da0b7b16c291707a20db73e169","name":"Redazione VareseNews","image":{"@type":"ImageObject","inLanguage":"it-IT","@id":"https:\/\/staging.varesenews.it\/#\/schema\/person\/image\/","url":"https:\/\/staging.varesenews.it\/wp-content\/uploads\/2020\/12\/logo_VN_colori_500.png","contentUrl":"https:\/\/staging.varesenews.it\/wp-content\/uploads\/2020\/12\/logo_VN_colori_500.png","caption":"Redazione VareseNews"},"url":"https:\/\/staging.varesenews.it\/persona\/redazione1\/"}]}},"post_meta":{"id_old":"5658","argomento":"Varese"},"photos":[],"_links":{"self":[{"href":"https:\/\/staging.varesenews.it\/swgapi\/v1\/wp\/v2\/posts\/290126"}],"collection":[{"href":"https:\/\/staging.varesenews.it\/swgapi\/v1\/wp\/v2\/posts"}],"about":[{"href":"https:\/\/staging.varesenews.it\/swgapi\/v1\/wp\/v2\/types\/post"}],"author":[{"embeddable":true,"href":"https:\/\/staging.varesenews.it\/swgapi\/v1\/wp\/v2\/users\/10"}],"replies":[{"embeddable":true,"href":"https:\/\/staging.varesenews.it\/swgapi\/v1\/wp\/v2\/comments?post=290126"}],"version-history":[{"count":0,"href":"https:\/\/staging.varesenews.it\/swgapi\/v1\/wp\/v2\/posts\/290126\/revisions"}],"wp:attachment":[{"href":"https:\/\/staging.varesenews.it\/swgapi\/v1\/wp\/v2\/media?parent=290126"}],"wp:term":[{"taxonomy":"category","embeddable":true,"href":"https:\/\/staging.varesenews.it\/swgapi\/v1\/wp\/v2\/categories?post=290126"},{"taxonomy":"post_tag","embeddable":true,"href":"https:\/\/staging.varesenews.it\/swgapi\/v1\/wp\/v2\/tags?post=290126"}],"curies":[{"name":"wp","href":"https:\/\/api.w.org\/{rel}","templated":true}]}}