{"id":290542,"date":"2003-11-07T00:00:00","date_gmt":"2003-11-07T00:00:00","guid":{"rendered":""},"modified":"2003-11-07T00:00:00","modified_gmt":"2003-11-07T00:00:00","slug":"affetti-collaterali-tre-serate-per-difenderci-del-pericolo-aids","status":"publish","type":"post","link":"https:\/\/staging.varesenews.it\/2003\/11\/affetti-collaterali-tre-serate-per-difenderci-del-pericolo-aids\/290542\/","title":{"rendered":"&#8220;Affetti collaterali&#8221;: tre serate per difenderci del pericolo Aids"},"content":{"rendered":"<p>Tre incontri pubblici a Varese, organizzati dall&#8217;Azienda sanitaria locale per imparare a familiarizzare con il virus dell&#8217;aids e dunque per potersene difendere,  in una provincia che si colloca al decimo posto in Italia per tasso d&#8217;incidenza, con 1.671 casi di cui 1.564 di varesini residenti ed al quarto in Lombardia. Le serate sono in programma presso il Salone Estense di Varese il 13 e 27 novembre ed il  3 dicembre. Si tratta d&#8217;appuntamenti aperti a tutta la  popolazione varesina e non solo a quanti  pi\u00f9 strettamente coinvolti dalla sieropositivit\u00e0. Promosse dal Dipartimento delle dipendenze dell&#8217;Asl di Varese, saranno coordinate dallo psichiatra Paolo Rigliano.<br \/>\nIl primo incontro, gioved\u00ec 13 novembre con inizio alle ore 21, avr\u00e0 per titolo &#8216;&#8217;Amare a rischio? Confrontarsi col rischio, rischiare il confronto?&#8217;&#8217;, ed esplorer\u00e0 quali forme d&#8217;incontro saranno  possibili per chi \u00e8 affetto da hiv e per chi si trovi a vivere la propria affettivit\u00e0 e sessualit\u00e0 nell&#8217;era in cui l&#8217;aids \u00e8 presente. Interverranno Maria Grazia Randone sessuologa, Margherita Graglia psicoterapeuta.<br \/>\nGioved\u00ec 27 novembre gli esperti Fabrizio Storace psichiatra e Massimo Oldrini della Lila di Milano dialogheranno sul tema &#8216;&#8217;Prendersi cura, relazioni che aiutano, persone che curano&#8217;&#8217; per parlare di vecchie e nuove terapie.<br \/>\nL&#8217;ultimo appuntamento mercoled\u00ec 3 dicembre aiuter\u00e0 a considerare cosa l&#8217;hiv e l&#8217;aids rappresentano come sollecitazione dei meccanismi di difesa individuale e collettivi.&#8216;&#8217;Con senso e con giudizio. Incontri, emozioni, diversit\u00e0&#8217;&#8217; vedr\u00e0 la partecipazione di Guido Tallone, filosofo del Gruppo Abele.<br \/>\n&#8216;&#8217;Affetti collaterali&#8217;&#8217;, questo il titolo che unisce le tre serate, vuole giocare non solo con l&#8217;idea che effetto collaterale delle buone terapie per l&#8217;hiv \u00e8 proprio il silenzio sceso sulla prevenzione e sulla cura dell&#8217;aids ma anche con l&#8217;idea che le emozioni ovvero gli affetti anche in questa esperienza, come in tutte quelle della vita, hanno un ruolo decisivo nell&#8217;orientare comportamenti, pensieri ed atteggiamenti. Riportando al centro, sotto la lente della riflessione e della conoscenza questi affetti\/emozioni, si avranno forse pi\u00f9 comportamenti e persone responsabili e meno vittime dell&#8217;infezione. Ultimamente, infatti, a cadere nella rete della malattia sono sempre pi\u00f9 spesso persone che scelgono rapporti a rischio, non protetti. Al contrario, tra i tossici dipendenti, il tasso di siero positivit\u00e0 diminuisce. Dieci anni fa il 70% dei casi d&#8217;aids in provincia di Varese erano legati alla tossico dipendenza. Alla fine dello scorso anno il 38% era causato da rapporti eterosessuali, il 17% da rapporti omosessuali e il 37% dalla droga. La trasmissione sessuale \u00e8 adesso la prima causa di diffusione del virus.<\/p>\n","protected":false},"excerpt":{"rendered":"<p>L&#8217;Asl organizza un ciclo di incontri aperti sul tema della sieropositivit\u00e0. La nostra provincia \u00e8 al decimo posto in Italia per casi conclamati<\/p>\n","protected":false},"author":10,"featured_media":0,"comment_status":"open","ping_status":"open","sticky":false,"template":"","format":"standard","meta":{"footnotes":""},"categories":[2],"tags":[],"acf":[],"yoast_head":"<!-- This site is optimized with the Yoast SEO plugin v20.1 - https:\/\/yoast.com\/wordpress\/plugins\/seo\/ -->\n<title>&quot;Affetti collaterali&quot;: tre serate per difenderci del pericolo Aids<\/title>\n<meta name=\"description\" content=\"L&#039;Asl organizza un ciclo di incontri aperti sul tema della sieropositivit\u00e0. La nostra provincia \u00e8 al decimo posto in Italia per casi conclamati\" \/>\n<meta name=\"robots\" content=\"noindex, follow, max-snippet:-1, max-image-preview:large, max-video-preview:-1\" \/>\n<meta property=\"og:locale\" content=\"it_IT\" \/>\n<meta property=\"og:type\" content=\"article\" \/>\n<meta property=\"og:title\" content=\"&quot;Affetti collaterali&quot;: tre serate per difenderci del pericolo Aids\" \/>\n<meta property=\"og:description\" content=\"L&#039;Asl organizza un ciclo di incontri aperti sul tema della sieropositivit\u00e0. La nostra provincia \u00e8 al decimo posto in Italia per casi conclamati\" \/>\n<meta property=\"og:url\" content=\"https:\/\/staging.varesenews.it\/2003\/11\/affetti-collaterali-tre-serate-per-difenderci-del-pericolo-aids\/290542\/\" \/>\n<meta property=\"og:site_name\" content=\"VareseNews\" \/>\n<meta property=\"article:publisher\" content=\"https:\/\/www.facebook.com\/varesenews\" \/>\n<meta property=\"article:published_time\" content=\"2003-11-07T00:00:00+00:00\" \/>\n<meta name=\"author\" content=\"Redazione VareseNews\" \/>\n<meta name=\"twitter:card\" content=\"summary_large_image\" \/>\n<meta name=\"twitter:creator\" content=\"@varesenews\" \/>\n<meta name=\"twitter:site\" content=\"@varesenews\" \/>\n<meta name=\"twitter:label1\" content=\"Scritto da\" \/>\n\t<meta name=\"twitter:data1\" content=\"Redazione VareseNews\" \/>\n\t<meta name=\"twitter:label2\" content=\"Tempo di lettura stimato\" \/>\n\t<meta name=\"twitter:data2\" content=\"2 minuti\" \/>\n<script type=\"application\/ld+json\" class=\"yoast-schema-graph\">{\"@context\":\"https:\/\/schema.org\",\"@graph\":[{\"@type\":\"WebPage\",\"@id\":\"https:\/\/staging.varesenews.it\/2003\/11\/affetti-collaterali-tre-serate-per-difenderci-del-pericolo-aids\/290542\/\",\"url\":\"https:\/\/staging.varesenews.it\/2003\/11\/affetti-collaterali-tre-serate-per-difenderci-del-pericolo-aids\/290542\/\",\"name\":\"\\\"Affetti collaterali\\\": tre serate per difenderci del pericolo Aids\",\"isPartOf\":{\"@id\":\"https:\/\/staging.varesenews.it\/#website\"},\"datePublished\":\"2003-11-07T00:00:00+00:00\",\"dateModified\":\"2003-11-07T00:00:00+00:00\",\"author\":{\"@id\":\"https:\/\/staging.varesenews.it\/#\/schema\/person\/fb20c4da0b7b16c291707a20db73e169\"},\"description\":\"L'Asl organizza un ciclo di incontri aperti sul tema della sieropositivit\u00e0. La nostra provincia \u00e8 al decimo posto in Italia per casi conclamati\",\"breadcrumb\":{\"@id\":\"https:\/\/staging.varesenews.it\/2003\/11\/affetti-collaterali-tre-serate-per-difenderci-del-pericolo-aids\/290542\/#breadcrumb\"},\"inLanguage\":\"it-IT\",\"potentialAction\":[{\"@type\":\"ReadAction\",\"target\":[\"https:\/\/staging.varesenews.it\/2003\/11\/affetti-collaterali-tre-serate-per-difenderci-del-pericolo-aids\/290542\/\"]}]},{\"@type\":\"BreadcrumbList\",\"@id\":\"https:\/\/staging.varesenews.it\/2003\/11\/affetti-collaterali-tre-serate-per-difenderci-del-pericolo-aids\/290542\/#breadcrumb\",\"itemListElement\":[{\"@type\":\"ListItem\",\"position\":1,\"name\":\"Home\",\"item\":\"https:\/\/www.varesenews.it\/\"},{\"@type\":\"ListItem\",\"position\":2,\"name\":\"&#8220;Affetti collaterali&#8221;: tre serate per difenderci del pericolo Aids\"}]},{\"@type\":\"WebSite\",\"@id\":\"https:\/\/staging.varesenews.it\/#website\",\"url\":\"https:\/\/staging.varesenews.it\/\",\"name\":\"VareseNews\",\"description\":\"\",\"potentialAction\":[{\"@type\":\"SearchAction\",\"target\":{\"@type\":\"EntryPoint\",\"urlTemplate\":\"https:\/\/staging.varesenews.it\/?s={search_term_string}\"},\"query-input\":\"required name=search_term_string\"}],\"inLanguage\":\"it-IT\"},{\"@type\":\"Person\",\"@id\":\"https:\/\/staging.varesenews.it\/#\/schema\/person\/fb20c4da0b7b16c291707a20db73e169\",\"name\":\"Redazione VareseNews\",\"image\":{\"@type\":\"ImageObject\",\"inLanguage\":\"it-IT\",\"@id\":\"https:\/\/staging.varesenews.it\/#\/schema\/person\/image\/\",\"url\":\"https:\/\/staging.varesenews.it\/wp-content\/uploads\/2020\/12\/logo_VN_colori_500.png\",\"contentUrl\":\"https:\/\/staging.varesenews.it\/wp-content\/uploads\/2020\/12\/logo_VN_colori_500.png\",\"caption\":\"Redazione VareseNews\"},\"url\":\"https:\/\/staging.varesenews.it\/persona\/redazione1\/\"}]}<\/script>\n<!-- \/ Yoast SEO plugin. -->","yoast_head_json":{"title":"\"Affetti collaterali\": tre serate per difenderci del pericolo Aids","description":"L'Asl organizza un ciclo di incontri aperti sul tema della sieropositivit\u00e0. La nostra provincia \u00e8 al decimo posto in Italia per casi conclamati","robots":{"index":"noindex","follow":"follow","max-snippet":"max-snippet:-1","max-image-preview":"max-image-preview:large","max-video-preview":"max-video-preview:-1"},"og_locale":"it_IT","og_type":"article","og_title":"\"Affetti collaterali\": tre serate per difenderci del pericolo Aids","og_description":"L'Asl organizza un ciclo di incontri aperti sul tema della sieropositivit\u00e0. La nostra provincia \u00e8 al decimo posto in Italia per casi conclamati","og_url":"https:\/\/staging.varesenews.it\/2003\/11\/affetti-collaterali-tre-serate-per-difenderci-del-pericolo-aids\/290542\/","og_site_name":"VareseNews","article_publisher":"https:\/\/www.facebook.com\/varesenews","article_published_time":"2003-11-07T00:00:00+00:00","author":"Redazione VareseNews","twitter_card":"summary_large_image","twitter_creator":"@varesenews","twitter_site":"@varesenews","twitter_misc":{"Scritto da":"Redazione VareseNews","Tempo di lettura stimato":"2 minuti"},"schema":{"@context":"https:\/\/schema.org","@graph":[{"@type":"WebPage","@id":"https:\/\/staging.varesenews.it\/2003\/11\/affetti-collaterali-tre-serate-per-difenderci-del-pericolo-aids\/290542\/","url":"https:\/\/staging.varesenews.it\/2003\/11\/affetti-collaterali-tre-serate-per-difenderci-del-pericolo-aids\/290542\/","name":"\"Affetti collaterali\": tre serate per difenderci del pericolo Aids","isPartOf":{"@id":"https:\/\/staging.varesenews.it\/#website"},"datePublished":"2003-11-07T00:00:00+00:00","dateModified":"2003-11-07T00:00:00+00:00","author":{"@id":"https:\/\/staging.varesenews.it\/#\/schema\/person\/fb20c4da0b7b16c291707a20db73e169"},"description":"L'Asl organizza un ciclo di incontri aperti sul tema della sieropositivit\u00e0. La nostra provincia \u00e8 al decimo posto in Italia per casi conclamati","breadcrumb":{"@id":"https:\/\/staging.varesenews.it\/2003\/11\/affetti-collaterali-tre-serate-per-difenderci-del-pericolo-aids\/290542\/#breadcrumb"},"inLanguage":"it-IT","potentialAction":[{"@type":"ReadAction","target":["https:\/\/staging.varesenews.it\/2003\/11\/affetti-collaterali-tre-serate-per-difenderci-del-pericolo-aids\/290542\/"]}]},{"@type":"BreadcrumbList","@id":"https:\/\/staging.varesenews.it\/2003\/11\/affetti-collaterali-tre-serate-per-difenderci-del-pericolo-aids\/290542\/#breadcrumb","itemListElement":[{"@type":"ListItem","position":1,"name":"Home","item":"https:\/\/www.varesenews.it\/"},{"@type":"ListItem","position":2,"name":"&#8220;Affetti collaterali&#8221;: tre serate per difenderci del pericolo Aids"}]},{"@type":"WebSite","@id":"https:\/\/staging.varesenews.it\/#website","url":"https:\/\/staging.varesenews.it\/","name":"VareseNews","description":"","potentialAction":[{"@type":"SearchAction","target":{"@type":"EntryPoint","urlTemplate":"https:\/\/staging.varesenews.it\/?s={search_term_string}"},"query-input":"required name=search_term_string"}],"inLanguage":"it-IT"},{"@type":"Person","@id":"https:\/\/staging.varesenews.it\/#\/schema\/person\/fb20c4da0b7b16c291707a20db73e169","name":"Redazione VareseNews","image":{"@type":"ImageObject","inLanguage":"it-IT","@id":"https:\/\/staging.varesenews.it\/#\/schema\/person\/image\/","url":"https:\/\/staging.varesenews.it\/wp-content\/uploads\/2020\/12\/logo_VN_colori_500.png","contentUrl":"https:\/\/staging.varesenews.it\/wp-content\/uploads\/2020\/12\/logo_VN_colori_500.png","caption":"Redazione VareseNews"},"url":"https:\/\/staging.varesenews.it\/persona\/redazione1\/"}]}},"post_meta":{"id_old":"5221","argomento":"Varese"},"photos":[],"_links":{"self":[{"href":"https:\/\/staging.varesenews.it\/swgapi\/v1\/wp\/v2\/posts\/290542"}],"collection":[{"href":"https:\/\/staging.varesenews.it\/swgapi\/v1\/wp\/v2\/posts"}],"about":[{"href":"https:\/\/staging.varesenews.it\/swgapi\/v1\/wp\/v2\/types\/post"}],"author":[{"embeddable":true,"href":"https:\/\/staging.varesenews.it\/swgapi\/v1\/wp\/v2\/users\/10"}],"replies":[{"embeddable":true,"href":"https:\/\/staging.varesenews.it\/swgapi\/v1\/wp\/v2\/comments?post=290542"}],"version-history":[{"count":0,"href":"https:\/\/staging.varesenews.it\/swgapi\/v1\/wp\/v2\/posts\/290542\/revisions"}],"wp:attachment":[{"href":"https:\/\/staging.varesenews.it\/swgapi\/v1\/wp\/v2\/media?parent=290542"}],"wp:term":[{"taxonomy":"category","embeddable":true,"href":"https:\/\/staging.varesenews.it\/swgapi\/v1\/wp\/v2\/categories?post=290542"},{"taxonomy":"post_tag","embeddable":true,"href":"https:\/\/staging.varesenews.it\/swgapi\/v1\/wp\/v2\/tags?post=290542"}],"curies":[{"name":"wp","href":"https:\/\/api.w.org\/{rel}","templated":true}]}}