{"id":291260,"date":"2003-08-27T00:00:00","date_gmt":"2003-08-27T00:00:00","guid":{"rendered":""},"modified":"2003-08-27T00:00:00","modified_gmt":"2003-08-27T00:00:00","slug":"compostaggio-a-gemonio-la-provincia-ordina-lo-stop","status":"publish","type":"post","link":"https:\/\/staging.varesenews.it\/2003\/08\/compostaggio-a-gemonio-la-provincia-ordina-lo-stop\/291260\/","title":{"rendered":"Compostaggio a Gemonio. La Provincia ordina lo stop"},"content":{"rendered":"<p>La Provincia ha bloccato l&#8217;attivit\u00e0 dell&#8217;impianto di compostaggio di Gemonio. \u00c8 di oggi infatti la decisione della giunta di vietare il conferimento di rifiuti verdi e frazioni organiche nell&#8217;impianto della Inva. La presa di posizione di Villa Recalcati giunge a quasi cinque mesi dal primo altol\u00e0 lanciato dall&#8217;assessore provinciale all&#8217;Ambiente Francesco Pintus. Alle proteste degli abitanti e alle rimostranze dei comuni &#8211; che lamentavano nella zona intorno all&#8217;area di compostaggio la presenza di cattivi odori &#8211; la Provincia aveva infatti risposto con un sopralluogo lo scorso primo aprile a cui era seguita la richiesta alla societ\u00e0 di attuare gli interventi necessari per eliminare le emissioni maleodoranti.<br \/>\nIl provvedimento dell&#8217;assessorato provinciale all&#8217;Ambiente, \u00e8 stato firmato questa mattina e dispone una serie di adempimenti. Innanzitutto l&#8217;impianto non potr\u00e0 pi\u00f9 accogliere scarti vegetali o rifiuti organici per la trasformazione in compost. L&#8217;attivit\u00e0 dell&#8217;azienda potr\u00e0 proseguire fino a che non sia stato completamente trattato il materiale gi\u00e0 depositato. Entro e non oltre dieci giorni dalla data di notifica dell&#8217;atto,  dovr\u00e0 essere completamente asportato il compost depositato all&#8217;esterno dei box.<br \/>\nLa sospensione del conferimento dei rifiuti verdi non \u00e8 tuttavia a tempo indeterminato. Il provvedimento della Provincia prevede infatti che l&#8217;impianto potr\u00e0 riprendere la sua attivit\u00e0 quando attuer\u00e0 gli accorgimenti tecnici necessari per evitare emissioni maleodoranti. L&#8217;azienda dovr\u00e0 produrre un piano di bonifica e ripristino di tutte le aree interessate.<br \/>\n\u00abPertanto &#8211; si legge nella nota diffusa da Villa Recalcati &#8211; una volta che sar\u00e0 spostato tutto il compost precedentemente gi\u00e0 prodotto non sar\u00e0 consentito il deposito all&#8217;esterno dei box\u00bb. \u00abUn impianto autorizzato all&#8217;attivit\u00e0 ormai da anni non pu\u00f2 essere cancellato tout court &#8211; commenta Marco Reguzzoni presidente della Provincia &#8211; i provvedimenti tecnici e gli interventi richiesti questa primavera avrebbero potuto tuttavia contribuire ad evitare il problema delle emissioni maleodoranti, ora occorre da una parte tutelare i cittadini e la comunit\u00e0 e dall&#8217;altro fare in modo che l&#8217;azienda ottemperi agli accorgimenti tecnici richiesti\u00bb.  <\/p>\n","protected":false},"excerpt":{"rendered":"<p>Fino a quando l&#8217;azienda non attuer\u00e0 gli accorgimenti tecnici per eliminare gli odori non potranno pi\u00f9 essere depositati rifiuti verdi e organici. L&#8217;attivit\u00e0 dell&#8217;impianto resta bloccata <\/p>\n","protected":false},"author":10,"featured_media":0,"comment_status":"open","ping_status":"open","sticky":false,"template":"","format":"standard","meta":{"footnotes":""},"categories":[2],"tags":[],"acf":[],"yoast_head":"<!-- This site is optimized with the Yoast SEO plugin v20.1 - https:\/\/yoast.com\/wordpress\/plugins\/seo\/ -->\n<title>Compostaggio a Gemonio. La Provincia ordina lo stop<\/title>\n<meta name=\"description\" content=\"Fino a quando l&#039;azienda non attuer\u00e0 gli accorgimenti tecnici per eliminare gli odori non potranno pi\u00f9 essere depositati rifiuti verdi e organici. L&#039;attivit\u00e0 dell&#039;impianto resta bloccata\" \/>\n<meta name=\"robots\" content=\"noindex, follow, max-snippet:-1, max-image-preview:large, max-video-preview:-1\" \/>\n<meta property=\"og:locale\" content=\"it_IT\" \/>\n<meta property=\"og:type\" content=\"article\" \/>\n<meta property=\"og:title\" content=\"Compostaggio a Gemonio. La Provincia ordina lo stop\" \/>\n<meta property=\"og:description\" content=\"Fino a quando l&#039;azienda non attuer\u00e0 gli accorgimenti tecnici per eliminare gli odori non potranno pi\u00f9 essere depositati rifiuti verdi e organici. L&#039;attivit\u00e0 dell&#039;impianto resta bloccata\" \/>\n<meta property=\"og:url\" content=\"https:\/\/staging.varesenews.it\/2003\/08\/compostaggio-a-gemonio-la-provincia-ordina-lo-stop\/291260\/\" \/>\n<meta property=\"og:site_name\" content=\"VareseNews\" \/>\n<meta property=\"article:publisher\" content=\"https:\/\/www.facebook.com\/varesenews\" \/>\n<meta property=\"article:published_time\" content=\"2003-08-27T00:00:00+00:00\" \/>\n<meta name=\"author\" content=\"Redazione VareseNews\" \/>\n<meta name=\"twitter:card\" content=\"summary_large_image\" \/>\n<meta name=\"twitter:creator\" content=\"@varesenews\" \/>\n<meta name=\"twitter:site\" content=\"@varesenews\" \/>\n<meta name=\"twitter:label1\" content=\"Scritto da\" \/>\n\t<meta name=\"twitter:data1\" content=\"Redazione VareseNews\" \/>\n\t<meta name=\"twitter:label2\" content=\"Tempo di lettura stimato\" \/>\n\t<meta name=\"twitter:data2\" content=\"2 minuti\" \/>\n<script type=\"application\/ld+json\" class=\"yoast-schema-graph\">{\"@context\":\"https:\/\/schema.org\",\"@graph\":[{\"@type\":\"WebPage\",\"@id\":\"https:\/\/staging.varesenews.it\/2003\/08\/compostaggio-a-gemonio-la-provincia-ordina-lo-stop\/291260\/\",\"url\":\"https:\/\/staging.varesenews.it\/2003\/08\/compostaggio-a-gemonio-la-provincia-ordina-lo-stop\/291260\/\",\"name\":\"Compostaggio a Gemonio. La Provincia ordina lo stop\",\"isPartOf\":{\"@id\":\"https:\/\/staging.varesenews.it\/#website\"},\"datePublished\":\"2003-08-27T00:00:00+00:00\",\"dateModified\":\"2003-08-27T00:00:00+00:00\",\"author\":{\"@id\":\"https:\/\/staging.varesenews.it\/#\/schema\/person\/fb20c4da0b7b16c291707a20db73e169\"},\"description\":\"Fino a quando l'azienda non attuer\u00e0 gli accorgimenti tecnici per eliminare gli odori non potranno pi\u00f9 essere depositati rifiuti verdi e organici. L'attivit\u00e0 dell'impianto resta bloccata\",\"breadcrumb\":{\"@id\":\"https:\/\/staging.varesenews.it\/2003\/08\/compostaggio-a-gemonio-la-provincia-ordina-lo-stop\/291260\/#breadcrumb\"},\"inLanguage\":\"it-IT\",\"potentialAction\":[{\"@type\":\"ReadAction\",\"target\":[\"https:\/\/staging.varesenews.it\/2003\/08\/compostaggio-a-gemonio-la-provincia-ordina-lo-stop\/291260\/\"]}]},{\"@type\":\"BreadcrumbList\",\"@id\":\"https:\/\/staging.varesenews.it\/2003\/08\/compostaggio-a-gemonio-la-provincia-ordina-lo-stop\/291260\/#breadcrumb\",\"itemListElement\":[{\"@type\":\"ListItem\",\"position\":1,\"name\":\"Home\",\"item\":\"https:\/\/www.varesenews.it\/\"},{\"@type\":\"ListItem\",\"position\":2,\"name\":\"Compostaggio a Gemonio. La Provincia ordina lo stop\"}]},{\"@type\":\"WebSite\",\"@id\":\"https:\/\/staging.varesenews.it\/#website\",\"url\":\"https:\/\/staging.varesenews.it\/\",\"name\":\"VareseNews\",\"description\":\"\",\"potentialAction\":[{\"@type\":\"SearchAction\",\"target\":{\"@type\":\"EntryPoint\",\"urlTemplate\":\"https:\/\/staging.varesenews.it\/?s={search_term_string}\"},\"query-input\":\"required name=search_term_string\"}],\"inLanguage\":\"it-IT\"},{\"@type\":\"Person\",\"@id\":\"https:\/\/staging.varesenews.it\/#\/schema\/person\/fb20c4da0b7b16c291707a20db73e169\",\"name\":\"Redazione VareseNews\",\"image\":{\"@type\":\"ImageObject\",\"inLanguage\":\"it-IT\",\"@id\":\"https:\/\/staging.varesenews.it\/#\/schema\/person\/image\/\",\"url\":\"https:\/\/staging.varesenews.it\/wp-content\/uploads\/2020\/12\/logo_VN_colori_500.png\",\"contentUrl\":\"https:\/\/staging.varesenews.it\/wp-content\/uploads\/2020\/12\/logo_VN_colori_500.png\",\"caption\":\"Redazione VareseNews\"},\"url\":\"https:\/\/staging.varesenews.it\/persona\/redazione1\/\"}]}<\/script>\n<!-- \/ Yoast SEO plugin. -->","yoast_head_json":{"title":"Compostaggio a Gemonio. La Provincia ordina lo stop","description":"Fino a quando l'azienda non attuer\u00e0 gli accorgimenti tecnici per eliminare gli odori non potranno pi\u00f9 essere depositati rifiuti verdi e organici. L'attivit\u00e0 dell'impianto resta bloccata","robots":{"index":"noindex","follow":"follow","max-snippet":"max-snippet:-1","max-image-preview":"max-image-preview:large","max-video-preview":"max-video-preview:-1"},"og_locale":"it_IT","og_type":"article","og_title":"Compostaggio a Gemonio. La Provincia ordina lo stop","og_description":"Fino a quando l'azienda non attuer\u00e0 gli accorgimenti tecnici per eliminare gli odori non potranno pi\u00f9 essere depositati rifiuti verdi e organici. L'attivit\u00e0 dell'impianto resta bloccata","og_url":"https:\/\/staging.varesenews.it\/2003\/08\/compostaggio-a-gemonio-la-provincia-ordina-lo-stop\/291260\/","og_site_name":"VareseNews","article_publisher":"https:\/\/www.facebook.com\/varesenews","article_published_time":"2003-08-27T00:00:00+00:00","author":"Redazione VareseNews","twitter_card":"summary_large_image","twitter_creator":"@varesenews","twitter_site":"@varesenews","twitter_misc":{"Scritto da":"Redazione VareseNews","Tempo di lettura stimato":"2 minuti"},"schema":{"@context":"https:\/\/schema.org","@graph":[{"@type":"WebPage","@id":"https:\/\/staging.varesenews.it\/2003\/08\/compostaggio-a-gemonio-la-provincia-ordina-lo-stop\/291260\/","url":"https:\/\/staging.varesenews.it\/2003\/08\/compostaggio-a-gemonio-la-provincia-ordina-lo-stop\/291260\/","name":"Compostaggio a Gemonio. La Provincia ordina lo stop","isPartOf":{"@id":"https:\/\/staging.varesenews.it\/#website"},"datePublished":"2003-08-27T00:00:00+00:00","dateModified":"2003-08-27T00:00:00+00:00","author":{"@id":"https:\/\/staging.varesenews.it\/#\/schema\/person\/fb20c4da0b7b16c291707a20db73e169"},"description":"Fino a quando l'azienda non attuer\u00e0 gli accorgimenti tecnici per eliminare gli odori non potranno pi\u00f9 essere depositati rifiuti verdi e organici. L'attivit\u00e0 dell'impianto resta bloccata","breadcrumb":{"@id":"https:\/\/staging.varesenews.it\/2003\/08\/compostaggio-a-gemonio-la-provincia-ordina-lo-stop\/291260\/#breadcrumb"},"inLanguage":"it-IT","potentialAction":[{"@type":"ReadAction","target":["https:\/\/staging.varesenews.it\/2003\/08\/compostaggio-a-gemonio-la-provincia-ordina-lo-stop\/291260\/"]}]},{"@type":"BreadcrumbList","@id":"https:\/\/staging.varesenews.it\/2003\/08\/compostaggio-a-gemonio-la-provincia-ordina-lo-stop\/291260\/#breadcrumb","itemListElement":[{"@type":"ListItem","position":1,"name":"Home","item":"https:\/\/www.varesenews.it\/"},{"@type":"ListItem","position":2,"name":"Compostaggio a Gemonio. La Provincia ordina lo stop"}]},{"@type":"WebSite","@id":"https:\/\/staging.varesenews.it\/#website","url":"https:\/\/staging.varesenews.it\/","name":"VareseNews","description":"","potentialAction":[{"@type":"SearchAction","target":{"@type":"EntryPoint","urlTemplate":"https:\/\/staging.varesenews.it\/?s={search_term_string}"},"query-input":"required name=search_term_string"}],"inLanguage":"it-IT"},{"@type":"Person","@id":"https:\/\/staging.varesenews.it\/#\/schema\/person\/fb20c4da0b7b16c291707a20db73e169","name":"Redazione VareseNews","image":{"@type":"ImageObject","inLanguage":"it-IT","@id":"https:\/\/staging.varesenews.it\/#\/schema\/person\/image\/","url":"https:\/\/staging.varesenews.it\/wp-content\/uploads\/2020\/12\/logo_VN_colori_500.png","contentUrl":"https:\/\/staging.varesenews.it\/wp-content\/uploads\/2020\/12\/logo_VN_colori_500.png","caption":"Redazione VareseNews"},"url":"https:\/\/staging.varesenews.it\/persona\/redazione1\/"}]}},"post_meta":{"id_old":"4469","argomento":"Varese"},"photos":[],"_links":{"self":[{"href":"https:\/\/staging.varesenews.it\/swgapi\/v1\/wp\/v2\/posts\/291260"}],"collection":[{"href":"https:\/\/staging.varesenews.it\/swgapi\/v1\/wp\/v2\/posts"}],"about":[{"href":"https:\/\/staging.varesenews.it\/swgapi\/v1\/wp\/v2\/types\/post"}],"author":[{"embeddable":true,"href":"https:\/\/staging.varesenews.it\/swgapi\/v1\/wp\/v2\/users\/10"}],"replies":[{"embeddable":true,"href":"https:\/\/staging.varesenews.it\/swgapi\/v1\/wp\/v2\/comments?post=291260"}],"version-history":[{"count":0,"href":"https:\/\/staging.varesenews.it\/swgapi\/v1\/wp\/v2\/posts\/291260\/revisions"}],"wp:attachment":[{"href":"https:\/\/staging.varesenews.it\/swgapi\/v1\/wp\/v2\/media?parent=291260"}],"wp:term":[{"taxonomy":"category","embeddable":true,"href":"https:\/\/staging.varesenews.it\/swgapi\/v1\/wp\/v2\/categories?post=291260"},{"taxonomy":"post_tag","embeddable":true,"href":"https:\/\/staging.varesenews.it\/swgapi\/v1\/wp\/v2\/tags?post=291260"}],"curies":[{"name":"wp","href":"https:\/\/api.w.org\/{rel}","templated":true}]}}