{"id":291678,"date":"2003-04-18T00:00:00","date_gmt":"2003-04-18T00:00:00","guid":{"rendered":""},"modified":"2003-04-18T00:00:00","modified_gmt":"2003-04-18T00:00:00","slug":"ma-quale-mostra-del-libro-e-uno-spot-leghista","status":"publish","type":"post","link":"https:\/\/staging.varesenews.it\/2003\/04\/ma-quale-mostra-del-libro-e-uno-spot-leghista\/291678\/","title":{"rendered":"\u00abMa quale mostra del libro: \r\n\u00e8 uno spot leghista\u00bb"},"content":{"rendered":"<p>\u00abAltro che mostra del libro e iniziativa culturale. Viva Libro Busto Arsizio resta un&#8217;iniziativa di parte e di cultura leghista, neanche dialettale\u00bb. Almeno per le forze dell&#8217;opposizione. Tante le critiche e quello che proprio non va gi\u00f9 a Progressisti, Margherita e Rifondazione \u00e8 quel premio letterario in dialetto bustocco. Un fuoco di fila sulla manifestazione che gioved\u00ec sera ha portato ad un  confronto molto vivace durante la commissione cultura convocata a villa Tovaglieri, su richiesta delle minoranze, proprio per discutere dell&#8217;iniziativa organizzata dall&#8217;assessorato alla promozione del territorio e presentata tempo fa durante una conferenza stampa a Palazzo Gilardoni.<br \/>\nPerch\u00e9 questa iniziativa \u00e8 stata organizzata dall&#8217;assessorato di Luciana Ruffunelli? \u00c8 la prima domanda dei consiglieri di minoranza. Ma le richieste di chiarimenti sono anche altre e le hanno esposte Marielle Pecchini e Ovidio Di Paola dei Progressisti. \u00abSi tratta di una iniziaitva culturale o commerciale?\u00bb dice Pecchini e con quali soldi sar\u00e0 finanziata, chi coordina l&#8217;iniziativa, quali le spese, come saranno scelte le opere che vinceranno il premio e perch\u00e9 l&#8217;assessorato alla cultura non \u00e8 stato investito della  gestione. A criticare Viva Libro c&#8217;\u00e8 anche il consigliere Audio Porfidio del gruppo misto. \u00abQuesto \u00e8 uno spreco di denaro pubblico, non sono pi\u00f9 importanti i soldi per l&#8217;illuminazione e per i buchi sulle strade?\u00bb sentenzia.<br \/>\n\u00abNon di solo asfalto vive la citt\u00e0 \u00bb risponde Alberto Armiraglio, assessore alla cultura. \u00abGli assessorati possono interagire fra di loro &#8211; continua &#8211; quando la giunta decise insieme di portare avanti questa iniziativa, valutammo anche che l&#8217;avrebbe gestita in parte l&#8217;assessorato della promozione del territorio, perch\u00e9 questa struttura allora era impegnata nel festival del cinema\u00bb.<br \/>\n\u00abUna mostra del libro, come i mercatini puntano a promuovere la citt\u00e0 coinvolgendo una utenza che arriva anche da fuori e questo significa anche promozione del territorio\u00bb \u00e8 la prima replica di Ruffinelli. Quanto al budget (la tensostruttura costa settemila euro, e i costi per tutta la realizzazione si aggirano intorno ai 18mila) \u00e8 spalmato sugli assessorati alla cultura e promozione al territorio. \u00abInoltre per quasi la met\u00e0 ci sar\u00e0 l&#8217;intervento degli sponsor\u00bb dice ancora Ruffinelli.<br \/>\nTroppo ottimista l&#8217;assessore per Davide Pozzi della Margherita. \u00abI mercatini di Natale hanno portato a Busto molte persone, ma alla fine ad essere promosso \u00e8 stato il vino dell&#8217;oltrepo pavese\u00bb ribatte. E il suo intervento si concentra sul ruolo delle commissioni. Avrebbe potuto essere consultata per dare il suo contributo. Un invito che alla fine viene rivolto all&#8217;assessore Ruffinelli anche dal presidente della commissione cultura Walter Fazio (Udc) e Franco Binaghi (Forza Italia). Invito raccolto dall&#8217;assessore.<br \/>\nRimane il premio in dialetto bustocco che anima gli interventi. \u00abLo avevamo pensato per produrre una raccolta da inserire o affiancare al Tarlisu che consegnamo ogni anno alle scuole\u00bb dice Ruffinelli. \u00abMa il Tarlisu \u00e8 tradizione e cultura\u00bb ribatte Pecchini che nutre dubbi sulla qualit\u00e0 finale delle opere presentate in concorso.<br \/>\nAlla fine dice la sua anche l&#8217;assessore leghista Paola Reguzzoni, presente alla commissione per presentare i tirocini formativi. \u00abSe un premio in dialetto \u00e8 istituito a Roma o a Napoli \u00e8 cultura se lo facciamo qui \u00e8 cultura leghista\u00bb. \u00abSi ma a Roma non ci sono i cartelli delle citt\u00e0 scritte in dialetto\u00bb ribatte Pozzi (Margherita). <\/p>\n","protected":false},"excerpt":{"rendered":"<p>Busto Arsizio &#8211; Botta e risposta su Viva libro in commissione cultura<\/p>\n","protected":false},"author":10,"featured_media":0,"comment_status":"open","ping_status":"open","sticky":false,"template":"","format":"standard","meta":{"footnotes":""},"categories":[4],"tags":[],"acf":[],"yoast_head":"<!-- This site is optimized with the Yoast SEO plugin v20.1 - https:\/\/yoast.com\/wordpress\/plugins\/seo\/ -->\n<title>\u00abMa quale mostra del libro:  \u00e8 uno spot leghista\u00bb<\/title>\n<meta name=\"description\" content=\"Busto Arsizio - Botta e risposta su Viva libro in commissione cultura\" \/>\n<meta name=\"robots\" content=\"noindex, follow, max-snippet:-1, max-image-preview:large, max-video-preview:-1\" \/>\n<meta property=\"og:locale\" content=\"it_IT\" \/>\n<meta property=\"og:type\" content=\"article\" \/>\n<meta property=\"og:title\" content=\"\u00abMa quale mostra del libro:  \u00e8 uno spot leghista\u00bb\" \/>\n<meta property=\"og:description\" content=\"Busto Arsizio - Botta e risposta su Viva libro in commissione cultura\" \/>\n<meta property=\"og:url\" content=\"https:\/\/staging.varesenews.it\/2003\/04\/ma-quale-mostra-del-libro-e-uno-spot-leghista\/291678\/\" \/>\n<meta property=\"og:site_name\" content=\"VareseNews\" \/>\n<meta property=\"article:publisher\" content=\"https:\/\/www.facebook.com\/varesenews\" \/>\n<meta property=\"article:published_time\" content=\"2003-04-18T00:00:00+00:00\" \/>\n<meta name=\"author\" content=\"Redazione VareseNews\" \/>\n<meta name=\"twitter:card\" content=\"summary_large_image\" \/>\n<meta name=\"twitter:creator\" content=\"@varesenews\" \/>\n<meta name=\"twitter:site\" content=\"@varesenews\" \/>\n<meta name=\"twitter:label1\" content=\"Scritto da\" \/>\n\t<meta name=\"twitter:data1\" content=\"Redazione VareseNews\" \/>\n\t<meta name=\"twitter:label2\" content=\"Tempo di lettura stimato\" \/>\n\t<meta name=\"twitter:data2\" content=\"3 minuti\" \/>\n<script type=\"application\/ld+json\" class=\"yoast-schema-graph\">{\"@context\":\"https:\/\/schema.org\",\"@graph\":[{\"@type\":\"WebPage\",\"@id\":\"https:\/\/staging.varesenews.it\/2003\/04\/ma-quale-mostra-del-libro-e-uno-spot-leghista\/291678\/\",\"url\":\"https:\/\/staging.varesenews.it\/2003\/04\/ma-quale-mostra-del-libro-e-uno-spot-leghista\/291678\/\",\"name\":\"\u00abMa quale mostra del libro: \u00e8 uno spot leghista\u00bb\",\"isPartOf\":{\"@id\":\"https:\/\/staging.varesenews.it\/#website\"},\"datePublished\":\"2003-04-18T00:00:00+00:00\",\"dateModified\":\"2003-04-18T00:00:00+00:00\",\"author\":{\"@id\":\"https:\/\/staging.varesenews.it\/#\/schema\/person\/fb20c4da0b7b16c291707a20db73e169\"},\"description\":\"Busto Arsizio - Botta e risposta su Viva libro in commissione cultura\",\"breadcrumb\":{\"@id\":\"https:\/\/staging.varesenews.it\/2003\/04\/ma-quale-mostra-del-libro-e-uno-spot-leghista\/291678\/#breadcrumb\"},\"inLanguage\":\"it-IT\",\"potentialAction\":[{\"@type\":\"ReadAction\",\"target\":[\"https:\/\/staging.varesenews.it\/2003\/04\/ma-quale-mostra-del-libro-e-uno-spot-leghista\/291678\/\"]}]},{\"@type\":\"BreadcrumbList\",\"@id\":\"https:\/\/staging.varesenews.it\/2003\/04\/ma-quale-mostra-del-libro-e-uno-spot-leghista\/291678\/#breadcrumb\",\"itemListElement\":[{\"@type\":\"ListItem\",\"position\":1,\"name\":\"Home\",\"item\":\"https:\/\/www.varesenews.it\/\"},{\"@type\":\"ListItem\",\"position\":2,\"name\":\"\u00abMa quale mostra del libro: \u00e8 uno spot leghista\u00bb\"}]},{\"@type\":\"WebSite\",\"@id\":\"https:\/\/staging.varesenews.it\/#website\",\"url\":\"https:\/\/staging.varesenews.it\/\",\"name\":\"VareseNews\",\"description\":\"\",\"potentialAction\":[{\"@type\":\"SearchAction\",\"target\":{\"@type\":\"EntryPoint\",\"urlTemplate\":\"https:\/\/staging.varesenews.it\/?s={search_term_string}\"},\"query-input\":\"required name=search_term_string\"}],\"inLanguage\":\"it-IT\"},{\"@type\":\"Person\",\"@id\":\"https:\/\/staging.varesenews.it\/#\/schema\/person\/fb20c4da0b7b16c291707a20db73e169\",\"name\":\"Redazione VareseNews\",\"image\":{\"@type\":\"ImageObject\",\"inLanguage\":\"it-IT\",\"@id\":\"https:\/\/staging.varesenews.it\/#\/schema\/person\/image\/\",\"url\":\"https:\/\/staging.varesenews.it\/wp-content\/uploads\/2020\/12\/logo_VN_colori_500.png\",\"contentUrl\":\"https:\/\/staging.varesenews.it\/wp-content\/uploads\/2020\/12\/logo_VN_colori_500.png\",\"caption\":\"Redazione VareseNews\"},\"url\":\"https:\/\/staging.varesenews.it\/persona\/redazione1\/\"}]}<\/script>\n<!-- \/ Yoast SEO plugin. -->","yoast_head_json":{"title":"\u00abMa quale mostra del libro:  \u00e8 uno spot leghista\u00bb","description":"Busto Arsizio - Botta e risposta su Viva libro in commissione cultura","robots":{"index":"noindex","follow":"follow","max-snippet":"max-snippet:-1","max-image-preview":"max-image-preview:large","max-video-preview":"max-video-preview:-1"},"og_locale":"it_IT","og_type":"article","og_title":"\u00abMa quale mostra del libro:  \u00e8 uno spot leghista\u00bb","og_description":"Busto Arsizio - Botta e risposta su Viva libro in commissione cultura","og_url":"https:\/\/staging.varesenews.it\/2003\/04\/ma-quale-mostra-del-libro-e-uno-spot-leghista\/291678\/","og_site_name":"VareseNews","article_publisher":"https:\/\/www.facebook.com\/varesenews","article_published_time":"2003-04-18T00:00:00+00:00","author":"Redazione VareseNews","twitter_card":"summary_large_image","twitter_creator":"@varesenews","twitter_site":"@varesenews","twitter_misc":{"Scritto da":"Redazione VareseNews","Tempo di lettura stimato":"3 minuti"},"schema":{"@context":"https:\/\/schema.org","@graph":[{"@type":"WebPage","@id":"https:\/\/staging.varesenews.it\/2003\/04\/ma-quale-mostra-del-libro-e-uno-spot-leghista\/291678\/","url":"https:\/\/staging.varesenews.it\/2003\/04\/ma-quale-mostra-del-libro-e-uno-spot-leghista\/291678\/","name":"\u00abMa quale mostra del libro: \u00e8 uno spot leghista\u00bb","isPartOf":{"@id":"https:\/\/staging.varesenews.it\/#website"},"datePublished":"2003-04-18T00:00:00+00:00","dateModified":"2003-04-18T00:00:00+00:00","author":{"@id":"https:\/\/staging.varesenews.it\/#\/schema\/person\/fb20c4da0b7b16c291707a20db73e169"},"description":"Busto Arsizio - Botta e risposta su Viva libro in commissione cultura","breadcrumb":{"@id":"https:\/\/staging.varesenews.it\/2003\/04\/ma-quale-mostra-del-libro-e-uno-spot-leghista\/291678\/#breadcrumb"},"inLanguage":"it-IT","potentialAction":[{"@type":"ReadAction","target":["https:\/\/staging.varesenews.it\/2003\/04\/ma-quale-mostra-del-libro-e-uno-spot-leghista\/291678\/"]}]},{"@type":"BreadcrumbList","@id":"https:\/\/staging.varesenews.it\/2003\/04\/ma-quale-mostra-del-libro-e-uno-spot-leghista\/291678\/#breadcrumb","itemListElement":[{"@type":"ListItem","position":1,"name":"Home","item":"https:\/\/www.varesenews.it\/"},{"@type":"ListItem","position":2,"name":"\u00abMa quale mostra del libro: \u00e8 uno spot leghista\u00bb"}]},{"@type":"WebSite","@id":"https:\/\/staging.varesenews.it\/#website","url":"https:\/\/staging.varesenews.it\/","name":"VareseNews","description":"","potentialAction":[{"@type":"SearchAction","target":{"@type":"EntryPoint","urlTemplate":"https:\/\/staging.varesenews.it\/?s={search_term_string}"},"query-input":"required name=search_term_string"}],"inLanguage":"it-IT"},{"@type":"Person","@id":"https:\/\/staging.varesenews.it\/#\/schema\/person\/fb20c4da0b7b16c291707a20db73e169","name":"Redazione VareseNews","image":{"@type":"ImageObject","inLanguage":"it-IT","@id":"https:\/\/staging.varesenews.it\/#\/schema\/person\/image\/","url":"https:\/\/staging.varesenews.it\/wp-content\/uploads\/2020\/12\/logo_VN_colori_500.png","contentUrl":"https:\/\/staging.varesenews.it\/wp-content\/uploads\/2020\/12\/logo_VN_colori_500.png","caption":"Redazione VareseNews"},"url":"https:\/\/staging.varesenews.it\/persona\/redazione1\/"}]}},"post_meta":{"id_old":"4039","argomento":"Busto Arsizio","autore_old":"Catia Spagnolo"},"photos":[],"_links":{"self":[{"href":"https:\/\/staging.varesenews.it\/swgapi\/v1\/wp\/v2\/posts\/291678"}],"collection":[{"href":"https:\/\/staging.varesenews.it\/swgapi\/v1\/wp\/v2\/posts"}],"about":[{"href":"https:\/\/staging.varesenews.it\/swgapi\/v1\/wp\/v2\/types\/post"}],"author":[{"embeddable":true,"href":"https:\/\/staging.varesenews.it\/swgapi\/v1\/wp\/v2\/users\/10"}],"replies":[{"embeddable":true,"href":"https:\/\/staging.varesenews.it\/swgapi\/v1\/wp\/v2\/comments?post=291678"}],"version-history":[{"count":0,"href":"https:\/\/staging.varesenews.it\/swgapi\/v1\/wp\/v2\/posts\/291678\/revisions"}],"wp:attachment":[{"href":"https:\/\/staging.varesenews.it\/swgapi\/v1\/wp\/v2\/media?parent=291678"}],"wp:term":[{"taxonomy":"category","embeddable":true,"href":"https:\/\/staging.varesenews.it\/swgapi\/v1\/wp\/v2\/categories?post=291678"},{"taxonomy":"post_tag","embeddable":true,"href":"https:\/\/staging.varesenews.it\/swgapi\/v1\/wp\/v2\/tags?post=291678"}],"curies":[{"name":"wp","href":"https:\/\/api.w.org\/{rel}","templated":true}]}}