{"id":291680,"date":"2003-06-16T00:00:00","date_gmt":"2003-06-16T00:00:00","guid":{"rendered":""},"modified":"2003-06-16T00:00:00","modified_gmt":"2003-06-16T00:00:00","slug":"ospedali-del-verbano-retromarcia-della-regione","status":"publish","type":"post","link":"https:\/\/staging.varesenews.it\/2003\/06\/ospedali-del-verbano-retromarcia-della-regione\/291680\/","title":{"rendered":"Ospedali del Verbano, retromarcia della Regione"},"content":{"rendered":"<p>Spetter\u00e0 ad una commissione &#8220;tecnico-politica&#8221; fare chiarezza sul futuro della sanit\u00e0 nell&#8217;Alto Varesotto, cos\u00ec da offrire ai sindaci gli strumenti per decidere, entro tempi strettissimi, dove destinare i fondi previsti dal piano regionale sull&#8217;edilizia sanitaria per i presidi del Verbano. Sul piatto della bilancia 32 milioni e 300 mila euro da destinarsi, secondo gli intendimenti dell&#8217;ultima delibera regionale, alternativamente, o per la realizzazione del nuovo ospedale di Cassano Valcuvia, o per il potenziamento delle due strutture che vanno oggi a comporre il plesso del Verbano, vale a dire Luinio e Cittiglio. La &#8220;linea morbida&#8221; della Regione sulla sanit\u00e0 nell&#8217;Alto Varesotto, scelta solo qualche settimana fa a fronte di 10 mila firme di cittadini e decine di consigli comunali che hanno deliberato contro la realizzazione del nuovo ospedale, quindi, \u00e8 prevalsa anche nella riunione di oggi, luned\u00ec 16 giugno all&#8217;aula magna del dipartimento di Biologia, dove erano presenti numerosi amministratori locali, politici, oltre ai vertici dell&#8217;Azienda Ospedaliera. Un incontro voluto dal direttore dell&#8217;Azienda Roberto Rotasperti, dopo mesi di tira e molla tra i sindaci dell&#8217;Alto Varesotto, contrari al nuovo ospedale, e la linea della Regione, che nel corso dell&#8217;assemblea ha chiesto di nuovo l&#8217;aiuto dei sindaci per decidere su questioni sanitarie, sterzando comunque in modo netto e ponendosi apertamente contro la realizzazione del nuovo ospedale di Cassano Valcuvia. In sala, infatti, era presente anche l&#8217;ex presidente della commissione sanit\u00e0 Massimo Buscemi, ora componente della giunta Formigoni che si \u00e8 espresso contro la realizzazione del nuovo ospedale del Verbano. \u00abE&#8217; una follia, &#8211; ha affermato Buscemi &#8211; la realizzazione del nuovo ospedale di Cassano Valcuvia, a fronte delle due strutture gi\u00e0 esistenti sul territorio, vale a dire Luino e Cittiglio. La decisione per la destinazione dei fondi previsti dalla delibera regionale spetter\u00e0 comunque ai sindaci dei comuni serviti dai due ospedali\u00bb. La patata bollente, per dirla con le parole del sindaco di Luino Gianercole Mentasti, passa ancora una volta ai sindaci, chiamati a decidere sulla sorte delle strutture. E per farlo gli amministratori locali saranno aiutati da una commissione proposta dallo stesso Buscemi per definire i diversi scenari che risulteranno a seconda dell&#8217;utilizzo dei fondi per la realizzazione del nuovo ospedale o per il potenziamento dei due esistenti. La commissione sar\u00e0 composta dal direttore generale dell&#8217;Azienda Ospedaliera di Varese, da Stefano Zenoni, direttore sanitario, dal presidente della Provincia di Varese (rappresentato dall&#8217;assessore alle politiche sociali Rienzo Azzi), dai sindaci di Cuasso, Luino e Cittiglio, oltre che da altri rappresentanti delle comunit\u00e0, vale a dire le comunit\u00e0 montane e i vertici dei due distretti Asl interessati, Luino e Cittiglio, oltre che dai rappresentanti sindacali. L&#8217;organo si riunir\u00e0 a partire da luned\u00ec prossimo e relazioner\u00e0 all&#8217;assemblea finale dei sindaci, convocata da Rotasperti per il prossimo primo di luglio.<br \/>\nDiverse le voci dei politici presenti in sala che hanno appoggiato la costituzione della commissione. Soddisfatto il senatore Pellicini e il collega Maffioli (Cdl), pi\u00f9 critico il consigliere regionale Adamoli della Margherita, il  quale si \u00e8 auspicato che il confronto verta non solo sull&#8217;ipotesi di potenziamento delle strutture esistenti ma anche sull&#8217;ipotesi del nuovo ospedale. <\/p>\n","protected":false},"excerpt":{"rendered":"<p>\u00abUna follia\u00bb, secondo il consigliere regionale Buscemi (FI). Un gruppo di lavoro aiuter\u00e0 i sindaci a decidere<\/p>\n","protected":false},"author":10,"featured_media":0,"comment_status":"open","ping_status":"open","sticky":false,"template":"","format":"standard","meta":{"footnotes":""},"categories":[2],"tags":[],"acf":[],"yoast_head":"<!-- This site is optimized with the Yoast SEO plugin v20.1 - https:\/\/yoast.com\/wordpress\/plugins\/seo\/ -->\n<title>Ospedali del Verbano, retromarcia della Regione<\/title>\n<meta name=\"description\" content=\"\u00abUna follia\u00bb, secondo il consigliere regionale Buscemi (FI). Un gruppo di lavoro aiuter\u00e0 i sindaci a decidere\" \/>\n<meta name=\"robots\" content=\"noindex, follow, max-snippet:-1, max-image-preview:large, max-video-preview:-1\" \/>\n<meta property=\"og:locale\" content=\"it_IT\" \/>\n<meta property=\"og:type\" content=\"article\" \/>\n<meta property=\"og:title\" content=\"Ospedali del Verbano, retromarcia della Regione\" \/>\n<meta property=\"og:description\" content=\"\u00abUna follia\u00bb, secondo il consigliere regionale Buscemi (FI). Un gruppo di lavoro aiuter\u00e0 i sindaci a decidere\" \/>\n<meta property=\"og:url\" content=\"https:\/\/staging.varesenews.it\/2003\/06\/ospedali-del-verbano-retromarcia-della-regione\/291680\/\" \/>\n<meta property=\"og:site_name\" content=\"VareseNews\" \/>\n<meta property=\"article:publisher\" content=\"https:\/\/www.facebook.com\/varesenews\" \/>\n<meta property=\"article:published_time\" content=\"2003-06-16T00:00:00+00:00\" \/>\n<meta name=\"author\" content=\"Redazione VareseNews\" \/>\n<meta name=\"twitter:card\" content=\"summary_large_image\" \/>\n<meta name=\"twitter:creator\" content=\"@varesenews\" \/>\n<meta name=\"twitter:site\" content=\"@varesenews\" \/>\n<meta name=\"twitter:label1\" content=\"Scritto da\" \/>\n\t<meta name=\"twitter:data1\" content=\"Redazione VareseNews\" \/>\n\t<meta name=\"twitter:label2\" content=\"Tempo di lettura stimato\" \/>\n\t<meta name=\"twitter:data2\" content=\"3 minuti\" \/>\n<script type=\"application\/ld+json\" class=\"yoast-schema-graph\">{\"@context\":\"https:\/\/schema.org\",\"@graph\":[{\"@type\":\"WebPage\",\"@id\":\"https:\/\/staging.varesenews.it\/2003\/06\/ospedali-del-verbano-retromarcia-della-regione\/291680\/\",\"url\":\"https:\/\/staging.varesenews.it\/2003\/06\/ospedali-del-verbano-retromarcia-della-regione\/291680\/\",\"name\":\"Ospedali del Verbano, retromarcia della Regione\",\"isPartOf\":{\"@id\":\"https:\/\/staging.varesenews.it\/#website\"},\"datePublished\":\"2003-06-16T00:00:00+00:00\",\"dateModified\":\"2003-06-16T00:00:00+00:00\",\"author\":{\"@id\":\"https:\/\/staging.varesenews.it\/#\/schema\/person\/fb20c4da0b7b16c291707a20db73e169\"},\"description\":\"\u00abUna follia\u00bb, secondo il consigliere regionale Buscemi (FI). Un gruppo di lavoro aiuter\u00e0 i sindaci a decidere\",\"breadcrumb\":{\"@id\":\"https:\/\/staging.varesenews.it\/2003\/06\/ospedali-del-verbano-retromarcia-della-regione\/291680\/#breadcrumb\"},\"inLanguage\":\"it-IT\",\"potentialAction\":[{\"@type\":\"ReadAction\",\"target\":[\"https:\/\/staging.varesenews.it\/2003\/06\/ospedali-del-verbano-retromarcia-della-regione\/291680\/\"]}]},{\"@type\":\"BreadcrumbList\",\"@id\":\"https:\/\/staging.varesenews.it\/2003\/06\/ospedali-del-verbano-retromarcia-della-regione\/291680\/#breadcrumb\",\"itemListElement\":[{\"@type\":\"ListItem\",\"position\":1,\"name\":\"Home\",\"item\":\"https:\/\/www.varesenews.it\/\"},{\"@type\":\"ListItem\",\"position\":2,\"name\":\"Ospedali del Verbano, retromarcia della Regione\"}]},{\"@type\":\"WebSite\",\"@id\":\"https:\/\/staging.varesenews.it\/#website\",\"url\":\"https:\/\/staging.varesenews.it\/\",\"name\":\"VareseNews\",\"description\":\"\",\"potentialAction\":[{\"@type\":\"SearchAction\",\"target\":{\"@type\":\"EntryPoint\",\"urlTemplate\":\"https:\/\/staging.varesenews.it\/?s={search_term_string}\"},\"query-input\":\"required name=search_term_string\"}],\"inLanguage\":\"it-IT\"},{\"@type\":\"Person\",\"@id\":\"https:\/\/staging.varesenews.it\/#\/schema\/person\/fb20c4da0b7b16c291707a20db73e169\",\"name\":\"Redazione VareseNews\",\"image\":{\"@type\":\"ImageObject\",\"inLanguage\":\"it-IT\",\"@id\":\"https:\/\/staging.varesenews.it\/#\/schema\/person\/image\/\",\"url\":\"https:\/\/staging.varesenews.it\/wp-content\/uploads\/2020\/12\/logo_VN_colori_500.png\",\"contentUrl\":\"https:\/\/staging.varesenews.it\/wp-content\/uploads\/2020\/12\/logo_VN_colori_500.png\",\"caption\":\"Redazione VareseNews\"},\"url\":\"https:\/\/staging.varesenews.it\/persona\/redazione1\/\"}]}<\/script>\n<!-- \/ Yoast SEO plugin. -->","yoast_head_json":{"title":"Ospedali del Verbano, retromarcia della Regione","description":"\u00abUna follia\u00bb, secondo il consigliere regionale Buscemi (FI). Un gruppo di lavoro aiuter\u00e0 i sindaci a decidere","robots":{"index":"noindex","follow":"follow","max-snippet":"max-snippet:-1","max-image-preview":"max-image-preview:large","max-video-preview":"max-video-preview:-1"},"og_locale":"it_IT","og_type":"article","og_title":"Ospedali del Verbano, retromarcia della Regione","og_description":"\u00abUna follia\u00bb, secondo il consigliere regionale Buscemi (FI). Un gruppo di lavoro aiuter\u00e0 i sindaci a decidere","og_url":"https:\/\/staging.varesenews.it\/2003\/06\/ospedali-del-verbano-retromarcia-della-regione\/291680\/","og_site_name":"VareseNews","article_publisher":"https:\/\/www.facebook.com\/varesenews","article_published_time":"2003-06-16T00:00:00+00:00","author":"Redazione VareseNews","twitter_card":"summary_large_image","twitter_creator":"@varesenews","twitter_site":"@varesenews","twitter_misc":{"Scritto da":"Redazione VareseNews","Tempo di lettura stimato":"3 minuti"},"schema":{"@context":"https:\/\/schema.org","@graph":[{"@type":"WebPage","@id":"https:\/\/staging.varesenews.it\/2003\/06\/ospedali-del-verbano-retromarcia-della-regione\/291680\/","url":"https:\/\/staging.varesenews.it\/2003\/06\/ospedali-del-verbano-retromarcia-della-regione\/291680\/","name":"Ospedali del Verbano, retromarcia della Regione","isPartOf":{"@id":"https:\/\/staging.varesenews.it\/#website"},"datePublished":"2003-06-16T00:00:00+00:00","dateModified":"2003-06-16T00:00:00+00:00","author":{"@id":"https:\/\/staging.varesenews.it\/#\/schema\/person\/fb20c4da0b7b16c291707a20db73e169"},"description":"\u00abUna follia\u00bb, secondo il consigliere regionale Buscemi (FI). Un gruppo di lavoro aiuter\u00e0 i sindaci a decidere","breadcrumb":{"@id":"https:\/\/staging.varesenews.it\/2003\/06\/ospedali-del-verbano-retromarcia-della-regione\/291680\/#breadcrumb"},"inLanguage":"it-IT","potentialAction":[{"@type":"ReadAction","target":["https:\/\/staging.varesenews.it\/2003\/06\/ospedali-del-verbano-retromarcia-della-regione\/291680\/"]}]},{"@type":"BreadcrumbList","@id":"https:\/\/staging.varesenews.it\/2003\/06\/ospedali-del-verbano-retromarcia-della-regione\/291680\/#breadcrumb","itemListElement":[{"@type":"ListItem","position":1,"name":"Home","item":"https:\/\/www.varesenews.it\/"},{"@type":"ListItem","position":2,"name":"Ospedali del Verbano, retromarcia della Regione"}]},{"@type":"WebSite","@id":"https:\/\/staging.varesenews.it\/#website","url":"https:\/\/staging.varesenews.it\/","name":"VareseNews","description":"","potentialAction":[{"@type":"SearchAction","target":{"@type":"EntryPoint","urlTemplate":"https:\/\/staging.varesenews.it\/?s={search_term_string}"},"query-input":"required name=search_term_string"}],"inLanguage":"it-IT"},{"@type":"Person","@id":"https:\/\/staging.varesenews.it\/#\/schema\/person\/fb20c4da0b7b16c291707a20db73e169","name":"Redazione VareseNews","image":{"@type":"ImageObject","inLanguage":"it-IT","@id":"https:\/\/staging.varesenews.it\/#\/schema\/person\/image\/","url":"https:\/\/staging.varesenews.it\/wp-content\/uploads\/2020\/12\/logo_VN_colori_500.png","contentUrl":"https:\/\/staging.varesenews.it\/wp-content\/uploads\/2020\/12\/logo_VN_colori_500.png","caption":"Redazione VareseNews"},"url":"https:\/\/staging.varesenews.it\/persona\/redazione1\/"}]}},"post_meta":{"id_old":"4037","argomento":"Varese","autore_old":"Andrea Camurani"},"photos":[],"_links":{"self":[{"href":"https:\/\/staging.varesenews.it\/swgapi\/v1\/wp\/v2\/posts\/291680"}],"collection":[{"href":"https:\/\/staging.varesenews.it\/swgapi\/v1\/wp\/v2\/posts"}],"about":[{"href":"https:\/\/staging.varesenews.it\/swgapi\/v1\/wp\/v2\/types\/post"}],"author":[{"embeddable":true,"href":"https:\/\/staging.varesenews.it\/swgapi\/v1\/wp\/v2\/users\/10"}],"replies":[{"embeddable":true,"href":"https:\/\/staging.varesenews.it\/swgapi\/v1\/wp\/v2\/comments?post=291680"}],"version-history":[{"count":0,"href":"https:\/\/staging.varesenews.it\/swgapi\/v1\/wp\/v2\/posts\/291680\/revisions"}],"wp:attachment":[{"href":"https:\/\/staging.varesenews.it\/swgapi\/v1\/wp\/v2\/media?parent=291680"}],"wp:term":[{"taxonomy":"category","embeddable":true,"href":"https:\/\/staging.varesenews.it\/swgapi\/v1\/wp\/v2\/categories?post=291680"},{"taxonomy":"post_tag","embeddable":true,"href":"https:\/\/staging.varesenews.it\/swgapi\/v1\/wp\/v2\/tags?post=291680"}],"curies":[{"name":"wp","href":"https:\/\/api.w.org\/{rel}","templated":true}]}}