{"id":293302,"date":"2003-01-15T00:00:00","date_gmt":"2003-01-15T00:00:00","guid":{"rendered":""},"modified":"2003-01-15T00:00:00","modified_gmt":"2003-01-15T00:00:00","slug":"forza-italia-patto-per-il-territorio-per-lo-sviluppo-della-citta","status":"publish","type":"post","link":"https:\/\/staging.varesenews.it\/2003\/01\/forza-italia-patto-per-il-territorio-per-lo-sviluppo-della-citta\/293302\/","title":{"rendered":"Forza Italia: \u00abPatto per il territorio per lo sviluppo della citt\u00e0\u00bb"},"content":{"rendered":"<p>\u00abQuello che stiamo facendo lo dobbiamo anche al Patto per il territorio stipulato con i saronnesi\u00bb. Con queste parole Forza Italia risponde alle recenti critiche mosse dal coordinatore del centrosinistra Angelo Proserpio e dal consigliere comunale di &#8220;Una citta per tutti&#8221; Roberto Guaglianone. Il primo accusava l\u2019attuale amministrazione di aver fatto ben poco per la citt\u00e0, mentre il secondo si scagliava contro l\u2019approvazione delle linee guida, recentemente approvate dal consiglio comunale, per la riqualificazione delle grandi aree dimesse.<br \/>\nSecondo Andrea Rezzonico, pro-Coordinatore cittadino di Forza Italia e Presidente del Club Don Sturzo, \u00abSe facessimo un\u2019istruttoria, un esame, di quanto ha realizzato l\u2019attuale Amministrazione comunale dalla sua elezione ad oggi emergono realt\u00e0 che vanno ben al di l\u00e0 dell\u2019ordinaria amministrazione, basti vedere di quanto \u00e8 aumentato il valore degli investimenti. Purtroppo non abbiamo spazio a sufficienza per esporre tutti i fatti ma, ci pare di poter dire con tranquillit\u00e0 che cose buone ne abbiamo pur fatte, sebbene tutto sia perfettibile e ottimizzabile\u00bb. Rezzonico sottolinea inoltre che quando in una minoranza \u00e8 assente la caratteristica propositiva \u00abla minoranza o \u00e8 senza idee, oppure non trova proprio niente di critico nell\u2019opera di chi amministra. Pensiamo che queste siano le ragione per cui ancor oggi la sinistra si trovi allo sbando, senza un programma, senza contatto con la cittadinanza e in continuo calo di fiducia da parte degli elettori. E\u2019 addirittura il caso di domandarsi se, nei fatti, Proserpio sia veramente il coordinatore della sinistra\u00bb.<br \/>\nPer quanto riguarda le affermazioni di Guaglianone sull\u2019invivibilit\u00e0 della citt\u00e0 \u00abCerto non siamo nell\u2019Eden ma, non ci pare il caso di disprezzare cos\u00ec la nostra citt\u00e0. Al di l\u00e0 dell\u2019innocua favoletta  dell\u2019Epifania, ci preoccupano le tante bugie e le allarmistiche grida diametralemte opposte alla realt\u00e0, lanciate del consigliere di \u201cCitt\u00e0 per tutti\u201d. Costui si inventa che la nostra maggioranza apporter\u00e0 un\u2019ondata di cemento sulle aree dell\u2019ex Isotta Fraschini, Cemsa, GB, comprese fra le vie Varese, Milano e Lanino a vantaggio di pochi speculatori. Dichiariamo con fermezza che la verit\u00e0 \u00e8 l\u2019esatto contrario. Da tali aree, infatti, vengono eliminati 90 mila metri cubi di cemento! Crediamo che questa sia la prima volta che avviene una cosa del genere a Saronno\u00bb.<br \/>\n\u00abIl \u201cPatto per il Territorio\u201d \u2013 prosegue Rezzonico &#8211; nato spontaneamente, poco per volta, nello scorso autunno proprio discutendo con la gente nella nostra sede, per tutelare l\u2019ambiente e il nostro futuro, per salvaguardare la nostra salute, per diminuire cemento, inquinamento e traffico. A differenza della sinistra, Forza Italia vive grazie ad uno stretto e costante contatto coi cittadini:le linee d\u2019indirizzo per le aree di sviluppo sono emerse dalla collaborazione con loro. E\u2019 ormai risaputo che, infatti, Forza Italia stia diventando un network esteso su tre circoscrizioni, proprio per avere una struttura adatta a recepire la voce di un numero di cittadini sempre maggiore\u00bb.<br \/>\n\u00abIl nostro \u201cPatto per il territorio\u201d \u2013 conclude il presidente del Club azzurro cittadino &#8211; prevede la realizzazione di un grande parco di 100.000 mq, usufruibile da tutti e per tutte le et\u00e0, che rappresenter\u00e0 il polmone verde della citt\u00e0, mentre se ci fossimo limitati al PRG approvato dalla sinistra, avremmo solo degli angoli verdi a uso dei condomini. Il Patto va poi nella direzione di creare un sistema viabilistico e un potenziamento del trasporto pubblico che consenta di decongestionare il traffico, assieme ad altri interventi che non si limitano al nostro comune ma anche in collaborazione con la Provincia, la Regione e le Ferrovie Nord\u00bb. <\/p>\n","protected":false},"excerpt":{"rendered":"<p>Il presidente del Club azzurro cittadino Andrea Rezzonico risponde alle recenti critiche del centrosinistra sull\u2019operato dell\u2019amministrazione e sulle aree dismesse<\/p>\n","protected":false},"author":10,"featured_media":0,"comment_status":"open","ping_status":"open","sticky":false,"template":"","format":"standard","meta":{"footnotes":""},"categories":[5],"tags":[],"acf":[],"yoast_head":"<!-- This site is optimized with the Yoast SEO plugin v20.1 - https:\/\/yoast.com\/wordpress\/plugins\/seo\/ -->\n<title>Forza Italia: \u00abPatto per il territorio per lo sviluppo della citt\u00e0\u00bb<\/title>\n<meta name=\"description\" content=\"Il presidente del Club azzurro cittadino Andrea Rezzonico risponde alle recenti critiche del centrosinistra sull\u2019operato dell\u2019amministrazione e sulle aree dismesse\" \/>\n<meta name=\"robots\" content=\"noindex, follow, max-snippet:-1, max-image-preview:large, max-video-preview:-1\" \/>\n<meta property=\"og:locale\" content=\"it_IT\" \/>\n<meta property=\"og:type\" content=\"article\" \/>\n<meta property=\"og:title\" content=\"Forza Italia: \u00abPatto per il territorio per lo sviluppo della citt\u00e0\u00bb\" \/>\n<meta property=\"og:description\" content=\"Il presidente del Club azzurro cittadino Andrea Rezzonico risponde alle recenti critiche del centrosinistra sull\u2019operato dell\u2019amministrazione e sulle aree dismesse\" \/>\n<meta property=\"og:url\" content=\"https:\/\/staging.varesenews.it\/2003\/01\/forza-italia-patto-per-il-territorio-per-lo-sviluppo-della-citta\/293302\/\" \/>\n<meta property=\"og:site_name\" content=\"VareseNews\" \/>\n<meta property=\"article:publisher\" content=\"https:\/\/www.facebook.com\/varesenews\" \/>\n<meta property=\"article:published_time\" content=\"2003-01-15T00:00:00+00:00\" \/>\n<meta name=\"author\" content=\"Redazione VareseNews\" \/>\n<meta name=\"twitter:card\" content=\"summary_large_image\" \/>\n<meta name=\"twitter:creator\" content=\"@varesenews\" \/>\n<meta name=\"twitter:site\" content=\"@varesenews\" \/>\n<meta name=\"twitter:label1\" content=\"Scritto da\" \/>\n\t<meta name=\"twitter:data1\" content=\"Redazione VareseNews\" \/>\n\t<meta name=\"twitter:label2\" content=\"Tempo di lettura stimato\" \/>\n\t<meta name=\"twitter:data2\" content=\"3 minuti\" \/>\n<script type=\"application\/ld+json\" class=\"yoast-schema-graph\">{\"@context\":\"https:\/\/schema.org\",\"@graph\":[{\"@type\":\"WebPage\",\"@id\":\"https:\/\/staging.varesenews.it\/2003\/01\/forza-italia-patto-per-il-territorio-per-lo-sviluppo-della-citta\/293302\/\",\"url\":\"https:\/\/staging.varesenews.it\/2003\/01\/forza-italia-patto-per-il-territorio-per-lo-sviluppo-della-citta\/293302\/\",\"name\":\"Forza Italia: \u00abPatto per il territorio per lo sviluppo della citt\u00e0\u00bb\",\"isPartOf\":{\"@id\":\"https:\/\/staging.varesenews.it\/#website\"},\"datePublished\":\"2003-01-15T00:00:00+00:00\",\"dateModified\":\"2003-01-15T00:00:00+00:00\",\"author\":{\"@id\":\"https:\/\/staging.varesenews.it\/#\/schema\/person\/fb20c4da0b7b16c291707a20db73e169\"},\"description\":\"Il presidente del Club azzurro cittadino Andrea Rezzonico risponde alle recenti critiche del centrosinistra sull\u2019operato dell\u2019amministrazione e sulle aree dismesse\",\"breadcrumb\":{\"@id\":\"https:\/\/staging.varesenews.it\/2003\/01\/forza-italia-patto-per-il-territorio-per-lo-sviluppo-della-citta\/293302\/#breadcrumb\"},\"inLanguage\":\"it-IT\",\"potentialAction\":[{\"@type\":\"ReadAction\",\"target\":[\"https:\/\/staging.varesenews.it\/2003\/01\/forza-italia-patto-per-il-territorio-per-lo-sviluppo-della-citta\/293302\/\"]}]},{\"@type\":\"BreadcrumbList\",\"@id\":\"https:\/\/staging.varesenews.it\/2003\/01\/forza-italia-patto-per-il-territorio-per-lo-sviluppo-della-citta\/293302\/#breadcrumb\",\"itemListElement\":[{\"@type\":\"ListItem\",\"position\":1,\"name\":\"Home\",\"item\":\"https:\/\/www.varesenews.it\/\"},{\"@type\":\"ListItem\",\"position\":2,\"name\":\"Forza Italia: \u00abPatto per il territorio per lo sviluppo della citt\u00e0\u00bb\"}]},{\"@type\":\"WebSite\",\"@id\":\"https:\/\/staging.varesenews.it\/#website\",\"url\":\"https:\/\/staging.varesenews.it\/\",\"name\":\"VareseNews\",\"description\":\"\",\"potentialAction\":[{\"@type\":\"SearchAction\",\"target\":{\"@type\":\"EntryPoint\",\"urlTemplate\":\"https:\/\/staging.varesenews.it\/?s={search_term_string}\"},\"query-input\":\"required name=search_term_string\"}],\"inLanguage\":\"it-IT\"},{\"@type\":\"Person\",\"@id\":\"https:\/\/staging.varesenews.it\/#\/schema\/person\/fb20c4da0b7b16c291707a20db73e169\",\"name\":\"Redazione VareseNews\",\"image\":{\"@type\":\"ImageObject\",\"inLanguage\":\"it-IT\",\"@id\":\"https:\/\/staging.varesenews.it\/#\/schema\/person\/image\/\",\"url\":\"https:\/\/staging.varesenews.it\/wp-content\/uploads\/2020\/12\/logo_VN_colori_500.png\",\"contentUrl\":\"https:\/\/staging.varesenews.it\/wp-content\/uploads\/2020\/12\/logo_VN_colori_500.png\",\"caption\":\"Redazione VareseNews\"},\"url\":\"https:\/\/staging.varesenews.it\/persona\/redazione1\/\"}]}<\/script>\n<!-- \/ Yoast SEO plugin. -->","yoast_head_json":{"title":"Forza Italia: \u00abPatto per il territorio per lo sviluppo della citt\u00e0\u00bb","description":"Il presidente del Club azzurro cittadino Andrea Rezzonico risponde alle recenti critiche del centrosinistra sull\u2019operato dell\u2019amministrazione e sulle aree dismesse","robots":{"index":"noindex","follow":"follow","max-snippet":"max-snippet:-1","max-image-preview":"max-image-preview:large","max-video-preview":"max-video-preview:-1"},"og_locale":"it_IT","og_type":"article","og_title":"Forza Italia: \u00abPatto per il territorio per lo sviluppo della citt\u00e0\u00bb","og_description":"Il presidente del Club azzurro cittadino Andrea Rezzonico risponde alle recenti critiche del centrosinistra sull\u2019operato dell\u2019amministrazione e sulle aree dismesse","og_url":"https:\/\/staging.varesenews.it\/2003\/01\/forza-italia-patto-per-il-territorio-per-lo-sviluppo-della-citta\/293302\/","og_site_name":"VareseNews","article_publisher":"https:\/\/www.facebook.com\/varesenews","article_published_time":"2003-01-15T00:00:00+00:00","author":"Redazione VareseNews","twitter_card":"summary_large_image","twitter_creator":"@varesenews","twitter_site":"@varesenews","twitter_misc":{"Scritto da":"Redazione VareseNews","Tempo di lettura stimato":"3 minuti"},"schema":{"@context":"https:\/\/schema.org","@graph":[{"@type":"WebPage","@id":"https:\/\/staging.varesenews.it\/2003\/01\/forza-italia-patto-per-il-territorio-per-lo-sviluppo-della-citta\/293302\/","url":"https:\/\/staging.varesenews.it\/2003\/01\/forza-italia-patto-per-il-territorio-per-lo-sviluppo-della-citta\/293302\/","name":"Forza Italia: \u00abPatto per il territorio per lo sviluppo della citt\u00e0\u00bb","isPartOf":{"@id":"https:\/\/staging.varesenews.it\/#website"},"datePublished":"2003-01-15T00:00:00+00:00","dateModified":"2003-01-15T00:00:00+00:00","author":{"@id":"https:\/\/staging.varesenews.it\/#\/schema\/person\/fb20c4da0b7b16c291707a20db73e169"},"description":"Il presidente del Club azzurro cittadino Andrea Rezzonico risponde alle recenti critiche del centrosinistra sull\u2019operato dell\u2019amministrazione e sulle aree dismesse","breadcrumb":{"@id":"https:\/\/staging.varesenews.it\/2003\/01\/forza-italia-patto-per-il-territorio-per-lo-sviluppo-della-citta\/293302\/#breadcrumb"},"inLanguage":"it-IT","potentialAction":[{"@type":"ReadAction","target":["https:\/\/staging.varesenews.it\/2003\/01\/forza-italia-patto-per-il-territorio-per-lo-sviluppo-della-citta\/293302\/"]}]},{"@type":"BreadcrumbList","@id":"https:\/\/staging.varesenews.it\/2003\/01\/forza-italia-patto-per-il-territorio-per-lo-sviluppo-della-citta\/293302\/#breadcrumb","itemListElement":[{"@type":"ListItem","position":1,"name":"Home","item":"https:\/\/www.varesenews.it\/"},{"@type":"ListItem","position":2,"name":"Forza Italia: \u00abPatto per il territorio per lo sviluppo della citt\u00e0\u00bb"}]},{"@type":"WebSite","@id":"https:\/\/staging.varesenews.it\/#website","url":"https:\/\/staging.varesenews.it\/","name":"VareseNews","description":"","potentialAction":[{"@type":"SearchAction","target":{"@type":"EntryPoint","urlTemplate":"https:\/\/staging.varesenews.it\/?s={search_term_string}"},"query-input":"required name=search_term_string"}],"inLanguage":"it-IT"},{"@type":"Person","@id":"https:\/\/staging.varesenews.it\/#\/schema\/person\/fb20c4da0b7b16c291707a20db73e169","name":"Redazione VareseNews","image":{"@type":"ImageObject","inLanguage":"it-IT","@id":"https:\/\/staging.varesenews.it\/#\/schema\/person\/image\/","url":"https:\/\/staging.varesenews.it\/wp-content\/uploads\/2020\/12\/logo_VN_colori_500.png","contentUrl":"https:\/\/staging.varesenews.it\/wp-content\/uploads\/2020\/12\/logo_VN_colori_500.png","caption":"Redazione VareseNews"},"url":"https:\/\/staging.varesenews.it\/persona\/redazione1\/"}]}},"post_meta":{"id_old":"2401","argomento":"Saronno","autore_old":"Manuel Sgarella"},"photos":[],"_links":{"self":[{"href":"https:\/\/staging.varesenews.it\/swgapi\/v1\/wp\/v2\/posts\/293302"}],"collection":[{"href":"https:\/\/staging.varesenews.it\/swgapi\/v1\/wp\/v2\/posts"}],"about":[{"href":"https:\/\/staging.varesenews.it\/swgapi\/v1\/wp\/v2\/types\/post"}],"author":[{"embeddable":true,"href":"https:\/\/staging.varesenews.it\/swgapi\/v1\/wp\/v2\/users\/10"}],"replies":[{"embeddable":true,"href":"https:\/\/staging.varesenews.it\/swgapi\/v1\/wp\/v2\/comments?post=293302"}],"version-history":[{"count":0,"href":"https:\/\/staging.varesenews.it\/swgapi\/v1\/wp\/v2\/posts\/293302\/revisions"}],"wp:attachment":[{"href":"https:\/\/staging.varesenews.it\/swgapi\/v1\/wp\/v2\/media?parent=293302"}],"wp:term":[{"taxonomy":"category","embeddable":true,"href":"https:\/\/staging.varesenews.it\/swgapi\/v1\/wp\/v2\/categories?post=293302"},{"taxonomy":"post_tag","embeddable":true,"href":"https:\/\/staging.varesenews.it\/swgapi\/v1\/wp\/v2\/tags?post=293302"}],"curies":[{"name":"wp","href":"https:\/\/api.w.org\/{rel}","templated":true}]}}