{"id":295210,"date":"2004-03-07T00:00:00","date_gmt":"2004-03-07T00:00:00","guid":{"rendered":""},"modified":"2004-03-07T00:00:00","modified_gmt":"2004-03-07T00:00:00","slug":"sindacaliste-unite-contro-la-riforma-moratti","status":"publish","type":"post","link":"https:\/\/staging.varesenews.it\/2004\/03\/sindacaliste-unite-contro-la-riforma-moratti\/295210\/","title":{"rendered":"Sindacaliste unite contro la riforma Moratti"},"content":{"rendered":"<p>Sindacaliste unite sul sentiero di guerra contro la riforma Moratti. Appuntamento luned\u00ec 8 marzo, in concomitanza con la Festa della donna, in Provincia per il tradizionale seminario che il Coordinamento Donne di Cgil Cisl e Uil organizzano in questa data.<br \/>\nUnite contro la legge 53 del 2003, contro &#8221; un processo di riforma  &#8211; spiegano le organizzatrici &#8211; che interviene sulla professionalit\u00e0 degli operatori e delle operatrici, sul tempo scuola, sulla discipline scolastiche&#8221;. Una riforma, dicono i sindacati, che impoverisce l&#8217;attuale modello educativo ed organizzativo, sopratutto a livello di classi elementari e medie.<br \/>\n&#8220;Invece di coinvolgere democraticamente i genitori nei processi di cambiamento, ci sembra che le decisioni prese dal Governo non abbiano messo le istituzioni  scolastiche nella condizione di presentare alle famiglie i contenuti della Riforma e di raccogliere le loro proposte&#8221;.<br \/>\nDa qui la necessit\u00e0 di una riflessione pi\u00f9 approfondita; in Provincia si discuter\u00e0 allora di riduzione del tempo scuola e delle ore di insegnamento obbligatorio, del nuovo sistema delle opzioni che &#8220;trasforma la scuola in un supermarket dell&#8217;offerta formativa, coinvolgendo le famiglie in modo banale e scarsamente significativo&#8221;.<br \/>\nCritiche di merito e di metodo: &#8220;con la riforma  &#8211; spiegano ancora le interessate &#8211; non si valorizza l&#8217;autonomia delle scuole e non si consente loro di sostenere con mezzi adeguati un progetto educativo e formativo, elaborati tenendo contro delle peculiarit\u00e0 sociali ed economiche delle famiglie interessate&#8221;.<br \/>\nQuanto al metodo, forti critiche al fatto che il decreto non sia stato definito con le Organizzazioni sindacali, pur trattando materie che devono essere sottoposte alla contrattazione. Rilievi vanno ad un limite strutturale della riforma Moratti: la mancanza delle risorse economiche necessarie per aggiornare il personale e per assumere i docenti che mancano.<br \/>\nForte \u00e8 la preoccupazione del Coordinamento Donne che a fronte degli &#8220;slogan rassicuranti e martellanti che dovrebbero tranquillizzare le famiglie, vogliono invece parlarne per approfondire. &#8220;L\u2019anno scorso  &#8211; concludono &#8211; abbiamo difeso i Consultori e la nostra azione ha contribuito al mantenimento di questo servizio, quest\u2019anno occorre intervenire in difesa del tempo pieno e del tempo prolungato nella scuola statale per impedire la riduzione dell\u2019attuale tempo scuola ed il conseguente impoverimento della proposta educativa&#8221;.<br \/>\nSi comincia alle 9 con le relazione introduttiva, la riforma punto per punto, il dibattito e le conclusioni.<\/p>\n","protected":false},"excerpt":{"rendered":"<p>Varese  \u2013 A Villa Recalcati, seminario del Coordinamento Donne Cgil Cisl Uil di Varese e Ticino Olona<\/p>\n","protected":false},"author":10,"featured_media":0,"comment_status":"open","ping_status":"open","sticky":false,"template":"","format":"standard","meta":{"footnotes":""},"categories":[2],"tags":[],"acf":[],"yoast_head":"<!-- This site is optimized with the Yoast SEO plugin v20.1 - https:\/\/yoast.com\/wordpress\/plugins\/seo\/ -->\n<title>Sindacaliste unite contro la riforma Moratti<\/title>\n<meta name=\"description\" content=\"Varese \u2013 A Villa Recalcati, seminario del Coordinamento Donne Cgil Cisl Uil di Varese e Ticino Olona\" \/>\n<meta name=\"robots\" content=\"noindex, follow, max-snippet:-1, max-image-preview:large, max-video-preview:-1\" \/>\n<meta property=\"og:locale\" content=\"it_IT\" \/>\n<meta property=\"og:type\" content=\"article\" \/>\n<meta property=\"og:title\" content=\"Sindacaliste unite contro la riforma Moratti\" \/>\n<meta property=\"og:description\" content=\"Varese \u2013 A Villa Recalcati, seminario del Coordinamento Donne Cgil Cisl Uil di Varese e Ticino Olona\" \/>\n<meta property=\"og:url\" content=\"https:\/\/staging.varesenews.it\/2004\/03\/sindacaliste-unite-contro-la-riforma-moratti\/295210\/\" \/>\n<meta property=\"og:site_name\" content=\"VareseNews\" \/>\n<meta property=\"article:publisher\" content=\"https:\/\/www.facebook.com\/varesenews\" \/>\n<meta property=\"article:published_time\" content=\"2004-03-07T00:00:00+00:00\" \/>\n<meta name=\"author\" content=\"Redazione VareseNews\" \/>\n<meta name=\"twitter:card\" content=\"summary_large_image\" \/>\n<meta name=\"twitter:creator\" content=\"@varesenews\" \/>\n<meta name=\"twitter:site\" content=\"@varesenews\" \/>\n<meta name=\"twitter:label1\" content=\"Scritto da\" \/>\n\t<meta name=\"twitter:data1\" content=\"Redazione VareseNews\" \/>\n\t<meta name=\"twitter:label2\" content=\"Tempo di lettura stimato\" \/>\n\t<meta name=\"twitter:data2\" content=\"2 minuti\" \/>\n<script type=\"application\/ld+json\" class=\"yoast-schema-graph\">{\"@context\":\"https:\/\/schema.org\",\"@graph\":[{\"@type\":\"WebPage\",\"@id\":\"https:\/\/staging.varesenews.it\/2004\/03\/sindacaliste-unite-contro-la-riforma-moratti\/295210\/\",\"url\":\"https:\/\/staging.varesenews.it\/2004\/03\/sindacaliste-unite-contro-la-riforma-moratti\/295210\/\",\"name\":\"Sindacaliste unite contro la riforma Moratti\",\"isPartOf\":{\"@id\":\"https:\/\/staging.varesenews.it\/#website\"},\"datePublished\":\"2004-03-07T00:00:00+00:00\",\"dateModified\":\"2004-03-07T00:00:00+00:00\",\"author\":{\"@id\":\"https:\/\/staging.varesenews.it\/#\/schema\/person\/fb20c4da0b7b16c291707a20db73e169\"},\"description\":\"Varese \u2013 A Villa Recalcati, seminario del Coordinamento Donne Cgil Cisl Uil di Varese e Ticino Olona\",\"breadcrumb\":{\"@id\":\"https:\/\/staging.varesenews.it\/2004\/03\/sindacaliste-unite-contro-la-riforma-moratti\/295210\/#breadcrumb\"},\"inLanguage\":\"it-IT\",\"potentialAction\":[{\"@type\":\"ReadAction\",\"target\":[\"https:\/\/staging.varesenews.it\/2004\/03\/sindacaliste-unite-contro-la-riforma-moratti\/295210\/\"]}]},{\"@type\":\"BreadcrumbList\",\"@id\":\"https:\/\/staging.varesenews.it\/2004\/03\/sindacaliste-unite-contro-la-riforma-moratti\/295210\/#breadcrumb\",\"itemListElement\":[{\"@type\":\"ListItem\",\"position\":1,\"name\":\"Home\",\"item\":\"https:\/\/www.varesenews.it\/\"},{\"@type\":\"ListItem\",\"position\":2,\"name\":\"Sindacaliste unite contro la riforma Moratti\"}]},{\"@type\":\"WebSite\",\"@id\":\"https:\/\/staging.varesenews.it\/#website\",\"url\":\"https:\/\/staging.varesenews.it\/\",\"name\":\"VareseNews\",\"description\":\"\",\"potentialAction\":[{\"@type\":\"SearchAction\",\"target\":{\"@type\":\"EntryPoint\",\"urlTemplate\":\"https:\/\/staging.varesenews.it\/?s={search_term_string}\"},\"query-input\":\"required name=search_term_string\"}],\"inLanguage\":\"it-IT\"},{\"@type\":\"Person\",\"@id\":\"https:\/\/staging.varesenews.it\/#\/schema\/person\/fb20c4da0b7b16c291707a20db73e169\",\"name\":\"Redazione VareseNews\",\"image\":{\"@type\":\"ImageObject\",\"inLanguage\":\"it-IT\",\"@id\":\"https:\/\/staging.varesenews.it\/#\/schema\/person\/image\/\",\"url\":\"https:\/\/staging.varesenews.it\/wp-content\/uploads\/2020\/12\/logo_VN_colori_500.png\",\"contentUrl\":\"https:\/\/staging.varesenews.it\/wp-content\/uploads\/2020\/12\/logo_VN_colori_500.png\",\"caption\":\"Redazione VareseNews\"},\"url\":\"https:\/\/staging.varesenews.it\/persona\/redazione1\/\"}]}<\/script>\n<!-- \/ Yoast SEO plugin. -->","yoast_head_json":{"title":"Sindacaliste unite contro la riforma Moratti","description":"Varese \u2013 A Villa Recalcati, seminario del Coordinamento Donne Cgil Cisl Uil di Varese e Ticino Olona","robots":{"index":"noindex","follow":"follow","max-snippet":"max-snippet:-1","max-image-preview":"max-image-preview:large","max-video-preview":"max-video-preview:-1"},"og_locale":"it_IT","og_type":"article","og_title":"Sindacaliste unite contro la riforma Moratti","og_description":"Varese \u2013 A Villa Recalcati, seminario del Coordinamento Donne Cgil Cisl Uil di Varese e Ticino Olona","og_url":"https:\/\/staging.varesenews.it\/2004\/03\/sindacaliste-unite-contro-la-riforma-moratti\/295210\/","og_site_name":"VareseNews","article_publisher":"https:\/\/www.facebook.com\/varesenews","article_published_time":"2004-03-07T00:00:00+00:00","author":"Redazione VareseNews","twitter_card":"summary_large_image","twitter_creator":"@varesenews","twitter_site":"@varesenews","twitter_misc":{"Scritto da":"Redazione VareseNews","Tempo di lettura stimato":"2 minuti"},"schema":{"@context":"https:\/\/schema.org","@graph":[{"@type":"WebPage","@id":"https:\/\/staging.varesenews.it\/2004\/03\/sindacaliste-unite-contro-la-riforma-moratti\/295210\/","url":"https:\/\/staging.varesenews.it\/2004\/03\/sindacaliste-unite-contro-la-riforma-moratti\/295210\/","name":"Sindacaliste unite contro la riforma Moratti","isPartOf":{"@id":"https:\/\/staging.varesenews.it\/#website"},"datePublished":"2004-03-07T00:00:00+00:00","dateModified":"2004-03-07T00:00:00+00:00","author":{"@id":"https:\/\/staging.varesenews.it\/#\/schema\/person\/fb20c4da0b7b16c291707a20db73e169"},"description":"Varese \u2013 A Villa Recalcati, seminario del Coordinamento Donne Cgil Cisl Uil di Varese e Ticino Olona","breadcrumb":{"@id":"https:\/\/staging.varesenews.it\/2004\/03\/sindacaliste-unite-contro-la-riforma-moratti\/295210\/#breadcrumb"},"inLanguage":"it-IT","potentialAction":[{"@type":"ReadAction","target":["https:\/\/staging.varesenews.it\/2004\/03\/sindacaliste-unite-contro-la-riforma-moratti\/295210\/"]}]},{"@type":"BreadcrumbList","@id":"https:\/\/staging.varesenews.it\/2004\/03\/sindacaliste-unite-contro-la-riforma-moratti\/295210\/#breadcrumb","itemListElement":[{"@type":"ListItem","position":1,"name":"Home","item":"https:\/\/www.varesenews.it\/"},{"@type":"ListItem","position":2,"name":"Sindacaliste unite contro la riforma Moratti"}]},{"@type":"WebSite","@id":"https:\/\/staging.varesenews.it\/#website","url":"https:\/\/staging.varesenews.it\/","name":"VareseNews","description":"","potentialAction":[{"@type":"SearchAction","target":{"@type":"EntryPoint","urlTemplate":"https:\/\/staging.varesenews.it\/?s={search_term_string}"},"query-input":"required name=search_term_string"}],"inLanguage":"it-IT"},{"@type":"Person","@id":"https:\/\/staging.varesenews.it\/#\/schema\/person\/fb20c4da0b7b16c291707a20db73e169","name":"Redazione VareseNews","image":{"@type":"ImageObject","inLanguage":"it-IT","@id":"https:\/\/staging.varesenews.it\/#\/schema\/person\/image\/","url":"https:\/\/staging.varesenews.it\/wp-content\/uploads\/2020\/12\/logo_VN_colori_500.png","contentUrl":"https:\/\/staging.varesenews.it\/wp-content\/uploads\/2020\/12\/logo_VN_colori_500.png","caption":"Redazione VareseNews"},"url":"https:\/\/staging.varesenews.it\/persona\/redazione1\/"}]}},"post_meta":{"id_old":"371","argomento":"Varese"},"photos":[],"_links":{"self":[{"href":"https:\/\/staging.varesenews.it\/swgapi\/v1\/wp\/v2\/posts\/295210"}],"collection":[{"href":"https:\/\/staging.varesenews.it\/swgapi\/v1\/wp\/v2\/posts"}],"about":[{"href":"https:\/\/staging.varesenews.it\/swgapi\/v1\/wp\/v2\/types\/post"}],"author":[{"embeddable":true,"href":"https:\/\/staging.varesenews.it\/swgapi\/v1\/wp\/v2\/users\/10"}],"replies":[{"embeddable":true,"href":"https:\/\/staging.varesenews.it\/swgapi\/v1\/wp\/v2\/comments?post=295210"}],"version-history":[{"count":0,"href":"https:\/\/staging.varesenews.it\/swgapi\/v1\/wp\/v2\/posts\/295210\/revisions"}],"wp:attachment":[{"href":"https:\/\/staging.varesenews.it\/swgapi\/v1\/wp\/v2\/media?parent=295210"}],"wp:term":[{"taxonomy":"category","embeddable":true,"href":"https:\/\/staging.varesenews.it\/swgapi\/v1\/wp\/v2\/categories?post=295210"},{"taxonomy":"post_tag","embeddable":true,"href":"https:\/\/staging.varesenews.it\/swgapi\/v1\/wp\/v2\/tags?post=295210"}],"curies":[{"name":"wp","href":"https:\/\/api.w.org\/{rel}","templated":true}]}}