{"id":29810,"date":"2014-08-06T00:00:00","date_gmt":"2014-08-06T00:00:00","guid":{"rendered":""},"modified":"2014-08-06T00:00:00","modified_gmt":"2014-08-06T00:00:00","slug":"volontarie-rapite-in-siria-una-e-di-gavirate","status":"publish","type":"post","link":"https:\/\/staging.varesenews.it\/2014\/08\/volontarie-rapite-in-siria-una-e-di-gavirate\/29810\/","title":{"rendered":"Volontarie rapite in Siria, una \u00e8 di Gavirate"},"content":{"rendered":"<p><img loading=\"lazy\" decoding=\"async\" src=\"https:\/\/www3.varesenews.it\/immagini_articoli\/201408\/tmax600x480_2700430637_greta2.jpg\" width=\"600\" height=\"398\" vspace=\"5\" hspace=\"5\" align=\"absMiddle\" alt=\"\" \/><\/p>\n<p>Due volontarie italiane, <strong>Greta Ramelli<\/strong> (NELLA FOTO) 20 anni di Gavirate (Varese) e <strong>Vanessa Marzullo<\/strong> 21 anni di Brembate (Bergamo), sono state rapite alcuni giorni fa ad Aleppo, in Siria. Le due ragazze sono le fondatrici del progetto di assistenza medica Horryaty, erano al terzo viaggio in Siria e questa volta sono entrate nel paese il 28 luglio passando da Atma, uno dei pi&ugrave; grandi campi profughi siriani.<\/p>\n<div style=\"padding: 20px; background-color: rgb(240, 240, 240); font-family: Georgia, 'Times New Roman', Times, serif;\"><strong>La Farnesina conferma<\/strong> che due cittadine italiane che si trovavano in Siria, precisamente ad Aleppo, per progetti umanitari sono irreperibili. Il Ministero degli Esteri fa sapere che sul caso &quot;sin da subito stanno lavorando l&#8217;Unit&agrave; di crisi e la nostra intelligence&quot; e che sono stati attivati &quot;immediatamente tutti i canali informativi e di ricerca per i necessari accertamenti. Le due cittadine si trovavano ad Aleppo per seguire progetti umanitari nel settore sanitario e idrico&quot;. &quot;L&#8217;Unit&agrave; di crisi &#8211; comunica ancora la Farnesina &#8211; ha gi&agrave; preso contatto con le famiglie che vengono tenute costantemente informate sugli sviluppi del caso&quot;.<\/div>\n<p><strong>L&#8217;AMICO: AVEVA BISOGNO DI MEDICINALI<br \/>\nGreta e Vanessa erano partita per la Siria lo scorso 22 luglio<\/strong> per arrivare via terra attraverso la Turchia nel paese flagellato dalla guerra civile per distribuire farmaci e aiuti.  Dalla Siria le attiviste erano in contatto con i volontari dell&rsquo;associazione attiva soprattutto a Milano.  &laquo;L&rsquo;ultimo contatto con Greta l&rsquo;ho avuto lo scorso 31 luglio &#8211; dice Alessandro, un amico volontario di Greta &#8211; . Mi scrisse che si sarebbe fermata altre due settimane e che necessitavano di ulteriori aiuti: avevano bisogno di medicinali&raquo;. &nbsp;<\/p>\n<p><strong>CHI E&#8217; GRETA<br \/>\n<\/strong>Greta non era nuova ad esperienze di volontariato: a Gavirate fa parte del gruppo dei volontari del soccorso della&nbsp;<strong>Croce Rossa Italiana.<\/strong>&nbsp;Ha partecipato a diversi viaggi umanitari in&nbsp;<strong>Africa&nbsp;<\/strong>ed &egrave; gi&agrave; stata in Siria l&rsquo;inverno scorso: qualche settimana fa aveva organizzato una serata a&nbsp;<strong>Travedona di Monate<\/strong>&nbsp;per raccontare l&rsquo;esperienza siriana e sensibilizzare l&rsquo;opinione pubblica sulla questione. <br \/>\nNel febbraio scorso <a href=\"http:\/\/www3.varesenews.it\/comuni\/comerio\/articolo.php?id=283244\">si era recata a Comerio per una nuova iniziativa sul<\/a><u>&nbsp;paese mediorientale<\/u>, con i ragazzi della scuola. <strong>Greta era stata in passato la prima ragazzina sindaco del consiglio comunale dei ragazzi di Comerio. <\/strong><br \/>\nAveva frequentato il Rosetum di Besozzo, scuola alla quale era molto legata. <a href=\"http:\/\/www.istitutorosetum.it\/Rosetum\/spip.php?article177\">In questo articolo redatto per la scuola <\/a>raccontava la sua esperienza in Africa, nello Zambia, del 2011, mentre si accingeva a partire proprio per <strong>Calcutta.<\/strong>&nbsp;<\/p>\n<p><strong>GRETA IL 30 LUGLIO HA SCRITTO AGLI AMICI. <br \/>\n&quot;SONO VICINA AD ALEPPO, RESTO IN SIRIA&quot;<\/p>\n<p><\/strong>Una testimonianza importante per capire da quanti giorni Greta e Vanessa siano scomparse &egrave; quella degli amici con cui era in contratto via Facebook. <strong>&laquo;Il 30 luglio ha mandato un messaggio su facebook a una decina di amici <\/strong>&#8211; spiega un&#8217;amica di Greta &#8211; in realt&agrave; &egrave; la terza volta che si reca in Siria. Doveva stare solo una settimana, ma ci ha comunicato che aveva deciso di fermarsi ancora perch&eacute; si sentiva pi&ugrave; utile sul campo. A Varese e Milano organizzava incontri per la raccolta fondi, perch&egrave; &egrave; qui che ha fondato con la sua amica questa organizzazione. In questi mesi ha fatto un lavoro splendido. Ci chiedeva di comprare latte in polvere, materiale medico e altro. &nbsp;<strong>Rispetto alle modalit&agrave; con cui operava<\/strong>, sappiamo che arrivava in Turchia portando i soldi della raccolta fondi e poi entrava da una frontiera di quel paese&raquo;&nbsp; (Il testo continua dopo la foto)<img loading=\"lazy\" decoding=\"async\" src=\"https:\/\/www3.varesenews.it\/immagini_articoli\/201408\/tmax600x480_1817316563_greta.jpg\" width=\"600\" height=\"400\" vspace=\"5\" hspace=\"5\" align=\"left\" alt=\"\" \/><\/p>\n<p>\n<strong>IL MESSAGGIO SU FACEBOOK, POI PIU&#8217; NULLA<\/strong><br \/>\nUn&#8217;amica di Travedona di Greta tuttavia ha ricevuto un messaggio dalla Siria solo pochi giorni fa. Le &egrave; arrivato via fecebook. Greta e Vanessa dunque erano ancora libere, almeno fino alla giornata del 2 agosto, quando gli amici della ragazza, e utenti del social network hanno notato l&#8217;ultimo collegamento della ragazza. Poi pi&ugrave; nulla.<\/p>\n<p><strong>LA FAMIGLIA: RISERBO, SIAMO IN CONTATTO CON LA FARNESINA<\/strong><br \/>\nI genitori di Greta Ramelli stanno seguendo con apprensione gli sviluppi dle rapimentio della figlia greta in Siria. &laquo;Non abbiamo nulla da dire in questo momento, della questione se ne sta occupando la Farnesina, quindi rivolgetevi direttamente al ministero per le informazioni. Siamo comunque fiduciosi nell&#8217;operato dei funzionari del ministero degli esteri&raquo;.&nbsp;<br \/>\n<br type=\"_moz\" \/><br \/>\n<strong>Il 31 AGOSTO SCRISSE SU FB A UN&#8217;AMICA: GUARDAMI LA MAIL<\/strong> <br \/>\nUn&#8217;altra amica di Greta, Nicoletta, il 31 luglio alle 00 e 11 di notte ha ricevuto un messaggio su facebook: &laquo;Mi ha mandato un messaggio su fb, ma dormivo e non l&rsquo;ho visto &#8211; racconta &#8211; mi chiedeva di poter entrare nella sua mail, perch&egrave; aveva delle cose importanti da vedere. La mattina dopo le ho scritto su whatsapp, ma non mi ha pi&ugrave; risposto. Le avevo chiesto il codice di accesso perch&egrave; io non l&rsquo;avevo. Nel messaggio mi aveva anche chiesto se la Pegasus, una compagnia area, rimborsava i biglietti del volo, perch&egrave; da quello che sapevamo noi amici, lei doveva rientrare prima ma  aveva deciso di rimanere pi&ugrave; tempo in Siria. Il primo agosto per&ograve; era ancora attivo il suo profilo&raquo;.<\/p>\n<p><img loading=\"lazy\" decoding=\"async\" src=\"https:\/\/www3.varesenews.it\/immagini_articoli\/201408\/greta_fb.jpg\" width=\"480\" height=\"577\" vspace=\"5\" hspace=\"5\" align=\"absMiddle\" alt=\"\" \/><\/p>\n<p><br type=\"_moz\" \/><br \/>\n<strong>IL RACCONTO DEL VOLONTARIO CHE HA FONDATO CON LORO IL PROGETTO HORYATY<\/strong> <br \/>\n&laquo;Non sentivo Vanessa e Greta da qualche giorno&quot; ha detto Roberto Andervill, terzo responsabile del progetto Horryaty. Andervill ha detto anche che le due giovani erano arrivate nel Paese lo scorso 28 luglio. Non era la prima volta che Greta e Vanessa si recavano in Siria. Nel marzo 2014 il loro primo viaggio, raccontato sul profilo Facebook del progetto. Un sopralluogo svolto insieme a Andervill, presidente di Ipsia, la Ong delle Acli Varese.  <\/p>\n<p><strong>IL MESSAGGIO SU FACEBOOK DELL&#8217;AMICO VOLONTARIO&nbsp;<\/strong><br \/>\n&laquo;Atterrati in Turchia &#8211; si legge sul social network -, siamo stati accompagnati da una guida siriana nella sua terra, di preciso nelle zone rurali di Idleb, a sud ovest rispetto ad Aleppo. Durante questa prima visita si &egrave; cercato di instaurare un primo rapporto con la popolazione locale, al fine di capire le vere necessit&agrave; e visitare i luoghi coinvolti nel progetto. In particolar modo sono stati visitati i due centri di Primo Soccorso di B. e H., dove c&#8217;&egrave; stata la possibilit&agrave; di rilevare le principali problematiche nell&#8217;ambito dell&#8217;assistenza medica: carenza di personale adatto e di materiale essenziale per condurre assistenza sanitaria di base e di emergenza. Durante questa missione siamo stati sempre accompagnati e scortati da personale locale, con un alto grado di sicurezza&raquo;.<\/p>\n<p><strong><a href=\"http:\/\/www3.varesenews.it\/varese\/tags.php?id=351208\">Tutti gli articoli sulla vicenda di Greta e Vanessa<\/a><\/strong><\/p>\n","protected":false},"excerpt":{"rendered":"<p>Sono le fondatrici del progetto Horryaty. Greta Ramelli \u00e8 originaria di Comerio di cui \u00e8 stata anche presidente del consiglio comunale dei ragazzi. Ha frequentato il Rosetum di Besozzo<\/p>\n","protected":false},"author":10,"featured_media":0,"comment_status":"open","ping_status":"open","sticky":false,"template":"","format":"standard","meta":{"footnotes":""},"categories":[2],"tags":[1119,947],"acf":[],"yoast_head":"<!-- This site is optimized with the Yoast SEO plugin v20.1 - https:\/\/yoast.com\/wordpress\/plugins\/seo\/ -->\n<title>Volontarie rapite in Siria, una \u00e8 di Gavirate<\/title>\n<meta name=\"description\" content=\"Sono le fondatrici del progetto Horryaty. Greta Ramelli \u00e8 originaria di Comerio di cui \u00e8 stata anche presidente del consiglio comunale dei ragazzi. Ha frequentato il Rosetum di Besozzo\" \/>\n<meta name=\"robots\" content=\"noindex, follow, max-snippet:-1, max-image-preview:large, max-video-preview:-1\" \/>\n<meta property=\"og:locale\" content=\"it_IT\" \/>\n<meta property=\"og:type\" content=\"article\" \/>\n<meta property=\"og:title\" content=\"Volontarie rapite in Siria, una \u00e8 di Gavirate\" \/>\n<meta property=\"og:description\" content=\"Sono le fondatrici del progetto Horryaty. Greta Ramelli \u00e8 originaria di Comerio di cui \u00e8 stata anche presidente del consiglio comunale dei ragazzi. Ha frequentato il Rosetum di Besozzo\" \/>\n<meta property=\"og:url\" content=\"https:\/\/www.varesenews.it\/2014\/08\/volontarie-rapite-in-siria-una-e-di-gavirate\/29810\/\" \/>\n<meta property=\"og:site_name\" content=\"VareseNews\" \/>\n<meta property=\"article:publisher\" content=\"https:\/\/www.facebook.com\/varesenews\" \/>\n<meta property=\"article:published_time\" content=\"2014-08-06T00:00:00+00:00\" \/>\n<meta property=\"og:image\" content=\"https:\/\/www3.varesenews.it\/immagini_articoli\/201408\/tmax600x480_2700430637_greta2.jpg\" \/>\n<meta name=\"author\" content=\"Redazione VareseNews\" \/>\n<meta name=\"twitter:card\" content=\"summary_large_image\" \/>\n<meta name=\"twitter:creator\" content=\"@varesenews\" \/>\n<meta name=\"twitter:site\" content=\"@varesenews\" \/>\n<meta name=\"twitter:label1\" content=\"Scritto da\" \/>\n\t<meta name=\"twitter:data1\" content=\"Redazione VareseNews\" \/>\n\t<meta name=\"twitter:label2\" content=\"Tempo di lettura stimato\" \/>\n\t<meta name=\"twitter:data2\" content=\"5 minuti\" \/>\n<script type=\"application\/ld+json\" class=\"yoast-schema-graph\">{\"@context\":\"https:\/\/schema.org\",\"@graph\":[{\"@type\":\"WebPage\",\"@id\":\"https:\/\/www.varesenews.it\/2014\/08\/volontarie-rapite-in-siria-una-e-di-gavirate\/29810\/\",\"url\":\"https:\/\/www.varesenews.it\/2014\/08\/volontarie-rapite-in-siria-una-e-di-gavirate\/29810\/\",\"name\":\"Volontarie rapite in Siria, una \u00e8 di Gavirate\",\"isPartOf\":{\"@id\":\"https:\/\/staging.varesenews.it\/#website\"},\"datePublished\":\"2014-08-06T00:00:00+00:00\",\"dateModified\":\"2014-08-06T00:00:00+00:00\",\"author\":{\"@id\":\"https:\/\/staging.varesenews.it\/#\/schema\/person\/fb20c4da0b7b16c291707a20db73e169\"},\"description\":\"Sono le fondatrici del progetto Horryaty. Greta Ramelli \u00e8 originaria di Comerio di cui \u00e8 stata anche presidente del consiglio comunale dei ragazzi. Ha frequentato il Rosetum di Besozzo\",\"breadcrumb\":{\"@id\":\"https:\/\/www.varesenews.it\/2014\/08\/volontarie-rapite-in-siria-una-e-di-gavirate\/29810\/#breadcrumb\"},\"inLanguage\":\"it-IT\",\"potentialAction\":[{\"@type\":\"ReadAction\",\"target\":[\"https:\/\/www.varesenews.it\/2014\/08\/volontarie-rapite-in-siria-una-e-di-gavirate\/29810\/\"]}]},{\"@type\":\"BreadcrumbList\",\"@id\":\"https:\/\/www.varesenews.it\/2014\/08\/volontarie-rapite-in-siria-una-e-di-gavirate\/29810\/#breadcrumb\",\"itemListElement\":[{\"@type\":\"ListItem\",\"position\":1,\"name\":\"Home\",\"item\":\"https:\/\/www.varesenews.it\/\"},{\"@type\":\"ListItem\",\"position\":2,\"name\":\"Volontarie rapite in Siria, una \u00e8 di Gavirate\"}]},{\"@type\":\"WebSite\",\"@id\":\"https:\/\/staging.varesenews.it\/#website\",\"url\":\"https:\/\/staging.varesenews.it\/\",\"name\":\"VareseNews\",\"description\":\"\",\"potentialAction\":[{\"@type\":\"SearchAction\",\"target\":{\"@type\":\"EntryPoint\",\"urlTemplate\":\"https:\/\/staging.varesenews.it\/?s={search_term_string}\"},\"query-input\":\"required name=search_term_string\"}],\"inLanguage\":\"it-IT\"},{\"@type\":\"Person\",\"@id\":\"https:\/\/staging.varesenews.it\/#\/schema\/person\/fb20c4da0b7b16c291707a20db73e169\",\"name\":\"Redazione VareseNews\",\"image\":{\"@type\":\"ImageObject\",\"inLanguage\":\"it-IT\",\"@id\":\"https:\/\/staging.varesenews.it\/#\/schema\/person\/image\/\",\"url\":\"https:\/\/staging.varesenews.it\/wp-content\/uploads\/2020\/12\/logo_VN_colori_500.png\",\"contentUrl\":\"https:\/\/staging.varesenews.it\/wp-content\/uploads\/2020\/12\/logo_VN_colori_500.png\",\"caption\":\"Redazione VareseNews\"},\"url\":\"https:\/\/staging.varesenews.it\/persona\/redazione1\/\"}]}<\/script>\n<!-- \/ Yoast SEO plugin. -->","yoast_head_json":{"title":"Volontarie rapite in Siria, una \u00e8 di Gavirate","description":"Sono le fondatrici del progetto Horryaty. Greta Ramelli \u00e8 originaria di Comerio di cui \u00e8 stata anche presidente del consiglio comunale dei ragazzi. Ha frequentato il Rosetum di Besozzo","robots":{"index":"noindex","follow":"follow","max-snippet":"max-snippet:-1","max-image-preview":"max-image-preview:large","max-video-preview":"max-video-preview:-1"},"og_locale":"it_IT","og_type":"article","og_title":"Volontarie rapite in Siria, una \u00e8 di Gavirate","og_description":"Sono le fondatrici del progetto Horryaty. Greta Ramelli \u00e8 originaria di Comerio di cui \u00e8 stata anche presidente del consiglio comunale dei ragazzi. Ha frequentato il Rosetum di Besozzo","og_url":"https:\/\/www.varesenews.it\/2014\/08\/volontarie-rapite-in-siria-una-e-di-gavirate\/29810\/","og_site_name":"VareseNews","article_publisher":"https:\/\/www.facebook.com\/varesenews","article_published_time":"2014-08-06T00:00:00+00:00","og_image":[{"url":"https:\/\/www3.varesenews.it\/immagini_articoli\/201408\/tmax600x480_2700430637_greta2.jpg"}],"author":"Redazione VareseNews","twitter_card":"summary_large_image","twitter_creator":"@varesenews","twitter_site":"@varesenews","twitter_misc":{"Scritto da":"Redazione VareseNews","Tempo di lettura stimato":"5 minuti"},"schema":{"@context":"https:\/\/schema.org","@graph":[{"@type":"WebPage","@id":"https:\/\/www.varesenews.it\/2014\/08\/volontarie-rapite-in-siria-una-e-di-gavirate\/29810\/","url":"https:\/\/www.varesenews.it\/2014\/08\/volontarie-rapite-in-siria-una-e-di-gavirate\/29810\/","name":"Volontarie rapite in Siria, una \u00e8 di Gavirate","isPartOf":{"@id":"https:\/\/staging.varesenews.it\/#website"},"datePublished":"2014-08-06T00:00:00+00:00","dateModified":"2014-08-06T00:00:00+00:00","author":{"@id":"https:\/\/staging.varesenews.it\/#\/schema\/person\/fb20c4da0b7b16c291707a20db73e169"},"description":"Sono le fondatrici del progetto Horryaty. Greta Ramelli \u00e8 originaria di Comerio di cui \u00e8 stata anche presidente del consiglio comunale dei ragazzi. Ha frequentato il Rosetum di Besozzo","breadcrumb":{"@id":"https:\/\/www.varesenews.it\/2014\/08\/volontarie-rapite-in-siria-una-e-di-gavirate\/29810\/#breadcrumb"},"inLanguage":"it-IT","potentialAction":[{"@type":"ReadAction","target":["https:\/\/www.varesenews.it\/2014\/08\/volontarie-rapite-in-siria-una-e-di-gavirate\/29810\/"]}]},{"@type":"BreadcrumbList","@id":"https:\/\/www.varesenews.it\/2014\/08\/volontarie-rapite-in-siria-una-e-di-gavirate\/29810\/#breadcrumb","itemListElement":[{"@type":"ListItem","position":1,"name":"Home","item":"https:\/\/www.varesenews.it\/"},{"@type":"ListItem","position":2,"name":"Volontarie rapite in Siria, una \u00e8 di Gavirate"}]},{"@type":"WebSite","@id":"https:\/\/staging.varesenews.it\/#website","url":"https:\/\/staging.varesenews.it\/","name":"VareseNews","description":"","potentialAction":[{"@type":"SearchAction","target":{"@type":"EntryPoint","urlTemplate":"https:\/\/staging.varesenews.it\/?s={search_term_string}"},"query-input":"required name=search_term_string"}],"inLanguage":"it-IT"},{"@type":"Person","@id":"https:\/\/staging.varesenews.it\/#\/schema\/person\/fb20c4da0b7b16c291707a20db73e169","name":"Redazione VareseNews","image":{"@type":"ImageObject","inLanguage":"it-IT","@id":"https:\/\/staging.varesenews.it\/#\/schema\/person\/image\/","url":"https:\/\/staging.varesenews.it\/wp-content\/uploads\/2020\/12\/logo_VN_colori_500.png","contentUrl":"https:\/\/staging.varesenews.it\/wp-content\/uploads\/2020\/12\/logo_VN_colori_500.png","caption":"Redazione VareseNews"},"url":"https:\/\/staging.varesenews.it\/persona\/redazione1\/"}]}},"post_meta":{"id_old":"294173","argomento":"Aleppo","autore_old":"Andrea Camurani, Roberto Rotondo","id_link_fotogallery":"295748,295747"},"photos":[],"_links":{"self":[{"href":"https:\/\/staging.varesenews.it\/swgapi\/v1\/wp\/v2\/posts\/29810"}],"collection":[{"href":"https:\/\/staging.varesenews.it\/swgapi\/v1\/wp\/v2\/posts"}],"about":[{"href":"https:\/\/staging.varesenews.it\/swgapi\/v1\/wp\/v2\/types\/post"}],"author":[{"embeddable":true,"href":"https:\/\/staging.varesenews.it\/swgapi\/v1\/wp\/v2\/users\/10"}],"replies":[{"embeddable":true,"href":"https:\/\/staging.varesenews.it\/swgapi\/v1\/wp\/v2\/comments?post=29810"}],"version-history":[{"count":0,"href":"https:\/\/staging.varesenews.it\/swgapi\/v1\/wp\/v2\/posts\/29810\/revisions"}],"wp:attachment":[{"href":"https:\/\/staging.varesenews.it\/swgapi\/v1\/wp\/v2\/media?parent=29810"}],"wp:term":[{"taxonomy":"category","embeddable":true,"href":"https:\/\/staging.varesenews.it\/swgapi\/v1\/wp\/v2\/categories?post=29810"},{"taxonomy":"post_tag","embeddable":true,"href":"https:\/\/staging.varesenews.it\/swgapi\/v1\/wp\/v2\/tags?post=29810"}],"curies":[{"name":"wp","href":"https:\/\/api.w.org\/{rel}","templated":true}]}}