{"id":30165,"date":"2014-07-30T00:00:00","date_gmt":"2014-07-30T00:00:00","guid":{"rendered":""},"modified":"2014-07-30T00:00:00","modified_gmt":"2014-07-30T00:00:00","slug":"il-day-after-dell-olona-tra-fango-e-normalita","status":"publish","type":"post","link":"https:\/\/staging.varesenews.it\/2014\/07\/il-day-after-dell-olona-tra-fango-e-normalita\/30165\/","title":{"rendered":"Il \u201cday after\u201d dell\u2019Olona tra fango e normalit\u00e0"},"content":{"rendered":"<p><img loading=\"lazy\" decoding=\"async\" src=\"https:\/\/www3.varesenews.it\/immagini_articoli\/201407\/tmax600x480_2514723792_DSC_0809.jpg\" width=\"350\" height=\"233\" vspace=\"5\" hspace=\"5\" border=\"1\" align=\"left\" alt=\"\" \/><strong>E&#8217; una giornata come tante altre quella vissuta lungo la Valle Olona.<\/strong> Nessuno sta spalando fango da case e aziende, ciclisti e runners hanno ripreso a fare sport e gruppi di anziani si fermano a scrutare il fiume. Solo l&#8217;erba appiattita, il fango di alcuni tratti di riva e l&#8217;impeto delle acque ricordano l&#8217;emergenza che non pi&ugrave; tardi di ieri ha vissuto l&#8217;intera valle. Dalle 11 di marted&igrave; mattina fino al tardo pomeriggio, rivelano i dati del Centro Geofisico Prealpino, il fiume a <a href=\"http:\/\/www3.varesenews.it\/busto\/strade-ponti-ed-esondazioni-la-cronaca-della-giornata-293770.html\">Fagnano Olona ha superato la soglia di allarme raggiungendo anche i 2 metri e 60 inondando gran parte delle campagne circostanti.<\/a>&nbsp;<strong>&laquo;Qualche anno fa qui saremmo stati completamente sott&#8217;acqua&raquo;<\/strong> racconta un anziano che passeggia con la sua bicicletta incrostata dal fango e guarda la furia impetuosa dell&#8217;Olona. Lui si riferisce a &laquo;quando da qui passavano ancora i treni carichi di legna che andavano alla cartiera&raquo; ma anche in tempi ben pi&ugrave; recenti l&#8217;Olona ha fatto paura.&nbsp;<\/p>\n<div style=\"padding: 20px; background-color: rgb(240, 240, 240); font-family: Georgia, 'Times New Roman', Times, serif; text-align: center;\"><strong><a href=\"http:\/\/www3.varesenews.it\/gallerie\/la-valle-olona-dopo-la-tempesta-19318.html\">LE IMMAGINI DELLA VALLE OLONA DOPO LA TEMPESTA<\/a><\/strong><\/div>\n<p>\nSe infatti oggi la Valle Olona pu&ograve; vivere una giornata normale il merito &egrave; di un&#8217;opera che negli anni &#8217;60 era solo un&#8217;idea ma che oggi &egrave; una (gigantesca) realt&agrave;: <strong>la Diga di Malnate<\/strong>. Il fiume &egrave; s&igrave; esondato in diverse aree ma se non si sono creati particolari problemi il merito &egrave; di questa enorme vasca di laminazione che ieri ha raccolto migliaia di metri cubi di acqua. <strong>Lo sbarramento ha infatti trattenuto fin dalla prima mattina le acque che provenivano dalle montagne raccogliendo una quantit&agrave;&nbsp;complessiva che ha sfiorato la capacit&agrave; massima della diga<\/strong>: <a href=\"http:\/\/www3.varesenews.it\/varese\/la-diga-e-colma-ecco-la-piena-catastrofica--177857.html\">1,5 milioni di metri cubi d&#8217;acqua<\/a>. <img loading=\"lazy\" decoding=\"async\" src=\"https:\/\/www3.varesenews.it\/immagini_articoli\/201407\/tmax600x480_12232694_IMG_0967.jpg\" width=\"350\" height=\"233\" vspace=\"5\" hspace=\"5\" border=\"1\" align=\"right\" alt=\"\" \/>Solo dalle 20 di ieri, quando le acque esondate sono state riassorbite dal fiume, le paratie della diga si sono aperte rilasciando progressivamente l&#8217;acqua accumulata. Proprio per questo motivo oggi le acque del fiume sono ancora ben sopra la media di portata e sfiorano ancora i ponti. Bisogna per&ograve; fare in fretta: gi&agrave; da venerd&igrave; sono previste nuove intense precipitazioni e la diga di Malnate potrebbe dover tornare in funzione. <strong>E dire che questa enorme opera era stata costruita per entrare in funzione una volta ogni 200 anni.<\/p>\n<div style=\"padding: 20px; background-color: rgb(240, 240, 240); font-family: Georgia, 'Times New Roman', Times, serif; text-align: center;\"><a href=\"http:\/\/www3.varesenews.it\/gallerie\/l-olona-a-castellanza-e-legnano-19319.html\">L&#8217;OLONA A CASTELLANZA E LEGNANO<\/a><\/div>\n<p><\/strong><\/p>\n<div style=\"text-align: center;\">&nbsp;<\/div>\n","protected":false},"excerpt":{"rendered":"<p>Tanto fango e pochi danni \u00e8 passata la piena del fiume attraverso i paesi della valle. Ma se il maltempo non \u00e8 stato una catastrofe il merito \u00e8 solo della diga di Malnate che ha trattenuto quasi 1,5 milioni di metri cubi d&#8217;acqua<\/p>\n","protected":false},"author":10,"featured_media":0,"comment_status":"open","ping_status":"open","sticky":false,"template":"","format":"standard","meta":{"footnotes":""},"categories":[4],"tags":[3286,2611,802,2612],"acf":[],"yoast_head":"<!-- This site is optimized with the Yoast SEO plugin v20.1 - https:\/\/yoast.com\/wordpress\/plugins\/seo\/ -->\n<title>Il \u201cday after\u201d dell\u2019Olona tra fango e normalit\u00e0<\/title>\n<meta name=\"description\" content=\"Tanto fango e pochi danni \u00e8 passata la piena del fiume attraverso i paesi della valle. Ma se il maltempo non \u00e8 stato una catastrofe il merito \u00e8 solo della diga di Malnate che ha trattenuto quasi 1,5 milioni di metri cubi d&#039;acqua\" \/>\n<meta name=\"robots\" content=\"noindex, follow, max-snippet:-1, max-image-preview:large, max-video-preview:-1\" \/>\n<meta property=\"og:locale\" content=\"it_IT\" \/>\n<meta property=\"og:type\" content=\"article\" \/>\n<meta property=\"og:title\" content=\"Il \u201cday after\u201d dell\u2019Olona tra fango e normalit\u00e0\" \/>\n<meta property=\"og:description\" content=\"Tanto fango e pochi danni \u00e8 passata la piena del fiume attraverso i paesi della valle. Ma se il maltempo non \u00e8 stato una catastrofe il merito \u00e8 solo della diga di Malnate che ha trattenuto quasi 1,5 milioni di metri cubi d&#039;acqua\" \/>\n<meta property=\"og:url\" content=\"https:\/\/staging.varesenews.it\/2014\/07\/il-day-after-dell-olona-tra-fango-e-normalita\/30165\/\" \/>\n<meta property=\"og:site_name\" content=\"VareseNews\" \/>\n<meta property=\"article:publisher\" content=\"https:\/\/www.facebook.com\/varesenews\" \/>\n<meta property=\"article:published_time\" content=\"2014-07-30T00:00:00+00:00\" \/>\n<meta property=\"og:image\" content=\"https:\/\/www3.varesenews.it\/immagini_articoli\/201407\/tmax600x480_2514723792_DSC_0809.jpg\" \/>\n<meta name=\"author\" content=\"Redazione VareseNews\" \/>\n<meta name=\"twitter:card\" content=\"summary_large_image\" \/>\n<meta name=\"twitter:creator\" content=\"@varesenews\" \/>\n<meta name=\"twitter:site\" content=\"@varesenews\" \/>\n<meta name=\"twitter:label1\" content=\"Scritto da\" \/>\n\t<meta name=\"twitter:data1\" content=\"Redazione VareseNews\" \/>\n\t<meta name=\"twitter:label2\" content=\"Tempo di lettura stimato\" \/>\n\t<meta name=\"twitter:data2\" content=\"2 minuti\" \/>\n<script type=\"application\/ld+json\" class=\"yoast-schema-graph\">{\"@context\":\"https:\/\/schema.org\",\"@graph\":[{\"@type\":\"WebPage\",\"@id\":\"https:\/\/staging.varesenews.it\/2014\/07\/il-day-after-dell-olona-tra-fango-e-normalita\/30165\/\",\"url\":\"https:\/\/staging.varesenews.it\/2014\/07\/il-day-after-dell-olona-tra-fango-e-normalita\/30165\/\",\"name\":\"Il \u201cday after\u201d dell\u2019Olona tra fango e normalit\u00e0\",\"isPartOf\":{\"@id\":\"https:\/\/staging.varesenews.it\/#website\"},\"datePublished\":\"2014-07-30T00:00:00+00:00\",\"dateModified\":\"2014-07-30T00:00:00+00:00\",\"author\":{\"@id\":\"https:\/\/staging.varesenews.it\/#\/schema\/person\/fb20c4da0b7b16c291707a20db73e169\"},\"description\":\"Tanto fango e pochi danni \u00e8 passata la piena del fiume attraverso i paesi della valle. Ma se il maltempo non \u00e8 stato una catastrofe il merito \u00e8 solo della diga di Malnate che ha trattenuto quasi 1,5 milioni di metri cubi d'acqua\",\"breadcrumb\":{\"@id\":\"https:\/\/staging.varesenews.it\/2014\/07\/il-day-after-dell-olona-tra-fango-e-normalita\/30165\/#breadcrumb\"},\"inLanguage\":\"it-IT\",\"potentialAction\":[{\"@type\":\"ReadAction\",\"target\":[\"https:\/\/staging.varesenews.it\/2014\/07\/il-day-after-dell-olona-tra-fango-e-normalita\/30165\/\"]}]},{\"@type\":\"BreadcrumbList\",\"@id\":\"https:\/\/staging.varesenews.it\/2014\/07\/il-day-after-dell-olona-tra-fango-e-normalita\/30165\/#breadcrumb\",\"itemListElement\":[{\"@type\":\"ListItem\",\"position\":1,\"name\":\"Home\",\"item\":\"https:\/\/www.varesenews.it\/\"},{\"@type\":\"ListItem\",\"position\":2,\"name\":\"Il \u201cday after\u201d dell\u2019Olona tra fango e normalit\u00e0\"}]},{\"@type\":\"WebSite\",\"@id\":\"https:\/\/staging.varesenews.it\/#website\",\"url\":\"https:\/\/staging.varesenews.it\/\",\"name\":\"VareseNews\",\"description\":\"\",\"potentialAction\":[{\"@type\":\"SearchAction\",\"target\":{\"@type\":\"EntryPoint\",\"urlTemplate\":\"https:\/\/staging.varesenews.it\/?s={search_term_string}\"},\"query-input\":\"required name=search_term_string\"}],\"inLanguage\":\"it-IT\"},{\"@type\":\"Person\",\"@id\":\"https:\/\/staging.varesenews.it\/#\/schema\/person\/fb20c4da0b7b16c291707a20db73e169\",\"name\":\"Redazione VareseNews\",\"image\":{\"@type\":\"ImageObject\",\"inLanguage\":\"it-IT\",\"@id\":\"https:\/\/staging.varesenews.it\/#\/schema\/person\/image\/\",\"url\":\"https:\/\/staging.varesenews.it\/wp-content\/uploads\/2020\/12\/logo_VN_colori_500.png\",\"contentUrl\":\"https:\/\/staging.varesenews.it\/wp-content\/uploads\/2020\/12\/logo_VN_colori_500.png\",\"caption\":\"Redazione VareseNews\"},\"url\":\"https:\/\/staging.varesenews.it\/persona\/redazione1\/\"}]}<\/script>\n<!-- \/ Yoast SEO plugin. -->","yoast_head_json":{"title":"Il \u201cday after\u201d dell\u2019Olona tra fango e normalit\u00e0","description":"Tanto fango e pochi danni \u00e8 passata la piena del fiume attraverso i paesi della valle. Ma se il maltempo non \u00e8 stato una catastrofe il merito \u00e8 solo della diga di Malnate che ha trattenuto quasi 1,5 milioni di metri cubi d'acqua","robots":{"index":"noindex","follow":"follow","max-snippet":"max-snippet:-1","max-image-preview":"max-image-preview:large","max-video-preview":"max-video-preview:-1"},"og_locale":"it_IT","og_type":"article","og_title":"Il \u201cday after\u201d dell\u2019Olona tra fango e normalit\u00e0","og_description":"Tanto fango e pochi danni \u00e8 passata la piena del fiume attraverso i paesi della valle. Ma se il maltempo non \u00e8 stato una catastrofe il merito \u00e8 solo della diga di Malnate che ha trattenuto quasi 1,5 milioni di metri cubi d'acqua","og_url":"https:\/\/staging.varesenews.it\/2014\/07\/il-day-after-dell-olona-tra-fango-e-normalita\/30165\/","og_site_name":"VareseNews","article_publisher":"https:\/\/www.facebook.com\/varesenews","article_published_time":"2014-07-30T00:00:00+00:00","og_image":[{"url":"https:\/\/www3.varesenews.it\/immagini_articoli\/201407\/tmax600x480_2514723792_DSC_0809.jpg"}],"author":"Redazione VareseNews","twitter_card":"summary_large_image","twitter_creator":"@varesenews","twitter_site":"@varesenews","twitter_misc":{"Scritto da":"Redazione VareseNews","Tempo di lettura stimato":"2 minuti"},"schema":{"@context":"https:\/\/schema.org","@graph":[{"@type":"WebPage","@id":"https:\/\/staging.varesenews.it\/2014\/07\/il-day-after-dell-olona-tra-fango-e-normalita\/30165\/","url":"https:\/\/staging.varesenews.it\/2014\/07\/il-day-after-dell-olona-tra-fango-e-normalita\/30165\/","name":"Il \u201cday after\u201d dell\u2019Olona tra fango e normalit\u00e0","isPartOf":{"@id":"https:\/\/staging.varesenews.it\/#website"},"datePublished":"2014-07-30T00:00:00+00:00","dateModified":"2014-07-30T00:00:00+00:00","author":{"@id":"https:\/\/staging.varesenews.it\/#\/schema\/person\/fb20c4da0b7b16c291707a20db73e169"},"description":"Tanto fango e pochi danni \u00e8 passata la piena del fiume attraverso i paesi della valle. Ma se il maltempo non \u00e8 stato una catastrofe il merito \u00e8 solo della diga di Malnate che ha trattenuto quasi 1,5 milioni di metri cubi d'acqua","breadcrumb":{"@id":"https:\/\/staging.varesenews.it\/2014\/07\/il-day-after-dell-olona-tra-fango-e-normalita\/30165\/#breadcrumb"},"inLanguage":"it-IT","potentialAction":[{"@type":"ReadAction","target":["https:\/\/staging.varesenews.it\/2014\/07\/il-day-after-dell-olona-tra-fango-e-normalita\/30165\/"]}]},{"@type":"BreadcrumbList","@id":"https:\/\/staging.varesenews.it\/2014\/07\/il-day-after-dell-olona-tra-fango-e-normalita\/30165\/#breadcrumb","itemListElement":[{"@type":"ListItem","position":1,"name":"Home","item":"https:\/\/www.varesenews.it\/"},{"@type":"ListItem","position":2,"name":"Il \u201cday after\u201d dell\u2019Olona tra fango e normalit\u00e0"}]},{"@type":"WebSite","@id":"https:\/\/staging.varesenews.it\/#website","url":"https:\/\/staging.varesenews.it\/","name":"VareseNews","description":"","potentialAction":[{"@type":"SearchAction","target":{"@type":"EntryPoint","urlTemplate":"https:\/\/staging.varesenews.it\/?s={search_term_string}"},"query-input":"required name=search_term_string"}],"inLanguage":"it-IT"},{"@type":"Person","@id":"https:\/\/staging.varesenews.it\/#\/schema\/person\/fb20c4da0b7b16c291707a20db73e169","name":"Redazione VareseNews","image":{"@type":"ImageObject","inLanguage":"it-IT","@id":"https:\/\/staging.varesenews.it\/#\/schema\/person\/image\/","url":"https:\/\/staging.varesenews.it\/wp-content\/uploads\/2020\/12\/logo_VN_colori_500.png","contentUrl":"https:\/\/staging.varesenews.it\/wp-content\/uploads\/2020\/12\/logo_VN_colori_500.png","caption":"Redazione VareseNews"},"url":"https:\/\/staging.varesenews.it\/persona\/redazione1\/"}]}},"post_meta":{"id_old":"293810","argomento":"Valle Olona","autore_old":"mar.co.","id_link_fotogallery":"295812,295811"},"photos":[],"_links":{"self":[{"href":"https:\/\/staging.varesenews.it\/swgapi\/v1\/wp\/v2\/posts\/30165"}],"collection":[{"href":"https:\/\/staging.varesenews.it\/swgapi\/v1\/wp\/v2\/posts"}],"about":[{"href":"https:\/\/staging.varesenews.it\/swgapi\/v1\/wp\/v2\/types\/post"}],"author":[{"embeddable":true,"href":"https:\/\/staging.varesenews.it\/swgapi\/v1\/wp\/v2\/users\/10"}],"replies":[{"embeddable":true,"href":"https:\/\/staging.varesenews.it\/swgapi\/v1\/wp\/v2\/comments?post=30165"}],"version-history":[{"count":0,"href":"https:\/\/staging.varesenews.it\/swgapi\/v1\/wp\/v2\/posts\/30165\/revisions"}],"wp:attachment":[{"href":"https:\/\/staging.varesenews.it\/swgapi\/v1\/wp\/v2\/media?parent=30165"}],"wp:term":[{"taxonomy":"category","embeddable":true,"href":"https:\/\/staging.varesenews.it\/swgapi\/v1\/wp\/v2\/categories?post=30165"},{"taxonomy":"post_tag","embeddable":true,"href":"https:\/\/staging.varesenews.it\/swgapi\/v1\/wp\/v2\/tags?post=30165"}],"curies":[{"name":"wp","href":"https:\/\/api.w.org\/{rel}","templated":true}]}}