{"id":30988,"date":"2014-07-16T00:00:00","date_gmt":"2014-07-16T00:00:00","guid":{"rendered":""},"modified":"2014-07-16T00:00:00","modified_gmt":"2014-07-16T00:00:00","slug":"lucilla-morlacchi-da-voce-al-grande-inquisitore","status":"publish","type":"post","link":"https:\/\/staging.varesenews.it\/2014\/07\/lucilla-morlacchi-da-voce-al-grande-inquisitore\/30988\/","title":{"rendered":"Lucilla Morlacchi d\u00e0 voce al Grande Inquisitore"},"content":{"rendered":"<p><img loading=\"lazy\" decoding=\"async\" src=\"https:\/\/www3.varesenews.it\/immagini_articoli\/201407\/schermata_2014_07_16_alle_11.55.26.jpg\" width=\"250\" height=\"269\" vspace=\"5\" hspace=\"5\" border=\"1\" align=\"right\" alt=\"\" \/>Uno straordinario ritorno per dare anima e voce ad un testo di incredibile consistenza artistica e morale:<strong>&nbsp;Lucilla Morlacchi interpreta a Varese Il Grande Inquisitore<\/strong>, il famoso episodio del Libro Quinto, dal titolo &ldquo;Pro e contro&rdquo;, che F&euml;dor Dostoevskij inserisce nel romanzo I fratelli Karamazov. &nbsp;<br \/>\nGioved&igrave; 17 luglio, per il quinto appuntamento dell&rsquo;edizione 2014 <a href=\"https:\/\/www.facebook.com\/pages\/Tra-Sacro-e-Sacro-Monte\/473464536063091?fref=ts\" target=\"_blank\">del festival di teatro<\/a><strong><a href=\"https:\/\/www.facebook.com\/pages\/Tra-Sacro-e-Sacro-Monte\/473464536063091?fref=ts\" target=\"_blank\"> &ldquo;Tra Sacro e&nbsp;Sacro Monte&rdquo;<\/a>, <\/strong>promosso dalla Fondazione Paolo VI per il Sacro Monte di Varese, il pubblico rivivr&agrave; le intense pagine del capolavoro, opera ultima di Dostoevskij, pubblicato a puntate su &quot;il Messaggero russo&quot; a partire dal 1879, e incentrato sul dramma spirituale scaturito dal conflitto morale tra fede, dubbio, ragione e libero arbitrio.<br \/>\nLucilla Morlacchi, con grande intensit&agrave;, porter&agrave; in scena il grande interrogativo: come pu&ograve; l&rsquo;uomo stare al cospetto del libero arbitrio? Pu&ograve; egli affrontare il paradosso di &ldquo;liberarsi dalla libert&agrave;&rdquo;?<br \/>\nAncora una volta, i personaggi di Dostoevskij si presentano come particolarmente complessi e&nbsp;drammatici, perch&eacute; coabitano in loro sentimenti contraddittori, una coscienza tormentata che oscilla tra profonde aspirazioni religiose ed espiazione, tra ragione e passione.<br \/>\nIl personaggio del Grande Inquisitore e quello di Cristo si affrontano in una forma dialogica, mai&nbsp;singolare; oggetti principali dello spettacolo portato in scena a Varese saranno i temi del Mistero, del miracolo e dell&#8217;autorit&agrave;, ma anche i dubbi, i conflitti interiori, metafore continue di una condizione morale sofferta e drammatica.<br \/>\n&ldquo;Occorre studiare con immensa seriet&agrave; e molta profondit&agrave; un testo complesso come quello di&nbsp;Dostoevskij. Per me &egrave; stato possibile affondare letteralmente mani e testa in questo capolavoro solo dopo molto tempo. Il testo richiede elevata concentrazione, ponendo al centro la vertigine della libert&agrave; umana, l&rsquo;esistenza stessa dell&rsquo;individuo, la possibilit&agrave; di vivere secondo fede e ragione&rdquo;, spiega la Morlacchi.<br \/>\nE prosegue: &ldquo;Avverto un&rsquo;incredibile corrispondenza tra le pagine di Dostoevskij e il nostro tempo,&nbsp;una coincidenza di dramma esistenziale, di riflessione sulla consistenza dell&rsquo;Uomo, sulla sua capacit&agrave; di scegliere tra Bene e Male e sul suo &ndash; possibile &ndash; rapporto con il Mistero. Alla fine, il risultato di un confronto serrato e onesto con una simile vetta della letteratura, &egrave; un continuo porsi domande, pi&ugrave; che affermare certe risposte. Per me &egrave; davvero straordinario tornare a Varese: proprio sulla vetta del Sacro Monte, nel 2010, ho proposto al pubblico la lettura del Vangelo secondo Matteo. Un testo eccezionale che ha richiesto grande meticolosit&agrave; e ha trasmesso una fortissima emozione. Mi auguro che possa avvenire lo stesso anche per questa nuova edizione di &ldquo;Tra Sacro e Sacro Monte&rdquo;.<\/p>\n<p>Info.:<br \/>\ngioved&igrave; 17 luglio <br \/>\nSacro Monte di Varese &ndash; terrazza del Mos&egrave;<br \/>\n<strong>Lucilla Morlacchi interpreta Il Grande Inquisitore <\/strong><br \/>\nda I fratelli Karamazov<br \/>\ndi F&euml;dor Dostoevskij<br \/>\nOre 21.00 &ndash; ingresso libero e gratuito<br \/>\n(in caso di maltempo, lo spettacolo sar&agrave; ospitato all&rsquo;interno del Santuario di Santa Maria del Monte)<br \/>\nPER TUTTE LE SERATE DI SPETTACOLO: navetta gratuita dal centro di Varese al Sacro Monte.<br \/>\nPartenza ore 20.15 da piazza Monte Grappa, fermata intermedia al piazzale dello stadio F. Ossola alle 20.25 e rientro al termine dello spettacolo.&nbsp;La prenotazione della navetta, obbligatoria, pu&ograve; avvenire tramite l&rsquo;indirizzo info@trasacroesacromonte.it&nbsp;oppure presso: Agenzia Morandi Tour &#8211; via Dandolo 1, Varese &#8211; tel. 0332287146. <br \/>\nLe prenotazioni saranno raccolte entro le ore 17.00 del giorno dello spettacolo.&nbsp;Per altre info. &egrave; possibile consultare il sito www.trasacroesacromonte.it.&nbsp;<\/p>\n","protected":false},"excerpt":{"rendered":"<p>Tra Sacro e Sacro Monte propone al pubblico il famoso episodio tratto da I fratelli Karamazov: l&#8217;appuntamento \u00e8 per gioved\u00ec 17 luglio, alla terrazza del Mos\u00e8 <\/p>\n","protected":false},"author":10,"featured_media":0,"comment_status":"open","ping_status":"open","sticky":false,"template":"","format":"standard","meta":{"footnotes":""},"categories":[21,2],"tags":[703,380,3324],"acf":[],"yoast_head":"<!-- This site is optimized with the Yoast SEO plugin v20.1 - https:\/\/yoast.com\/wordpress\/plugins\/seo\/ -->\n<title>Lucilla Morlacchi d\u00e0 voce al Grande Inquisitore<\/title>\n<meta name=\"description\" content=\"Tra Sacro e Sacro Monte propone al pubblico il famoso episodio tratto da I fratelli Karamazov: l&#039;appuntamento \u00e8 per gioved\u00ec 17 luglio, alla terrazza del Mos\u00e8\" \/>\n<meta name=\"robots\" content=\"noindex, follow, max-snippet:-1, max-image-preview:large, max-video-preview:-1\" \/>\n<meta property=\"og:locale\" content=\"it_IT\" \/>\n<meta property=\"og:type\" content=\"article\" \/>\n<meta property=\"og:title\" content=\"Lucilla Morlacchi d\u00e0 voce al Grande Inquisitore\" \/>\n<meta property=\"og:description\" content=\"Tra Sacro e Sacro Monte propone al pubblico il famoso episodio tratto da I fratelli Karamazov: l&#039;appuntamento \u00e8 per gioved\u00ec 17 luglio, alla terrazza del Mos\u00e8\" \/>\n<meta property=\"og:url\" content=\"https:\/\/staging.varesenews.it\/2014\/07\/lucilla-morlacchi-da-voce-al-grande-inquisitore\/30988\/\" \/>\n<meta property=\"og:site_name\" content=\"VareseNews\" \/>\n<meta property=\"article:publisher\" content=\"https:\/\/www.facebook.com\/varesenews\" \/>\n<meta property=\"article:published_time\" content=\"2014-07-16T00:00:00+00:00\" \/>\n<meta property=\"og:image\" content=\"https:\/\/www3.varesenews.it\/immagini_articoli\/201407\/schermata_2014_07_16_alle_11.55.26.jpg\" \/>\n<meta name=\"author\" content=\"Redazione VareseNews\" \/>\n<meta name=\"twitter:card\" content=\"summary_large_image\" \/>\n<meta name=\"twitter:creator\" content=\"@varesenews\" \/>\n<meta name=\"twitter:site\" content=\"@varesenews\" \/>\n<meta name=\"twitter:label1\" content=\"Scritto da\" \/>\n\t<meta name=\"twitter:data1\" content=\"Redazione VareseNews\" \/>\n\t<meta name=\"twitter:label2\" content=\"Tempo di lettura stimato\" \/>\n\t<meta name=\"twitter:data2\" content=\"3 minuti\" \/>\n<script type=\"application\/ld+json\" class=\"yoast-schema-graph\">{\"@context\":\"https:\/\/schema.org\",\"@graph\":[{\"@type\":\"WebPage\",\"@id\":\"https:\/\/staging.varesenews.it\/2014\/07\/lucilla-morlacchi-da-voce-al-grande-inquisitore\/30988\/\",\"url\":\"https:\/\/staging.varesenews.it\/2014\/07\/lucilla-morlacchi-da-voce-al-grande-inquisitore\/30988\/\",\"name\":\"Lucilla Morlacchi d\u00e0 voce al Grande Inquisitore\",\"isPartOf\":{\"@id\":\"https:\/\/staging.varesenews.it\/#website\"},\"datePublished\":\"2014-07-16T00:00:00+00:00\",\"dateModified\":\"2014-07-16T00:00:00+00:00\",\"author\":{\"@id\":\"https:\/\/staging.varesenews.it\/#\/schema\/person\/fb20c4da0b7b16c291707a20db73e169\"},\"description\":\"Tra Sacro e Sacro Monte propone al pubblico il famoso episodio tratto da I fratelli Karamazov: l'appuntamento \u00e8 per gioved\u00ec 17 luglio, alla terrazza del Mos\u00e8\",\"breadcrumb\":{\"@id\":\"https:\/\/staging.varesenews.it\/2014\/07\/lucilla-morlacchi-da-voce-al-grande-inquisitore\/30988\/#breadcrumb\"},\"inLanguage\":\"it-IT\",\"potentialAction\":[{\"@type\":\"ReadAction\",\"target\":[\"https:\/\/staging.varesenews.it\/2014\/07\/lucilla-morlacchi-da-voce-al-grande-inquisitore\/30988\/\"]}]},{\"@type\":\"BreadcrumbList\",\"@id\":\"https:\/\/staging.varesenews.it\/2014\/07\/lucilla-morlacchi-da-voce-al-grande-inquisitore\/30988\/#breadcrumb\",\"itemListElement\":[{\"@type\":\"ListItem\",\"position\":1,\"name\":\"Home\",\"item\":\"https:\/\/www.varesenews.it\/\"},{\"@type\":\"ListItem\",\"position\":2,\"name\":\"Lucilla Morlacchi d\u00e0 voce al Grande Inquisitore\"}]},{\"@type\":\"WebSite\",\"@id\":\"https:\/\/staging.varesenews.it\/#website\",\"url\":\"https:\/\/staging.varesenews.it\/\",\"name\":\"VareseNews\",\"description\":\"\",\"potentialAction\":[{\"@type\":\"SearchAction\",\"target\":{\"@type\":\"EntryPoint\",\"urlTemplate\":\"https:\/\/staging.varesenews.it\/?s={search_term_string}\"},\"query-input\":\"required name=search_term_string\"}],\"inLanguage\":\"it-IT\"},{\"@type\":\"Person\",\"@id\":\"https:\/\/staging.varesenews.it\/#\/schema\/person\/fb20c4da0b7b16c291707a20db73e169\",\"name\":\"Redazione VareseNews\",\"image\":{\"@type\":\"ImageObject\",\"inLanguage\":\"it-IT\",\"@id\":\"https:\/\/staging.varesenews.it\/#\/schema\/person\/image\/\",\"url\":\"https:\/\/staging.varesenews.it\/wp-content\/uploads\/2020\/12\/logo_VN_colori_500.png\",\"contentUrl\":\"https:\/\/staging.varesenews.it\/wp-content\/uploads\/2020\/12\/logo_VN_colori_500.png\",\"caption\":\"Redazione VareseNews\"},\"url\":\"https:\/\/staging.varesenews.it\/persona\/redazione1\/\"}]}<\/script>\n<!-- \/ Yoast SEO plugin. -->","yoast_head_json":{"title":"Lucilla Morlacchi d\u00e0 voce al Grande Inquisitore","description":"Tra Sacro e Sacro Monte propone al pubblico il famoso episodio tratto da I fratelli Karamazov: l'appuntamento \u00e8 per gioved\u00ec 17 luglio, alla terrazza del Mos\u00e8","robots":{"index":"noindex","follow":"follow","max-snippet":"max-snippet:-1","max-image-preview":"max-image-preview:large","max-video-preview":"max-video-preview:-1"},"og_locale":"it_IT","og_type":"article","og_title":"Lucilla Morlacchi d\u00e0 voce al Grande Inquisitore","og_description":"Tra Sacro e Sacro Monte propone al pubblico il famoso episodio tratto da I fratelli Karamazov: l'appuntamento \u00e8 per gioved\u00ec 17 luglio, alla terrazza del Mos\u00e8","og_url":"https:\/\/staging.varesenews.it\/2014\/07\/lucilla-morlacchi-da-voce-al-grande-inquisitore\/30988\/","og_site_name":"VareseNews","article_publisher":"https:\/\/www.facebook.com\/varesenews","article_published_time":"2014-07-16T00:00:00+00:00","og_image":[{"url":"https:\/\/www3.varesenews.it\/immagini_articoli\/201407\/schermata_2014_07_16_alle_11.55.26.jpg"}],"author":"Redazione VareseNews","twitter_card":"summary_large_image","twitter_creator":"@varesenews","twitter_site":"@varesenews","twitter_misc":{"Scritto da":"Redazione VareseNews","Tempo di lettura stimato":"3 minuti"},"schema":{"@context":"https:\/\/schema.org","@graph":[{"@type":"WebPage","@id":"https:\/\/staging.varesenews.it\/2014\/07\/lucilla-morlacchi-da-voce-al-grande-inquisitore\/30988\/","url":"https:\/\/staging.varesenews.it\/2014\/07\/lucilla-morlacchi-da-voce-al-grande-inquisitore\/30988\/","name":"Lucilla Morlacchi d\u00e0 voce al Grande Inquisitore","isPartOf":{"@id":"https:\/\/staging.varesenews.it\/#website"},"datePublished":"2014-07-16T00:00:00+00:00","dateModified":"2014-07-16T00:00:00+00:00","author":{"@id":"https:\/\/staging.varesenews.it\/#\/schema\/person\/fb20c4da0b7b16c291707a20db73e169"},"description":"Tra Sacro e Sacro Monte propone al pubblico il famoso episodio tratto da I fratelli Karamazov: l'appuntamento \u00e8 per gioved\u00ec 17 luglio, alla terrazza del Mos\u00e8","breadcrumb":{"@id":"https:\/\/staging.varesenews.it\/2014\/07\/lucilla-morlacchi-da-voce-al-grande-inquisitore\/30988\/#breadcrumb"},"inLanguage":"it-IT","potentialAction":[{"@type":"ReadAction","target":["https:\/\/staging.varesenews.it\/2014\/07\/lucilla-morlacchi-da-voce-al-grande-inquisitore\/30988\/"]}]},{"@type":"BreadcrumbList","@id":"https:\/\/staging.varesenews.it\/2014\/07\/lucilla-morlacchi-da-voce-al-grande-inquisitore\/30988\/#breadcrumb","itemListElement":[{"@type":"ListItem","position":1,"name":"Home","item":"https:\/\/www.varesenews.it\/"},{"@type":"ListItem","position":2,"name":"Lucilla Morlacchi d\u00e0 voce al Grande Inquisitore"}]},{"@type":"WebSite","@id":"https:\/\/staging.varesenews.it\/#website","url":"https:\/\/staging.varesenews.it\/","name":"VareseNews","description":"","potentialAction":[{"@type":"SearchAction","target":{"@type":"EntryPoint","urlTemplate":"https:\/\/staging.varesenews.it\/?s={search_term_string}"},"query-input":"required name=search_term_string"}],"inLanguage":"it-IT"},{"@type":"Person","@id":"https:\/\/staging.varesenews.it\/#\/schema\/person\/fb20c4da0b7b16c291707a20db73e169","name":"Redazione VareseNews","image":{"@type":"ImageObject","inLanguage":"it-IT","@id":"https:\/\/staging.varesenews.it\/#\/schema\/person\/image\/","url":"https:\/\/staging.varesenews.it\/wp-content\/uploads\/2020\/12\/logo_VN_colori_500.png","contentUrl":"https:\/\/staging.varesenews.it\/wp-content\/uploads\/2020\/12\/logo_VN_colori_500.png","caption":"Redazione VareseNews"},"url":"https:\/\/staging.varesenews.it\/persona\/redazione1\/"}]}},"post_meta":{"id_old":"292966","argomento":"Sacro Monte - Varese"},"photos":[],"_links":{"self":[{"href":"https:\/\/staging.varesenews.it\/swgapi\/v1\/wp\/v2\/posts\/30988"}],"collection":[{"href":"https:\/\/staging.varesenews.it\/swgapi\/v1\/wp\/v2\/posts"}],"about":[{"href":"https:\/\/staging.varesenews.it\/swgapi\/v1\/wp\/v2\/types\/post"}],"author":[{"embeddable":true,"href":"https:\/\/staging.varesenews.it\/swgapi\/v1\/wp\/v2\/users\/10"}],"replies":[{"embeddable":true,"href":"https:\/\/staging.varesenews.it\/swgapi\/v1\/wp\/v2\/comments?post=30988"}],"version-history":[{"count":0,"href":"https:\/\/staging.varesenews.it\/swgapi\/v1\/wp\/v2\/posts\/30988\/revisions"}],"wp:attachment":[{"href":"https:\/\/staging.varesenews.it\/swgapi\/v1\/wp\/v2\/media?parent=30988"}],"wp:term":[{"taxonomy":"category","embeddable":true,"href":"https:\/\/staging.varesenews.it\/swgapi\/v1\/wp\/v2\/categories?post=30988"},{"taxonomy":"post_tag","embeddable":true,"href":"https:\/\/staging.varesenews.it\/swgapi\/v1\/wp\/v2\/tags?post=30988"}],"curies":[{"name":"wp","href":"https:\/\/api.w.org\/{rel}","templated":true}]}}