{"id":31842,"date":"2014-07-02T00:00:00","date_gmt":"2014-07-02T00:00:00","guid":{"rendered":""},"modified":"2014-07-02T00:00:00","modified_gmt":"2014-07-02T00:00:00","slug":"i-sindacati-di-base-chiamano-a-raccolta-i-lavoratori","status":"publish","type":"post","link":"https:\/\/staging.varesenews.it\/2014\/07\/i-sindacati-di-base-chiamano-a-raccolta-i-lavoratori\/31842\/","title":{"rendered":"I sindacati di base chiamano a raccolta i lavoratori"},"content":{"rendered":"<p><strong><img loading=\"lazy\" decoding=\"async\" width=\"250\" vspace=\"5\" hspace=\"5\" height=\"225\" border=\"1\" align=\"left\" src=\"https:\/\/www3.varesenews.it\/immagini_articoli\/201405\/sciopero_malpensa_cobas_cub_trasporti.jpg\" alt=\"\" \/>Assemblea generale dei lavoratori Sea e Sea Handling luned&igrave; 7 e marted&igrave; 8 luglio<\/strong>, rispettivamente a Linate e Malpensa. Convocata dalle ore 15 alle ore 17 alla mensa aziendale per MXP T1 sottoporr&agrave; le <strong>proposte di modifica degli accordi del 4 giugno <\/strong>e discuter&agrave; sulle iniziative &quot;per il rispetto dell&#8217;<a href=\"http:\/\/www3.varesenews.it\/gallarate_malpensa\/sea-handling-i-lavoratori-bocciano-l-accordo-290848.html\">esito referendario<\/a>&quot;: l&#8217;assemblea &egrave; infatti <strong>convocata dai sindacati di base Cub Trasporti e AdL<\/strong>, che sono state le due sigle pi&ugrave; attive nel no al referendum e rivendicano comunque la volont&agrave; dei lavoratori come punto fermo da cui far ripartire le trattative.<br \/>\n&laquo;Abbiamo fatto un gesto distensivo qualche settimana fa, ritirando lo sciopero gi&agrave; convocato. Ora il tempo &egrave; scaduto, torniamo in assemblea e prepariamo nuovi scioperi&raquo; spiegano da AdL. &laquo;I punti che stanno pi&ugrave; a cuore sono quelli che toccano la qualit&agrave; di vita dei lavoratori&raquo;, in particolare permessi, ferie e Ral.<\/p>\n<div style=\"padding: 20px; background-color: rgb(240, 240, 240); font-family: Georgia,'Times New Roman',Times,serif;\"><a href=\"http:\/\/www3.varesenews.it\/gallarate_malpensa\/tags.php?id=115047\" target=\"_blank\"><strong>LEGGI ANCHE: Tutti gli articoli su Sea Handling<\/strong><\/a><\/div>\n<p><br type=\"_moz\" \/><\/p>\n","protected":false},"excerpt":{"rendered":"<p>Luned\u00ec a Linate e marted\u00ec a Malpensa assemblea generale convocata da Cub e AdL: &#8220;Noi abbiamo dato un segnale di disponibilit\u00e0, ora il tempo \u00e8 scaduto&#8221;<\/p>\n","protected":false},"author":10,"featured_media":0,"comment_status":"open","ping_status":"open","sticky":false,"template":"","format":"standard","meta":{"footnotes":""},"categories":[3],"tags":[141,365,1095,2500],"acf":[],"yoast_head":"<!-- This site is optimized with the Yoast SEO plugin v20.1 - https:\/\/yoast.com\/wordpress\/plugins\/seo\/ -->\n<title>I sindacati di base chiamano a raccolta i lavoratori<\/title>\n<meta name=\"description\" content=\"Luned\u00ec a Linate e marted\u00ec a Malpensa assemblea generale convocata da Cub e AdL: &quot;Noi abbiamo dato un segnale di disponibilit\u00e0, ora il tempo \u00e8 scaduto&quot;\" \/>\n<meta name=\"robots\" content=\"noindex, follow, max-snippet:-1, max-image-preview:large, max-video-preview:-1\" \/>\n<meta property=\"og:locale\" content=\"it_IT\" \/>\n<meta property=\"og:type\" content=\"article\" \/>\n<meta property=\"og:title\" content=\"I sindacati di base chiamano a raccolta i lavoratori\" \/>\n<meta property=\"og:description\" content=\"Luned\u00ec a Linate e marted\u00ec a Malpensa assemblea generale convocata da Cub e AdL: &quot;Noi abbiamo dato un segnale di disponibilit\u00e0, ora il tempo \u00e8 scaduto&quot;\" \/>\n<meta property=\"og:url\" content=\"https:\/\/staging.varesenews.it\/2014\/07\/i-sindacati-di-base-chiamano-a-raccolta-i-lavoratori\/31842\/\" \/>\n<meta property=\"og:site_name\" content=\"VareseNews\" \/>\n<meta property=\"article:publisher\" content=\"https:\/\/www.facebook.com\/varesenews\" \/>\n<meta property=\"article:published_time\" content=\"2014-07-02T00:00:00+00:00\" \/>\n<meta property=\"og:image\" content=\"https:\/\/www3.varesenews.it\/immagini_articoli\/201405\/sciopero_malpensa_cobas_cub_trasporti.jpg\" \/>\n<meta name=\"author\" content=\"Redazione VareseNews\" \/>\n<meta name=\"twitter:card\" content=\"summary_large_image\" \/>\n<meta name=\"twitter:creator\" content=\"@varesenews\" \/>\n<meta name=\"twitter:site\" content=\"@varesenews\" \/>\n<meta name=\"twitter:label1\" content=\"Scritto da\" \/>\n\t<meta name=\"twitter:data1\" content=\"Redazione VareseNews\" \/>\n\t<meta name=\"twitter:label2\" content=\"Tempo di lettura stimato\" \/>\n\t<meta name=\"twitter:data2\" content=\"1 minuto\" \/>\n<script type=\"application\/ld+json\" class=\"yoast-schema-graph\">{\"@context\":\"https:\/\/schema.org\",\"@graph\":[{\"@type\":\"WebPage\",\"@id\":\"https:\/\/staging.varesenews.it\/2014\/07\/i-sindacati-di-base-chiamano-a-raccolta-i-lavoratori\/31842\/\",\"url\":\"https:\/\/staging.varesenews.it\/2014\/07\/i-sindacati-di-base-chiamano-a-raccolta-i-lavoratori\/31842\/\",\"name\":\"I sindacati di base chiamano a raccolta i lavoratori\",\"isPartOf\":{\"@id\":\"https:\/\/staging.varesenews.it\/#website\"},\"datePublished\":\"2014-07-02T00:00:00+00:00\",\"dateModified\":\"2014-07-02T00:00:00+00:00\",\"author\":{\"@id\":\"https:\/\/staging.varesenews.it\/#\/schema\/person\/fb20c4da0b7b16c291707a20db73e169\"},\"description\":\"Luned\u00ec a Linate e marted\u00ec a Malpensa assemblea generale convocata da Cub e AdL: \\\"Noi abbiamo dato un segnale di disponibilit\u00e0, ora il tempo \u00e8 scaduto\\\"\",\"breadcrumb\":{\"@id\":\"https:\/\/staging.varesenews.it\/2014\/07\/i-sindacati-di-base-chiamano-a-raccolta-i-lavoratori\/31842\/#breadcrumb\"},\"inLanguage\":\"it-IT\",\"potentialAction\":[{\"@type\":\"ReadAction\",\"target\":[\"https:\/\/staging.varesenews.it\/2014\/07\/i-sindacati-di-base-chiamano-a-raccolta-i-lavoratori\/31842\/\"]}]},{\"@type\":\"BreadcrumbList\",\"@id\":\"https:\/\/staging.varesenews.it\/2014\/07\/i-sindacati-di-base-chiamano-a-raccolta-i-lavoratori\/31842\/#breadcrumb\",\"itemListElement\":[{\"@type\":\"ListItem\",\"position\":1,\"name\":\"Home\",\"item\":\"https:\/\/www.varesenews.it\/\"},{\"@type\":\"ListItem\",\"position\":2,\"name\":\"I sindacati di base chiamano a raccolta i lavoratori\"}]},{\"@type\":\"WebSite\",\"@id\":\"https:\/\/staging.varesenews.it\/#website\",\"url\":\"https:\/\/staging.varesenews.it\/\",\"name\":\"VareseNews\",\"description\":\"\",\"potentialAction\":[{\"@type\":\"SearchAction\",\"target\":{\"@type\":\"EntryPoint\",\"urlTemplate\":\"https:\/\/staging.varesenews.it\/?s={search_term_string}\"},\"query-input\":\"required name=search_term_string\"}],\"inLanguage\":\"it-IT\"},{\"@type\":\"Person\",\"@id\":\"https:\/\/staging.varesenews.it\/#\/schema\/person\/fb20c4da0b7b16c291707a20db73e169\",\"name\":\"Redazione VareseNews\",\"image\":{\"@type\":\"ImageObject\",\"inLanguage\":\"it-IT\",\"@id\":\"https:\/\/staging.varesenews.it\/#\/schema\/person\/image\/\",\"url\":\"https:\/\/staging.varesenews.it\/wp-content\/uploads\/2020\/12\/logo_VN_colori_500.png\",\"contentUrl\":\"https:\/\/staging.varesenews.it\/wp-content\/uploads\/2020\/12\/logo_VN_colori_500.png\",\"caption\":\"Redazione VareseNews\"},\"url\":\"https:\/\/staging.varesenews.it\/persona\/redazione1\/\"}]}<\/script>\n<!-- \/ Yoast SEO plugin. -->","yoast_head_json":{"title":"I sindacati di base chiamano a raccolta i lavoratori","description":"Luned\u00ec a Linate e marted\u00ec a Malpensa assemblea generale convocata da Cub e AdL: \"Noi abbiamo dato un segnale di disponibilit\u00e0, ora il tempo \u00e8 scaduto\"","robots":{"index":"noindex","follow":"follow","max-snippet":"max-snippet:-1","max-image-preview":"max-image-preview:large","max-video-preview":"max-video-preview:-1"},"og_locale":"it_IT","og_type":"article","og_title":"I sindacati di base chiamano a raccolta i lavoratori","og_description":"Luned\u00ec a Linate e marted\u00ec a Malpensa assemblea generale convocata da Cub e AdL: \"Noi abbiamo dato un segnale di disponibilit\u00e0, ora il tempo \u00e8 scaduto\"","og_url":"https:\/\/staging.varesenews.it\/2014\/07\/i-sindacati-di-base-chiamano-a-raccolta-i-lavoratori\/31842\/","og_site_name":"VareseNews","article_publisher":"https:\/\/www.facebook.com\/varesenews","article_published_time":"2014-07-02T00:00:00+00:00","og_image":[{"url":"https:\/\/www3.varesenews.it\/immagini_articoli\/201405\/sciopero_malpensa_cobas_cub_trasporti.jpg"}],"author":"Redazione VareseNews","twitter_card":"summary_large_image","twitter_creator":"@varesenews","twitter_site":"@varesenews","twitter_misc":{"Scritto da":"Redazione VareseNews","Tempo di lettura stimato":"1 minuto"},"schema":{"@context":"https:\/\/schema.org","@graph":[{"@type":"WebPage","@id":"https:\/\/staging.varesenews.it\/2014\/07\/i-sindacati-di-base-chiamano-a-raccolta-i-lavoratori\/31842\/","url":"https:\/\/staging.varesenews.it\/2014\/07\/i-sindacati-di-base-chiamano-a-raccolta-i-lavoratori\/31842\/","name":"I sindacati di base chiamano a raccolta i lavoratori","isPartOf":{"@id":"https:\/\/staging.varesenews.it\/#website"},"datePublished":"2014-07-02T00:00:00+00:00","dateModified":"2014-07-02T00:00:00+00:00","author":{"@id":"https:\/\/staging.varesenews.it\/#\/schema\/person\/fb20c4da0b7b16c291707a20db73e169"},"description":"Luned\u00ec a Linate e marted\u00ec a Malpensa assemblea generale convocata da Cub e AdL: \"Noi abbiamo dato un segnale di disponibilit\u00e0, ora il tempo \u00e8 scaduto\"","breadcrumb":{"@id":"https:\/\/staging.varesenews.it\/2014\/07\/i-sindacati-di-base-chiamano-a-raccolta-i-lavoratori\/31842\/#breadcrumb"},"inLanguage":"it-IT","potentialAction":[{"@type":"ReadAction","target":["https:\/\/staging.varesenews.it\/2014\/07\/i-sindacati-di-base-chiamano-a-raccolta-i-lavoratori\/31842\/"]}]},{"@type":"BreadcrumbList","@id":"https:\/\/staging.varesenews.it\/2014\/07\/i-sindacati-di-base-chiamano-a-raccolta-i-lavoratori\/31842\/#breadcrumb","itemListElement":[{"@type":"ListItem","position":1,"name":"Home","item":"https:\/\/www.varesenews.it\/"},{"@type":"ListItem","position":2,"name":"I sindacati di base chiamano a raccolta i lavoratori"}]},{"@type":"WebSite","@id":"https:\/\/staging.varesenews.it\/#website","url":"https:\/\/staging.varesenews.it\/","name":"VareseNews","description":"","potentialAction":[{"@type":"SearchAction","target":{"@type":"EntryPoint","urlTemplate":"https:\/\/staging.varesenews.it\/?s={search_term_string}"},"query-input":"required name=search_term_string"}],"inLanguage":"it-IT"},{"@type":"Person","@id":"https:\/\/staging.varesenews.it\/#\/schema\/person\/fb20c4da0b7b16c291707a20db73e169","name":"Redazione VareseNews","image":{"@type":"ImageObject","inLanguage":"it-IT","@id":"https:\/\/staging.varesenews.it\/#\/schema\/person\/image\/","url":"https:\/\/staging.varesenews.it\/wp-content\/uploads\/2020\/12\/logo_VN_colori_500.png","contentUrl":"https:\/\/staging.varesenews.it\/wp-content\/uploads\/2020\/12\/logo_VN_colori_500.png","caption":"Redazione VareseNews"},"url":"https:\/\/staging.varesenews.it\/persona\/redazione1\/"}]}},"post_meta":{"id_old":"292097","argomento":"Malpensa"},"photos":[],"_links":{"self":[{"href":"https:\/\/staging.varesenews.it\/swgapi\/v1\/wp\/v2\/posts\/31842"}],"collection":[{"href":"https:\/\/staging.varesenews.it\/swgapi\/v1\/wp\/v2\/posts"}],"about":[{"href":"https:\/\/staging.varesenews.it\/swgapi\/v1\/wp\/v2\/types\/post"}],"author":[{"embeddable":true,"href":"https:\/\/staging.varesenews.it\/swgapi\/v1\/wp\/v2\/users\/10"}],"replies":[{"embeddable":true,"href":"https:\/\/staging.varesenews.it\/swgapi\/v1\/wp\/v2\/comments?post=31842"}],"version-history":[{"count":0,"href":"https:\/\/staging.varesenews.it\/swgapi\/v1\/wp\/v2\/posts\/31842\/revisions"}],"wp:attachment":[{"href":"https:\/\/staging.varesenews.it\/swgapi\/v1\/wp\/v2\/media?parent=31842"}],"wp:term":[{"taxonomy":"category","embeddable":true,"href":"https:\/\/staging.varesenews.it\/swgapi\/v1\/wp\/v2\/categories?post=31842"},{"taxonomy":"post_tag","embeddable":true,"href":"https:\/\/staging.varesenews.it\/swgapi\/v1\/wp\/v2\/tags?post=31842"}],"curies":[{"name":"wp","href":"https:\/\/api.w.org\/{rel}","templated":true}]}}