{"id":343648,"date":"2014-10-28T00:00:00","date_gmt":"2014-10-28T00:00:00","guid":{"rendered":""},"modified":"2014-10-28T00:00:00","modified_gmt":"2014-10-28T00:00:00","slug":"patente-e-libretto-ecco-cosa-cambia-con-le-nuove-norme","status":"publish","type":"post","link":"https:\/\/staging.varesenews.it\/2014\/10\/patente-e-libretto-ecco-cosa-cambia-con-le-nuove-norme\/343648\/","title":{"rendered":"Patente e libretto, ecco cosa cambia con le nuove norme"},"content":{"rendered":"<p>Da luned&igrave; 3 novembre, per tutti gli automobilisti sar&agrave; obbligatorio registrare alla Motorizzazione e annotare sul libretto di circolazione&nbsp;<strong>il nome di chi non &egrave; intestatario di un veicolo<\/strong>, ma ne ha la disponibilit&agrave; per pi&ugrave; di 30 giorni. <\/p>\n<p>La norma, rivolta principalmente a chi opera nel settore delle auto aziendali o in comodato o nel settore dei trasporti, vale anche per i privati che guidano un mezzo intestato a una persona deceduta, ad esempio un parente morto da poco. Le <strong>multe<\/strong> per chi non dovesse essere trovato in regola sono salitissime e spaziano da 705 euro fino al ritiro della carta di circolazione. <\/p>\n<p>Per aggiornare il libretto alla nuova normativa bisogner&agrave; recarsi agli sportelli del Dipartimento dei Trasporti della motorizzazione, <strong>ogni cambiamento costa 25 euro<\/strong> (16 di imposta di bollo e 9 di diritti di motorizzazione). Per quanto riguarda il comodato di veicoli aziendali, non ci sar&agrave; invece bisogno di annotare nulla sul libretto, ma si dovr&agrave; invece fare la registrazione alla Motorizzazione. <\/p>\n<p>Il campo d&rsquo;applicazione della circolare ministeriale &egrave; comunque meno ampio di quello che si pu&ograve; pensare grazie a una serie di esenzioni. L&#8217;obbligo &egrave; valido solo per gli atti posteriori al 3 novembre 2014, mentre per quelli precedenti non vige alcun obbligo e l&rsquo;aggiornamento &egrave; facoltativo. Non esiste nessun obbligo per i veicoli in comodato d&rsquo;uso all&rsquo;interno di un nucleo familiare. <strong>Nessun obbligo n&eacute; sanzione per i figli che usano la macchina dei familiari a patto che si tratti di persone residenti sotto lo stesso tetto<\/strong>. Difficle anche che vengano multati coloro che prendano in prestito un&rsquo;auto privata da a un amico o da un parente, in quanto non ci sono documenti che attestino l&rsquo;inizio della &ldquo;locazione gratuita&rdquo; e conseguentemente la scadenza dei 30 giorni. Sono esentanti dall&#8217;obbligo i soggetti che effettuano attivit&agrave; di autotrasporto con licenza e i rimorchi di massa superiore alle 3,5 tonnellate. Dunque nessun obbligo per gli iscritti all&rsquo;Albo autotrasportatori, per chi ha licenza per conto proprio o per chi guida autobus, taxi o noleggio con conducente.<\/p>\n","protected":false},"excerpt":{"rendered":"<p>Dal 3 novembre parte l\u2019obbligo di registrare alla Motorizzazione e annotare sul libretto il nome di chi non \u00e8 intestatario di un veicolo ma ne ha la disponibilit\u00e0 per pi\u00f9 di 30 giorni<\/p>\n","protected":false},"author":10,"featured_media":0,"comment_status":"open","ping_status":"open","sticky":false,"template":"","format":"standard","meta":{"footnotes":""},"categories":[9,7,2],"tags":[132,548,4619],"acf":[],"yoast_head":"<!-- This site is optimized with the Yoast SEO plugin v20.1 - https:\/\/yoast.com\/wordpress\/plugins\/seo\/ -->\n<title>Patente e libretto, ecco cosa cambia con le nuove norme<\/title>\n<meta name=\"description\" content=\"Dal 3 novembre parte l\u2019obbligo di registrare alla Motorizzazione e annotare sul libretto il nome di chi non \u00e8 intestatario di un veicolo ma ne ha la disponibilit\u00e0 per pi\u00f9 di 30 giorni\" \/>\n<meta name=\"robots\" content=\"noindex, follow, max-snippet:-1, max-image-preview:large, max-video-preview:-1\" \/>\n<meta property=\"og:locale\" content=\"it_IT\" \/>\n<meta property=\"og:type\" content=\"article\" \/>\n<meta property=\"og:title\" content=\"Patente e libretto, ecco cosa cambia con le nuove norme\" \/>\n<meta property=\"og:description\" content=\"Dal 3 novembre parte l\u2019obbligo di registrare alla Motorizzazione e annotare sul libretto il nome di chi non \u00e8 intestatario di un veicolo ma ne ha la disponibilit\u00e0 per pi\u00f9 di 30 giorni\" \/>\n<meta property=\"og:url\" content=\"https:\/\/staging.varesenews.it\/2014\/10\/patente-e-libretto-ecco-cosa-cambia-con-le-nuove-norme\/343648\/\" \/>\n<meta property=\"og:site_name\" content=\"VareseNews\" \/>\n<meta property=\"article:publisher\" content=\"https:\/\/www.facebook.com\/varesenews\" \/>\n<meta property=\"article:published_time\" content=\"2014-10-28T00:00:00+00:00\" \/>\n<meta name=\"author\" content=\"Redazione VareseNews\" \/>\n<meta name=\"twitter:card\" content=\"summary_large_image\" \/>\n<meta name=\"twitter:creator\" content=\"@varesenews\" \/>\n<meta name=\"twitter:site\" content=\"@varesenews\" \/>\n<meta name=\"twitter:label1\" content=\"Scritto da\" \/>\n\t<meta name=\"twitter:data1\" content=\"Redazione VareseNews\" \/>\n\t<meta name=\"twitter:label2\" content=\"Tempo di lettura stimato\" \/>\n\t<meta name=\"twitter:data2\" content=\"2 minuti\" \/>\n<script type=\"application\/ld+json\" class=\"yoast-schema-graph\">{\"@context\":\"https:\/\/schema.org\",\"@graph\":[{\"@type\":\"WebPage\",\"@id\":\"https:\/\/staging.varesenews.it\/2014\/10\/patente-e-libretto-ecco-cosa-cambia-con-le-nuove-norme\/343648\/\",\"url\":\"https:\/\/staging.varesenews.it\/2014\/10\/patente-e-libretto-ecco-cosa-cambia-con-le-nuove-norme\/343648\/\",\"name\":\"Patente e libretto, ecco cosa cambia con le nuove norme\",\"isPartOf\":{\"@id\":\"https:\/\/staging.varesenews.it\/#website\"},\"datePublished\":\"2014-10-28T00:00:00+00:00\",\"dateModified\":\"2014-10-28T00:00:00+00:00\",\"author\":{\"@id\":\"https:\/\/staging.varesenews.it\/#\/schema\/person\/fb20c4da0b7b16c291707a20db73e169\"},\"description\":\"Dal 3 novembre parte l\u2019obbligo di registrare alla Motorizzazione e annotare sul libretto il nome di chi non \u00e8 intestatario di un veicolo ma ne ha la disponibilit\u00e0 per pi\u00f9 di 30 giorni\",\"breadcrumb\":{\"@id\":\"https:\/\/staging.varesenews.it\/2014\/10\/patente-e-libretto-ecco-cosa-cambia-con-le-nuove-norme\/343648\/#breadcrumb\"},\"inLanguage\":\"it-IT\",\"potentialAction\":[{\"@type\":\"ReadAction\",\"target\":[\"https:\/\/staging.varesenews.it\/2014\/10\/patente-e-libretto-ecco-cosa-cambia-con-le-nuove-norme\/343648\/\"]}]},{\"@type\":\"BreadcrumbList\",\"@id\":\"https:\/\/staging.varesenews.it\/2014\/10\/patente-e-libretto-ecco-cosa-cambia-con-le-nuove-norme\/343648\/#breadcrumb\",\"itemListElement\":[{\"@type\":\"ListItem\",\"position\":1,\"name\":\"Home\",\"item\":\"https:\/\/www.varesenews.it\/\"},{\"@type\":\"ListItem\",\"position\":2,\"name\":\"Patente e libretto, ecco cosa cambia con le nuove norme\"}]},{\"@type\":\"WebSite\",\"@id\":\"https:\/\/staging.varesenews.it\/#website\",\"url\":\"https:\/\/staging.varesenews.it\/\",\"name\":\"VareseNews\",\"description\":\"\",\"potentialAction\":[{\"@type\":\"SearchAction\",\"target\":{\"@type\":\"EntryPoint\",\"urlTemplate\":\"https:\/\/staging.varesenews.it\/?s={search_term_string}\"},\"query-input\":\"required name=search_term_string\"}],\"inLanguage\":\"it-IT\"},{\"@type\":\"Person\",\"@id\":\"https:\/\/staging.varesenews.it\/#\/schema\/person\/fb20c4da0b7b16c291707a20db73e169\",\"name\":\"Redazione VareseNews\",\"image\":{\"@type\":\"ImageObject\",\"inLanguage\":\"it-IT\",\"@id\":\"https:\/\/staging.varesenews.it\/#\/schema\/person\/image\/\",\"url\":\"https:\/\/staging.varesenews.it\/wp-content\/uploads\/2020\/12\/logo_VN_colori_500.png\",\"contentUrl\":\"https:\/\/staging.varesenews.it\/wp-content\/uploads\/2020\/12\/logo_VN_colori_500.png\",\"caption\":\"Redazione VareseNews\"},\"url\":\"https:\/\/staging.varesenews.it\/persona\/redazione1\/\"}]}<\/script>\n<!-- \/ Yoast SEO plugin. -->","yoast_head_json":{"title":"Patente e libretto, ecco cosa cambia con le nuove norme","description":"Dal 3 novembre parte l\u2019obbligo di registrare alla Motorizzazione e annotare sul libretto il nome di chi non \u00e8 intestatario di un veicolo ma ne ha la disponibilit\u00e0 per pi\u00f9 di 30 giorni","robots":{"index":"noindex","follow":"follow","max-snippet":"max-snippet:-1","max-image-preview":"max-image-preview:large","max-video-preview":"max-video-preview:-1"},"og_locale":"it_IT","og_type":"article","og_title":"Patente e libretto, ecco cosa cambia con le nuove norme","og_description":"Dal 3 novembre parte l\u2019obbligo di registrare alla Motorizzazione e annotare sul libretto il nome di chi non \u00e8 intestatario di un veicolo ma ne ha la disponibilit\u00e0 per pi\u00f9 di 30 giorni","og_url":"https:\/\/staging.varesenews.it\/2014\/10\/patente-e-libretto-ecco-cosa-cambia-con-le-nuove-norme\/343648\/","og_site_name":"VareseNews","article_publisher":"https:\/\/www.facebook.com\/varesenews","article_published_time":"2014-10-28T00:00:00+00:00","author":"Redazione VareseNews","twitter_card":"summary_large_image","twitter_creator":"@varesenews","twitter_site":"@varesenews","twitter_misc":{"Scritto da":"Redazione VareseNews","Tempo di lettura stimato":"2 minuti"},"schema":{"@context":"https:\/\/schema.org","@graph":[{"@type":"WebPage","@id":"https:\/\/staging.varesenews.it\/2014\/10\/patente-e-libretto-ecco-cosa-cambia-con-le-nuove-norme\/343648\/","url":"https:\/\/staging.varesenews.it\/2014\/10\/patente-e-libretto-ecco-cosa-cambia-con-le-nuove-norme\/343648\/","name":"Patente e libretto, ecco cosa cambia con le nuove norme","isPartOf":{"@id":"https:\/\/staging.varesenews.it\/#website"},"datePublished":"2014-10-28T00:00:00+00:00","dateModified":"2014-10-28T00:00:00+00:00","author":{"@id":"https:\/\/staging.varesenews.it\/#\/schema\/person\/fb20c4da0b7b16c291707a20db73e169"},"description":"Dal 3 novembre parte l\u2019obbligo di registrare alla Motorizzazione e annotare sul libretto il nome di chi non \u00e8 intestatario di un veicolo ma ne ha la disponibilit\u00e0 per pi\u00f9 di 30 giorni","breadcrumb":{"@id":"https:\/\/staging.varesenews.it\/2014\/10\/patente-e-libretto-ecco-cosa-cambia-con-le-nuove-norme\/343648\/#breadcrumb"},"inLanguage":"it-IT","potentialAction":[{"@type":"ReadAction","target":["https:\/\/staging.varesenews.it\/2014\/10\/patente-e-libretto-ecco-cosa-cambia-con-le-nuove-norme\/343648\/"]}]},{"@type":"BreadcrumbList","@id":"https:\/\/staging.varesenews.it\/2014\/10\/patente-e-libretto-ecco-cosa-cambia-con-le-nuove-norme\/343648\/#breadcrumb","itemListElement":[{"@type":"ListItem","position":1,"name":"Home","item":"https:\/\/www.varesenews.it\/"},{"@type":"ListItem","position":2,"name":"Patente e libretto, ecco cosa cambia con le nuove norme"}]},{"@type":"WebSite","@id":"https:\/\/staging.varesenews.it\/#website","url":"https:\/\/staging.varesenews.it\/","name":"VareseNews","description":"","potentialAction":[{"@type":"SearchAction","target":{"@type":"EntryPoint","urlTemplate":"https:\/\/staging.varesenews.it\/?s={search_term_string}"},"query-input":"required name=search_term_string"}],"inLanguage":"it-IT"},{"@type":"Person","@id":"https:\/\/staging.varesenews.it\/#\/schema\/person\/fb20c4da0b7b16c291707a20db73e169","name":"Redazione VareseNews","image":{"@type":"ImageObject","inLanguage":"it-IT","@id":"https:\/\/staging.varesenews.it\/#\/schema\/person\/image\/","url":"https:\/\/staging.varesenews.it\/wp-content\/uploads\/2020\/12\/logo_VN_colori_500.png","contentUrl":"https:\/\/staging.varesenews.it\/wp-content\/uploads\/2020\/12\/logo_VN_colori_500.png","caption":"Redazione VareseNews"},"url":"https:\/\/staging.varesenews.it\/persona\/redazione1\/"}]}},"post_meta":{"id_old":"299331","argomento":"Italia "},"photos":[],"_links":{"self":[{"href":"https:\/\/staging.varesenews.it\/swgapi\/v1\/wp\/v2\/posts\/343648"}],"collection":[{"href":"https:\/\/staging.varesenews.it\/swgapi\/v1\/wp\/v2\/posts"}],"about":[{"href":"https:\/\/staging.varesenews.it\/swgapi\/v1\/wp\/v2\/types\/post"}],"author":[{"embeddable":true,"href":"https:\/\/staging.varesenews.it\/swgapi\/v1\/wp\/v2\/users\/10"}],"replies":[{"embeddable":true,"href":"https:\/\/staging.varesenews.it\/swgapi\/v1\/wp\/v2\/comments?post=343648"}],"version-history":[{"count":0,"href":"https:\/\/staging.varesenews.it\/swgapi\/v1\/wp\/v2\/posts\/343648\/revisions"}],"wp:attachment":[{"href":"https:\/\/staging.varesenews.it\/swgapi\/v1\/wp\/v2\/media?parent=343648"}],"wp:term":[{"taxonomy":"category","embeddable":true,"href":"https:\/\/staging.varesenews.it\/swgapi\/v1\/wp\/v2\/categories?post=343648"},{"taxonomy":"post_tag","embeddable":true,"href":"https:\/\/staging.varesenews.it\/swgapi\/v1\/wp\/v2\/tags?post=343648"}],"curies":[{"name":"wp","href":"https:\/\/api.w.org\/{rel}","templated":true}]}}