{"id":345635,"date":"2014-11-26T00:00:00","date_gmt":"2014-11-26T00:00:00","guid":{"rendered":""},"modified":"2014-11-26T00:00:00","modified_gmt":"2014-11-26T00:00:00","slug":"nati-per-vivere-cosi-bambini-e-ragazzi-hanno-sconfitto-la-leucemia","status":"publish","type":"post","link":"https:\/\/staging.varesenews.it\/2014\/11\/nati-per-vivere-cosi-bambini-e-ragazzi-hanno-sconfitto-la-leucemia\/345635\/","title":{"rendered":"&#8220;Nati per vivere&#8221;, cos\u00ec bambini e ragazzi hanno sconfitto la leucemia"},"content":{"rendered":"<div><img loading=\"lazy\" decoding=\"async\" src=\"https:\/\/www3.varesenews.it\/immagini_articoli\/201411\/NATI.jpg\" width=\"350\" height=\"263\" vspace=\"3\" hspace=\"3\" border=\"1\" align=\"left\" alt=\"\" \/>Si terr&agrave; &nbsp;<strong>gioved&igrave; 27 Novembre alle ore 21 presso la Biblioteca di Tradate<\/strong> l&rsquo;incontro con <strong>Momcilo Jankovic <\/strong>(pediatra emato-oncologo) ed <strong>Attilio Rossetti<\/strong> (fotografo) per la presentazione del libro fotografico &ldquo;<strong>Nati per vivere. Il paradiso pu&ograve; attendere&rdquo;<\/strong>. L&rsquo;iniziativa, moderata dalla giornalista <strong>Alessia Liparoti,<\/strong> &egrave; stata fortemente voluta dal Comune di Tradate e dal<strong> Centro Culturale Frera<\/strong> per sensibilizzare la comunit&agrave; <strong>sulle tante storie di bambini e ragazzi affetti dalla leucemia <\/strong>che, grazie alle cure dei medici, al sostegno dei propri cari, ma soprattutto alla loro forza e voglia di guarire, <strong>hanno sconfitto la malattia. T<\/strong>ra loro anche alcuni giovani tradatesi.<\/div>\n<div>&nbsp;<\/div>\n<div>&laquo;Ognuna delle immagini che vedete in questo volume &egrave; una scarica di adrenalina. Una risata liberatoria. Un salto nella luce. Energia pura. Annullamento delle tenebre&raquo; scrive<strong> &nbsp;Diamante D&rsquo;Alessio, Direttore di Io Donna del Corriere della Sera<\/strong>.&nbsp;<br \/>\n&quot;Nati per vivere&quot; racconta, grazie alle fotografie di <strong>Attilio Rossetti, le storie di piccoli e adolescenti malati di leucemia<\/strong>, il loro incredibile desiderio di vivere. Le immagini in bianco e nero ritraggono i giovani pazienti durante la loro permanenza nelle strutture ospedaliere, quelle a colori, invece<strong>, testimoniano la loro successiva guarigione e la loro dedizione alle attivit&agrave; che li appassionano.&nbsp;<\/strong><\/div>\n<div>&nbsp;<\/div>\n<div>&quot;Nati per vivere&quot; nasce da un insieme di belle realt&agrave;. In primis l&rsquo;esperienza e la tenacia di un medico pediatra emato-oncologo,<strong> Momcilo Jankovic<\/strong>, quotidianamente &ldquo;in trincea&rdquo; per tenere fede al giuramento di Ippocrate e per seguire con un lavoro di squadra, quella vera guarigione in malattie potenzialmente mortali. Ma anche grazie all&rsquo;abilit&agrave; e<strong> alla sensibilit&agrave; di un fotografo, Attilio Rossetti,<\/strong> capace di cogliere con naturalezza la realt&agrave; e la rinascita di chi &egrave; passato attraverso l&rsquo;inferno della malattia e delle cure e ha riapprezzato l&rsquo;arcobaleno della vita. Anche la forza e il coraggio de<strong>ll&rsquo;Associazione Comitato Maria Letizia Verga di Monza <\/strong>(a cui sono devoluti i proventi del volume per la cura e la ricerca sulle leucemie) hanno supportato la realizzazione di questo libro, insieme alla magia e alla creativit&agrave; della Fondazione Magica Cleme.&nbsp;<\/div>\n<div>&nbsp;<\/div>\n<div>&laquo;Il volume vuole essere un inno alla vita e offrire a tutti i media, anche ai pi&ugrave; diffidenti, la storia di una bella realt&agrave; &ndash; racconta <strong>Momcilo Jankovic<\/strong> -. Solo credendo e incoraggiando quanto oggi viene fatto (voglio ricordare la grande attivit&agrave; nazionale e internazionale dell&rsquo;Associazione Italiana di Ematologia e Oncologia Pediatrica) si pu&ograve; sperare a breve di riportare alla vita non solo l&rsquo;80% ma il 100% di questi bambini. <strong>I bambini infatti nascono per vivere e diventare il futuro della nostra societ&agrave;<\/strong>&raquo;.&nbsp;<\/div>\n<div>&laquo;&Egrave; un libro che non appartiene ai protagonisti, ma a tutti i giovani che precocemente incontrano la sofferenza e che con le loro famiglie sono messi a dura prova:<strong> allora la speranza non &egrave; pi&ugrave; una virt&ugrave; ma un obbligo<\/strong>&raquo;, ha dichiarato Attilio Rossetti.<\/div>\n<div>&nbsp;<\/div>\n<div><strong>Il libro si avvale dei testi <\/strong>di Enrico Mentana, Diamante D&rsquo;Alessio, Renata Maderna, Stefano Zamagni, Antonio Casanova, Rosario Carello, Momcilo Jankovic, Denis Curti, Attilio Rossetti, Bill ed Emilia Niada, Giovanni Verga, Alessandra Mauro, Andrea Biondi, Momcilo Jankovic, Manuela Arata e con una poesia di Davide Rondoni.<\/div>\n<div>&nbsp;<\/div>\n","protected":false},"excerpt":{"rendered":"<p>Sar\u00e0 presentato in biblioteca Frera gioved\u00ec 27 novembre il libro curato dal pediatra oncologo Momcilo Jankovic e dal fotografo Attilio Rossetti con le storie di chi ha sconfitto la malattia<\/p>\n","protected":false},"author":10,"featured_media":0,"comment_status":"open","ping_status":"open","sticky":false,"template":"","format":"standard","meta":{"footnotes":""},"categories":[5],"tags":[3829,10932,251],"acf":[],"yoast_head":"<!-- This site is optimized with the Yoast SEO plugin v20.1 - https:\/\/yoast.com\/wordpress\/plugins\/seo\/ -->\n<title>&quot;Nati per vivere&quot;, cos\u00ec bambini e ragazzi hanno sconfitto la leucemia<\/title>\n<meta name=\"description\" content=\"Sar\u00e0 presentato in biblioteca Frera gioved\u00ec 27 novembre il libro curato dal pediatra oncologo Momcilo Jankovic e dal fotografo Attilio Rossetti con le storie di chi ha sconfitto la malattia\" \/>\n<meta name=\"robots\" content=\"noindex, follow, max-snippet:-1, max-image-preview:large, max-video-preview:-1\" \/>\n<meta property=\"og:locale\" content=\"it_IT\" \/>\n<meta property=\"og:type\" content=\"article\" \/>\n<meta property=\"og:title\" content=\"&quot;Nati per vivere&quot;, cos\u00ec bambini e ragazzi hanno sconfitto la leucemia\" \/>\n<meta property=\"og:description\" content=\"Sar\u00e0 presentato in biblioteca Frera gioved\u00ec 27 novembre il libro curato dal pediatra oncologo Momcilo Jankovic e dal fotografo Attilio Rossetti con le storie di chi ha sconfitto la malattia\" \/>\n<meta property=\"og:url\" content=\"https:\/\/staging.varesenews.it\/2014\/11\/nati-per-vivere-cosi-bambini-e-ragazzi-hanno-sconfitto-la-leucemia\/345635\/\" \/>\n<meta property=\"og:site_name\" content=\"VareseNews\" \/>\n<meta property=\"article:publisher\" content=\"https:\/\/www.facebook.com\/varesenews\" \/>\n<meta property=\"article:published_time\" content=\"2014-11-26T00:00:00+00:00\" \/>\n<meta property=\"og:image\" content=\"https:\/\/www3.varesenews.it\/immagini_articoli\/201411\/NATI.jpg\" \/>\n<meta name=\"author\" content=\"Redazione VareseNews\" \/>\n<meta name=\"twitter:card\" content=\"summary_large_image\" \/>\n<meta name=\"twitter:creator\" content=\"@varesenews\" \/>\n<meta name=\"twitter:site\" content=\"@varesenews\" \/>\n<meta name=\"twitter:label1\" content=\"Scritto da\" \/>\n\t<meta name=\"twitter:data1\" content=\"Redazione VareseNews\" \/>\n\t<meta name=\"twitter:label2\" content=\"Tempo di lettura stimato\" \/>\n\t<meta name=\"twitter:data2\" content=\"3 minuti\" \/>\n<script type=\"application\/ld+json\" class=\"yoast-schema-graph\">{\"@context\":\"https:\/\/schema.org\",\"@graph\":[{\"@type\":\"WebPage\",\"@id\":\"https:\/\/staging.varesenews.it\/2014\/11\/nati-per-vivere-cosi-bambini-e-ragazzi-hanno-sconfitto-la-leucemia\/345635\/\",\"url\":\"https:\/\/staging.varesenews.it\/2014\/11\/nati-per-vivere-cosi-bambini-e-ragazzi-hanno-sconfitto-la-leucemia\/345635\/\",\"name\":\"\\\"Nati per vivere\\\", cos\u00ec bambini e ragazzi hanno sconfitto la leucemia\",\"isPartOf\":{\"@id\":\"https:\/\/staging.varesenews.it\/#website\"},\"datePublished\":\"2014-11-26T00:00:00+00:00\",\"dateModified\":\"2014-11-26T00:00:00+00:00\",\"author\":{\"@id\":\"https:\/\/staging.varesenews.it\/#\/schema\/person\/fb20c4da0b7b16c291707a20db73e169\"},\"description\":\"Sar\u00e0 presentato in biblioteca Frera gioved\u00ec 27 novembre il libro curato dal pediatra oncologo Momcilo Jankovic e dal fotografo Attilio Rossetti con le storie di chi ha sconfitto la malattia\",\"breadcrumb\":{\"@id\":\"https:\/\/staging.varesenews.it\/2014\/11\/nati-per-vivere-cosi-bambini-e-ragazzi-hanno-sconfitto-la-leucemia\/345635\/#breadcrumb\"},\"inLanguage\":\"it-IT\",\"potentialAction\":[{\"@type\":\"ReadAction\",\"target\":[\"https:\/\/staging.varesenews.it\/2014\/11\/nati-per-vivere-cosi-bambini-e-ragazzi-hanno-sconfitto-la-leucemia\/345635\/\"]}]},{\"@type\":\"BreadcrumbList\",\"@id\":\"https:\/\/staging.varesenews.it\/2014\/11\/nati-per-vivere-cosi-bambini-e-ragazzi-hanno-sconfitto-la-leucemia\/345635\/#breadcrumb\",\"itemListElement\":[{\"@type\":\"ListItem\",\"position\":1,\"name\":\"Home\",\"item\":\"https:\/\/www.varesenews.it\/\"},{\"@type\":\"ListItem\",\"position\":2,\"name\":\"&#8220;Nati per vivere&#8221;, cos\u00ec bambini e ragazzi hanno sconfitto la leucemia\"}]},{\"@type\":\"WebSite\",\"@id\":\"https:\/\/staging.varesenews.it\/#website\",\"url\":\"https:\/\/staging.varesenews.it\/\",\"name\":\"VareseNews\",\"description\":\"\",\"potentialAction\":[{\"@type\":\"SearchAction\",\"target\":{\"@type\":\"EntryPoint\",\"urlTemplate\":\"https:\/\/staging.varesenews.it\/?s={search_term_string}\"},\"query-input\":\"required name=search_term_string\"}],\"inLanguage\":\"it-IT\"},{\"@type\":\"Person\",\"@id\":\"https:\/\/staging.varesenews.it\/#\/schema\/person\/fb20c4da0b7b16c291707a20db73e169\",\"name\":\"Redazione VareseNews\",\"image\":{\"@type\":\"ImageObject\",\"inLanguage\":\"it-IT\",\"@id\":\"https:\/\/staging.varesenews.it\/#\/schema\/person\/image\/\",\"url\":\"https:\/\/staging.varesenews.it\/wp-content\/uploads\/2020\/12\/logo_VN_colori_500.png\",\"contentUrl\":\"https:\/\/staging.varesenews.it\/wp-content\/uploads\/2020\/12\/logo_VN_colori_500.png\",\"caption\":\"Redazione VareseNews\"},\"url\":\"https:\/\/staging.varesenews.it\/persona\/redazione1\/\"}]}<\/script>\n<!-- \/ Yoast SEO plugin. -->","yoast_head_json":{"title":"\"Nati per vivere\", cos\u00ec bambini e ragazzi hanno sconfitto la leucemia","description":"Sar\u00e0 presentato in biblioteca Frera gioved\u00ec 27 novembre il libro curato dal pediatra oncologo Momcilo Jankovic e dal fotografo Attilio Rossetti con le storie di chi ha sconfitto la malattia","robots":{"index":"noindex","follow":"follow","max-snippet":"max-snippet:-1","max-image-preview":"max-image-preview:large","max-video-preview":"max-video-preview:-1"},"og_locale":"it_IT","og_type":"article","og_title":"\"Nati per vivere\", cos\u00ec bambini e ragazzi hanno sconfitto la leucemia","og_description":"Sar\u00e0 presentato in biblioteca Frera gioved\u00ec 27 novembre il libro curato dal pediatra oncologo Momcilo Jankovic e dal fotografo Attilio Rossetti con le storie di chi ha sconfitto la malattia","og_url":"https:\/\/staging.varesenews.it\/2014\/11\/nati-per-vivere-cosi-bambini-e-ragazzi-hanno-sconfitto-la-leucemia\/345635\/","og_site_name":"VareseNews","article_publisher":"https:\/\/www.facebook.com\/varesenews","article_published_time":"2014-11-26T00:00:00+00:00","og_image":[{"url":"https:\/\/www3.varesenews.it\/immagini_articoli\/201411\/NATI.jpg"}],"author":"Redazione VareseNews","twitter_card":"summary_large_image","twitter_creator":"@varesenews","twitter_site":"@varesenews","twitter_misc":{"Scritto da":"Redazione VareseNews","Tempo di lettura stimato":"3 minuti"},"schema":{"@context":"https:\/\/schema.org","@graph":[{"@type":"WebPage","@id":"https:\/\/staging.varesenews.it\/2014\/11\/nati-per-vivere-cosi-bambini-e-ragazzi-hanno-sconfitto-la-leucemia\/345635\/","url":"https:\/\/staging.varesenews.it\/2014\/11\/nati-per-vivere-cosi-bambini-e-ragazzi-hanno-sconfitto-la-leucemia\/345635\/","name":"\"Nati per vivere\", cos\u00ec bambini e ragazzi hanno sconfitto la leucemia","isPartOf":{"@id":"https:\/\/staging.varesenews.it\/#website"},"datePublished":"2014-11-26T00:00:00+00:00","dateModified":"2014-11-26T00:00:00+00:00","author":{"@id":"https:\/\/staging.varesenews.it\/#\/schema\/person\/fb20c4da0b7b16c291707a20db73e169"},"description":"Sar\u00e0 presentato in biblioteca Frera gioved\u00ec 27 novembre il libro curato dal pediatra oncologo Momcilo Jankovic e dal fotografo Attilio Rossetti con le storie di chi ha sconfitto la malattia","breadcrumb":{"@id":"https:\/\/staging.varesenews.it\/2014\/11\/nati-per-vivere-cosi-bambini-e-ragazzi-hanno-sconfitto-la-leucemia\/345635\/#breadcrumb"},"inLanguage":"it-IT","potentialAction":[{"@type":"ReadAction","target":["https:\/\/staging.varesenews.it\/2014\/11\/nati-per-vivere-cosi-bambini-e-ragazzi-hanno-sconfitto-la-leucemia\/345635\/"]}]},{"@type":"BreadcrumbList","@id":"https:\/\/staging.varesenews.it\/2014\/11\/nati-per-vivere-cosi-bambini-e-ragazzi-hanno-sconfitto-la-leucemia\/345635\/#breadcrumb","itemListElement":[{"@type":"ListItem","position":1,"name":"Home","item":"https:\/\/www.varesenews.it\/"},{"@type":"ListItem","position":2,"name":"&#8220;Nati per vivere&#8221;, cos\u00ec bambini e ragazzi hanno sconfitto la leucemia"}]},{"@type":"WebSite","@id":"https:\/\/staging.varesenews.it\/#website","url":"https:\/\/staging.varesenews.it\/","name":"VareseNews","description":"","potentialAction":[{"@type":"SearchAction","target":{"@type":"EntryPoint","urlTemplate":"https:\/\/staging.varesenews.it\/?s={search_term_string}"},"query-input":"required name=search_term_string"}],"inLanguage":"it-IT"},{"@type":"Person","@id":"https:\/\/staging.varesenews.it\/#\/schema\/person\/fb20c4da0b7b16c291707a20db73e169","name":"Redazione VareseNews","image":{"@type":"ImageObject","inLanguage":"it-IT","@id":"https:\/\/staging.varesenews.it\/#\/schema\/person\/image\/","url":"https:\/\/staging.varesenews.it\/wp-content\/uploads\/2020\/12\/logo_VN_colori_500.png","contentUrl":"https:\/\/staging.varesenews.it\/wp-content\/uploads\/2020\/12\/logo_VN_colori_500.png","caption":"Redazione VareseNews"},"url":"https:\/\/staging.varesenews.it\/persona\/redazione1\/"}]}},"post_meta":{"id_old":"301362","argomento":"Tradate"},"photos":[],"_links":{"self":[{"href":"https:\/\/staging.varesenews.it\/swgapi\/v1\/wp\/v2\/posts\/345635"}],"collection":[{"href":"https:\/\/staging.varesenews.it\/swgapi\/v1\/wp\/v2\/posts"}],"about":[{"href":"https:\/\/staging.varesenews.it\/swgapi\/v1\/wp\/v2\/types\/post"}],"author":[{"embeddable":true,"href":"https:\/\/staging.varesenews.it\/swgapi\/v1\/wp\/v2\/users\/10"}],"replies":[{"embeddable":true,"href":"https:\/\/staging.varesenews.it\/swgapi\/v1\/wp\/v2\/comments?post=345635"}],"version-history":[{"count":0,"href":"https:\/\/staging.varesenews.it\/swgapi\/v1\/wp\/v2\/posts\/345635\/revisions"}],"wp:attachment":[{"href":"https:\/\/staging.varesenews.it\/swgapi\/v1\/wp\/v2\/media?parent=345635"}],"wp:term":[{"taxonomy":"category","embeddable":true,"href":"https:\/\/staging.varesenews.it\/swgapi\/v1\/wp\/v2\/categories?post=345635"},{"taxonomy":"post_tag","embeddable":true,"href":"https:\/\/staging.varesenews.it\/swgapi\/v1\/wp\/v2\/tags?post=345635"}],"curies":[{"name":"wp","href":"https:\/\/api.w.org\/{rel}","templated":true}]}}