{"id":345980,"date":"2014-12-01T00:00:00","date_gmt":"2014-12-01T00:00:00","guid":{"rendered":""},"modified":"2014-12-01T00:00:00","modified_gmt":"2014-12-01T00:00:00","slug":"varese-verso-la-lazio-giochera-la-squadra-migliore","status":"publish","type":"post","link":"https:\/\/staging.varesenews.it\/2014\/12\/varese-verso-la-lazio-giochera-la-squadra-migliore\/345980\/","title":{"rendered":"Varese verso la Lazio: &#8220;Giocher\u00e0 la squadra migliore&#8221;"},"content":{"rendered":"<div><img loading=\"lazy\" decoding=\"async\" src=\"https:\/\/www3.varesenews.it\/immagini_articoli\/201411\/tmax600x480_58328924_Newphotopress_7220.jpg\" width=\"300\" height=\"303\" vspace=\"5\" hspace=\"5\" border=\"1\" align=\"right\" alt=\"\" \/>Dopo la rifinitura di luned&igrave; mattina, il Varese &egrave; partito nel pomeriggio verso Roma, in vista della gara di Coppa Italia di <strong>marted&igrave; 2 dicembre alle ore 16 allo stadio &ldquo;Olimpico&rdquo; contro la Lazio<\/strong>. La sconfitta di sabato in campionato contro il Vicenza deve essere dimenticata in fretta dai biancorossi e disputare una gara positiva contro una delle compagini storiche del calcio italiano potrebbe essere una buona medicina per i ragazzi di <strong>Stefano Bettinelli. <\/p>\n<p>FASCINO OLIMPICO &#8211; <\/strong>Il mister<strong> ha parlato prima dell&rsquo;allenamento di rifinitura<\/strong>: &laquo;Penso sia una gara affascinante che i ragazzi si sono meritati con le buone prestazioni nel precampionato. Per&ograve; non vedo la partita di domani come un&rsquo;occasione per rifarsi della sconfitta con il Vicenza: piuttosto &egrave; <strong>un&rsquo;opportunit&agrave; per alcuni ragazzi<\/strong> di scendere in campo allo stadio &ldquo;Olimpico&rdquo;. Non facciamo drammi riguardo alla partita persa sabato: brucia perch&eacute; non meritavamo di perdere e ci tenevamo in maniera particolare; al netto delle penalizzazioni ora siamo ultimi, ma ricordiamoci che prima del campionato partivamo da &ndash;4 e ora siamo alla pari con le altre&raquo;.<\/p>\n<p><img loading=\"lazy\" decoding=\"async\" src=\"https:\/\/www3.varesenews.it\/immagini_articoli\/201411\/tmax600x480_2032131184_Newphotopress_7328.jpg\" width=\"600\" height=\"472\" vspace=\"5\" hspace=\"5\" border=\"1\" align=\"middle\" alt=\"\" \/>&nbsp;<\/div>\n<div style=\"text-align: center;\"><strong><em>(Neto: dal duello con Camisa a quello a distanza con Klose)<\/em><br \/>\n<\/strong><\/div>\n<div><strong><br \/>\nNETO C&#8217;&Egrave; &#8211; <\/strong>Il tecnico biancorosso non vuole perdere l&rsquo;occasione di fare bella figura contro la Lazio e la formazione sar&agrave; la migliore possibile: &laquo;Abbiamo gli uomini contati, ma s<strong>chierer&ograve; la formazione migliore in assoluto, cercando di fare la partita e onorare la maglia <\/strong>contro una squadra di Serie A. Non avr&ograve; a disposizione Rea, Falcone, Cristiano, Dondoni e Capezzi perch&eacute; infortunati, mentre Corti &egrave; squalificato. <strong>Valuteremo le condizioni di Zecchin<\/strong> che continua a giocare con il dolore alla caviglia, mentre sicuramente ci saranno Neto e il portiere Perucchini, un ottimo giocatore che si allena sempre con impegno. C&rsquo;&egrave; differenza tra mettere in condizione e buttare nella mischia. Tengo molto ai miei ragazzi e anche salvaguardarli &egrave; importante&raquo;. Ora si conosce anche l&#8217;arbitro: <strong>diriger&agrave; Nasca di Bari<\/strong>, vecchia conoscenza del Varese.<\/div>\n<div>\n<strong>PROVIAMOCI &#8211; <\/strong>Nonostante la grande differenza tra le due squadre, almeno sulla carta,<strong> il Varese andr&agrave; a Roma per cercare di fare risultato<\/strong>: &laquo;Siamo orgogliosi ma non stupidi: l&rsquo;ultimo dei biancocelesti farebbe la differenza in molte squadre di serie B. Ci teniamo molto, ma la Lazio &egrave; la Lazio e noi siamo il Varese. Dire &ldquo;Andiamo a Roma a fare il miracolo&rdquo; &egrave; da ingenui, anche se la storia &egrave; piena di risultati stravolti. Il nostro atteggiamento deve essere <strong>impostato a vincere la partita:<\/strong> sembrer&agrave; ridicolo, ma &egrave; cos&igrave;&raquo;. Quella all&#8217;ombra del Cupolone sar&agrave; quindi una gara dai mille affascinanti aspetti per i biancorossi, ma la chiusura di mister Bettinelli &egrave; da sottolineare: <strong>&laquo;Il mio &ldquo;Olimpico&rdquo; &egrave; a Masnago<\/strong>. Io mi emoziono solo qua, per me gli altri stadi sono tutti uguali&raquo;.<\/p>\n<p><strong>LA DIRETTA<\/strong> &#8211; La partita dell&#8217;Olimpico sar&agrave; raccontata in diretta dai nostri giornalisti presenti a Roma. Per seguire il match sar&agrave; <strong>attivo da luned&igrave; sera il consueto liveblogging <\/strong>utilizzato anche in Campionato: i lettori potranno votare il sondaggio sul pronostico e interagire scrivendo nello spazio commenti o usando l&#8217;hashtag <strong>#forzavarese<\/strong> su Twitter e Instagram.&nbsp;<br \/>\n&nbsp;<\/div>\n","protected":false},"excerpt":{"rendered":"<p>Bettinelli ha presentato l&#8217;impegno dei biancorossi in Coppa Italia di marted\u00ec 2 dicembre nella capitale: \u00abAndremo a Roma per vincere. Sembrer\u00e0 ridicolo ma \u00e8 cos\u00ec\u00bb. Arbitra Nasca di Bari. Hashtag: #forzavarese<\/p>\n","protected":false},"author":10,"featured_media":0,"comment_status":"open","ping_status":"open","sticky":false,"template":"","format":"standard","meta":{"footnotes":""},"categories":[14],"tags":[144,2468,4791,344,148],"acf":[],"yoast_head":"<!-- This site is optimized with the Yoast SEO plugin v20.1 - https:\/\/yoast.com\/wordpress\/plugins\/seo\/ -->\n<title>Varese verso la Lazio: &quot;Giocher\u00e0 la squadra migliore&quot;<\/title>\n<meta name=\"description\" content=\"Bettinelli ha presentato l&#039;impegno dei biancorossi in Coppa Italia di marted\u00ec 2 dicembre nella capitale: \u00abAndremo a Roma per vincere. Sembrer\u00e0 ridicolo ma \u00e8 cos\u00ec\u00bb. Arbitra Nasca di Bari. Hashtag: #forzavarese\" \/>\n<meta name=\"robots\" content=\"noindex, follow, max-snippet:-1, max-image-preview:large, max-video-preview:-1\" \/>\n<meta property=\"og:locale\" content=\"it_IT\" \/>\n<meta property=\"og:type\" content=\"article\" \/>\n<meta property=\"og:title\" content=\"Varese verso la Lazio: &quot;Giocher\u00e0 la squadra migliore&quot;\" \/>\n<meta property=\"og:description\" content=\"Bettinelli ha presentato l&#039;impegno dei biancorossi in Coppa Italia di marted\u00ec 2 dicembre nella capitale: \u00abAndremo a Roma per vincere. Sembrer\u00e0 ridicolo ma \u00e8 cos\u00ec\u00bb. Arbitra Nasca di Bari. Hashtag: #forzavarese\" \/>\n<meta property=\"og:url\" content=\"https:\/\/staging.varesenews.it\/2014\/12\/varese-verso-la-lazio-giochera-la-squadra-migliore\/345980\/\" \/>\n<meta property=\"og:site_name\" content=\"VareseNews\" \/>\n<meta property=\"article:publisher\" content=\"https:\/\/www.facebook.com\/varesenews\" \/>\n<meta property=\"article:published_time\" content=\"2014-12-01T00:00:00+00:00\" \/>\n<meta property=\"og:image\" content=\"https:\/\/www3.varesenews.it\/immagini_articoli\/201411\/tmax600x480_58328924_Newphotopress_7220.jpg\" \/>\n<meta name=\"author\" content=\"Redazione VareseNews\" \/>\n<meta name=\"twitter:card\" content=\"summary_large_image\" \/>\n<meta name=\"twitter:creator\" content=\"@varesenews\" \/>\n<meta name=\"twitter:site\" content=\"@varesenews\" \/>\n<meta name=\"twitter:label1\" content=\"Scritto da\" \/>\n\t<meta name=\"twitter:data1\" content=\"Redazione VareseNews\" \/>\n\t<meta name=\"twitter:label2\" content=\"Tempo di lettura stimato\" \/>\n\t<meta name=\"twitter:data2\" content=\"3 minuti\" \/>\n<script type=\"application\/ld+json\" class=\"yoast-schema-graph\">{\"@context\":\"https:\/\/schema.org\",\"@graph\":[{\"@type\":\"WebPage\",\"@id\":\"https:\/\/staging.varesenews.it\/2014\/12\/varese-verso-la-lazio-giochera-la-squadra-migliore\/345980\/\",\"url\":\"https:\/\/staging.varesenews.it\/2014\/12\/varese-verso-la-lazio-giochera-la-squadra-migliore\/345980\/\",\"name\":\"Varese verso la Lazio: \\\"Giocher\u00e0 la squadra migliore\\\"\",\"isPartOf\":{\"@id\":\"https:\/\/staging.varesenews.it\/#website\"},\"datePublished\":\"2014-12-01T00:00:00+00:00\",\"dateModified\":\"2014-12-01T00:00:00+00:00\",\"author\":{\"@id\":\"https:\/\/staging.varesenews.it\/#\/schema\/person\/fb20c4da0b7b16c291707a20db73e169\"},\"description\":\"Bettinelli ha presentato l'impegno dei biancorossi in Coppa Italia di marted\u00ec 2 dicembre nella capitale: \u00abAndremo a Roma per vincere. Sembrer\u00e0 ridicolo ma \u00e8 cos\u00ec\u00bb. Arbitra Nasca di Bari. Hashtag: #forzavarese\",\"breadcrumb\":{\"@id\":\"https:\/\/staging.varesenews.it\/2014\/12\/varese-verso-la-lazio-giochera-la-squadra-migliore\/345980\/#breadcrumb\"},\"inLanguage\":\"it-IT\",\"potentialAction\":[{\"@type\":\"ReadAction\",\"target\":[\"https:\/\/staging.varesenews.it\/2014\/12\/varese-verso-la-lazio-giochera-la-squadra-migliore\/345980\/\"]}]},{\"@type\":\"BreadcrumbList\",\"@id\":\"https:\/\/staging.varesenews.it\/2014\/12\/varese-verso-la-lazio-giochera-la-squadra-migliore\/345980\/#breadcrumb\",\"itemListElement\":[{\"@type\":\"ListItem\",\"position\":1,\"name\":\"Home\",\"item\":\"https:\/\/www.varesenews.it\/\"},{\"@type\":\"ListItem\",\"position\":2,\"name\":\"Varese verso la Lazio: &#8220;Giocher\u00e0 la squadra migliore&#8221;\"}]},{\"@type\":\"WebSite\",\"@id\":\"https:\/\/staging.varesenews.it\/#website\",\"url\":\"https:\/\/staging.varesenews.it\/\",\"name\":\"VareseNews\",\"description\":\"\",\"potentialAction\":[{\"@type\":\"SearchAction\",\"target\":{\"@type\":\"EntryPoint\",\"urlTemplate\":\"https:\/\/staging.varesenews.it\/?s={search_term_string}\"},\"query-input\":\"required name=search_term_string\"}],\"inLanguage\":\"it-IT\"},{\"@type\":\"Person\",\"@id\":\"https:\/\/staging.varesenews.it\/#\/schema\/person\/fb20c4da0b7b16c291707a20db73e169\",\"name\":\"Redazione VareseNews\",\"image\":{\"@type\":\"ImageObject\",\"inLanguage\":\"it-IT\",\"@id\":\"https:\/\/staging.varesenews.it\/#\/schema\/person\/image\/\",\"url\":\"https:\/\/staging.varesenews.it\/wp-content\/uploads\/2020\/12\/logo_VN_colori_500.png\",\"contentUrl\":\"https:\/\/staging.varesenews.it\/wp-content\/uploads\/2020\/12\/logo_VN_colori_500.png\",\"caption\":\"Redazione VareseNews\"},\"url\":\"https:\/\/staging.varesenews.it\/persona\/redazione1\/\"}]}<\/script>\n<!-- \/ Yoast SEO plugin. -->","yoast_head_json":{"title":"Varese verso la Lazio: \"Giocher\u00e0 la squadra migliore\"","description":"Bettinelli ha presentato l'impegno dei biancorossi in Coppa Italia di marted\u00ec 2 dicembre nella capitale: \u00abAndremo a Roma per vincere. Sembrer\u00e0 ridicolo ma \u00e8 cos\u00ec\u00bb. Arbitra Nasca di Bari. Hashtag: #forzavarese","robots":{"index":"noindex","follow":"follow","max-snippet":"max-snippet:-1","max-image-preview":"max-image-preview:large","max-video-preview":"max-video-preview:-1"},"og_locale":"it_IT","og_type":"article","og_title":"Varese verso la Lazio: \"Giocher\u00e0 la squadra migliore\"","og_description":"Bettinelli ha presentato l'impegno dei biancorossi in Coppa Italia di marted\u00ec 2 dicembre nella capitale: \u00abAndremo a Roma per vincere. Sembrer\u00e0 ridicolo ma \u00e8 cos\u00ec\u00bb. Arbitra Nasca di Bari. Hashtag: #forzavarese","og_url":"https:\/\/staging.varesenews.it\/2014\/12\/varese-verso-la-lazio-giochera-la-squadra-migliore\/345980\/","og_site_name":"VareseNews","article_publisher":"https:\/\/www.facebook.com\/varesenews","article_published_time":"2014-12-01T00:00:00+00:00","og_image":[{"url":"https:\/\/www3.varesenews.it\/immagini_articoli\/201411\/tmax600x480_58328924_Newphotopress_7220.jpg"}],"author":"Redazione VareseNews","twitter_card":"summary_large_image","twitter_creator":"@varesenews","twitter_site":"@varesenews","twitter_misc":{"Scritto da":"Redazione VareseNews","Tempo di lettura stimato":"3 minuti"},"schema":{"@context":"https:\/\/schema.org","@graph":[{"@type":"WebPage","@id":"https:\/\/staging.varesenews.it\/2014\/12\/varese-verso-la-lazio-giochera-la-squadra-migliore\/345980\/","url":"https:\/\/staging.varesenews.it\/2014\/12\/varese-verso-la-lazio-giochera-la-squadra-migliore\/345980\/","name":"Varese verso la Lazio: \"Giocher\u00e0 la squadra migliore\"","isPartOf":{"@id":"https:\/\/staging.varesenews.it\/#website"},"datePublished":"2014-12-01T00:00:00+00:00","dateModified":"2014-12-01T00:00:00+00:00","author":{"@id":"https:\/\/staging.varesenews.it\/#\/schema\/person\/fb20c4da0b7b16c291707a20db73e169"},"description":"Bettinelli ha presentato l'impegno dei biancorossi in Coppa Italia di marted\u00ec 2 dicembre nella capitale: \u00abAndremo a Roma per vincere. Sembrer\u00e0 ridicolo ma \u00e8 cos\u00ec\u00bb. Arbitra Nasca di Bari. Hashtag: #forzavarese","breadcrumb":{"@id":"https:\/\/staging.varesenews.it\/2014\/12\/varese-verso-la-lazio-giochera-la-squadra-migliore\/345980\/#breadcrumb"},"inLanguage":"it-IT","potentialAction":[{"@type":"ReadAction","target":["https:\/\/staging.varesenews.it\/2014\/12\/varese-verso-la-lazio-giochera-la-squadra-migliore\/345980\/"]}]},{"@type":"BreadcrumbList","@id":"https:\/\/staging.varesenews.it\/2014\/12\/varese-verso-la-lazio-giochera-la-squadra-migliore\/345980\/#breadcrumb","itemListElement":[{"@type":"ListItem","position":1,"name":"Home","item":"https:\/\/www.varesenews.it\/"},{"@type":"ListItem","position":2,"name":"Varese verso la Lazio: &#8220;Giocher\u00e0 la squadra migliore&#8221;"}]},{"@type":"WebSite","@id":"https:\/\/staging.varesenews.it\/#website","url":"https:\/\/staging.varesenews.it\/","name":"VareseNews","description":"","potentialAction":[{"@type":"SearchAction","target":{"@type":"EntryPoint","urlTemplate":"https:\/\/staging.varesenews.it\/?s={search_term_string}"},"query-input":"required name=search_term_string"}],"inLanguage":"it-IT"},{"@type":"Person","@id":"https:\/\/staging.varesenews.it\/#\/schema\/person\/fb20c4da0b7b16c291707a20db73e169","name":"Redazione VareseNews","image":{"@type":"ImageObject","inLanguage":"it-IT","@id":"https:\/\/staging.varesenews.it\/#\/schema\/person\/image\/","url":"https:\/\/staging.varesenews.it\/wp-content\/uploads\/2020\/12\/logo_VN_colori_500.png","contentUrl":"https:\/\/staging.varesenews.it\/wp-content\/uploads\/2020\/12\/logo_VN_colori_500.png","caption":"Redazione VareseNews"},"url":"https:\/\/staging.varesenews.it\/persona\/redazione1\/"}]}},"post_meta":{"id_old":"301710","argomento":"Calcio","autore_old":"Francesco Mazzoleni - twitter @fmazzof"},"photos":[],"_links":{"self":[{"href":"https:\/\/staging.varesenews.it\/swgapi\/v1\/wp\/v2\/posts\/345980"}],"collection":[{"href":"https:\/\/staging.varesenews.it\/swgapi\/v1\/wp\/v2\/posts"}],"about":[{"href":"https:\/\/staging.varesenews.it\/swgapi\/v1\/wp\/v2\/types\/post"}],"author":[{"embeddable":true,"href":"https:\/\/staging.varesenews.it\/swgapi\/v1\/wp\/v2\/users\/10"}],"replies":[{"embeddable":true,"href":"https:\/\/staging.varesenews.it\/swgapi\/v1\/wp\/v2\/comments?post=345980"}],"version-history":[{"count":0,"href":"https:\/\/staging.varesenews.it\/swgapi\/v1\/wp\/v2\/posts\/345980\/revisions"}],"wp:attachment":[{"href":"https:\/\/staging.varesenews.it\/swgapi\/v1\/wp\/v2\/media?parent=345980"}],"wp:term":[{"taxonomy":"category","embeddable":true,"href":"https:\/\/staging.varesenews.it\/swgapi\/v1\/wp\/v2\/categories?post=345980"},{"taxonomy":"post_tag","embeddable":true,"href":"https:\/\/staging.varesenews.it\/swgapi\/v1\/wp\/v2\/tags?post=345980"}],"curies":[{"name":"wp","href":"https:\/\/api.w.org\/{rel}","templated":true}]}}