{"id":346874,"date":"2014-12-12T00:00:00","date_gmt":"2014-12-12T00:00:00","guid":{"rendered":""},"modified":"2014-12-12T00:00:00","modified_gmt":"2014-12-12T00:00:00","slug":"dai-mercatini-di-natale-a-telethon-il-weekend-e-qui","status":"publish","type":"post","link":"https:\/\/staging.varesenews.it\/2014\/12\/dai-mercatini-di-natale-a-telethon-il-weekend-e-qui\/346874\/","title":{"rendered":"Dai mercatini di Natale a Telethon, il weekend \u00e8 qui"},"content":{"rendered":"<p><img loading=\"lazy\" decoding=\"async\" src=\"https:\/\/www3.varesenews.it\/immagini_articoli\/200912\/babbo_natale.jpg\" width=\"300\" height=\"199\" vspace=\"5\" hspace=\"5\" border=\"1\" align=\"right\" alt=\"\" \/>Per raccontare del weekend cominciamo dal meteo: che promette nuvole s&igrave;, ma poche precipitazioni. Le previsioni per il fine settimana permettono perci&ograve; di pensare a gite, mercatini e attivit&agrave; all&rsquo;aperto: ben coperti per&ograve;, visto che in montagna potr&agrave; vedersi pure la neve.<\/p>\n<div style=\"padding: 20px; background-color: rgb(240, 240, 240); font-family: Georgia, 'Times New Roman', Times, serif;\"><a href=\"http:\/\/www3.varesenews.it\/varese\/nuvole-e-qualche-fiocco-di-neve-in-montagna-302576.html\" target=\"_blank\">LEGGI IL METEO<\/a><\/div>\n<p>\nDel resto, siamo a un passo dal Natale: cosa che si nota, prima ancora che dai fiocchi di neve, dalle iniziative in campo. Ora, feste, casette di natale, concerti e fiabe per i bambini sono sparsi per tutta la provincia.&nbsp;<\/p>\n<p>NATALE DOVUNQUE<br \/>\nLe iniziative di Natale si moltiplicano: lo testimoniano le sempre pi&ugrave; aggiornate e dense di eventi pagine sui <a href=\"http:\/\/www3.varesenews.it\/life\/tutti-i-mercatini-di-natale-300999.html\" target=\"_blank\">Mercatini di Natale<\/a> e sui <a href=\"http:\/\/www3.varesenews.it\/life\/tutti-i-concerti-di-natale-301718.html\" target=\"_blank\">Concerti di Natale<\/a>: le iniziative sono davvero in tutta la provincia, cercate la vostra.&nbsp;<\/p>\n<p><img loading=\"lazy\" decoding=\"async\" src=\"https:\/\/www3.varesenews.it\/immagini_articoli\/201312\/natale_varese.jpg\" width=\"250\" height=\"268\" vspace=\"5\" hspace=\"5\" border=\"1\" align=\"left\" alt=\"\" \/>Noi vi segnaliamo qui alcune delle iniziative pi&ugrave; corpose:&nbsp;a <strong>Varese<\/strong>, nel centro storico per tutto il weekend artisti di strada, animazioni e intrattenimenti nelle principali vie e piazze del centro cittadino. Molti anche i mercatini natalizi e non: in piazza Repubblica, corso Matteotti, piazza Giovine Italia, piazza san Giuseppe e piazza Monte Grappa. Continua la visione del presepe domotico (in galleria Manzoni) ed &egrave; prevista persino una conferenza sui presepi: domenica 14 alle 15.00 in Sala Matrimoni di Palazzo Estense in via Sacco, 5 si terr&agrave; &quot;Il significato del Presepe&rdquo;, conferenza sulla storia e la simbologia del Presepe a cura del Prof. Romano Giosu&egrave;. L&rsquo;ingresso &egrave; libero. <a href=\"http:\/\/www3.varesenews.it\/varese\/un-natale-coi-fiocchi-nella-citta-giardino-301967.html\" target=\"_blank\">Qui l&#8217;articolo<\/a> con tutte le iniziative.<br \/>\n<strong>Un&#8217;idea originale riguarda l&#8217;albero &quot;alternativo&quot; di ReMida<\/strong>, il progetto che al chiostro di Voltorre prevede il riuso creativo di materiali di scarto. <a href=\"http:\/\/www3.varesenews.it\/tempo_libero\/articolo.php?id=301383\" target=\"_blank\">Per domenica 14 dicembre<\/a> l&#8217;appuntamento &egrave; con&nbsp;&ldquo;Pupazzi di zucchero&rdquo; per creare addobbi con le glasse alimentari; &ldquo;Centrotavola natalizi con materiali del bosco e di riuso&rdquo;.<\/p>\n<p>Sono tanti anche gli appuntamenti in programma a <strong>Gallarate<\/strong>: sia sabato che domenica molte iniziative, nel centro storico e non solo, promosse da Comune, commercianti e volontariato cittadino: qui&nbsp;<a href=\"http:\/\/ http:\/\/www3.varesenews.it\/gallarate_malpensa\/un-fine-settimana-di-concerti-mercatini-e-presepi-302602.html\" target=\"_blank\">l&#8217;articolo<\/a>. Sempre a Gallarate c&#8217;&egrave; il &quot;Commercio equo day&quot; alle Acli: sabato pomeriggio appuntamento in via Agnelli con mercatino natalizio e uno spazio di discussione su economia sociale e solidale. (<a href=\"http:\/\/www3.varesenews.it\/tempo_libero\/commercio-equo-day-alle-acli-302564.html\" target=\"_blank\">L&#8217;articolo<\/a>).&nbsp;<\/p>\n<p>Tante iniziative anche a<strong> Luino<\/strong> sabato 13 e domenica 14: &nbsp;al Parco Ferrini di Luino dalle 16 alle 19 &ldquo;Arriva Babbo Natale&rdquo; a ritirare le letterine dei bambini. Dalle 14:30 in Via Cavallotti &ldquo;Vieni ad illuminare colorare e decorare la Via&rdquo; (porta un disegno, un addobbo, una lanterna), laboratori con tema &ldquo;il riciclo&rdquo; con Nonno Carlo e molto altro: il resto lo trovate<a href=\"http:\/\/www3.varesenews.it\/varese\/articolo.php?id=302600\" target=\"_blank\"> nell&#8217;articolo<\/a>.&nbsp;<\/p>\n<p>Giornata ricca di iniziative anche quella in programma a <strong>Fagnano Olona<\/strong> domenica 14 dicembre dalle 9 alle ore 18 tra il Castello Visconteo e Piazza San Gaudenzio: visite al castello e coccole di Babbo Natale comprese. <a href=\"http:\/\/ http:\/\/www3.varesenews.it\/busto\/natale-in-piazza-fra-babbo-natale-e-visite-al-castello-visconteo-302611.html\" target=\"_blank\">Qui l&#8217;articolo<\/a>.&nbsp;<\/p>\n<p>\nGIOVANNI PAOLO II, LE CAMPANE E I PREDATORI DEL COSMO<\/p>\n<p><img loading=\"lazy\" decoding=\"async\" src=\"https:\/\/www3.varesenews.it\/immagini_articoli\/200504\/Papa.jpg\" width=\"171\" height=\"229\" vspace=\"5\" hspace=\"5\" border=\"1\" align=\"right\" alt=\"\" \/>Ma non c&#8217;&egrave; solo Natale, tra le iniziative del weekend: continua per esempio la mostra open air&nbsp;&ldquo;Un Santo in cammino con il popolo di Dio&rdquo;, che racconta la visita di Giovanni Paolo II. E questa settimana uno degli eventi collaterali racconta l&#8217;evento di&nbsp;Giovanni Paolo II a <strong>Varese<\/strong>, raccontato da chi c&#8217;era.&nbsp;Domenica 14 alle 18.30 presso il Centro Espositivo Paolo VI alla Prima Cappella si terr&agrave; &quot;Un Santo in teatro e poesia: &nbsp;Memoria letteraria e momenti vissuti&quot;.&nbsp;Alcuni protagonisti e testimoni degli avvenimenti del 2 novembre 1984 riproporranno la loro esperienza in un incontro pubblico: tra loro Riccardo Broggini, Fondazione Paolo VI;  Giuseppe Gibilisco, gi&agrave; Sindaco di Varese; Andrea Chiodi, regista; Pierfausto Vedani, giornalista, Carlo Meazza, fotografo. <a href=\"http:\/\/www3.varesenews.it\/varese\/giovanni-paolo-ii-a-varese-raccontato-da-chi-c-era-302496.html\" target=\"_blank\">L&#8217;articolo<\/a>.<\/p>\n<p>A <strong>Sant&#8217;Alessandro di Castronno<\/strong> invece si festeggiano le campane: &nbsp;Cinque nuove campane di puro bronzo, in arrivo da Innsbruck, scandiranno d&rsquo;ora in poi la vita della parrocchia di Castronno, nella piazza sant&#8217;Alessandro. La festa per il loro arrivo si terr&agrave; domenica 14, con tanto di concerto di musicisti campanologi. <a href=\"http:\/\/www3.varesenews.it\/life\/musica-nuova-a-sant-alessandro-arrivano-5-campane-302340.html\" target=\"_blank\">L&#8217;articolo<\/a>.&nbsp;<\/p>\n<p>Ai <strong>Musei Civici di Varese<\/strong>, Villa Mirabello, sabato 13 dalle 17.00 alle 18.00&nbsp;l&#8217;evento &egrave; assolutamente curioso: &quot;Indovina chi viene a cena&rdquo; &egrave; un itinerario guidato per assistere alla fase di alimentazione de &ldquo;I predatori del Microcosmo&rdquo;. &nbsp;Grazie all&rsquo;itinerario guidato i partecipanti potranno infatti assistere alle fasi di alimentazione di alcuni degli animali ospitati nei terrari della mostra, osservando direttamente le diverse tecniche di predazione. L&#8217;evento &egrave; a pagamento, la prenotazione obbligatoria, i posti limitati (max 25 persone): per prenotare si pu&ograve; chiamare lo 0332 421448 o scrivere a mostramicrocosmo@uninsubria.it.<\/p>\n<p>\nSI MANGIA!<\/p>\n<p><img loading=\"lazy\" decoding=\"async\" src=\"https:\/\/www3.varesenews.it\/immagini_articoli\/201412\/besnate.jpg\" width=\"300\" height=\"213\" vspace=\"5\" hspace=\"5\" border=\"1\" align=\"left\" alt=\"\" \/>A parte le ampie dotazioni gastronomiche nei mercatini di natalesparsi per la provincia (dotazioni che vanno dal vin brul&egrave; e le frittelle allla polenta) &nbsp;tre sono le segnalaizoni che ci sentiamo di dare: innanzitutto la festa a <strong>Voldomino di Luino <\/strong>domenica 14 dicembre: dalle 15 in Piazza Piave c&rsquo;&egrave;  &quot;ViviVoldomino: MomentiInsieme&rdquo;, una festa multietnica per promuovere e favorire il dialogo interculturale e la reciproca conoscenza, contro il razzismo e tutte le discriminazioni, per unire e festeggiare con le persone i popoli di tutto il mondo. Il programma prevede assaggi di musica e di cibo locale e internazionale, vin brul&eacute; e the alla menta.&nbsp;<\/p>\n<p>L&#8217;originale mais di <strong>Besnate<\/strong> torna invece a tavola dopo 60 anni:  Sabato 13 dicembre si potr&agrave; degustare un prodotto tipico rinato grazie alla semina dell&rsquo;originale variet&agrave; di mais nostrano locale. Polenata integrale &nbsp;macinata a pietra a chilometri zero. <a href=\"http:\/\/ http:\/\/www3.varesenews.it\/tempo_libero\/l-originale-mais-di-besnate-torna-a-tavola-dopo-60-anni-302593.html\" target=\"_blank\">I particolari nell&#8217;articolo<\/a>. &nbsp;<\/p>\n<p>Infine, per degustatori ad alto tasso culturale c&#8217;&egrave; &ldquo;La Grappa incontra l&rsquo;arte&rdquo;, percorso sensoriale organizzato dall&rsquo;Associazione Donne della Grappa il 13 e 14 dicembre per la Prima di Gabriele Marini, artista materico, a <strong>Busto Arsizio <\/strong>(VA) in via Caprera 9. <a href=\"http:\/\/www3.varesenews.it\/arte\/la-grappa-incontra-l-arte-nel-weekend-in-citta-302406.html\" target=\"_blank\">Orari e istruzioni per il percorso nell&#8217;articolo<\/a>.&nbsp;<\/p>\n<p>LA MUSICA BATTE TRA NATALE E LA PIAZZA<\/p>\n<p>Anche la musica risente delle atmosfere natalizie: i concerti si moltiplicano in tutta la provincia e oltre. La miglior mappa delle disponibilit&agrave; la offre la pagina dei&nbsp;<a href=\"http:\/\/www3.varesenews.it\/life\/tutti-i-concerti-di-natale-301718.html\" target=\"_blank\">Concerti di Natale<\/a>. Ma in piazza e oltre c&#8217;&egrave; molto di pi&ugrave;<\/p>\n<p>A <strong>Varese<\/strong>, per esempio, gli appuntamenti sono parecchi: ricordiamo per esempio sabato e domenica dalle 15.00 alle 18.00 nel&nbsp;centro storico potete imbattervi per esempio in &quot;The One Man Snow Band&quot;&nbsp;Spettacolo itinerante con strumenti e melodie da tutto il mondo. &nbsp;Mentre alle&nbsp;18.00 di sabato al&nbsp;Civico Liceo Musicale &ldquo;R. Malipiero&rdquo; di&nbsp;via Garibaldi, 4 sempre a Varese &quot;Lezioni aperte al Liceo Musicale 2014\/2015&quot; con il&nbsp;Coro da camera del Civico Liceo Musicale di Varese,&nbsp;Direttore Gabriele Conti. L&#8217;ingresso &egrave; libero. &nbsp;&nbsp;Infine domenica alle 16 alla parrocchia S. Giovanni Battista di Avigno in&nbsp;&quot;L&rsquo;Ottocento: la voce e il pianoforte&quot; nell&#8217;ambito della rassegna &quot;Musica nei rioni&quot;:&nbsp;Musiche di Rossini, Wagner, Verdi e Puccini con &nbsp;Gloria Di Blasi, soprano; Marco Targa, pianoforte. L&#8217;ingresso &egrave; libero.&nbsp;<\/p>\n<p>A <strong>Cassano Valcuvia<\/strong> invece le atmosfere spazioano in tutto il mondo: al circolo Il Farina venerd&igrave; si parla brasiliano con&nbsp;live di &ldquo;Kal Dos Santos&rdquo; dei Mi toca Samba, voce e percussioni. Sabato alle&nbsp;21 concerto live acustico con &ldquo;Tommy e Gli Onesti cittadini&rdquo;. Il tutto condito da cene a tema, dibattiti e persino un mercatino del baratto: <a href=\"http:\/\/www3.varesenews.it\/musica\/serata-antifascista-concerti-e-mercatini-tutto-dicembre-al-farina-302283.html\" target=\"_blank\">i particolari nell&#8217;articolo<\/a>.&nbsp;<\/p>\n<p>Grande musica anche nei teatri della provincia: ma per questo, vi proponiamo di leggere il prossimo paragrafo.<\/p>\n<p>UN WEEKEND TEATRALE&nbsp;<\/p>\n<p><img loading=\"lazy\" decoding=\"async\" src=\"https:\/\/www3.varesenews.it\/immagini_articoli\/200809\/Ornella_Vanoni.jpg\" width=\"200\" height=\"206\" vspace=\"5\" hspace=\"5\" border=\"1\" align=\"left\" alt=\"\" \/>I teatri di Varese e Gallarate si riempiono di mostri sacri: si comincia il venerd&igrave; sera con il recital di<strong> Ornella Vanoni<\/strong> all&#8217;UCC Teatro di <strong>Varese<\/strong>. L&#8217;appuntamento &egrave; alle 21, per&nbsp; &quot;Un filo di trucco, un filo di tacco&#8230;l&#8217;ultimo tour&quot;. Il giorno dopo al Condominio di <strong>Gallarate <\/strong>&egrave; di scena <strong>Roby Facchinetti<\/strong>, nel suo tour teatrale da solista, senza i Pooh (<a href=\"http:\/\/www3.varesenews.it\/musica\/roby-facchinetti-in-concerto-al-condominio-con-il-suo-tour-da-solista-302343.html\" target=\"_blank\">qui l&#8217;articolo<\/a>). Mentre domenica tocca a <strong>Massimo Ranieri<\/strong>, che al teatro di Varese arriva per&ograve; in veste di attore protagonista e regista &nbsp;del Riccardo III di Shakespeare, con musiche di Ennio Morricone.<\/p>\n<p>Al teatro di <strong>Varese<\/strong> sabato 13 invece &egrave; in scena la danza: &egrave; &quot;<strong>Il lago dei cigni<\/strong>&quot;, un classico del&nbsp;balletto con il Bashkirian State Ballet Theatre. Il lago dei Cigni &egrave; protagonista nel weekend, <img loading=\"lazy\" decoding=\"async\" src=\"https:\/\/www3.varesenews.it\/immagini_articoli\/201202\/tmax600x480_1434923431_09-lagocigni_148.jpg\" width=\"199\" height=\"300\" vspace=\"5\" hspace=\"5\" border=\"1\" align=\"right\" alt=\"\" \/>insieme all&#8217;Amleto, anche al Giuditta Pasta di Saronno. <a href=\"http:\/\/www3.varesenews.it\/saronno_tradate\/amleto-e-il-lago-dei-cigni-al-giuditta-pasta-302575.html\" target=\"_blank\">I particolari nell&#8217;articolo<\/a>.&nbsp;<\/p>\n<p>Da segnalare altre due proposte teatrali alternative: la finale del <strong>torneo di improvvisazione teatrale<\/strong> tra professionisti, che si terr&agrave; al&nbsp;Teatrino di via Sacco &ldquo;G. Santuccio&rdquo; di <strong>Varese<\/strong> sabato alle 21.30, con i migliori attori del Match in arrivo da Reggio Emilia, Modena, Torino e Milano che sfideranno i Varesini Plateali. E la presenza di&nbsp;<strong>Gigi Rock<\/strong> sul palco del Caff&eacute; Teatro di <strong>Samarate<\/strong>: Vestito come Elvis, porta il suo spettacolo fatto di canzoni, poesia e ballo sabato 13 dicembre alle 22,30. (<a href=\"http:\/\/www3.varesenews.it\/tempo_libero\/gigi-rock-sul-palco-del-caffe-teatro-302542.html\">L&#8217;articolo<\/a>)<\/p>\n<p>\nIL 25ESIMO DI &nbsp;TELETHON<\/p>\n<p>Telethon compie 25 anni, e da venerd&igrave; 12 a domenica 14 dicembre la Maratona Telethon toccher&agrave; molti comuni della provincia, con Intrattenimenti musicali, spettacolia corollario della raccolta di fondi per la ricerca sulla Distrofia Muscolare, su tutte le altre Malattie Neuromuscolari e sulle Malattie Genetiche e Rare che non hanno ancora una causa conosciuta e\/o una terapia.<\/p>\n<p><img loading=\"lazy\" decoding=\"async\" src=\"https:\/\/www3.varesenews.it\/immagini_articoli\/200812\/telethon.jpg\" width=\"200\" height=\"228\" vspace=\"5\" hspace=\"5\" border=\"1\" align=\"left\" alt=\"\" \/>A Varese, gli appuntamenti sono in programma venerd&igrave; 12 dicembre dalle 18 e sabato 13 dicembre dalle 10 alle 19 alla Agenzia&nbsp;&nbsp;Bnl (<a href=\"http:\/\/www3.varesenews.it\/varese\/due-giorni-di-eventi-per-telethon-302585.html\" target=\"_blank\">vedi articolo<\/a>) &nbsp;Sabato 13 dicembre doppio appuntamento nei comuni di Arcisate e Malnate a favore di Telethon. Un semplice ma importante slogan &egrave; quello scelto per l&rsquo;edizione 2014, i cui numerosi volontari scenderanno in tutte le piazze italiane per distribuire Cuori di cioccolato. &nbsp;Sabato 13 dicembre, a partire dalle ore 09.00, la distribuzione dei Cuori di cioccolato avverr&agrave; presso piazza De Gasperi &#8211; Villa Teresa ad Arcisate per poi proseguire nella serata presso l&rsquo;aula Magna della scuola Nazario Sauro di Malnate. (<a href=\"http:\/\/www3.varesenews.it\/varese\/doppio-appuntamento-a-favore-di-telethon-302586.html\" target=\"_blank\">l&#8217;articolo<\/a>). A&nbsp;Besozzo saranno in via XXV Aprile a fianco della farmacia; a Induno Olona sul sagrato della Chiesa di San Giovanni.&nbsp;<\/p>\n<p>\nARTE e CULTURA<\/p>\n<p><strong>Viggi&ugrave;<\/strong> questo weekend &egrave; in mostra: visite guidate per adulti, visite animate e laboratori artistici per bambini coordinate da TheItalianLakesGuides nei Musei &ldquo;Enrico Butti&rdquo;, &ldquo;Dei Picassas&rdquo; e degli &ldquo;Artisti Viggiutesi dell&rsquo; &lsquo;800&rdquo; a Viggi&ugrave; sono in programma domenica 14 dicembre dalle 10.00 alle 17.00, in occasione della prima edizione dei Mercatini di Natale del paese (<a href=\"http:\/\/www3.varesenews.it\/arte\/domenica-tra-l-arte-di-viggiu-302605.html\" target=\"_blank\">qui l&#8217;articolo<\/a>). &nbsp;<\/p>\n<p><img loading=\"lazy\" decoding=\"async\" src=\"https:\/\/www3.varesenews.it\/immagini_articoli\/201001\/maga3.jpg\" width=\"250\" height=\"168\" vspace=\"5\" hspace=\"5\" border=\"1\" align=\"right\" alt=\"\" \/>Questo week end MA*GA di <strong>Gallarate<\/strong> ospita l&#8217;Accademia Musicale Amadeus in collaborazione con la Fondazione Gualtiero Marchesi per un evento speciale dedicato ai bambini. Domenica 14 dicembre 2014 dalle 15.00 si svolger&agrave; La musica dai bambini ai bambini, laboratorio musicale per bambini dai 5 ai 9 anni a cura di Lara Dacc&ograve;. <a href=\"http:\/\/www3.varesenews.it\/arte\/week-end-di-musica-e-arte-la-maga-302587.html\" target=\"_blank\">I particolari qui<\/a>.<\/p>\n<p>Domenica 14 Dicembre alle 17.30 al  Museo Archeologico di <strong>Angera<\/strong> saranno invece commemorati i caduti della Prima Guerra Mondiale. La Grande Guerra provoc&ograve; pi&ugrave; di 15 Milioni di morti, tra civili e militari, una tragedia che &egrave; necessario ricordare sempre. Con l&#8217;aiuto del Duo Colors in Mainstream saranno ricordati i caduti attraverso le note della Musica che nacque proprio in quegli anni: la musica Jazz. <a href=\"http:\/\/www3.varesenews.it\/arte\/musica-jazz-al-museo-archeologico-302607.html\" target=\"_blank\">l&#8217;articolo<\/a><\/p>\n<p>Due presentazioni prenatalizie invece per il nuovo volume di Sergio Disiero, &ldquo;Che sia Neve&quot;: sabato 13 alla sala consiliare del Comune di <strong>Malnate<\/strong>, invia De Mohr 1, la presentazione- intervista  condotta dalla collega di Varesenews Mariangela Gerletti, e vedr&agrave; la partecipazione del poeta Vincenzo di Maro, il reading di Antonella Tranquilli, l&rsquo;accompagnamento al pianoforte di Gaetano di Blasi, i video di Matteo Carnio e le foto di Riccardo Ranza. Domenica 14 sar&agrave; invece allo spazio Lavit di <strong>Varese<\/strong>, in via Uberti 42: la presentazione-intervista sar&agrave; condotta dal giornalista Andrea Giacometti e vedr la presenza dell&rsquo;Editore Dino Azzalin, il reading di Daniela Zanelli, i video di Matteo Carnio e le foto di Riccardo Ranza.<\/p>\n<p>SPORT<\/p>\n<p><img loading=\"lazy\" decoding=\"async\" src=\"https:\/\/www3.varesenews.it\/immagini_articoli\/201208\/foto__2_.jpg\" width=\"300\" height=\"225\" vspace=\"5\" hspace=\"5\" border=\"1\" align=\"left\" alt=\"\" \/>Tre sono le occasioni sportive da segnalare per questo fine settimana: la Gara di pattinaggio artistico federale regionale per le categorie juniores che costituisce la seconda prova del campionato federale regionale. Gli atleti partecipanti saranno circa ottanta, nella fascia d&#8217;et&agrave; compresa tra gli otto e i quindici anni.La gara &egrave; valida per la classifica che determiner&agrave; il campione regionale e la qualificazione alla competizione nazionale (trofeo delle regioni). Alla manifestazione parteciperanno otto atleti varesini. (Per maggiori informazioni: www.vareseghiaccio.it)<\/p>\n<p>Il <strong>Taekwondo<\/strong> internazionale fa tappa al PalaBisterzo: Il Centro Sportivo Busto Arsizio, insieme a Unitam, Asd Sporting Club Samarate e Acsi organizza domenica 14 dicembre il &ldquo;Trofeo Internazionale Citt&agrave; di Busto Arsizio&rdquo;. <a href=\"http:\/\/www3.varesenews.it\/sport\/il-tae-kwon-do-internazionale-fa-tappa-al-palabisterzo-302435.html\" target=\"_blank\">L&#8217;articolo<\/a>.&nbsp;<\/p>\n<p>Sabato 13 dicembre sulla pista &quot;Giancarlo Castiglioni&quot; (in via Ariosto a Busto Arsizio) come ogni anno, l&rsquo;Accademia Bustese di pattinaggio festegger&agrave; l&rsquo;arrivo del Natale. L&rsquo;appuntamento per tutti gli atleti e i loro genitori &egrave; previsto alle ore 15 per la foto di gruppo; a seguire si terranno le esibizioni dei vari gruppi di pattinaggio e di hockey e il saggio artistico preparato durante l&rsquo;anno. (<a href=\"http:\/\/www3.varesenews.it\/sport\/festa-di-natale-per-l-accademia-bustese-302438.html\" target=\"_blank\">l&#8217;articolo<\/a>)<\/p>\n","protected":false},"excerpt":{"rendered":"<p>Il meteo promette nuvole s\u00ec, ma poche precipitazioni. Le previsioni per il fine settimana permettono perci\u00f2 di pensare a gite, mercatini e attivit\u00e0 all\u2019aperto: ben coperti per\u00f2<\/p>\n","protected":false},"author":10,"featured_media":0,"comment_status":"open","ping_status":"open","sticky":false,"template":"","format":"standard","meta":{"footnotes":""},"categories":[4,3,21,2],"tags":[132,3012,127,158],"acf":[],"yoast_head":"<!-- This site is optimized with the Yoast SEO plugin v20.1 - https:\/\/yoast.com\/wordpress\/plugins\/seo\/ -->\n<title>Dai mercatini di Natale a Telethon, il weekend \u00e8 qui<\/title>\n<meta name=\"description\" content=\"Il meteo promette nuvole s\u00ec, ma poche precipitazioni. Le previsioni per il fine settimana permettono perci\u00f2 di pensare a gite, mercatini e attivit\u00e0 all\u2019aperto: ben coperti per\u00f2\" \/>\n<meta name=\"robots\" content=\"noindex, follow, max-snippet:-1, max-image-preview:large, max-video-preview:-1\" \/>\n<meta property=\"og:locale\" content=\"it_IT\" \/>\n<meta property=\"og:type\" content=\"article\" \/>\n<meta property=\"og:title\" content=\"Dai mercatini di Natale a Telethon, il weekend \u00e8 qui\" \/>\n<meta property=\"og:description\" content=\"Il meteo promette nuvole s\u00ec, ma poche precipitazioni. Le previsioni per il fine settimana permettono perci\u00f2 di pensare a gite, mercatini e attivit\u00e0 all\u2019aperto: ben coperti per\u00f2\" \/>\n<meta property=\"og:url\" content=\"https:\/\/staging.varesenews.it\/2014\/12\/dai-mercatini-di-natale-a-telethon-il-weekend-e-qui\/346874\/\" \/>\n<meta property=\"og:site_name\" content=\"VareseNews\" \/>\n<meta property=\"article:publisher\" content=\"https:\/\/www.facebook.com\/varesenews\" \/>\n<meta property=\"article:published_time\" content=\"2014-12-12T00:00:00+00:00\" \/>\n<meta property=\"og:image\" content=\"https:\/\/www3.varesenews.it\/immagini_articoli\/200912\/babbo_natale.jpg\" \/>\n<meta name=\"author\" content=\"Redazione VareseNews\" \/>\n<meta name=\"twitter:card\" content=\"summary_large_image\" \/>\n<meta name=\"twitter:creator\" content=\"@varesenews\" \/>\n<meta name=\"twitter:site\" content=\"@varesenews\" \/>\n<meta name=\"twitter:label1\" content=\"Scritto da\" \/>\n\t<meta name=\"twitter:data1\" content=\"Redazione VareseNews\" \/>\n\t<meta name=\"twitter:label2\" content=\"Tempo di lettura stimato\" \/>\n\t<meta name=\"twitter:data2\" content=\"11 minuti\" \/>\n<script type=\"application\/ld+json\" class=\"yoast-schema-graph\">{\"@context\":\"https:\/\/schema.org\",\"@graph\":[{\"@type\":\"WebPage\",\"@id\":\"https:\/\/staging.varesenews.it\/2014\/12\/dai-mercatini-di-natale-a-telethon-il-weekend-e-qui\/346874\/\",\"url\":\"https:\/\/staging.varesenews.it\/2014\/12\/dai-mercatini-di-natale-a-telethon-il-weekend-e-qui\/346874\/\",\"name\":\"Dai mercatini di Natale a Telethon, il weekend \u00e8 qui\",\"isPartOf\":{\"@id\":\"https:\/\/staging.varesenews.it\/#website\"},\"datePublished\":\"2014-12-12T00:00:00+00:00\",\"dateModified\":\"2014-12-12T00:00:00+00:00\",\"author\":{\"@id\":\"https:\/\/staging.varesenews.it\/#\/schema\/person\/fb20c4da0b7b16c291707a20db73e169\"},\"description\":\"Il meteo promette nuvole s\u00ec, ma poche precipitazioni. Le previsioni per il fine settimana permettono perci\u00f2 di pensare a gite, mercatini e attivit\u00e0 all\u2019aperto: ben coperti per\u00f2\",\"breadcrumb\":{\"@id\":\"https:\/\/staging.varesenews.it\/2014\/12\/dai-mercatini-di-natale-a-telethon-il-weekend-e-qui\/346874\/#breadcrumb\"},\"inLanguage\":\"it-IT\",\"potentialAction\":[{\"@type\":\"ReadAction\",\"target\":[\"https:\/\/staging.varesenews.it\/2014\/12\/dai-mercatini-di-natale-a-telethon-il-weekend-e-qui\/346874\/\"]}]},{\"@type\":\"BreadcrumbList\",\"@id\":\"https:\/\/staging.varesenews.it\/2014\/12\/dai-mercatini-di-natale-a-telethon-il-weekend-e-qui\/346874\/#breadcrumb\",\"itemListElement\":[{\"@type\":\"ListItem\",\"position\":1,\"name\":\"Home\",\"item\":\"https:\/\/www.varesenews.it\/\"},{\"@type\":\"ListItem\",\"position\":2,\"name\":\"Dai mercatini di Natale a Telethon, il weekend \u00e8 qui\"}]},{\"@type\":\"WebSite\",\"@id\":\"https:\/\/staging.varesenews.it\/#website\",\"url\":\"https:\/\/staging.varesenews.it\/\",\"name\":\"VareseNews\",\"description\":\"\",\"potentialAction\":[{\"@type\":\"SearchAction\",\"target\":{\"@type\":\"EntryPoint\",\"urlTemplate\":\"https:\/\/staging.varesenews.it\/?s={search_term_string}\"},\"query-input\":\"required name=search_term_string\"}],\"inLanguage\":\"it-IT\"},{\"@type\":\"Person\",\"@id\":\"https:\/\/staging.varesenews.it\/#\/schema\/person\/fb20c4da0b7b16c291707a20db73e169\",\"name\":\"Redazione VareseNews\",\"image\":{\"@type\":\"ImageObject\",\"inLanguage\":\"it-IT\",\"@id\":\"https:\/\/staging.varesenews.it\/#\/schema\/person\/image\/\",\"url\":\"https:\/\/staging.varesenews.it\/wp-content\/uploads\/2020\/12\/logo_VN_colori_500.png\",\"contentUrl\":\"https:\/\/staging.varesenews.it\/wp-content\/uploads\/2020\/12\/logo_VN_colori_500.png\",\"caption\":\"Redazione VareseNews\"},\"url\":\"https:\/\/staging.varesenews.it\/persona\/redazione1\/\"}]}<\/script>\n<!-- \/ Yoast SEO plugin. -->","yoast_head_json":{"title":"Dai mercatini di Natale a Telethon, il weekend \u00e8 qui","description":"Il meteo promette nuvole s\u00ec, ma poche precipitazioni. Le previsioni per il fine settimana permettono perci\u00f2 di pensare a gite, mercatini e attivit\u00e0 all\u2019aperto: ben coperti per\u00f2","robots":{"index":"noindex","follow":"follow","max-snippet":"max-snippet:-1","max-image-preview":"max-image-preview:large","max-video-preview":"max-video-preview:-1"},"og_locale":"it_IT","og_type":"article","og_title":"Dai mercatini di Natale a Telethon, il weekend \u00e8 qui","og_description":"Il meteo promette nuvole s\u00ec, ma poche precipitazioni. Le previsioni per il fine settimana permettono perci\u00f2 di pensare a gite, mercatini e attivit\u00e0 all\u2019aperto: ben coperti per\u00f2","og_url":"https:\/\/staging.varesenews.it\/2014\/12\/dai-mercatini-di-natale-a-telethon-il-weekend-e-qui\/346874\/","og_site_name":"VareseNews","article_publisher":"https:\/\/www.facebook.com\/varesenews","article_published_time":"2014-12-12T00:00:00+00:00","og_image":[{"url":"https:\/\/www3.varesenews.it\/immagini_articoli\/200912\/babbo_natale.jpg"}],"author":"Redazione VareseNews","twitter_card":"summary_large_image","twitter_creator":"@varesenews","twitter_site":"@varesenews","twitter_misc":{"Scritto da":"Redazione VareseNews","Tempo di lettura stimato":"11 minuti"},"schema":{"@context":"https:\/\/schema.org","@graph":[{"@type":"WebPage","@id":"https:\/\/staging.varesenews.it\/2014\/12\/dai-mercatini-di-natale-a-telethon-il-weekend-e-qui\/346874\/","url":"https:\/\/staging.varesenews.it\/2014\/12\/dai-mercatini-di-natale-a-telethon-il-weekend-e-qui\/346874\/","name":"Dai mercatini di Natale a Telethon, il weekend \u00e8 qui","isPartOf":{"@id":"https:\/\/staging.varesenews.it\/#website"},"datePublished":"2014-12-12T00:00:00+00:00","dateModified":"2014-12-12T00:00:00+00:00","author":{"@id":"https:\/\/staging.varesenews.it\/#\/schema\/person\/fb20c4da0b7b16c291707a20db73e169"},"description":"Il meteo promette nuvole s\u00ec, ma poche precipitazioni. Le previsioni per il fine settimana permettono perci\u00f2 di pensare a gite, mercatini e attivit\u00e0 all\u2019aperto: ben coperti per\u00f2","breadcrumb":{"@id":"https:\/\/staging.varesenews.it\/2014\/12\/dai-mercatini-di-natale-a-telethon-il-weekend-e-qui\/346874\/#breadcrumb"},"inLanguage":"it-IT","potentialAction":[{"@type":"ReadAction","target":["https:\/\/staging.varesenews.it\/2014\/12\/dai-mercatini-di-natale-a-telethon-il-weekend-e-qui\/346874\/"]}]},{"@type":"BreadcrumbList","@id":"https:\/\/staging.varesenews.it\/2014\/12\/dai-mercatini-di-natale-a-telethon-il-weekend-e-qui\/346874\/#breadcrumb","itemListElement":[{"@type":"ListItem","position":1,"name":"Home","item":"https:\/\/www.varesenews.it\/"},{"@type":"ListItem","position":2,"name":"Dai mercatini di Natale a Telethon, il weekend \u00e8 qui"}]},{"@type":"WebSite","@id":"https:\/\/staging.varesenews.it\/#website","url":"https:\/\/staging.varesenews.it\/","name":"VareseNews","description":"","potentialAction":[{"@type":"SearchAction","target":{"@type":"EntryPoint","urlTemplate":"https:\/\/staging.varesenews.it\/?s={search_term_string}"},"query-input":"required name=search_term_string"}],"inLanguage":"it-IT"},{"@type":"Person","@id":"https:\/\/staging.varesenews.it\/#\/schema\/person\/fb20c4da0b7b16c291707a20db73e169","name":"Redazione VareseNews","image":{"@type":"ImageObject","inLanguage":"it-IT","@id":"https:\/\/staging.varesenews.it\/#\/schema\/person\/image\/","url":"https:\/\/staging.varesenews.it\/wp-content\/uploads\/2020\/12\/logo_VN_colori_500.png","contentUrl":"https:\/\/staging.varesenews.it\/wp-content\/uploads\/2020\/12\/logo_VN_colori_500.png","caption":"Redazione VareseNews"},"url":"https:\/\/staging.varesenews.it\/persona\/redazione1\/"}]}},"post_meta":{"id_old":"302632","argomento":"Cosa Fare nel weekend"},"photos":[],"_links":{"self":[{"href":"https:\/\/staging.varesenews.it\/swgapi\/v1\/wp\/v2\/posts\/346874"}],"collection":[{"href":"https:\/\/staging.varesenews.it\/swgapi\/v1\/wp\/v2\/posts"}],"about":[{"href":"https:\/\/staging.varesenews.it\/swgapi\/v1\/wp\/v2\/types\/post"}],"author":[{"embeddable":true,"href":"https:\/\/staging.varesenews.it\/swgapi\/v1\/wp\/v2\/users\/10"}],"replies":[{"embeddable":true,"href":"https:\/\/staging.varesenews.it\/swgapi\/v1\/wp\/v2\/comments?post=346874"}],"version-history":[{"count":0,"href":"https:\/\/staging.varesenews.it\/swgapi\/v1\/wp\/v2\/posts\/346874\/revisions"}],"wp:attachment":[{"href":"https:\/\/staging.varesenews.it\/swgapi\/v1\/wp\/v2\/media?parent=346874"}],"wp:term":[{"taxonomy":"category","embeddable":true,"href":"https:\/\/staging.varesenews.it\/swgapi\/v1\/wp\/v2\/categories?post=346874"},{"taxonomy":"post_tag","embeddable":true,"href":"https:\/\/staging.varesenews.it\/swgapi\/v1\/wp\/v2\/tags?post=346874"}],"curies":[{"name":"wp","href":"https:\/\/api.w.org\/{rel}","templated":true}]}}