{"id":348355,"date":"2015-01-14T00:00:00","date_gmt":"2015-01-14T00:00:00","guid":{"rendered":""},"modified":"2015-01-14T00:00:00","modified_gmt":"2015-01-14T00:00:00","slug":"una-comunita-unita-per-salutare-sergio","status":"publish","type":"post","link":"https:\/\/staging.varesenews.it\/2015\/01\/una-comunita-unita-per-salutare-sergio\/348355\/","title":{"rendered":"Una comunit\u00e0 unita per salutare Sergio"},"content":{"rendered":"<p><img loading=\"lazy\" decoding=\"async\" width=\"648\" vspace=\"3\" hspace=\"3\" height=\"486\" border=\"1\" alt=\"\" src=\"https:\/\/www3.varesenews.it\/immagini_articoli\/201501\/foto_1_10391.jpg\" \/><\/p>\n<div style=\"text-align: justify;\">\nLa grande chiesa di Induno Olona non &egrave; bastata ad accogliere le tante persone della comunit&agrave;, amici e parenti, accorsi <strong>per dare il saluto a Serxhio Seitaj<\/strong>, il 21enne da tutti conosciuto come <strong>Sergio<\/strong>, morto dopo il <a href=\"http:\/\/www3.varesenews.it\/comuni\/indunoolona\/articolo.php?id=303860\" target=\"_blank\"><strong>tremendo incidente<\/strong><\/a> di domenica 4 gennaio tra <strong>Arcisate e Induno<\/strong>. Due cittadine che Sergio conosceva molto bene. Ad Arcisate perch&eacute; ci viveva, ed &egrave; li che &egrave; stato sepolto. <strong>Ad Induno Olona perch&eacute; ci &egrave; cresciuto<\/strong>, ha frequentato le scuole e la sua comunit&agrave; lasciando un segno indelebile che oggi ha preso la forma del dolore delle centinaia di persone accorso nella chiesa parrocchiale della citt&agrave;. <br \/>\nUna chiesa che lo ha accolto e che ha pregato per lui. Un gesto che <strong>il parroco, don Franco Bonatti <\/strong>ha fortemente voluto per Sergio. Il ragazzo non era battezzato e la sua famiglia &egrave; di diversa origine religiosa, ma in questo momento di dolore<strong> l&rsquo;unica cosa che ha avuto importanza &egrave; stato ritrovarsi e pensarlo.<\/strong><br \/>\nIn chiesa sono state <strong>lette tre testimonianze: della famiglia, della fidanzata e degli amici. <\/strong>Ricordi toccanti spesso rotti dal pianto, in cui si &egrave; ascoltato il Sergio amico, compagno, cantante e amico. Fuori una folla silenziosa ha ascoltato la voce di Sergio attraverso le sue canzoni e un grande applauso ha salutato <strong>i palloncini con la sua fotografia che si sono stati liberati in cielo<\/strong>.<br \/>\n&laquo;Oggi la nostra comunit&agrave;, grazie alla sensibilit&agrave; di persone illuminate, ha dato una grande testimonianza di umanit&agrave; &#8211; ha commentato il <strong>sindaco di Induno Olona Marco Cavallin<\/strong> -. Io sono orgoglioso di appartenere e rappresentare queste persone&raquo;.<\/div>\n<p>\n<img loading=\"lazy\" decoding=\"async\" width=\"648\" vspace=\"3\" hspace=\"3\" height=\"486\" border=\"1\" alt=\"\" src=\"https:\/\/www3.varesenews.it\/immagini_articoli\/201501\/foto_2_15622.jpg\" \/><br type=\"_moz\" \/><\/p>\n","protected":false},"excerpt":{"rendered":"<p>La grande chiesa parrocchiale non \u00e8 bastata ad accogliere le tante persone accorse. La salma del ragazzo \u00e8 stata tumulata nel cimitero di Arcisate dove viveva<\/p>\n","protected":false},"author":10,"featured_media":0,"comment_status":"open","ping_status":"open","sticky":false,"template":"","format":"standard","meta":{"footnotes":""},"categories":[2],"tags":[2568,41511],"acf":[],"yoast_head":"<!-- This site is optimized with the Yoast SEO plugin v20.1 - https:\/\/yoast.com\/wordpress\/plugins\/seo\/ -->\n<title>Una comunit\u00e0 unita per salutare Sergio<\/title>\n<meta name=\"description\" content=\"La grande chiesa parrocchiale non \u00e8 bastata ad accogliere le tante persone accorse. La salma del ragazzo \u00e8 stata tumulata nel cimitero di Arcisate dove viveva\" \/>\n<meta name=\"robots\" content=\"noindex, follow, max-snippet:-1, max-image-preview:large, max-video-preview:-1\" \/>\n<meta property=\"og:locale\" content=\"it_IT\" \/>\n<meta property=\"og:type\" content=\"article\" \/>\n<meta property=\"og:title\" content=\"Una comunit\u00e0 unita per salutare Sergio\" \/>\n<meta property=\"og:description\" content=\"La grande chiesa parrocchiale non \u00e8 bastata ad accogliere le tante persone accorse. La salma del ragazzo \u00e8 stata tumulata nel cimitero di Arcisate dove viveva\" \/>\n<meta property=\"og:url\" content=\"https:\/\/staging.varesenews.it\/2015\/01\/una-comunita-unita-per-salutare-sergio\/348355\/\" \/>\n<meta property=\"og:site_name\" content=\"VareseNews\" \/>\n<meta property=\"article:publisher\" content=\"https:\/\/www.facebook.com\/varesenews\" \/>\n<meta property=\"article:published_time\" content=\"2015-01-14T00:00:00+00:00\" \/>\n<meta property=\"og:image\" content=\"https:\/\/www3.varesenews.it\/immagini_articoli\/201501\/foto_1_10391.jpg\" \/>\n<meta name=\"author\" content=\"Redazione VareseNews\" \/>\n<meta name=\"twitter:card\" content=\"summary_large_image\" \/>\n<meta name=\"twitter:creator\" content=\"@varesenews\" \/>\n<meta name=\"twitter:site\" content=\"@varesenews\" \/>\n<meta name=\"twitter:label1\" content=\"Scritto da\" \/>\n\t<meta name=\"twitter:data1\" content=\"Redazione VareseNews\" \/>\n\t<meta name=\"twitter:label2\" content=\"Tempo di lettura stimato\" \/>\n\t<meta name=\"twitter:data2\" content=\"1 minuto\" \/>\n<script type=\"application\/ld+json\" class=\"yoast-schema-graph\">{\"@context\":\"https:\/\/schema.org\",\"@graph\":[{\"@type\":\"WebPage\",\"@id\":\"https:\/\/staging.varesenews.it\/2015\/01\/una-comunita-unita-per-salutare-sergio\/348355\/\",\"url\":\"https:\/\/staging.varesenews.it\/2015\/01\/una-comunita-unita-per-salutare-sergio\/348355\/\",\"name\":\"Una comunit\u00e0 unita per salutare Sergio\",\"isPartOf\":{\"@id\":\"https:\/\/staging.varesenews.it\/#website\"},\"datePublished\":\"2015-01-14T00:00:00+00:00\",\"dateModified\":\"2015-01-14T00:00:00+00:00\",\"author\":{\"@id\":\"https:\/\/staging.varesenews.it\/#\/schema\/person\/fb20c4da0b7b16c291707a20db73e169\"},\"description\":\"La grande chiesa parrocchiale non \u00e8 bastata ad accogliere le tante persone accorse. La salma del ragazzo \u00e8 stata tumulata nel cimitero di Arcisate dove viveva\",\"breadcrumb\":{\"@id\":\"https:\/\/staging.varesenews.it\/2015\/01\/una-comunita-unita-per-salutare-sergio\/348355\/#breadcrumb\"},\"inLanguage\":\"it-IT\",\"potentialAction\":[{\"@type\":\"ReadAction\",\"target\":[\"https:\/\/staging.varesenews.it\/2015\/01\/una-comunita-unita-per-salutare-sergio\/348355\/\"]}]},{\"@type\":\"BreadcrumbList\",\"@id\":\"https:\/\/staging.varesenews.it\/2015\/01\/una-comunita-unita-per-salutare-sergio\/348355\/#breadcrumb\",\"itemListElement\":[{\"@type\":\"ListItem\",\"position\":1,\"name\":\"Home\",\"item\":\"https:\/\/www.varesenews.it\/\"},{\"@type\":\"ListItem\",\"position\":2,\"name\":\"Una comunit\u00e0 unita per salutare Sergio\"}]},{\"@type\":\"WebSite\",\"@id\":\"https:\/\/staging.varesenews.it\/#website\",\"url\":\"https:\/\/staging.varesenews.it\/\",\"name\":\"VareseNews\",\"description\":\"\",\"potentialAction\":[{\"@type\":\"SearchAction\",\"target\":{\"@type\":\"EntryPoint\",\"urlTemplate\":\"https:\/\/staging.varesenews.it\/?s={search_term_string}\"},\"query-input\":\"required name=search_term_string\"}],\"inLanguage\":\"it-IT\"},{\"@type\":\"Person\",\"@id\":\"https:\/\/staging.varesenews.it\/#\/schema\/person\/fb20c4da0b7b16c291707a20db73e169\",\"name\":\"Redazione VareseNews\",\"image\":{\"@type\":\"ImageObject\",\"inLanguage\":\"it-IT\",\"@id\":\"https:\/\/staging.varesenews.it\/#\/schema\/person\/image\/\",\"url\":\"https:\/\/staging.varesenews.it\/wp-content\/uploads\/2020\/12\/logo_VN_colori_500.png\",\"contentUrl\":\"https:\/\/staging.varesenews.it\/wp-content\/uploads\/2020\/12\/logo_VN_colori_500.png\",\"caption\":\"Redazione VareseNews\"},\"url\":\"https:\/\/staging.varesenews.it\/persona\/redazione1\/\"}]}<\/script>\n<!-- \/ Yoast SEO plugin. -->","yoast_head_json":{"title":"Una comunit\u00e0 unita per salutare Sergio","description":"La grande chiesa parrocchiale non \u00e8 bastata ad accogliere le tante persone accorse. La salma del ragazzo \u00e8 stata tumulata nel cimitero di Arcisate dove viveva","robots":{"index":"noindex","follow":"follow","max-snippet":"max-snippet:-1","max-image-preview":"max-image-preview:large","max-video-preview":"max-video-preview:-1"},"og_locale":"it_IT","og_type":"article","og_title":"Una comunit\u00e0 unita per salutare Sergio","og_description":"La grande chiesa parrocchiale non \u00e8 bastata ad accogliere le tante persone accorse. La salma del ragazzo \u00e8 stata tumulata nel cimitero di Arcisate dove viveva","og_url":"https:\/\/staging.varesenews.it\/2015\/01\/una-comunita-unita-per-salutare-sergio\/348355\/","og_site_name":"VareseNews","article_publisher":"https:\/\/www.facebook.com\/varesenews","article_published_time":"2015-01-14T00:00:00+00:00","og_image":[{"url":"https:\/\/www3.varesenews.it\/immagini_articoli\/201501\/foto_1_10391.jpg"}],"author":"Redazione VareseNews","twitter_card":"summary_large_image","twitter_creator":"@varesenews","twitter_site":"@varesenews","twitter_misc":{"Scritto da":"Redazione VareseNews","Tempo di lettura stimato":"1 minuto"},"schema":{"@context":"https:\/\/schema.org","@graph":[{"@type":"WebPage","@id":"https:\/\/staging.varesenews.it\/2015\/01\/una-comunita-unita-per-salutare-sergio\/348355\/","url":"https:\/\/staging.varesenews.it\/2015\/01\/una-comunita-unita-per-salutare-sergio\/348355\/","name":"Una comunit\u00e0 unita per salutare Sergio","isPartOf":{"@id":"https:\/\/staging.varesenews.it\/#website"},"datePublished":"2015-01-14T00:00:00+00:00","dateModified":"2015-01-14T00:00:00+00:00","author":{"@id":"https:\/\/staging.varesenews.it\/#\/schema\/person\/fb20c4da0b7b16c291707a20db73e169"},"description":"La grande chiesa parrocchiale non \u00e8 bastata ad accogliere le tante persone accorse. La salma del ragazzo \u00e8 stata tumulata nel cimitero di Arcisate dove viveva","breadcrumb":{"@id":"https:\/\/staging.varesenews.it\/2015\/01\/una-comunita-unita-per-salutare-sergio\/348355\/#breadcrumb"},"inLanguage":"it-IT","potentialAction":[{"@type":"ReadAction","target":["https:\/\/staging.varesenews.it\/2015\/01\/una-comunita-unita-per-salutare-sergio\/348355\/"]}]},{"@type":"BreadcrumbList","@id":"https:\/\/staging.varesenews.it\/2015\/01\/una-comunita-unita-per-salutare-sergio\/348355\/#breadcrumb","itemListElement":[{"@type":"ListItem","position":1,"name":"Home","item":"https:\/\/www.varesenews.it\/"},{"@type":"ListItem","position":2,"name":"Una comunit\u00e0 unita per salutare Sergio"}]},{"@type":"WebSite","@id":"https:\/\/staging.varesenews.it\/#website","url":"https:\/\/staging.varesenews.it\/","name":"VareseNews","description":"","potentialAction":[{"@type":"SearchAction","target":{"@type":"EntryPoint","urlTemplate":"https:\/\/staging.varesenews.it\/?s={search_term_string}"},"query-input":"required name=search_term_string"}],"inLanguage":"it-IT"},{"@type":"Person","@id":"https:\/\/staging.varesenews.it\/#\/schema\/person\/fb20c4da0b7b16c291707a20db73e169","name":"Redazione VareseNews","image":{"@type":"ImageObject","inLanguage":"it-IT","@id":"https:\/\/staging.varesenews.it\/#\/schema\/person\/image\/","url":"https:\/\/staging.varesenews.it\/wp-content\/uploads\/2020\/12\/logo_VN_colori_500.png","contentUrl":"https:\/\/staging.varesenews.it\/wp-content\/uploads\/2020\/12\/logo_VN_colori_500.png","caption":"Redazione VareseNews"},"url":"https:\/\/staging.varesenews.it\/persona\/redazione1\/"}]}},"post_meta":{"id_old":"304155","argomento":"Induno Olona","autore_old":"T.B."},"photos":[],"_links":{"self":[{"href":"https:\/\/staging.varesenews.it\/swgapi\/v1\/wp\/v2\/posts\/348355"}],"collection":[{"href":"https:\/\/staging.varesenews.it\/swgapi\/v1\/wp\/v2\/posts"}],"about":[{"href":"https:\/\/staging.varesenews.it\/swgapi\/v1\/wp\/v2\/types\/post"}],"author":[{"embeddable":true,"href":"https:\/\/staging.varesenews.it\/swgapi\/v1\/wp\/v2\/users\/10"}],"replies":[{"embeddable":true,"href":"https:\/\/staging.varesenews.it\/swgapi\/v1\/wp\/v2\/comments?post=348355"}],"version-history":[{"count":0,"href":"https:\/\/staging.varesenews.it\/swgapi\/v1\/wp\/v2\/posts\/348355\/revisions"}],"wp:attachment":[{"href":"https:\/\/staging.varesenews.it\/swgapi\/v1\/wp\/v2\/media?parent=348355"}],"wp:term":[{"taxonomy":"category","embeddable":true,"href":"https:\/\/staging.varesenews.it\/swgapi\/v1\/wp\/v2\/categories?post=348355"},{"taxonomy":"post_tag","embeddable":true,"href":"https:\/\/staging.varesenews.it\/swgapi\/v1\/wp\/v2\/tags?post=348355"}],"curies":[{"name":"wp","href":"https:\/\/api.w.org\/{rel}","templated":true}]}}