{"id":349451,"date":"2015-01-29T00:00:00","date_gmt":"2015-01-29T00:00:00","guid":{"rendered":""},"modified":"2015-01-29T00:00:00","modified_gmt":"2015-01-29T00:00:00","slug":"cento-chilometri-di-speciale-per-il-laghi-2015","status":"publish","type":"post","link":"https:\/\/staging.varesenews.it\/2015\/01\/cento-chilometri-di-speciale-per-il-laghi-2015\/349451\/","title":{"rendered":"Cento chilometri di speciale per il &#8220;Laghi 2015&#8221;"},"content":{"rendered":"<p>Pi&ugrave; lunga, articolata, internazionale e, almeno sulla carta, spettacolare. La <strong>24a edizione del Rally dei Laghi<\/strong>, in programma a met&agrave; marzo (tra venerd&igrave; 13 e domenica 15), vanta <strong>premesse molto interessanti<\/strong> per gli appassionati della disciplina, grazie a una serie di ritocchi che hanno migliorato la gara pi&ugrave; attesa della provincia senza tuttavia stravolgerla.<\/p>\n<p><img loading=\"lazy\" decoding=\"async\" src=\"https:\/\/www3.varesenews.it\/immagini_articoli\/201403\/2057330614_IMG_2977.jpg\" width=\"600\" height=\"400\" vspace=\"5\" hspace=\"5\" border=\"1\" align=\"middle\" alt=\"\" \/><br \/>\n<em><strong>(Beppe Freguglia &#8211; a dx &#8211; ha vinto le ultime due edizioni. Qui con il navigatore Marco Vozzo)<br \/>\n<\/strong><\/em><br \/>\nIl percorso, anzitutto, vede un netto incremento sotto la voce &quot;prove speciali&quot;:<strong> in tutto saranno 106 i chilometri di tratti cronometrati<\/strong> contro le settantina degli anni precedenti. E per raggiungere questo obiettivo la A.S. Laghi ha (ovviamente) <strong>confermato il &quot;re&quot; Cuvignone &#8211;<\/strong> misura 15 chilometri &#8211; affiancandogli una prova frutto della<strong> fusione tra Valganna e Alpe Tedesco<\/strong> in modo da avere un &quot;speciale&quot; pi&ugrave; lunga e selettiva. Perso il &quot;San Michele&quot; per via di problemi al manto stradale causati dal maltempo dei mesi scorsi, il &quot;Laghi&quot; lo ha rimpiazzato con il ritorno della<strong> prova nei dintorni di Marzio <\/strong>che non si disputava da tempo; il bouquet dei tratti cronometrati &egrave; completato da un altro classico quale &egrave; il<strong> &quot;Sette Termini&quot;.<\/strong><br \/>\nE ad aprire le danze torna la <strong>prova spettacolo del sabato pomeriggio tra Caravate, Gemonio e Cittiglio<\/strong>, nei pressi della Colacem: una zona che pu&ograve; trasformarsi in un <strong>vero &quot;stadio del rally&quot;<\/strong> per la conformazione della strada e la comodit&agrave; di accesso, sfruttata ogni anno da miglaia di tifosi che possono ammirare da vicino tutti i concorrenti e le vetture in corsa. Lo stesso tratto prevede un&#8217;ulteriore novit&agrave;, quello dello <em><strong>shake down<\/strong><\/em> e cio&eacute; dell&#8217;ultimo test per equipaggi e bolidi nel giorno che precede il rally.<br \/>\nParlando di internazionalit&agrave; invece, la notizia bomba &egrave; quella dell&#8217;inserimento del &quot;Laghi&quot; nel <strong>calendario del Campionato Assoluto Svizzero,<\/strong> un accordo che promette di portare a sud del confine parecchi equipaggi di valore che proveranno cos&igrave; a contrastare i piloti di casa e gli altri habitu&eacute;e dell&#8217;appuntamento di marzo.<\/p>\n<p><img loading=\"lazy\" decoding=\"async\" src=\"https:\/\/www3.varesenews.it\/immagini_articoli\/201403\/tmax600x480_33527115_IMG_7579.jpg\" width=\"600\" height=\"400\" vspace=\"5\" hspace=\"5\" border=\"1\" align=\"middle\" alt=\"\" \/><\/p>\n<div style=\"text-align: center;\"><em><strong>(Il pubblico foltissimo della prova spettacolo di Caravate)<\/strong><\/em><\/div>\n<p>\nTra le <strong>conferme importanti va annoverata quella di Varese<\/strong>, di nuovo sede di partenza e di arrivo grazie agli spazi dei giardini estensi e al centralissimo <strong>corso Matteotti dove saranno effettuate le verifiche pre-gara<\/strong>, concedendo anche in questo caso la possibilit&agrave; alla gente di osservare da vicino tutto quanto si muove intorno a un appuntamento sportivo di questo tipo.<br \/>\nResta quindi un solo dispiacere: <strong>l&#8217;assenza nella starting list di vetture Wrc<\/strong> e cio&eacute; quelle che vengono impiegate nelle gare del Campionato del Mondo. Questo sembrava l&#8217;anno buono per averle al via, tanto che l&#8217;A.S. Laghi aveva inizialmente previsto una gara con doppio chilometraggio: 120 chilometri per la gara principale, una settantina per gli amatori puri o per i piloti con budget ridotto. <strong>Il costo troppo elevato <\/strong>per la gestione di un evento simile ha per&ograve; consigliato Andrea Sabella e i suoi uomini ad adottare una soluzione differente (quella dei 106 chilometri che, comunque, come abbiamo detto rappresenta una crescita notevole) almeno per questa volta. Gi&agrave;, perch&eacute; la speranza di avere le Wrc &egrave; solo congelata: <strong>nel 2016 il &quot;Laghi&quot; compir&agrave; il quarto di secolo<\/strong> e potrebbe festeggiare in quel modo.<\/p>\n<p><strong>INFO<\/strong> &#8211; Sul sito www.varesecorse.it sono gi&agrave; stati pubblicati i documenti di gara tra cui la cartina del percorso ed il programma. Per ulteriori informazioni rivolgersi al numero +39-339.7963855 o scrivere alla mail rally_dei_laghi@yahoo.it .<\/p>\n","protected":false},"excerpt":{"rendered":"<p>La gara in programma tra il 13 e il 15 marzo sar\u00e0 pi\u00f9 lunga e selettiva delle edizioni precedenti e varr\u00e0 come prova del Campionato Svizzero. Partenza e arrivo a Varese, confermata la prova show a Caravate<\/p>\n","protected":false},"author":10,"featured_media":0,"comment_status":"open","ping_status":"open","sticky":false,"template":"","format":"standard","meta":{"footnotes":""},"categories":[14],"tags":[41604,9121,2663,8994,127],"acf":[],"yoast_head":"<!-- This site is optimized with the Yoast SEO plugin v20.1 - https:\/\/yoast.com\/wordpress\/plugins\/seo\/ -->\n<title>Cento chilometri di speciale per il &quot;Laghi 2015&quot;<\/title>\n<meta name=\"description\" content=\"La gara in programma tra il 13 e il 15 marzo sar\u00e0 pi\u00f9 lunga e selettiva delle edizioni precedenti e varr\u00e0 come prova del Campionato Svizzero. Partenza e arrivo a Varese, confermata la prova show a Caravate\" \/>\n<meta name=\"robots\" content=\"noindex, follow, max-snippet:-1, max-image-preview:large, max-video-preview:-1\" \/>\n<meta property=\"og:locale\" content=\"it_IT\" \/>\n<meta property=\"og:type\" content=\"article\" \/>\n<meta property=\"og:title\" content=\"Cento chilometri di speciale per il &quot;Laghi 2015&quot;\" \/>\n<meta property=\"og:description\" content=\"La gara in programma tra il 13 e il 15 marzo sar\u00e0 pi\u00f9 lunga e selettiva delle edizioni precedenti e varr\u00e0 come prova del Campionato Svizzero. Partenza e arrivo a Varese, confermata la prova show a Caravate\" \/>\n<meta property=\"og:url\" content=\"https:\/\/staging.varesenews.it\/2015\/01\/cento-chilometri-di-speciale-per-il-laghi-2015\/349451\/\" \/>\n<meta property=\"og:site_name\" content=\"VareseNews\" \/>\n<meta property=\"article:publisher\" content=\"https:\/\/www.facebook.com\/varesenews\" \/>\n<meta property=\"article:published_time\" content=\"2015-01-29T00:00:00+00:00\" \/>\n<meta property=\"og:image\" content=\"https:\/\/www3.varesenews.it\/immagini_articoli\/201403\/2057330614_IMG_2977.jpg\" \/>\n<meta name=\"author\" content=\"Redazione VareseNews\" \/>\n<meta name=\"twitter:card\" content=\"summary_large_image\" \/>\n<meta name=\"twitter:creator\" content=\"@varesenews\" \/>\n<meta name=\"twitter:site\" content=\"@varesenews\" \/>\n<meta name=\"twitter:label1\" content=\"Scritto da\" \/>\n\t<meta name=\"twitter:data1\" content=\"Redazione VareseNews\" \/>\n\t<meta name=\"twitter:label2\" content=\"Tempo di lettura stimato\" \/>\n\t<meta name=\"twitter:data2\" content=\"3 minuti\" \/>\n<script type=\"application\/ld+json\" class=\"yoast-schema-graph\">{\"@context\":\"https:\/\/schema.org\",\"@graph\":[{\"@type\":\"WebPage\",\"@id\":\"https:\/\/staging.varesenews.it\/2015\/01\/cento-chilometri-di-speciale-per-il-laghi-2015\/349451\/\",\"url\":\"https:\/\/staging.varesenews.it\/2015\/01\/cento-chilometri-di-speciale-per-il-laghi-2015\/349451\/\",\"name\":\"Cento chilometri di speciale per il \\\"Laghi 2015\\\"\",\"isPartOf\":{\"@id\":\"https:\/\/staging.varesenews.it\/#website\"},\"datePublished\":\"2015-01-29T00:00:00+00:00\",\"dateModified\":\"2015-01-29T00:00:00+00:00\",\"author\":{\"@id\":\"https:\/\/staging.varesenews.it\/#\/schema\/person\/fb20c4da0b7b16c291707a20db73e169\"},\"description\":\"La gara in programma tra il 13 e il 15 marzo sar\u00e0 pi\u00f9 lunga e selettiva delle edizioni precedenti e varr\u00e0 come prova del Campionato Svizzero. Partenza e arrivo a Varese, confermata la prova show a Caravate\",\"breadcrumb\":{\"@id\":\"https:\/\/staging.varesenews.it\/2015\/01\/cento-chilometri-di-speciale-per-il-laghi-2015\/349451\/#breadcrumb\"},\"inLanguage\":\"it-IT\",\"potentialAction\":[{\"@type\":\"ReadAction\",\"target\":[\"https:\/\/staging.varesenews.it\/2015\/01\/cento-chilometri-di-speciale-per-il-laghi-2015\/349451\/\"]}]},{\"@type\":\"BreadcrumbList\",\"@id\":\"https:\/\/staging.varesenews.it\/2015\/01\/cento-chilometri-di-speciale-per-il-laghi-2015\/349451\/#breadcrumb\",\"itemListElement\":[{\"@type\":\"ListItem\",\"position\":1,\"name\":\"Home\",\"item\":\"https:\/\/www.varesenews.it\/\"},{\"@type\":\"ListItem\",\"position\":2,\"name\":\"Cento chilometri di speciale per il &#8220;Laghi 2015&#8221;\"}]},{\"@type\":\"WebSite\",\"@id\":\"https:\/\/staging.varesenews.it\/#website\",\"url\":\"https:\/\/staging.varesenews.it\/\",\"name\":\"VareseNews\",\"description\":\"\",\"potentialAction\":[{\"@type\":\"SearchAction\",\"target\":{\"@type\":\"EntryPoint\",\"urlTemplate\":\"https:\/\/staging.varesenews.it\/?s={search_term_string}\"},\"query-input\":\"required name=search_term_string\"}],\"inLanguage\":\"it-IT\"},{\"@type\":\"Person\",\"@id\":\"https:\/\/staging.varesenews.it\/#\/schema\/person\/fb20c4da0b7b16c291707a20db73e169\",\"name\":\"Redazione VareseNews\",\"image\":{\"@type\":\"ImageObject\",\"inLanguage\":\"it-IT\",\"@id\":\"https:\/\/staging.varesenews.it\/#\/schema\/person\/image\/\",\"url\":\"https:\/\/staging.varesenews.it\/wp-content\/uploads\/2020\/12\/logo_VN_colori_500.png\",\"contentUrl\":\"https:\/\/staging.varesenews.it\/wp-content\/uploads\/2020\/12\/logo_VN_colori_500.png\",\"caption\":\"Redazione VareseNews\"},\"url\":\"https:\/\/staging.varesenews.it\/persona\/redazione1\/\"}]}<\/script>\n<!-- \/ Yoast SEO plugin. -->","yoast_head_json":{"title":"Cento chilometri di speciale per il \"Laghi 2015\"","description":"La gara in programma tra il 13 e il 15 marzo sar\u00e0 pi\u00f9 lunga e selettiva delle edizioni precedenti e varr\u00e0 come prova del Campionato Svizzero. Partenza e arrivo a Varese, confermata la prova show a Caravate","robots":{"index":"noindex","follow":"follow","max-snippet":"max-snippet:-1","max-image-preview":"max-image-preview:large","max-video-preview":"max-video-preview:-1"},"og_locale":"it_IT","og_type":"article","og_title":"Cento chilometri di speciale per il \"Laghi 2015\"","og_description":"La gara in programma tra il 13 e il 15 marzo sar\u00e0 pi\u00f9 lunga e selettiva delle edizioni precedenti e varr\u00e0 come prova del Campionato Svizzero. Partenza e arrivo a Varese, confermata la prova show a Caravate","og_url":"https:\/\/staging.varesenews.it\/2015\/01\/cento-chilometri-di-speciale-per-il-laghi-2015\/349451\/","og_site_name":"VareseNews","article_publisher":"https:\/\/www.facebook.com\/varesenews","article_published_time":"2015-01-29T00:00:00+00:00","og_image":[{"url":"https:\/\/www3.varesenews.it\/immagini_articoli\/201403\/2057330614_IMG_2977.jpg"}],"author":"Redazione VareseNews","twitter_card":"summary_large_image","twitter_creator":"@varesenews","twitter_site":"@varesenews","twitter_misc":{"Scritto da":"Redazione VareseNews","Tempo di lettura stimato":"3 minuti"},"schema":{"@context":"https:\/\/schema.org","@graph":[{"@type":"WebPage","@id":"https:\/\/staging.varesenews.it\/2015\/01\/cento-chilometri-di-speciale-per-il-laghi-2015\/349451\/","url":"https:\/\/staging.varesenews.it\/2015\/01\/cento-chilometri-di-speciale-per-il-laghi-2015\/349451\/","name":"Cento chilometri di speciale per il \"Laghi 2015\"","isPartOf":{"@id":"https:\/\/staging.varesenews.it\/#website"},"datePublished":"2015-01-29T00:00:00+00:00","dateModified":"2015-01-29T00:00:00+00:00","author":{"@id":"https:\/\/staging.varesenews.it\/#\/schema\/person\/fb20c4da0b7b16c291707a20db73e169"},"description":"La gara in programma tra il 13 e il 15 marzo sar\u00e0 pi\u00f9 lunga e selettiva delle edizioni precedenti e varr\u00e0 come prova del Campionato Svizzero. Partenza e arrivo a Varese, confermata la prova show a Caravate","breadcrumb":{"@id":"https:\/\/staging.varesenews.it\/2015\/01\/cento-chilometri-di-speciale-per-il-laghi-2015\/349451\/#breadcrumb"},"inLanguage":"it-IT","potentialAction":[{"@type":"ReadAction","target":["https:\/\/staging.varesenews.it\/2015\/01\/cento-chilometri-di-speciale-per-il-laghi-2015\/349451\/"]}]},{"@type":"BreadcrumbList","@id":"https:\/\/staging.varesenews.it\/2015\/01\/cento-chilometri-di-speciale-per-il-laghi-2015\/349451\/#breadcrumb","itemListElement":[{"@type":"ListItem","position":1,"name":"Home","item":"https:\/\/www.varesenews.it\/"},{"@type":"ListItem","position":2,"name":"Cento chilometri di speciale per il &#8220;Laghi 2015&#8221;"}]},{"@type":"WebSite","@id":"https:\/\/staging.varesenews.it\/#website","url":"https:\/\/staging.varesenews.it\/","name":"VareseNews","description":"","potentialAction":[{"@type":"SearchAction","target":{"@type":"EntryPoint","urlTemplate":"https:\/\/staging.varesenews.it\/?s={search_term_string}"},"query-input":"required name=search_term_string"}],"inLanguage":"it-IT"},{"@type":"Person","@id":"https:\/\/staging.varesenews.it\/#\/schema\/person\/fb20c4da0b7b16c291707a20db73e169","name":"Redazione VareseNews","image":{"@type":"ImageObject","inLanguage":"it-IT","@id":"https:\/\/staging.varesenews.it\/#\/schema\/person\/image\/","url":"https:\/\/staging.varesenews.it\/wp-content\/uploads\/2020\/12\/logo_VN_colori_500.png","contentUrl":"https:\/\/staging.varesenews.it\/wp-content\/uploads\/2020\/12\/logo_VN_colori_500.png","caption":"Redazione VareseNews"},"url":"https:\/\/staging.varesenews.it\/persona\/redazione1\/"}]}},"post_meta":{"id_old":"305273","argomento":"Rally","autore_old":"Damiano Franzetti - Twitter @DamianoFranz"},"photos":[],"_links":{"self":[{"href":"https:\/\/staging.varesenews.it\/swgapi\/v1\/wp\/v2\/posts\/349451"}],"collection":[{"href":"https:\/\/staging.varesenews.it\/swgapi\/v1\/wp\/v2\/posts"}],"about":[{"href":"https:\/\/staging.varesenews.it\/swgapi\/v1\/wp\/v2\/types\/post"}],"author":[{"embeddable":true,"href":"https:\/\/staging.varesenews.it\/swgapi\/v1\/wp\/v2\/users\/10"}],"replies":[{"embeddable":true,"href":"https:\/\/staging.varesenews.it\/swgapi\/v1\/wp\/v2\/comments?post=349451"}],"version-history":[{"count":0,"href":"https:\/\/staging.varesenews.it\/swgapi\/v1\/wp\/v2\/posts\/349451\/revisions"}],"wp:attachment":[{"href":"https:\/\/staging.varesenews.it\/swgapi\/v1\/wp\/v2\/media?parent=349451"}],"wp:term":[{"taxonomy":"category","embeddable":true,"href":"https:\/\/staging.varesenews.it\/swgapi\/v1\/wp\/v2\/categories?post=349451"},{"taxonomy":"post_tag","embeddable":true,"href":"https:\/\/staging.varesenews.it\/swgapi\/v1\/wp\/v2\/tags?post=349451"}],"curies":[{"name":"wp","href":"https:\/\/api.w.org\/{rel}","templated":true}]}}