{"id":349849,"date":"2015-02-04T00:00:00","date_gmt":"2015-02-04T00:00:00","guid":{"rendered":""},"modified":"2015-02-04T00:00:00","modified_gmt":"2015-02-04T00:00:00","slug":"rischio-neve-allerta-meteo-regionale","status":"publish","type":"post","link":"https:\/\/staging.varesenews.it\/2015\/02\/rischio-neve-allerta-meteo-regionale\/349849\/","title":{"rendered":"Rischio neve, allerta meteo regionale"},"content":{"rendered":"<p><strong><img loading=\"lazy\" decoding=\"async\" src=\"https:\/\/www3.varesenews.it\/immagini_articoli\/201502\/neve__lombardia.jpg\" alt=\"neve lombardia foto\" width=\"600\" height=\"376\" vspace=\"5\" hspace=\"5\" border=\"1\" align=\"absMiddle\" \/><\/p>\n<p>Arriver&agrave; o no? L&rsquo;assaggio di marted&igrave; scorso, in termini di neve, c&rsquo;e stato<\/strong>: non ha creato problemi, &egrave; un fenomeno del tutto normale in questa stagione, ma &egrave; bene tenere presente, prima di spostarsi in auto soprattutto nella pianura padana le previsioni meteo.<\/p>\n<p><strong>SITUAZIONE E PREVISIONI<\/strong> &#8211;  Secondo il <a href=\"http:\/\/www.astrogeo.va.it\/meteo.htm\" target=\"_blank\">Centro Geofisico Prealpino<\/a> nella giornata di gioved&igrave; 5 febbraio vi sar&agrave; &ldquo;cielo coperto e pi&ugrave; freddo con nevicate fino in pianura, abbondanti su Lombardia meridionale, Appennino e Piemonte. Su Alpi e Prealpi nevicate pi&ugrave; deboli e a tratti passaggio ad acqua mista a neve al di sotto dei 300-400m&rdquo;. Le temperature saranno attorno agli zero gradi. Per venerd&igrave; &ldquo;Molto nuvoloso, deboli piogge in pianura e limite neve in rialzo a quote collinari. Precipitazioni in graduale attenuazione nel pomeriggio&rdquo;.<\/p>\n<p><strong>L&rsquo;ALLERTA METEO DELLA PROTEZIONE CIVILE<\/strong> &#8211; &ldquo;Nei prossimi due giorni, all&#8217;interno di un&#8217;area depressionaria a carattere freddo, transiter&agrave; sul Tirreno centrale un vortice che far&agrave; affluire aria pi&ugrave; umida, mite ed instabile sulla Lombardia. Sono previste due fasi perturbate e attese precipitazioni nevose sino a quote di pianura&rdquo;. Questo &egrave; <a href=\"http:\/\/www.protezionecivile.regione.lombardia.it\/shared\/ccurl\/916\/663\/Avviso_n_006_rischio_neve_04.02.2015.pdf\" target=\"_blank\">il testo del bollettino meteo della protezione civile della Lombardia<\/a>.<br \/>\n&ldquo;<strong>Su Oltrep&ograve; Pavese gli accumuli potranno essere i pi&ugrave; rilevanti (oltre i 500 metri di quota fino a 25-30 cm in 24 ore, con massimi di 40-50 cm complessivi nelle 48 ore<\/strong>) &#8211; continua la nota &#8211; . Sulla bassa pianura occidentale e <strong>Prealpi Bresciane<\/strong> accumuli comunque consistenti (fino a 20-30 cm durante tutto l&#8217;evento), sulla bassa pianura orientale e sull&#8217;alta pianura accumuli pi&ugrave; disomogenei (da pochi cm fino a 15 cm ) in quanto la neve, a seguito dello zero termico pi&ugrave; elevato, potr&agrave; essere talvolta mista a pioggia (alte pianure) a cui potr&agrave; aggiungersi l&#8217;effetto del vento forte (pianura orientale). Il gradiente termico Nord-Sud sar&agrave; tale per cui la quota-neve sui rilievi alpini e prealpini sar&agrave; mediamente a partire da 800 metri circa. <strong>Fase acuta tra le ore 6 di gioved&igrave;, 05\/02, e le ore 9 di venerd&igrave;, 06\/02<\/strong>, all&#8217;interno della quale vi potr&agrave; essere una temporanea attenuazione dei fenomeni su alcune aree nel pomeriggio-sera di gioved&igrave;&rdquo;.<\/p>\n<p><strong>RISCHI E CONSIGLI<\/strong> &#8211; Sempre al protezione civile della Lombardia fa sapere che: &ldquo;<strong>Le situazioni di criticit&agrave; per rischio neve potrebbero essere legate soprattutto a difficolt&agrave;, rallentamenti e blocchi del traffico stradale e ferroviario, oltre a possibili interruzioni della fornitura di energia elettrica e\/o delle linee telefoniche.<\/strong><br \/>\nSi suggerisce pertanto ai Presidi territoriali la necessit&agrave; di predisporre un&rsquo;attenta sorveglianza del traffico da parte della Polizia Stradale e di tutte le altre Forze operanti sul territorio. Analoga sensibilizzazione nei confronti degli Enti gestori delle Strade (ANAS, Province, Comuni) perch&eacute; dispongano nei punti pi&ugrave; opportuni tutti i mezzi spazzaneve e spargisale e provvedano ad informare gli utenti della possibilit&agrave; della formazione di ghiaccio sul manto stradale.<br \/>\nSi consiglia a tutti i Comuni che si fossero dotati di un Piano Emergenza Neve di attuare tutte le indicazioni previste in fase di pianificazione e di divulgare tutte le informazioni necessarie alla popolazione&rdquo;.<\/p>\n","protected":false},"excerpt":{"rendered":"<p> L\u2019area pi\u00f9 esposta sar\u00e0 la pianura padana, dove \u00e8 previsto mezzo metro di neve in 48 ore. Possibili rallentamenti stradali e ferroviari oltre a interruzioni elettriche e telefoniche<\/p>\n","protected":false},"author":10,"featured_media":0,"comment_status":"open","ping_status":"open","sticky":false,"template":"","format":"standard","meta":{"footnotes":""},"categories":[7],"tags":[163,172,7724,32017],"acf":[],"yoast_head":"<!-- This site is optimized with the Yoast SEO plugin v20.1 - https:\/\/yoast.com\/wordpress\/plugins\/seo\/ -->\n<title>Rischio neve, allerta meteo regionale<\/title>\n<meta name=\"description\" content=\"L\u2019area pi\u00f9 esposta sar\u00e0 la pianura padana, dove \u00e8 previsto mezzo metro di neve in 48 ore. Possibili rallentamenti stradali e ferroviari oltre a interruzioni elettriche e telefoniche\" \/>\n<meta name=\"robots\" content=\"noindex, follow, max-snippet:-1, max-image-preview:large, max-video-preview:-1\" \/>\n<meta property=\"og:locale\" content=\"it_IT\" \/>\n<meta property=\"og:type\" content=\"article\" \/>\n<meta property=\"og:title\" content=\"Rischio neve, allerta meteo regionale\" \/>\n<meta property=\"og:description\" content=\"L\u2019area pi\u00f9 esposta sar\u00e0 la pianura padana, dove \u00e8 previsto mezzo metro di neve in 48 ore. Possibili rallentamenti stradali e ferroviari oltre a interruzioni elettriche e telefoniche\" \/>\n<meta property=\"og:url\" content=\"https:\/\/staging.varesenews.it\/2015\/02\/rischio-neve-allerta-meteo-regionale\/349849\/\" \/>\n<meta property=\"og:site_name\" content=\"VareseNews\" \/>\n<meta property=\"article:publisher\" content=\"https:\/\/www.facebook.com\/varesenews\" \/>\n<meta property=\"article:published_time\" content=\"2015-02-04T00:00:00+00:00\" \/>\n<meta property=\"og:image\" content=\"https:\/\/www3.varesenews.it\/immagini_articoli\/201502\/neve__lombardia.jpg\" \/>\n<meta name=\"author\" content=\"Redazione VareseNews\" \/>\n<meta name=\"twitter:card\" content=\"summary_large_image\" \/>\n<meta name=\"twitter:creator\" content=\"@varesenews\" \/>\n<meta name=\"twitter:site\" content=\"@varesenews\" \/>\n<meta name=\"twitter:label1\" content=\"Scritto da\" \/>\n\t<meta name=\"twitter:data1\" content=\"Redazione VareseNews\" \/>\n\t<meta name=\"twitter:label2\" content=\"Tempo di lettura stimato\" \/>\n\t<meta name=\"twitter:data2\" content=\"3 minuti\" \/>\n<script type=\"application\/ld+json\" class=\"yoast-schema-graph\">{\"@context\":\"https:\/\/schema.org\",\"@graph\":[{\"@type\":\"WebPage\",\"@id\":\"https:\/\/staging.varesenews.it\/2015\/02\/rischio-neve-allerta-meteo-regionale\/349849\/\",\"url\":\"https:\/\/staging.varesenews.it\/2015\/02\/rischio-neve-allerta-meteo-regionale\/349849\/\",\"name\":\"Rischio neve, allerta meteo regionale\",\"isPartOf\":{\"@id\":\"https:\/\/staging.varesenews.it\/#website\"},\"datePublished\":\"2015-02-04T00:00:00+00:00\",\"dateModified\":\"2015-02-04T00:00:00+00:00\",\"author\":{\"@id\":\"https:\/\/staging.varesenews.it\/#\/schema\/person\/fb20c4da0b7b16c291707a20db73e169\"},\"description\":\"L\u2019area pi\u00f9 esposta sar\u00e0 la pianura padana, dove \u00e8 previsto mezzo metro di neve in 48 ore. Possibili rallentamenti stradali e ferroviari oltre a interruzioni elettriche e telefoniche\",\"breadcrumb\":{\"@id\":\"https:\/\/staging.varesenews.it\/2015\/02\/rischio-neve-allerta-meteo-regionale\/349849\/#breadcrumb\"},\"inLanguage\":\"it-IT\",\"potentialAction\":[{\"@type\":\"ReadAction\",\"target\":[\"https:\/\/staging.varesenews.it\/2015\/02\/rischio-neve-allerta-meteo-regionale\/349849\/\"]}]},{\"@type\":\"BreadcrumbList\",\"@id\":\"https:\/\/staging.varesenews.it\/2015\/02\/rischio-neve-allerta-meteo-regionale\/349849\/#breadcrumb\",\"itemListElement\":[{\"@type\":\"ListItem\",\"position\":1,\"name\":\"Home\",\"item\":\"https:\/\/www.varesenews.it\/\"},{\"@type\":\"ListItem\",\"position\":2,\"name\":\"Rischio neve, allerta meteo regionale\"}]},{\"@type\":\"WebSite\",\"@id\":\"https:\/\/staging.varesenews.it\/#website\",\"url\":\"https:\/\/staging.varesenews.it\/\",\"name\":\"VareseNews\",\"description\":\"\",\"potentialAction\":[{\"@type\":\"SearchAction\",\"target\":{\"@type\":\"EntryPoint\",\"urlTemplate\":\"https:\/\/staging.varesenews.it\/?s={search_term_string}\"},\"query-input\":\"required name=search_term_string\"}],\"inLanguage\":\"it-IT\"},{\"@type\":\"Person\",\"@id\":\"https:\/\/staging.varesenews.it\/#\/schema\/person\/fb20c4da0b7b16c291707a20db73e169\",\"name\":\"Redazione VareseNews\",\"image\":{\"@type\":\"ImageObject\",\"inLanguage\":\"it-IT\",\"@id\":\"https:\/\/staging.varesenews.it\/#\/schema\/person\/image\/\",\"url\":\"https:\/\/staging.varesenews.it\/wp-content\/uploads\/2020\/12\/logo_VN_colori_500.png\",\"contentUrl\":\"https:\/\/staging.varesenews.it\/wp-content\/uploads\/2020\/12\/logo_VN_colori_500.png\",\"caption\":\"Redazione VareseNews\"},\"url\":\"https:\/\/staging.varesenews.it\/persona\/redazione1\/\"}]}<\/script>\n<!-- \/ Yoast SEO plugin. -->","yoast_head_json":{"title":"Rischio neve, allerta meteo regionale","description":"L\u2019area pi\u00f9 esposta sar\u00e0 la pianura padana, dove \u00e8 previsto mezzo metro di neve in 48 ore. Possibili rallentamenti stradali e ferroviari oltre a interruzioni elettriche e telefoniche","robots":{"index":"noindex","follow":"follow","max-snippet":"max-snippet:-1","max-image-preview":"max-image-preview:large","max-video-preview":"max-video-preview:-1"},"og_locale":"it_IT","og_type":"article","og_title":"Rischio neve, allerta meteo regionale","og_description":"L\u2019area pi\u00f9 esposta sar\u00e0 la pianura padana, dove \u00e8 previsto mezzo metro di neve in 48 ore. Possibili rallentamenti stradali e ferroviari oltre a interruzioni elettriche e telefoniche","og_url":"https:\/\/staging.varesenews.it\/2015\/02\/rischio-neve-allerta-meteo-regionale\/349849\/","og_site_name":"VareseNews","article_publisher":"https:\/\/www.facebook.com\/varesenews","article_published_time":"2015-02-04T00:00:00+00:00","og_image":[{"url":"https:\/\/www3.varesenews.it\/immagini_articoli\/201502\/neve__lombardia.jpg"}],"author":"Redazione VareseNews","twitter_card":"summary_large_image","twitter_creator":"@varesenews","twitter_site":"@varesenews","twitter_misc":{"Scritto da":"Redazione VareseNews","Tempo di lettura stimato":"3 minuti"},"schema":{"@context":"https:\/\/schema.org","@graph":[{"@type":"WebPage","@id":"https:\/\/staging.varesenews.it\/2015\/02\/rischio-neve-allerta-meteo-regionale\/349849\/","url":"https:\/\/staging.varesenews.it\/2015\/02\/rischio-neve-allerta-meteo-regionale\/349849\/","name":"Rischio neve, allerta meteo regionale","isPartOf":{"@id":"https:\/\/staging.varesenews.it\/#website"},"datePublished":"2015-02-04T00:00:00+00:00","dateModified":"2015-02-04T00:00:00+00:00","author":{"@id":"https:\/\/staging.varesenews.it\/#\/schema\/person\/fb20c4da0b7b16c291707a20db73e169"},"description":"L\u2019area pi\u00f9 esposta sar\u00e0 la pianura padana, dove \u00e8 previsto mezzo metro di neve in 48 ore. Possibili rallentamenti stradali e ferroviari oltre a interruzioni elettriche e telefoniche","breadcrumb":{"@id":"https:\/\/staging.varesenews.it\/2015\/02\/rischio-neve-allerta-meteo-regionale\/349849\/#breadcrumb"},"inLanguage":"it-IT","potentialAction":[{"@type":"ReadAction","target":["https:\/\/staging.varesenews.it\/2015\/02\/rischio-neve-allerta-meteo-regionale\/349849\/"]}]},{"@type":"BreadcrumbList","@id":"https:\/\/staging.varesenews.it\/2015\/02\/rischio-neve-allerta-meteo-regionale\/349849\/#breadcrumb","itemListElement":[{"@type":"ListItem","position":1,"name":"Home","item":"https:\/\/www.varesenews.it\/"},{"@type":"ListItem","position":2,"name":"Rischio neve, allerta meteo regionale"}]},{"@type":"WebSite","@id":"https:\/\/staging.varesenews.it\/#website","url":"https:\/\/staging.varesenews.it\/","name":"VareseNews","description":"","potentialAction":[{"@type":"SearchAction","target":{"@type":"EntryPoint","urlTemplate":"https:\/\/staging.varesenews.it\/?s={search_term_string}"},"query-input":"required name=search_term_string"}],"inLanguage":"it-IT"},{"@type":"Person","@id":"https:\/\/staging.varesenews.it\/#\/schema\/person\/fb20c4da0b7b16c291707a20db73e169","name":"Redazione VareseNews","image":{"@type":"ImageObject","inLanguage":"it-IT","@id":"https:\/\/staging.varesenews.it\/#\/schema\/person\/image\/","url":"https:\/\/staging.varesenews.it\/wp-content\/uploads\/2020\/12\/logo_VN_colori_500.png","contentUrl":"https:\/\/staging.varesenews.it\/wp-content\/uploads\/2020\/12\/logo_VN_colori_500.png","caption":"Redazione VareseNews"},"url":"https:\/\/staging.varesenews.it\/persona\/redazione1\/"}]}},"post_meta":{"id_old":"305676","argomento":"MIlano"},"photos":[],"_links":{"self":[{"href":"https:\/\/staging.varesenews.it\/swgapi\/v1\/wp\/v2\/posts\/349849"}],"collection":[{"href":"https:\/\/staging.varesenews.it\/swgapi\/v1\/wp\/v2\/posts"}],"about":[{"href":"https:\/\/staging.varesenews.it\/swgapi\/v1\/wp\/v2\/types\/post"}],"author":[{"embeddable":true,"href":"https:\/\/staging.varesenews.it\/swgapi\/v1\/wp\/v2\/users\/10"}],"replies":[{"embeddable":true,"href":"https:\/\/staging.varesenews.it\/swgapi\/v1\/wp\/v2\/comments?post=349849"}],"version-history":[{"count":0,"href":"https:\/\/staging.varesenews.it\/swgapi\/v1\/wp\/v2\/posts\/349849\/revisions"}],"wp:attachment":[{"href":"https:\/\/staging.varesenews.it\/swgapi\/v1\/wp\/v2\/media?parent=349849"}],"wp:term":[{"taxonomy":"category","embeddable":true,"href":"https:\/\/staging.varesenews.it\/swgapi\/v1\/wp\/v2\/categories?post=349849"},{"taxonomy":"post_tag","embeddable":true,"href":"https:\/\/staging.varesenews.it\/swgapi\/v1\/wp\/v2\/tags?post=349849"}],"curies":[{"name":"wp","href":"https:\/\/api.w.org\/{rel}","templated":true}]}}