{"id":35237,"date":"2014-05-15T00:00:00","date_gmt":"2014-05-15T00:00:00","guid":{"rendered":""},"modified":"2014-05-15T00:00:00","modified_gmt":"2014-05-15T00:00:00","slug":"posata-la-pietra-virtuale-della-nuova-brunella","status":"publish","type":"post","link":"https:\/\/staging.varesenews.it\/2014\/05\/posata-la-pietra-virtuale-della-nuova-brunella\/35237\/","title":{"rendered":"Posata la pietra virtuale della Nuova Brunella"},"content":{"rendered":"<p><strong><img loading=\"lazy\" decoding=\"async\" src=\"https:\/\/www3.varesenews.it\/immagini_articoli\/201405\/brunella1.jpg\" width=\"539\" height=\"404\" vspace=\"5\" hspace=\"5\" align=\"absMiddle\" alt=\"\" \/><br \/>\nLa Brunella riapre alla citt&agrave; e alla citt&agrave;, in particolare al quartiere, chiede sostegno e solidariet&agrave;.<\/strong> Questa mattina, 15 maggio, in occasione della 2<strong>0esima Giornata Internazionale della Famiglia<\/strong>, &egrave; stata<strong> posata una pietra &ldquo;simbolica&rdquo;<\/strong> per segnare l&rsquo;avvio dei lavori di ristrutturazione dello <strong>stabile venduto dai frati<\/strong> ( &ldquo;svenduto&rdquo; come ha ricordato il<strong> direttore generale Michele Imperiali<\/strong>) <strong>alla Fondazione Piatti <\/strong>per realizzarne un centro destinato alla famiglia con fragilit&agrave;. <br \/>\n<strong>Il<\/strong><strong> progetto esecutivo &egrave; ormai pronto e sta per scadere il bando di assegnazione dei lavori<\/strong> che verranno affidati a giugno in modo<strong> poter avviare le attivit&agrave; sin dal 2016<\/strong>. <\/p>\n<div style=\"padding: 20px; background-color: rgb(240, 240, 240); font-family: Georgia, 'Times New Roman', Times, serif;\"><a href=\"http:\/\/www3.varesenews.it\/varese\/il-convento-della-brunella-trova-un-nuovo-proprietario-e-un-nuovo-destino-274606.html\" target=\"_blank\">Il convento della Brunella trova un nuovo proprietario e un nuovo destino<\/p>\n<p><\/a><\/div>\n<p>Alla cerimonia erano presente le istituzioni: dalla Regione con il direttore generale del Welfare <strong>Giovanni Daverio,<\/strong> all&rsquo;Asl locale con il commissario <strong>Piergiorgio Berni,<\/strong> al Comune con l&rsquo;assessore<strong> Sergio Ghiringhelli,<\/strong> a Fondazione Cariplo con l&rsquo;<strong>avvocato Mascetti<\/strong>, alla Chiesa presente con <strong>Monsignor Franco Agnesi, il prevosto Donnini e l&rsquo;attuale parroco della chiesa della Brunella Marco Casale<\/strong> che continua l&rsquo;opera di aiuto agli emarginati con la mensa, le docce, il guardaroba e uno spazio di incontro pomeridiano.&nbsp;<\/p>\n<p class=\"p2\">La Nuova Brunella, dunque, proseguir&agrave; nella sua opera di attenzione e aiuto a chi &egrave; pi&ugrave; fragile: &laquo; <strong>Alle famiglie che non chiedono di essere sostituite ma chiedono sostegno per far crescere chi &egrave; fragile, disabile <\/strong>&#8211; ha commentato la<strong> presidente Cesarina Del Vecchio<\/strong> <em>( nella foto sotto)<\/em> &nbsp;&#8211; <strong>&nbsp;<\/strong>Noi ci mettiamo in campo assicurando il nostro stile di efficienza ed efficacia. Sappiamo che ci viene attribuita una grande responsabilit&agrave; perch&eacute; dobbiamo far fruttare al meglio fondi pubblici e privati, ma siamo convinti che queste sono situazioni che appartengono a tutta la comunit&agrave; e cos&igrave; ognuno deve sentirsi coinvolto. Noi continueremo a sollecitare attenzioni e contributi per poter proseguire in un&#8217;opera che non va considerata fatto privato&raquo;.<\/p>\n<p class=\"p2\"><img loading=\"lazy\" decoding=\"async\" src=\"https:\/\/www3.varesenews.it\/immagini_articoli\/201405\/brunella.jpg\" width=\"597\" height=\"448\" vspace=\"5\" hspace=\"5\" align=\"absMiddle\" alt=\"\" \/><br \/>\nI contributi saranno di natura economica: <strong>Fondazione Piatti ha acceso un mutuo per poter acquistare la palazzina <\/strong>che, nonostante il prezzo di grandissimo favore, &egrave; costata<strong> 1,5 milioni di euro<\/strong>. La <strong>Fondazione Cariplo ha recentemente premiato il progetto con 1,2 milioni di euro<\/strong>. Ci sono state altre <strong>donazioni per 400.000 euro:<\/strong> &laquo; Il costo dell&rsquo;intero progetto ammonta a oltre <strong>3 milioni di euro<\/strong> &#8211; spiega il direttore Imperiali &#8211; <strong>Noi metteremo in vendita la nostra sede di Biumo e speriamo di ricavarne 750.000 euro<\/strong>. In questo modo riusciremo a chiudere questo mutuo importante&raquo;.<\/p>\n<p class=\"p2\">I lavori di sistemazione permetteranno di realizzare: al <strong>piano terra un centro di neuropsichiatria infantile <\/strong>dedicato ai bimbi ( una trentina), anche piccolissimi, con problemi di <strong>autismo<\/strong>; al <strong>primo piano si ricaveranno alloggi per una decina di giovani disabili<\/strong> per permettere loro un&rsquo;esperienza di autonomia protetta; al <strong>secondo piano trover&agrave; spazio la Fondazione Piatti&nbsp;con Anffas Varese<\/strong> con il <strong>centro studi<\/strong>&nbsp;e formazione sulle disabilit&agrave; intellettive e relazionali, oltre all&rsquo;<strong>associazione sportiva ASA Varese<\/strong>; al<strong> terzo piano&nbsp; si aprir&agrave; il centro per la famiglia,<\/strong> una sorta di sportello unico dove trovare risposte e supporti per le diverse problematiche dalla disabilit&agrave;, alla non autosufficienza, alla povert&agrave;; infine al<strong> quarto piano rimarranno i servizi attuali di consultorio gestiti dalla Fondazione La Casa<\/strong>.<\/p>\n<p class=\"p1\">&laquo; Si tratta di un&rsquo;esperienza che va nel segno delle linee programmatiche di Welfare di Regione Lombardia &#8211; ha commentato il <strong>direttore dell&#8217;assessorato lombardo Daverio<\/strong> &#8211;&nbsp; dove istituzioni e terzo settore sinergicamente creano soluzioni flessibili per venire incontro al bisogno nuovo e diverso delle famiglie fragili. I servizi dinamici &nbsp;sono il secondo pilastro di una politica che vede il pubblico supportato e integrato dal privato sociale&raquo;.<\/p>\n<p class=\"p2\"><img loading=\"lazy\" decoding=\"async\" src=\"https:\/\/www3.varesenews.it\/immagini_articoli\/201405\/casale.jpg\" width=\"250\" height=\"187\" vspace=\"5\" hspace=\"5\" align=\"left\" alt=\"\" \/>Soddisfazione per la scelta di estinzione dello stabile &egrave; stata espressa da tutti, soprattutto per il <strong>carattere di servizio alla comunit&agrave; pi&ugrave; debole che ha sempre svolto la struttura dei frati<\/strong>: &laquo; Da 75 anni la Brunella accoglie gli emarginati &#8211; ha ricordato<strong> don Marco Casale, attuale parroco<\/strong> &#8211; &egrave; una realt&agrave; che contrasta quella che Papa Francesco definisce &ldquo;la globalizzazione dell&rsquo;indifferenza&rdquo;. Siamo quindi contenti che l&rsquo;intera struttura prosegua in questa direzione&raquo;.&nbsp; Nelle sue parole, un riferimento alle ipotesi della prima ora, che volevano la palazzina avviata a un futuro uso commerciale: &laquo; Nonostante io sia assessore al marketing e al commercio di Varese &#8211; ha concluso <strong>Sergio Ghiringhelli <\/strong>&#8211; mi ha reso felice la notizia che la Brunella, dove venivo da ragazzino, avrebbe continuato a svolgere la sua funzione al servizio della collettivit&agrave;&raquo;.&nbsp;<\/p>\n","protected":false},"excerpt":{"rendered":"<p>Entro il 2016, la Fondazione Piatti annuncia che la palazzina torner\u00e0 a vivere, con diversi servizi pensati per aiutare e sostenere le famiglie fragili. Un&#8217;opera che chieder\u00e0 il sostegno e la vicinanza dell&#8217;intera collettivit\u00e0<\/p>\n","protected":false},"author":10,"featured_media":0,"comment_status":"open","ping_status":"open","sticky":false,"template":"","format":"standard","meta":{"footnotes":""},"categories":[2],"tags":[3397,6894,4354,532],"acf":[],"yoast_head":"<!-- This site is optimized with the Yoast SEO plugin v20.1 - https:\/\/yoast.com\/wordpress\/plugins\/seo\/ -->\n<title>Posata la pietra virtuale della Nuova Brunella<\/title>\n<meta name=\"description\" content=\"Entro il 2016, la Fondazione Piatti annuncia che la palazzina torner\u00e0 a vivere, con diversi servizi pensati per aiutare e sostenere le famiglie fragili. Un&#039;opera che chieder\u00e0 il sostegno e la vicinanza dell&#039;intera collettivit\u00e0\" \/>\n<meta name=\"robots\" content=\"noindex, follow, max-snippet:-1, max-image-preview:large, max-video-preview:-1\" \/>\n<meta property=\"og:locale\" content=\"it_IT\" \/>\n<meta property=\"og:type\" content=\"article\" \/>\n<meta property=\"og:title\" content=\"Posata la pietra virtuale della Nuova Brunella\" \/>\n<meta property=\"og:description\" content=\"Entro il 2016, la Fondazione Piatti annuncia che la palazzina torner\u00e0 a vivere, con diversi servizi pensati per aiutare e sostenere le famiglie fragili. Un&#039;opera che chieder\u00e0 il sostegno e la vicinanza dell&#039;intera collettivit\u00e0\" \/>\n<meta property=\"og:url\" content=\"https:\/\/staging.varesenews.it\/2014\/05\/posata-la-pietra-virtuale-della-nuova-brunella\/35237\/\" \/>\n<meta property=\"og:site_name\" content=\"VareseNews\" \/>\n<meta property=\"article:publisher\" content=\"https:\/\/www.facebook.com\/varesenews\" \/>\n<meta property=\"article:published_time\" content=\"2014-05-15T00:00:00+00:00\" \/>\n<meta property=\"og:image\" content=\"https:\/\/www3.varesenews.it\/immagini_articoli\/201405\/brunella1.jpg\" \/>\n<meta name=\"author\" content=\"Redazione VareseNews\" \/>\n<meta name=\"twitter:card\" content=\"summary_large_image\" \/>\n<meta name=\"twitter:creator\" content=\"@varesenews\" \/>\n<meta name=\"twitter:site\" content=\"@varesenews\" \/>\n<meta name=\"twitter:label1\" content=\"Scritto da\" \/>\n\t<meta name=\"twitter:data1\" content=\"Redazione VareseNews\" \/>\n\t<meta name=\"twitter:label2\" content=\"Tempo di lettura stimato\" \/>\n\t<meta name=\"twitter:data2\" content=\"4 minuti\" \/>\n<script type=\"application\/ld+json\" class=\"yoast-schema-graph\">{\"@context\":\"https:\/\/schema.org\",\"@graph\":[{\"@type\":\"WebPage\",\"@id\":\"https:\/\/staging.varesenews.it\/2014\/05\/posata-la-pietra-virtuale-della-nuova-brunella\/35237\/\",\"url\":\"https:\/\/staging.varesenews.it\/2014\/05\/posata-la-pietra-virtuale-della-nuova-brunella\/35237\/\",\"name\":\"Posata la pietra virtuale della Nuova Brunella\",\"isPartOf\":{\"@id\":\"https:\/\/staging.varesenews.it\/#website\"},\"datePublished\":\"2014-05-15T00:00:00+00:00\",\"dateModified\":\"2014-05-15T00:00:00+00:00\",\"author\":{\"@id\":\"https:\/\/staging.varesenews.it\/#\/schema\/person\/fb20c4da0b7b16c291707a20db73e169\"},\"description\":\"Entro il 2016, la Fondazione Piatti annuncia che la palazzina torner\u00e0 a vivere, con diversi servizi pensati per aiutare e sostenere le famiglie fragili. Un'opera che chieder\u00e0 il sostegno e la vicinanza dell'intera collettivit\u00e0\",\"breadcrumb\":{\"@id\":\"https:\/\/staging.varesenews.it\/2014\/05\/posata-la-pietra-virtuale-della-nuova-brunella\/35237\/#breadcrumb\"},\"inLanguage\":\"it-IT\",\"potentialAction\":[{\"@type\":\"ReadAction\",\"target\":[\"https:\/\/staging.varesenews.it\/2014\/05\/posata-la-pietra-virtuale-della-nuova-brunella\/35237\/\"]}]},{\"@type\":\"BreadcrumbList\",\"@id\":\"https:\/\/staging.varesenews.it\/2014\/05\/posata-la-pietra-virtuale-della-nuova-brunella\/35237\/#breadcrumb\",\"itemListElement\":[{\"@type\":\"ListItem\",\"position\":1,\"name\":\"Home\",\"item\":\"https:\/\/www.varesenews.it\/\"},{\"@type\":\"ListItem\",\"position\":2,\"name\":\"Posata la pietra virtuale della Nuova Brunella\"}]},{\"@type\":\"WebSite\",\"@id\":\"https:\/\/staging.varesenews.it\/#website\",\"url\":\"https:\/\/staging.varesenews.it\/\",\"name\":\"VareseNews\",\"description\":\"\",\"potentialAction\":[{\"@type\":\"SearchAction\",\"target\":{\"@type\":\"EntryPoint\",\"urlTemplate\":\"https:\/\/staging.varesenews.it\/?s={search_term_string}\"},\"query-input\":\"required name=search_term_string\"}],\"inLanguage\":\"it-IT\"},{\"@type\":\"Person\",\"@id\":\"https:\/\/staging.varesenews.it\/#\/schema\/person\/fb20c4da0b7b16c291707a20db73e169\",\"name\":\"Redazione VareseNews\",\"image\":{\"@type\":\"ImageObject\",\"inLanguage\":\"it-IT\",\"@id\":\"https:\/\/staging.varesenews.it\/#\/schema\/person\/image\/\",\"url\":\"https:\/\/staging.varesenews.it\/wp-content\/uploads\/2020\/12\/logo_VN_colori_500.png\",\"contentUrl\":\"https:\/\/staging.varesenews.it\/wp-content\/uploads\/2020\/12\/logo_VN_colori_500.png\",\"caption\":\"Redazione VareseNews\"},\"url\":\"https:\/\/staging.varesenews.it\/persona\/redazione1\/\"}]}<\/script>\n<!-- \/ Yoast SEO plugin. -->","yoast_head_json":{"title":"Posata la pietra virtuale della Nuova Brunella","description":"Entro il 2016, la Fondazione Piatti annuncia che la palazzina torner\u00e0 a vivere, con diversi servizi pensati per aiutare e sostenere le famiglie fragili. Un'opera che chieder\u00e0 il sostegno e la vicinanza dell'intera collettivit\u00e0","robots":{"index":"noindex","follow":"follow","max-snippet":"max-snippet:-1","max-image-preview":"max-image-preview:large","max-video-preview":"max-video-preview:-1"},"og_locale":"it_IT","og_type":"article","og_title":"Posata la pietra virtuale della Nuova Brunella","og_description":"Entro il 2016, la Fondazione Piatti annuncia che la palazzina torner\u00e0 a vivere, con diversi servizi pensati per aiutare e sostenere le famiglie fragili. Un'opera che chieder\u00e0 il sostegno e la vicinanza dell'intera collettivit\u00e0","og_url":"https:\/\/staging.varesenews.it\/2014\/05\/posata-la-pietra-virtuale-della-nuova-brunella\/35237\/","og_site_name":"VareseNews","article_publisher":"https:\/\/www.facebook.com\/varesenews","article_published_time":"2014-05-15T00:00:00+00:00","og_image":[{"url":"https:\/\/www3.varesenews.it\/immagini_articoli\/201405\/brunella1.jpg"}],"author":"Redazione VareseNews","twitter_card":"summary_large_image","twitter_creator":"@varesenews","twitter_site":"@varesenews","twitter_misc":{"Scritto da":"Redazione VareseNews","Tempo di lettura stimato":"4 minuti"},"schema":{"@context":"https:\/\/schema.org","@graph":[{"@type":"WebPage","@id":"https:\/\/staging.varesenews.it\/2014\/05\/posata-la-pietra-virtuale-della-nuova-brunella\/35237\/","url":"https:\/\/staging.varesenews.it\/2014\/05\/posata-la-pietra-virtuale-della-nuova-brunella\/35237\/","name":"Posata la pietra virtuale della Nuova Brunella","isPartOf":{"@id":"https:\/\/staging.varesenews.it\/#website"},"datePublished":"2014-05-15T00:00:00+00:00","dateModified":"2014-05-15T00:00:00+00:00","author":{"@id":"https:\/\/staging.varesenews.it\/#\/schema\/person\/fb20c4da0b7b16c291707a20db73e169"},"description":"Entro il 2016, la Fondazione Piatti annuncia che la palazzina torner\u00e0 a vivere, con diversi servizi pensati per aiutare e sostenere le famiglie fragili. Un'opera che chieder\u00e0 il sostegno e la vicinanza dell'intera collettivit\u00e0","breadcrumb":{"@id":"https:\/\/staging.varesenews.it\/2014\/05\/posata-la-pietra-virtuale-della-nuova-brunella\/35237\/#breadcrumb"},"inLanguage":"it-IT","potentialAction":[{"@type":"ReadAction","target":["https:\/\/staging.varesenews.it\/2014\/05\/posata-la-pietra-virtuale-della-nuova-brunella\/35237\/"]}]},{"@type":"BreadcrumbList","@id":"https:\/\/staging.varesenews.it\/2014\/05\/posata-la-pietra-virtuale-della-nuova-brunella\/35237\/#breadcrumb","itemListElement":[{"@type":"ListItem","position":1,"name":"Home","item":"https:\/\/www.varesenews.it\/"},{"@type":"ListItem","position":2,"name":"Posata la pietra virtuale della Nuova Brunella"}]},{"@type":"WebSite","@id":"https:\/\/staging.varesenews.it\/#website","url":"https:\/\/staging.varesenews.it\/","name":"VareseNews","description":"","potentialAction":[{"@type":"SearchAction","target":{"@type":"EntryPoint","urlTemplate":"https:\/\/staging.varesenews.it\/?s={search_term_string}"},"query-input":"required name=search_term_string"}],"inLanguage":"it-IT"},{"@type":"Person","@id":"https:\/\/staging.varesenews.it\/#\/schema\/person\/fb20c4da0b7b16c291707a20db73e169","name":"Redazione VareseNews","image":{"@type":"ImageObject","inLanguage":"it-IT","@id":"https:\/\/staging.varesenews.it\/#\/schema\/person\/image\/","url":"https:\/\/staging.varesenews.it\/wp-content\/uploads\/2020\/12\/logo_VN_colori_500.png","contentUrl":"https:\/\/staging.varesenews.it\/wp-content\/uploads\/2020\/12\/logo_VN_colori_500.png","caption":"Redazione VareseNews"},"url":"https:\/\/staging.varesenews.it\/persona\/redazione1\/"}]}},"post_meta":{"id_old":"288621","argomento":"Varese","autore_old":"A.T.     @alessandra_toni"},"photos":[],"_links":{"self":[{"href":"https:\/\/staging.varesenews.it\/swgapi\/v1\/wp\/v2\/posts\/35237"}],"collection":[{"href":"https:\/\/staging.varesenews.it\/swgapi\/v1\/wp\/v2\/posts"}],"about":[{"href":"https:\/\/staging.varesenews.it\/swgapi\/v1\/wp\/v2\/types\/post"}],"author":[{"embeddable":true,"href":"https:\/\/staging.varesenews.it\/swgapi\/v1\/wp\/v2\/users\/10"}],"replies":[{"embeddable":true,"href":"https:\/\/staging.varesenews.it\/swgapi\/v1\/wp\/v2\/comments?post=35237"}],"version-history":[{"count":0,"href":"https:\/\/staging.varesenews.it\/swgapi\/v1\/wp\/v2\/posts\/35237\/revisions"}],"wp:attachment":[{"href":"https:\/\/staging.varesenews.it\/swgapi\/v1\/wp\/v2\/media?parent=35237"}],"wp:term":[{"taxonomy":"category","embeddable":true,"href":"https:\/\/staging.varesenews.it\/swgapi\/v1\/wp\/v2\/categories?post=35237"},{"taxonomy":"post_tag","embeddable":true,"href":"https:\/\/staging.varesenews.it\/swgapi\/v1\/wp\/v2\/tags?post=35237"}],"curies":[{"name":"wp","href":"https:\/\/api.w.org\/{rel}","templated":true}]}}