{"id":353954,"date":"2015-03-02T16:53:30","date_gmt":"2015-03-02T15:53:30","guid":{"rendered":"http:\/\/www.varesenews.it\/?p=353954"},"modified":"2015-03-02T17:02:21","modified_gmt":"2015-03-02T16:02:21","slug":"provincia-migliora-loccupazione","status":"publish","type":"post","link":"https:\/\/staging.varesenews.it\/2015\/03\/provincia-migliora-loccupazione\/353954\/","title":{"rendered":"In provincia migliora l&#8217;occupazione"},"content":{"rendered":"<p><strong>L\u2019ANALISI DELLA CAMERA DI COMMERCIO &#8211; <\/strong>C&#8217;\u00e8 \u00a0qualche spiraglio di speranza. I dati forniti dall&#8217;ente camerale confermano che <strong>negli ultimi dodici mesi a Varese il tasso di disoccupazione ha registrato un calo<\/strong>, sia pur limitato. Le cifre che Istat ha rese note oggi (luned\u00ec 3 marzo, ndr) indicano infatti che sul nostro territorio si \u00e8 passati dall\u20198,6% del 2013 all\u20198,3% al 31 dicembre dello scorso anno. Un dato ancor pi\u00f9 significativo perch\u00e9 va in controtendenza rispetto a quello nazionale, che ha toccato il 12,7%, peggior tasso di disoccupazione italiano dal 1977. Inoltre, nella nostra provincia anche la disoccupazione giovanile, considerando la fascia d\u2019et\u00e0 tra i 15 e i 24 anni, mostra di aver mutato direzione, scendendo dal 40% al 29,9% (il dato nazionale \u00e8 del 42,7%).<\/p>\n<p><strong>IL TASSO DI PARTECIPAZIONE<\/strong> &#8211; Tra i segnali che potrebbero far pensare a un possibile cambio di clima, anche il miglioramento del tasso di partecipazione. \u00c8 infatti salita dal 70,1% al 70,6% la percentuale della popolazione in et\u00e0 lavorativa che si offre sul mercato: questo insieme comprende sia coloro che sono gi\u00e0 occupati, sia coloro che hanno la speranza di collocarsi. Un mutamento d\u2019atteggiamento rispetto a una situazione di scoraggiamento che aveva caratterizzato gli anni seguenti all\u2019esplosione della crisi nel 2008.<\/p>\n<p><strong>I DATI<\/strong> &#8211; A corollario, i Centri per l\u2019Impiego varesini registrano la ripresa delle assunzioni, con 102.381 contratti di lavoro stipulati nel 2014 (+9,3% rispetto all\u2019anno precedente). Complessivamente, il numero degli occupati sul nostro territorio alla fine del 2014 era pari a 375mila unit\u00e0, con una crescita anche del tasso di occupazione (dal 63,9% al 64,6%). Un tasso quest\u2019ultimo dato dal rapporto tra coloro che effettivamente lavorano e la popolazione compresa tra i 15 e i 64 anni.Restano peraltro ben 34mila persone alla ricerca di occupazione, di cui 21mila uomini e 13mila donne. Numeri che risultano ancor oggi superiori a quelli registrati, per esempio, nel 2009: allora il tasso di disoccupazione era pari al 6,2%, con 24mila persone in cerca di lavoro.<\/p>\n<p>Questi dati &#8211; uniti a quelli recentemente pubblicati sulla cassa integrazione, anch\u2019essa scesa complessivamente nel 2014 &#8211; mostrano che, forse in anticipo rispetto al sistema paese, nell\u2019economia varesina qualche piccolo segnale di risveglio \u00e8 ormai gi\u00e0 presente: del resto, anche nell\u2019ultima indagine congiunturale il 75% degli operatori interpellati mostrava fiducia per il nuovo trimestre.<\/p>\n","protected":false},"excerpt":{"rendered":"<p>L\u2019analisi della Camera di Commercio sulla disoccupazione segnala un lieve miglioramento nell\u2019ultimo anno. Se il dato nazionale \u00e8 il peggiore dal 1977, il nostro territorio nell&#8217;ultimo anno passa dall\u20198,6% all\u20198,3% <\/p>\n","protected":false},"author":45,"featured_media":0,"comment_status":"open","ping_status":"open","sticky":false,"template":"","format":"standard","meta":{"footnotes":""},"categories":[15,17],"tags":[371,869,2164,141,6361],"acf":[],"yoast_head":"<!-- This site is optimized with the Yoast SEO plugin v20.1 - https:\/\/yoast.com\/wordpress\/plugins\/seo\/ -->\n<title>migliora occupazione varese<\/title>\n<meta name=\"description\" content=\"occupazione\" \/>\n<meta name=\"robots\" content=\"noindex, follow, max-snippet:-1, max-image-preview:large, max-video-preview:-1\" \/>\n<meta property=\"og:locale\" content=\"it_IT\" \/>\n<meta property=\"og:type\" content=\"article\" \/>\n<meta property=\"og:title\" content=\"migliora occupazione varese\" \/>\n<meta property=\"og:description\" content=\"occupazione\" \/>\n<meta property=\"og:url\" content=\"https:\/\/staging.varesenews.it\/2015\/03\/provincia-migliora-loccupazione\/353954\/\" \/>\n<meta property=\"og:site_name\" content=\"VareseNews\" \/>\n<meta property=\"article:publisher\" content=\"https:\/\/www.facebook.com\/varesenews\" \/>\n<meta property=\"article:author\" content=\"https:\/\/www.facebook.com\/michele.mancino.5\" \/>\n<meta property=\"article:published_time\" content=\"2015-03-02T15:53:30+00:00\" \/>\n<meta property=\"article:modified_time\" content=\"2015-03-02T16:02:21+00:00\" \/>\n<meta name=\"author\" content=\"Michele Mancino\" \/>\n<meta name=\"twitter:card\" content=\"summary_large_image\" \/>\n<meta name=\"twitter:creator\" content=\"@micmancio\" \/>\n<meta name=\"twitter:site\" content=\"@varesenews\" \/>\n<meta name=\"twitter:label1\" content=\"Scritto da\" \/>\n\t<meta name=\"twitter:data1\" content=\"Michele Mancino\" \/>\n\t<meta name=\"twitter:label2\" content=\"Tempo di lettura stimato\" \/>\n\t<meta name=\"twitter:data2\" content=\"2 minuti\" \/>\n<script type=\"application\/ld+json\" class=\"yoast-schema-graph\">{\"@context\":\"https:\/\/schema.org\",\"@graph\":[{\"@type\":\"WebPage\",\"@id\":\"https:\/\/staging.varesenews.it\/2015\/03\/provincia-migliora-loccupazione\/353954\/\",\"url\":\"https:\/\/staging.varesenews.it\/2015\/03\/provincia-migliora-loccupazione\/353954\/\",\"name\":\"migliora occupazione varese\",\"isPartOf\":{\"@id\":\"https:\/\/staging.varesenews.it\/#website\"},\"datePublished\":\"2015-03-02T15:53:30+00:00\",\"dateModified\":\"2015-03-02T16:02:21+00:00\",\"author\":{\"@id\":\"https:\/\/staging.varesenews.it\/#\/schema\/person\/308b491d3cb680ead199e5ff6c6ce540\"},\"description\":\"occupazione\",\"breadcrumb\":{\"@id\":\"https:\/\/staging.varesenews.it\/2015\/03\/provincia-migliora-loccupazione\/353954\/#breadcrumb\"},\"inLanguage\":\"it-IT\",\"potentialAction\":[{\"@type\":\"ReadAction\",\"target\":[\"https:\/\/staging.varesenews.it\/2015\/03\/provincia-migliora-loccupazione\/353954\/\"]}]},{\"@type\":\"BreadcrumbList\",\"@id\":\"https:\/\/staging.varesenews.it\/2015\/03\/provincia-migliora-loccupazione\/353954\/#breadcrumb\",\"itemListElement\":[{\"@type\":\"ListItem\",\"position\":1,\"name\":\"Home\",\"item\":\"https:\/\/www.varesenews.it\/\"},{\"@type\":\"ListItem\",\"position\":2,\"name\":\"In provincia migliora l&#8217;occupazione\"}]},{\"@type\":\"WebSite\",\"@id\":\"https:\/\/staging.varesenews.it\/#website\",\"url\":\"https:\/\/staging.varesenews.it\/\",\"name\":\"VareseNews\",\"description\":\"\",\"potentialAction\":[{\"@type\":\"SearchAction\",\"target\":{\"@type\":\"EntryPoint\",\"urlTemplate\":\"https:\/\/staging.varesenews.it\/?s={search_term_string}\"},\"query-input\":\"required name=search_term_string\"}],\"inLanguage\":\"it-IT\"},{\"@type\":\"Person\",\"@id\":\"https:\/\/staging.varesenews.it\/#\/schema\/person\/308b491d3cb680ead199e5ff6c6ce540\",\"name\":\"Michele Mancino\",\"image\":{\"@type\":\"ImageObject\",\"inLanguage\":\"it-IT\",\"@id\":\"https:\/\/staging.varesenews.it\/#\/schema\/person\/image\/\",\"url\":\"https:\/\/staging.varesenews.it\/wp-content\/uploads\/2020\/12\/michele_mancino_colori_500.jpg\",\"contentUrl\":\"https:\/\/staging.varesenews.it\/wp-content\/uploads\/2020\/12\/michele_mancino_colori_500.jpg\",\"caption\":\"Michele Mancino\"},\"description\":\"Sono a VareseNews da prima che nascesse. Ho inserito le prime notizie in una stringa di codice html, la lingua di internet. Aprivo i computer, cambiavo schede di rete e portavo i server dal provider. A met&agrave; degli anni &rsquo;90 il giornalista online doveva saper fare anche questo. Ho vissuto gli anni drammatici della bolla speculativa di Internet e quelli entusiastici della crescita, anni in cui VareseNews era un Davide in mezzo a tanti Golia. Poi sono arrivati i social, le nuove piattaforme e soprattutto gli smartphone, una postazione di lavoro racchiusa in una mano. Una nuova rivoluzione. Insomma, &egrave; stata, ed &egrave; ancora, un&rsquo;avventura entusiasmante perch&eacute; mi insegna giorno dopo giorno che il cambiamento &egrave; l&rsquo;unica certezza di questa fragile esistenza.\",\"sameAs\":[\"https:\/\/www.facebook.com\/michele.mancino.5\",\"micmancio\",\"Aggiorna le impostazioni del tuo profilo pubblicoit.linkedin.com\/pub\/michele-mancino\/28\/b71\/890\/it\",\"https:\/\/twitter.com\/micmancio\"],\"url\":\"https:\/\/staging.varesenews.it\/persona\/michele_mancino\/\"}]}<\/script>\n<!-- \/ Yoast SEO plugin. -->","yoast_head_json":{"title":"migliora occupazione varese","description":"occupazione","robots":{"index":"noindex","follow":"follow","max-snippet":"max-snippet:-1","max-image-preview":"max-image-preview:large","max-video-preview":"max-video-preview:-1"},"og_locale":"it_IT","og_type":"article","og_title":"migliora occupazione varese","og_description":"occupazione","og_url":"https:\/\/staging.varesenews.it\/2015\/03\/provincia-migliora-loccupazione\/353954\/","og_site_name":"VareseNews","article_publisher":"https:\/\/www.facebook.com\/varesenews","article_author":"https:\/\/www.facebook.com\/michele.mancino.5","article_published_time":"2015-03-02T15:53:30+00:00","article_modified_time":"2015-03-02T16:02:21+00:00","author":"Michele Mancino","twitter_card":"summary_large_image","twitter_creator":"@micmancio","twitter_site":"@varesenews","twitter_misc":{"Scritto da":"Michele Mancino","Tempo di lettura stimato":"2 minuti"},"schema":{"@context":"https:\/\/schema.org","@graph":[{"@type":"WebPage","@id":"https:\/\/staging.varesenews.it\/2015\/03\/provincia-migliora-loccupazione\/353954\/","url":"https:\/\/staging.varesenews.it\/2015\/03\/provincia-migliora-loccupazione\/353954\/","name":"migliora occupazione varese","isPartOf":{"@id":"https:\/\/staging.varesenews.it\/#website"},"datePublished":"2015-03-02T15:53:30+00:00","dateModified":"2015-03-02T16:02:21+00:00","author":{"@id":"https:\/\/staging.varesenews.it\/#\/schema\/person\/308b491d3cb680ead199e5ff6c6ce540"},"description":"occupazione","breadcrumb":{"@id":"https:\/\/staging.varesenews.it\/2015\/03\/provincia-migliora-loccupazione\/353954\/#breadcrumb"},"inLanguage":"it-IT","potentialAction":[{"@type":"ReadAction","target":["https:\/\/staging.varesenews.it\/2015\/03\/provincia-migliora-loccupazione\/353954\/"]}]},{"@type":"BreadcrumbList","@id":"https:\/\/staging.varesenews.it\/2015\/03\/provincia-migliora-loccupazione\/353954\/#breadcrumb","itemListElement":[{"@type":"ListItem","position":1,"name":"Home","item":"https:\/\/www.varesenews.it\/"},{"@type":"ListItem","position":2,"name":"In provincia migliora l&#8217;occupazione"}]},{"@type":"WebSite","@id":"https:\/\/staging.varesenews.it\/#website","url":"https:\/\/staging.varesenews.it\/","name":"VareseNews","description":"","potentialAction":[{"@type":"SearchAction","target":{"@type":"EntryPoint","urlTemplate":"https:\/\/staging.varesenews.it\/?s={search_term_string}"},"query-input":"required name=search_term_string"}],"inLanguage":"it-IT"},{"@type":"Person","@id":"https:\/\/staging.varesenews.it\/#\/schema\/person\/308b491d3cb680ead199e5ff6c6ce540","name":"Michele Mancino","image":{"@type":"ImageObject","inLanguage":"it-IT","@id":"https:\/\/staging.varesenews.it\/#\/schema\/person\/image\/","url":"https:\/\/staging.varesenews.it\/wp-content\/uploads\/2020\/12\/michele_mancino_colori_500.jpg","contentUrl":"https:\/\/staging.varesenews.it\/wp-content\/uploads\/2020\/12\/michele_mancino_colori_500.jpg","caption":"Michele Mancino"},"description":"Sono a VareseNews da prima che nascesse. Ho inserito le prime notizie in una stringa di codice html, la lingua di internet. Aprivo i computer, cambiavo schede di rete e portavo i server dal provider. A met&agrave; degli anni &rsquo;90 il giornalista online doveva saper fare anche questo. Ho vissuto gli anni drammatici della bolla speculativa di Internet e quelli entusiastici della crescita, anni in cui VareseNews era un Davide in mezzo a tanti Golia. Poi sono arrivati i social, le nuove piattaforme e soprattutto gli smartphone, una postazione di lavoro racchiusa in una mano. Una nuova rivoluzione. Insomma, &egrave; stata, ed &egrave; ancora, un&rsquo;avventura entusiasmante perch&eacute; mi insegna giorno dopo giorno che il cambiamento &egrave; l&rsquo;unica certezza di questa fragile esistenza.","sameAs":["https:\/\/www.facebook.com\/michele.mancino.5","micmancio","Aggiorna le impostazioni del tuo profilo pubblicoit.linkedin.com\/pub\/michele-mancino\/28\/b71\/890\/it","https:\/\/twitter.com\/micmancio"],"url":"https:\/\/staging.varesenews.it\/persona\/michele_mancino\/"}]}},"post_meta":{"_edit_lock":"1425312113:45","_edit_last":"45","wdfb_og_title":"","wdfb_og_type":"","wdfb_og_description":"","wdfb_og_images":"a:1:{i:0;s:0:\"\";}","wdfb_og_custom_name":"a:1:{i:0;s:0:\"\";}","wdfb_og_custom_value":"a:1:{i:0;s:0:\"\";}","foto":"232497","firma_come_redazione":"1","argomento":"Lavoro","_yoast_wpseo_focuskw":"occupazione","_yoast_wpseo_title":"migliora occupazione varese","_yoast_wpseo_metadesc":"occupazione","post_views_count":"6","foto_archivio":"1","ratings_users":"0","ratings_score":"0","ratings_average":"0","_yoast_wpseo_linkdex":"77"},"photos":[{"original":"https:\/\/staging.varesenews.it\/photogallery_new\/images\/2010\/01\/operaio-prima-232497.jpg","full":"https:\/\/staging.varesenews.it\/photogallery_new\/images\/2010\/01\/operaio-prima-232497.1024x768.jpg","large":"https:\/\/staging.varesenews.it\/photogallery_new\/images\/2010\/01\/operaio-prima-232497.610x431.jpg"}],"_links":{"self":[{"href":"https:\/\/staging.varesenews.it\/swgapi\/v1\/wp\/v2\/posts\/353954"}],"collection":[{"href":"https:\/\/staging.varesenews.it\/swgapi\/v1\/wp\/v2\/posts"}],"about":[{"href":"https:\/\/staging.varesenews.it\/swgapi\/v1\/wp\/v2\/types\/post"}],"author":[{"embeddable":true,"href":"https:\/\/staging.varesenews.it\/swgapi\/v1\/wp\/v2\/users\/45"}],"replies":[{"embeddable":true,"href":"https:\/\/staging.varesenews.it\/swgapi\/v1\/wp\/v2\/comments?post=353954"}],"version-history":[{"count":0,"href":"https:\/\/staging.varesenews.it\/swgapi\/v1\/wp\/v2\/posts\/353954\/revisions"}],"wp:attachment":[{"href":"https:\/\/staging.varesenews.it\/swgapi\/v1\/wp\/v2\/media?parent=353954"}],"wp:term":[{"taxonomy":"category","embeddable":true,"href":"https:\/\/staging.varesenews.it\/swgapi\/v1\/wp\/v2\/categories?post=353954"},{"taxonomy":"post_tag","embeddable":true,"href":"https:\/\/staging.varesenews.it\/swgapi\/v1\/wp\/v2\/tags?post=353954"}],"curies":[{"name":"wp","href":"https:\/\/api.w.org\/{rel}","templated":true}]}}