{"id":354320,"date":"2015-03-04T17:21:30","date_gmt":"2015-03-04T16:21:30","guid":{"rendered":"http:\/\/www.varesenews.it\/?p=354320"},"modified":"2015-03-04T17:21:30","modified_gmt":"2015-03-04T16:21:30","slug":"sparatoria-caserma-marchese-mi-sono-sentito-denigrato","status":"publish","type":"post","link":"https:\/\/staging.varesenews.it\/2015\/03\/sparatoria-caserma-marchese-mi-sono-sentito-denigrato\/354320\/","title":{"rendered":"Sparatoria in caserma, Marchese: &#8220;Mi sono sentito denigrato&#8221;"},"content":{"rendered":"<p>\u00ab<strong>Mi sono sentito denigrato da quei carabinieri<\/strong>, mi sentivo preso in giro\u00bb. Sono queste le parole che<strong>Salvatore Marchese, <a href=\"http:\/\/www3.varesenews.it\/gallarate_malpensa\/chiede-di-farsi-arrestare-e-poi-spara-ai-carabinieri-307524.html\" target=\"_blank\">arrestato per aver ferito a colpi di pistola tre carabinieri nella caserma di Gallarate<\/a>,<\/strong>\u00a0ha rivolto all&#8217;avvocato <strong>Davide Toscani<\/strong> in un incontro avvenuto in carcere a Busto Arsizio, questa mattina, il giorno dopo la sparatoria al comando, dove attorno alla mezzanotte si era recato a piedi per chiedere di essere portato in carcere. L&#8217;uomo stava scontando la detenzione domiciliare a seguito della pena (2 anni, ndr) inflittagli <a href=\"http:\/\/www3.varesenews.it\/gallarate_malpensa\/spara-al-rivale-in-amore-arrestato-289917.html\" target=\"_blank\">per aver sparato ad un rivale in amore nel giugno del 2014<\/a>. Il difensore, inoltre, ha raccolto anche parole di dispiacere per quello che ha fatto: \u00ab<strong>Mi ha detto che \u00e8 molto dispiaciuto <\/strong>per le ferite che ha inferte ai tre militari sparando e che si rende conto di aver commesso un grave errore\u00bb.<\/p>\n<p>L&#8217;avvocato prova anche a spiegare quella frase che sembra essere alla base della reazione che ha portato all&#8217;esplosione dei colpi: \u00abMarchese non \u00e8 nuovo a questi colpi di testa. Soffre di una sindrome persecutoria \u2013 spiega \u2013 <strong>\u00e8 in cura da tempo al Cps di Gallarate <\/strong>e non sembra essere in grado di dare la giusta interpretazione ai gesti e alle parole di chi interloquisce con lui\u00bb. Basta uno sguardo mal interpretato per scatenare in lui una reazione imprevedibile sia nei modi che nella veemenza.<\/p>\n<p>Il legale di Marchese racconta che, subito dopo la sparatoria, l&#8217;uomo si \u00e8 diretto a piedi verso la casa dei genitori in via Allende ma <strong>non sarebbe entrato in casa, rimanendo seduto sul pianerottolo con la pistola a fianco<\/strong> (con ancora 3 colpi nel caricatore, ndr). L\u00ec lo hanno trovato i carabinieri che lo hanno arrestato.<br \/>\nL&#8217;attivit\u00e0 di indagine del sostituto procuratore titolare dell&#8217;indagine, <strong>Maria Cardellicchio<\/strong>, ora dovr\u00e0 appurare come sia stato possibile per Marchese accedere ad un&#8217;arma all&#8217;interno della caserma e poter sparare 12 colpi contro i tre militari dell&#8217;Arma, senza essere fermato per tempo. Uno dei tre militari \u00e8 stato gi\u00e0 sentito e a breve verranno ascoltati anche gli altri due feriti. <strong>Domani mattina, gioved\u00ec, il giudice per le indagini preliminari Nicoletta Guerrero interrogher\u00e0 lo sparatore.<\/strong><\/p>\n","protected":false},"excerpt":{"rendered":"<p>Lo sparatore che ha ferito i tre carabinieri ha incontrato il suo legale Davide Toscani e si \u00e8 detto dispiaciuto per aver colpito i militari. Gioved\u00ec mattina verr\u00e0 interrogato dal Gip mentre proseguono le indagini della Procura<\/p>\n","protected":false},"author":47,"featured_media":0,"comment_status":"open","ping_status":"open","sticky":false,"template":"","format":"standard","meta":{"footnotes":""},"categories":[11,3],"tags":[2979],"acf":[],"yoast_head":"<!-- This site is optimized with the Yoast SEO plugin v20.1 - https:\/\/yoast.com\/wordpress\/plugins\/seo\/ -->\n<title>sparatoria caserma gallarate marchese<\/title>\n<meta name=\"description\" content=\"Lo sparatore che ha ferito i tre carabinieri ha incontrato il suo legale Davide Toscani e si \u00e8 detto dispiaciuto per aver colpito i militari. Gioved\u00ec mattina verr\u00e0 interrogato dal Gip mentre proseguono le indagini della Procura\" \/>\n<meta name=\"robots\" content=\"noindex, follow, max-snippet:-1, max-image-preview:large, max-video-preview:-1\" \/>\n<meta property=\"og:locale\" content=\"it_IT\" \/>\n<meta property=\"og:type\" content=\"article\" \/>\n<meta property=\"og:title\" content=\"sparatoria caserma gallarate marchese\" \/>\n<meta property=\"og:description\" content=\"Lo sparatore che ha ferito i tre carabinieri ha incontrato il suo legale Davide Toscani e si \u00e8 detto dispiaciuto per aver colpito i militari. Gioved\u00ec mattina verr\u00e0 interrogato dal Gip mentre proseguono le indagini della Procura\" \/>\n<meta property=\"og:url\" content=\"https:\/\/staging.varesenews.it\/2015\/03\/sparatoria-caserma-marchese-mi-sono-sentito-denigrato\/354320\/\" \/>\n<meta property=\"og:site_name\" content=\"VareseNews\" \/>\n<meta property=\"article:publisher\" content=\"https:\/\/www.facebook.com\/varesenews\" \/>\n<meta property=\"article:published_time\" content=\"2015-03-04T16:21:30+00:00\" \/>\n<meta name=\"author\" content=\"Orlando Mastrillo\" \/>\n<meta name=\"twitter:card\" content=\"summary_large_image\" \/>\n<meta name=\"twitter:creator\" content=\"@nando_mastrillo\" \/>\n<meta name=\"twitter:site\" content=\"@varesenews\" \/>\n<meta name=\"twitter:label1\" content=\"Scritto da\" \/>\n\t<meta name=\"twitter:data1\" content=\"Orlando Mastrillo\" \/>\n\t<meta name=\"twitter:label2\" content=\"Tempo di lettura stimato\" \/>\n\t<meta name=\"twitter:data2\" content=\"2 minuti\" \/>\n<script type=\"application\/ld+json\" class=\"yoast-schema-graph\">{\"@context\":\"https:\/\/schema.org\",\"@graph\":[{\"@type\":\"WebPage\",\"@id\":\"https:\/\/staging.varesenews.it\/2015\/03\/sparatoria-caserma-marchese-mi-sono-sentito-denigrato\/354320\/\",\"url\":\"https:\/\/staging.varesenews.it\/2015\/03\/sparatoria-caserma-marchese-mi-sono-sentito-denigrato\/354320\/\",\"name\":\"sparatoria caserma gallarate marchese\",\"isPartOf\":{\"@id\":\"https:\/\/staging.varesenews.it\/#website\"},\"datePublished\":\"2015-03-04T16:21:30+00:00\",\"dateModified\":\"2015-03-04T16:21:30+00:00\",\"author\":{\"@id\":\"https:\/\/staging.varesenews.it\/#\/schema\/person\/14c47ccce537a9058dddce296f10b296\"},\"description\":\"Lo sparatore che ha ferito i tre carabinieri ha incontrato il suo legale Davide Toscani e si \u00e8 detto dispiaciuto per aver colpito i militari. Gioved\u00ec mattina verr\u00e0 interrogato dal Gip mentre proseguono le indagini della Procura\",\"breadcrumb\":{\"@id\":\"https:\/\/staging.varesenews.it\/2015\/03\/sparatoria-caserma-marchese-mi-sono-sentito-denigrato\/354320\/#breadcrumb\"},\"inLanguage\":\"it-IT\",\"potentialAction\":[{\"@type\":\"ReadAction\",\"target\":[\"https:\/\/staging.varesenews.it\/2015\/03\/sparatoria-caserma-marchese-mi-sono-sentito-denigrato\/354320\/\"]}]},{\"@type\":\"BreadcrumbList\",\"@id\":\"https:\/\/staging.varesenews.it\/2015\/03\/sparatoria-caserma-marchese-mi-sono-sentito-denigrato\/354320\/#breadcrumb\",\"itemListElement\":[{\"@type\":\"ListItem\",\"position\":1,\"name\":\"Home\",\"item\":\"https:\/\/www.varesenews.it\/\"},{\"@type\":\"ListItem\",\"position\":2,\"name\":\"Sparatoria in caserma, Marchese: &#8220;Mi sono sentito denigrato&#8221;\"}]},{\"@type\":\"WebSite\",\"@id\":\"https:\/\/staging.varesenews.it\/#website\",\"url\":\"https:\/\/staging.varesenews.it\/\",\"name\":\"VareseNews\",\"description\":\"\",\"potentialAction\":[{\"@type\":\"SearchAction\",\"target\":{\"@type\":\"EntryPoint\",\"urlTemplate\":\"https:\/\/staging.varesenews.it\/?s={search_term_string}\"},\"query-input\":\"required name=search_term_string\"}],\"inLanguage\":\"it-IT\"},{\"@type\":\"Person\",\"@id\":\"https:\/\/staging.varesenews.it\/#\/schema\/person\/14c47ccce537a9058dddce296f10b296\",\"name\":\"Orlando Mastrillo\",\"image\":{\"@type\":\"ImageObject\",\"inLanguage\":\"it-IT\",\"@id\":\"https:\/\/staging.varesenews.it\/#\/schema\/person\/image\/\",\"url\":\"https:\/\/staging.varesenews.it\/wp-content\/uploads\/2020\/12\/orlando_mastrillo_colori_500.jpg\",\"contentUrl\":\"https:\/\/staging.varesenews.it\/wp-content\/uploads\/2020\/12\/orlando_mastrillo_colori_500.jpg\",\"caption\":\"Orlando Mastrillo\"},\"description\":\"Nasco a Luino nel 1981, ho iniziato questo lavoro nell'estate del 2003 nella redazione de Il Giorno di Varese e dall'anno successivo ho intrapreso la collaborazione con VareseNews. Dopo anni nell'Alto Varesotto mi sono trasferito a Busto Arsizio nel 2007, territorio che ho iniziato a seguire e che seguo tutt'oggi. Nel 2013 sono diventato giornalista professionista. Mi occupo di cronaca politica, giudiziaria e nera in una vasta area che comprende anche parte della Valle Olona e il Legnanese. Sono sposato con Valeria Arini e ho due splendide figlie.\",\"sameAs\":[\"or_ma\",\"https:\/\/twitter.com\/nando_mastrillo\"],\"url\":\"https:\/\/staging.varesenews.it\/persona\/orlando-mastrillo1\/\"}]}<\/script>\n<!-- \/ Yoast SEO plugin. -->","yoast_head_json":{"title":"sparatoria caserma gallarate marchese","description":"Lo sparatore che ha ferito i tre carabinieri ha incontrato il suo legale Davide Toscani e si \u00e8 detto dispiaciuto per aver colpito i militari. Gioved\u00ec mattina verr\u00e0 interrogato dal Gip mentre proseguono le indagini della Procura","robots":{"index":"noindex","follow":"follow","max-snippet":"max-snippet:-1","max-image-preview":"max-image-preview:large","max-video-preview":"max-video-preview:-1"},"og_locale":"it_IT","og_type":"article","og_title":"sparatoria caserma gallarate marchese","og_description":"Lo sparatore che ha ferito i tre carabinieri ha incontrato il suo legale Davide Toscani e si \u00e8 detto dispiaciuto per aver colpito i militari. Gioved\u00ec mattina verr\u00e0 interrogato dal Gip mentre proseguono le indagini della Procura","og_url":"https:\/\/staging.varesenews.it\/2015\/03\/sparatoria-caserma-marchese-mi-sono-sentito-denigrato\/354320\/","og_site_name":"VareseNews","article_publisher":"https:\/\/www.facebook.com\/varesenews","article_published_time":"2015-03-04T16:21:30+00:00","author":"Orlando Mastrillo","twitter_card":"summary_large_image","twitter_creator":"@nando_mastrillo","twitter_site":"@varesenews","twitter_misc":{"Scritto da":"Orlando Mastrillo","Tempo di lettura stimato":"2 minuti"},"schema":{"@context":"https:\/\/schema.org","@graph":[{"@type":"WebPage","@id":"https:\/\/staging.varesenews.it\/2015\/03\/sparatoria-caserma-marchese-mi-sono-sentito-denigrato\/354320\/","url":"https:\/\/staging.varesenews.it\/2015\/03\/sparatoria-caserma-marchese-mi-sono-sentito-denigrato\/354320\/","name":"sparatoria caserma gallarate marchese","isPartOf":{"@id":"https:\/\/staging.varesenews.it\/#website"},"datePublished":"2015-03-04T16:21:30+00:00","dateModified":"2015-03-04T16:21:30+00:00","author":{"@id":"https:\/\/staging.varesenews.it\/#\/schema\/person\/14c47ccce537a9058dddce296f10b296"},"description":"Lo sparatore che ha ferito i tre carabinieri ha incontrato il suo legale Davide Toscani e si \u00e8 detto dispiaciuto per aver colpito i militari. Gioved\u00ec mattina verr\u00e0 interrogato dal Gip mentre proseguono le indagini della Procura","breadcrumb":{"@id":"https:\/\/staging.varesenews.it\/2015\/03\/sparatoria-caserma-marchese-mi-sono-sentito-denigrato\/354320\/#breadcrumb"},"inLanguage":"it-IT","potentialAction":[{"@type":"ReadAction","target":["https:\/\/staging.varesenews.it\/2015\/03\/sparatoria-caserma-marchese-mi-sono-sentito-denigrato\/354320\/"]}]},{"@type":"BreadcrumbList","@id":"https:\/\/staging.varesenews.it\/2015\/03\/sparatoria-caserma-marchese-mi-sono-sentito-denigrato\/354320\/#breadcrumb","itemListElement":[{"@type":"ListItem","position":1,"name":"Home","item":"https:\/\/www.varesenews.it\/"},{"@type":"ListItem","position":2,"name":"Sparatoria in caserma, Marchese: &#8220;Mi sono sentito denigrato&#8221;"}]},{"@type":"WebSite","@id":"https:\/\/staging.varesenews.it\/#website","url":"https:\/\/staging.varesenews.it\/","name":"VareseNews","description":"","potentialAction":[{"@type":"SearchAction","target":{"@type":"EntryPoint","urlTemplate":"https:\/\/staging.varesenews.it\/?s={search_term_string}"},"query-input":"required name=search_term_string"}],"inLanguage":"it-IT"},{"@type":"Person","@id":"https:\/\/staging.varesenews.it\/#\/schema\/person\/14c47ccce537a9058dddce296f10b296","name":"Orlando Mastrillo","image":{"@type":"ImageObject","inLanguage":"it-IT","@id":"https:\/\/staging.varesenews.it\/#\/schema\/person\/image\/","url":"https:\/\/staging.varesenews.it\/wp-content\/uploads\/2020\/12\/orlando_mastrillo_colori_500.jpg","contentUrl":"https:\/\/staging.varesenews.it\/wp-content\/uploads\/2020\/12\/orlando_mastrillo_colori_500.jpg","caption":"Orlando Mastrillo"},"description":"Nasco a Luino nel 1981, ho iniziato questo lavoro nell'estate del 2003 nella redazione de Il Giorno di Varese e dall'anno successivo ho intrapreso la collaborazione con VareseNews. Dopo anni nell'Alto Varesotto mi sono trasferito a Busto Arsizio nel 2007, territorio che ho iniziato a seguire e che seguo tutt'oggi. Nel 2013 sono diventato giornalista professionista. Mi occupo di cronaca politica, giudiziaria e nera in una vasta area che comprende anche parte della Valle Olona e il Legnanese. Sono sposato con Valeria Arini e ho due splendide figlie.","sameAs":["or_ma","https:\/\/twitter.com\/nando_mastrillo"],"url":"https:\/\/staging.varesenews.it\/persona\/orlando-mastrillo1\/"}]}},"post_meta":{"_edit_lock":"1425486533:47","_edit_last":"47","ratings_users":"0","ratings_score":"0","ratings_average":"0","wdfb_og_title":"","wdfb_og_type":"","wdfb_og_description":"","wdfb_og_images":"a:1:{i:0;s:0:\"\";}","wdfb_og_custom_name":"a:1:{i:0;s:0:\"\";}","wdfb_og_custom_value":"a:1:{i:0;s:0:\"\";}","foto":"829","argomento":"Gallarate","_yoast_wpseo_focuskw":"sparatoria","_yoast_wpseo_title":"sparatoria caserma gallarate marchese","_yoast_wpseo_linkdex":"75","post_views_count":"0"},"photos":[{"original":"https:\/\/staging.varesenews.it\/photogallery_new\/images\/2014\/02\/caserma-carabinieri-gallarate-evasione-apertura-lunga-829.jpg","full":"https:\/\/staging.varesenews.it\/photogallery_new\/images\/2014\/02\/caserma-carabinieri-gallarate-evasione-apertura-lunga-829.1024x768.jpg","large":"https:\/\/staging.varesenews.it\/photogallery_new\/images\/2014\/02\/caserma-carabinieri-gallarate-evasione-apertura-lunga-829.610x431.jpg"}],"_links":{"self":[{"href":"https:\/\/staging.varesenews.it\/swgapi\/v1\/wp\/v2\/posts\/354320"}],"collection":[{"href":"https:\/\/staging.varesenews.it\/swgapi\/v1\/wp\/v2\/posts"}],"about":[{"href":"https:\/\/staging.varesenews.it\/swgapi\/v1\/wp\/v2\/types\/post"}],"author":[{"embeddable":true,"href":"https:\/\/staging.varesenews.it\/swgapi\/v1\/wp\/v2\/users\/47"}],"replies":[{"embeddable":true,"href":"https:\/\/staging.varesenews.it\/swgapi\/v1\/wp\/v2\/comments?post=354320"}],"version-history":[{"count":0,"href":"https:\/\/staging.varesenews.it\/swgapi\/v1\/wp\/v2\/posts\/354320\/revisions"}],"wp:attachment":[{"href":"https:\/\/staging.varesenews.it\/swgapi\/v1\/wp\/v2\/media?parent=354320"}],"wp:term":[{"taxonomy":"category","embeddable":true,"href":"https:\/\/staging.varesenews.it\/swgapi\/v1\/wp\/v2\/categories?post=354320"},{"taxonomy":"post_tag","embeddable":true,"href":"https:\/\/staging.varesenews.it\/swgapi\/v1\/wp\/v2\/tags?post=354320"}],"curies":[{"name":"wp","href":"https:\/\/api.w.org\/{rel}","templated":true}]}}