{"id":354926,"date":"2015-03-09T10:26:43","date_gmt":"2015-03-09T09:26:43","guid":{"rendered":"http:\/\/www.varesenews.it\/?p=354926"},"modified":"2015-03-09T22:27:48","modified_gmt":"2015-03-09T21:27:48","slug":"come-funzionera-il-bilancio-partecipato","status":"publish","type":"post","link":"https:\/\/staging.varesenews.it\/2015\/03\/come-funzionera-il-bilancio-partecipato\/354926\/","title":{"rendered":"Come funzioner\u00e0 il &#8220;bilancio partecipato&#8221;?"},"content":{"rendered":"<p>Gallarate sperimenta per la prima volta il bilancio partecipato: una quota di spesa pubblica <strong>(300mila euro per il 2015) da destinare opere d&#8217;investimento<\/strong> che i cittadini potranno scegliere, tra una serie di proposte.<\/p>\n<p>Il bilancio partecipato \u00e8 una realt\u00e0 in diversi Comuni: in provincia c&#8217;\u00e8 stata per esempio una esperienza per diversi anni a Cardano al Campo. Ora si prova anche a Gallarate, dove \u00e8 prevista una quota all&#8217;interno della parte dedicata agli investimenti (qui <a href=\"http:\/\/www3.varesenews.it\/gallarate_malpensa\/il-bilancio-2015-del-comune-ecco-le-scelte-su-tasse-spese-e-investimenti-in-opere-307237.html\">un quadro completo del bilancio<\/a> e delle <a href=\"http:\/\/www3.varesenews.it\/gallarate_malpensa\/6-milioni-di-investimenti-biblioteca-strade-marciapiedi-e-mornera-le-opere-principali-307244.html\">opere previste<\/a>). \u00abAbbiamo stanziato a bilancio 300mila euro nella parte Investimenti\u00bb spiega l&#8217;assessora alla partecipazione <strong>Cinzia Colombo<\/strong>. \u00abI cittadini possono scegliere tra una serie di interventi sulla cura della citt\u00e0\u00bb.<\/p>\n<p>Come potranno scegliere i cittadini la destinazione dei 300mila euro?\u00a0 \u00abStiamo ragionando su<strong> una quindicina di proposte concrete e realizzabili<\/strong>: un elenco su cui i cittadini potranno votare ed esprimersi, quindi con una scelta vera. Sono proposte che l&#8217;amministrazione comunale sta preparando sulla base di segnalazioni e proposte dei cittadini che sono arrivate negli ultimi anni. Il principio \u00e8 di creare partecipazione e non guerre tra quartieri: certamente si tratter\u00e0 di opere poste in una zona, ma rivolte all&#8217;interesse di tutta la citt\u00e0\u00bb.<\/p>\n<p>Qualche esempio di queste proposte? \u00ab<strong>Le proposte vorremmo portarle<\/strong> insieme in commissione consigliare, <strong>non le anticipo tutte ora<\/strong>. Per esempio abbiamo una richiesta per nuovi orti urbani, ma ricordo anche la richiesta di <a href=\"http:\/\/www3.varesenews.it\/gallarate_malpensa\/articolo.php?id=178984\">un&#8217;area skate che era arrivata pi\u00f9 volte<\/a> da gruppi di giovani\u00bb.<\/p>\n<p>Al di l\u00e0 del principio, per\u00f2, come farete valutare le idee? Non sar\u00e0 una consultazione generica su social network, ma una vera votazione, anche con momenti di confronto: \u00ab<strong>Sar\u00e0 aperta una pagina dedicata sul sito<\/strong>, per spiegare come votare le proposte: pensiamo di far partecipare tutti i gallaratesi sopra i 16 anni, con la possibilit\u00e0 di<strong> esprimere la preferenza online o su scheda cartacea<\/strong>. Per la raccolta stiamo pensando di coinvolgere anche una serie di luoghi &#8220;istituzionali&#8221;, ad esempio la sede 3SG a Ronchi. E poi <strong>una giornata dedicata alla partecipazione<\/strong>, per portare la scelta dei progetti anche nei quartieri che non hanno un punto di riferimento dove raccogliere i voti\u00bb.<\/p>\n<p>Il bilancio generale del Comune dovrebbe essere approvato entro marzo: per le scelte del bilancio partecipato che temi ci sono invece? \u00abStiamo individuando modalit\u00e0 per realizzarle concretamente, quindi anche sulle tempistiche. Nel giro di qualche settimana avremo pronto il calendario, <strong>da aprile contiamo di partire con le presentazioni<\/strong> ai cittadini. Entro <strong>fine maggio\u00a0 vorremmo avere gli esiti della votazione<\/strong>, poi la progettazione a partire dall&#8217;estate. Tutte le proposte hanno comunque alle spalle uno studio di fattibilit\u00e0 minimo\u00bb.<\/p>\n","protected":false},"excerpt":{"rendered":"<p>Nel bilancio del Comune \u00e8 prevista quest&#8217;anno anche una quota di 300mila euro da impiegare sulla base delle preferenze dei cittadini: ecco qual \u00e8 il percorso previsto<\/p>\n","protected":false},"author":46,"featured_media":0,"comment_status":"open","ping_status":"open","sticky":false,"template":"","format":"standard","meta":{"footnotes":""},"categories":[1],"tags":[5300,18999,41324],"acf":[],"yoast_head":"<!-- This site is optimized with the Yoast SEO plugin v20.1 - https:\/\/yoast.com\/wordpress\/plugins\/seo\/ -->\n<title>Come funzioner\u00e0 bilancio partecipato Gallarate<\/title>\n<meta name=\"description\" content=\"bilancio partecipato gallarate\" \/>\n<meta name=\"robots\" content=\"noindex, follow, max-snippet:-1, max-image-preview:large, max-video-preview:-1\" \/>\n<meta property=\"og:locale\" content=\"it_IT\" \/>\n<meta property=\"og:type\" content=\"article\" \/>\n<meta property=\"og:title\" content=\"Come funzioner\u00e0 bilancio partecipato Gallarate\" \/>\n<meta property=\"og:description\" content=\"bilancio partecipato gallarate\" \/>\n<meta property=\"og:url\" content=\"https:\/\/staging.varesenews.it\/2015\/03\/come-funzionera-il-bilancio-partecipato\/354926\/\" \/>\n<meta property=\"og:site_name\" content=\"VareseNews\" \/>\n<meta property=\"article:publisher\" content=\"https:\/\/www.facebook.com\/varesenews\" \/>\n<meta property=\"article:published_time\" content=\"2015-03-09T09:26:43+00:00\" \/>\n<meta property=\"article:modified_time\" content=\"2015-03-09T21:27:48+00:00\" \/>\n<meta name=\"author\" content=\"Roberto Morandi\" \/>\n<meta name=\"twitter:card\" content=\"summary_large_image\" \/>\n<meta name=\"twitter:creator\" content=\"@ilmorands\" \/>\n<meta name=\"twitter:site\" content=\"@varesenews\" \/>\n<meta name=\"twitter:label1\" content=\"Scritto da\" \/>\n\t<meta name=\"twitter:data1\" content=\"Roberto Morandi\" \/>\n\t<meta name=\"twitter:label2\" content=\"Tempo di lettura stimato\" \/>\n\t<meta name=\"twitter:data2\" content=\"2 minuti\" \/>\n<script type=\"application\/ld+json\" class=\"yoast-schema-graph\">{\"@context\":\"https:\/\/schema.org\",\"@graph\":[{\"@type\":\"WebPage\",\"@id\":\"https:\/\/staging.varesenews.it\/2015\/03\/come-funzionera-il-bilancio-partecipato\/354926\/\",\"url\":\"https:\/\/staging.varesenews.it\/2015\/03\/come-funzionera-il-bilancio-partecipato\/354926\/\",\"name\":\"Come funzioner\u00e0 bilancio partecipato Gallarate\",\"isPartOf\":{\"@id\":\"https:\/\/staging.varesenews.it\/#website\"},\"datePublished\":\"2015-03-09T09:26:43+00:00\",\"dateModified\":\"2015-03-09T21:27:48+00:00\",\"author\":{\"@id\":\"https:\/\/staging.varesenews.it\/#\/schema\/person\/efe592ae4c76536b551f89d8b6674bc3\"},\"description\":\"bilancio partecipato gallarate\",\"breadcrumb\":{\"@id\":\"https:\/\/staging.varesenews.it\/2015\/03\/come-funzionera-il-bilancio-partecipato\/354926\/#breadcrumb\"},\"inLanguage\":\"it-IT\",\"potentialAction\":[{\"@type\":\"ReadAction\",\"target\":[\"https:\/\/staging.varesenews.it\/2015\/03\/come-funzionera-il-bilancio-partecipato\/354926\/\"]}]},{\"@type\":\"BreadcrumbList\",\"@id\":\"https:\/\/staging.varesenews.it\/2015\/03\/come-funzionera-il-bilancio-partecipato\/354926\/#breadcrumb\",\"itemListElement\":[{\"@type\":\"ListItem\",\"position\":1,\"name\":\"Home\",\"item\":\"https:\/\/www.varesenews.it\/\"},{\"@type\":\"ListItem\",\"position\":2,\"name\":\"Come funzioner\u00e0 il &#8220;bilancio partecipato&#8221;?\"}]},{\"@type\":\"WebSite\",\"@id\":\"https:\/\/staging.varesenews.it\/#website\",\"url\":\"https:\/\/staging.varesenews.it\/\",\"name\":\"VareseNews\",\"description\":\"\",\"potentialAction\":[{\"@type\":\"SearchAction\",\"target\":{\"@type\":\"EntryPoint\",\"urlTemplate\":\"https:\/\/staging.varesenews.it\/?s={search_term_string}\"},\"query-input\":\"required name=search_term_string\"}],\"inLanguage\":\"it-IT\"},{\"@type\":\"Person\",\"@id\":\"https:\/\/staging.varesenews.it\/#\/schema\/person\/efe592ae4c76536b551f89d8b6674bc3\",\"name\":\"Roberto Morandi\",\"image\":{\"@type\":\"ImageObject\",\"inLanguage\":\"it-IT\",\"@id\":\"https:\/\/staging.varesenews.it\/#\/schema\/person\/image\/\",\"url\":\"https:\/\/staging.varesenews.it\/wp-content\/uploads\/2020\/12\/roberto_morandi_colori_500.jpg\",\"contentUrl\":\"https:\/\/staging.varesenews.it\/wp-content\/uploads\/2020\/12\/roberto_morandi_colori_500.jpg\",\"caption\":\"Roberto Morandi\"},\"description\":\"Classe 1980, laureato in storia, mi occupo dell&rsquo;area di Gallarate e di Malpensa, di trasporti e mobilit&agrave;. Amo molto la dimensione della citt&agrave;, come luogo d&rsquo;incontro di persone diverse e come organismo che si trasforma costantemente. Mi piace anche raccontare le piccole e grandi vicende, anche locali, che compongono la Storia con la S maiuscola. Appassionato di bicicletta: la macchina perfetta per muoversi in citt&agrave; e per viaggiare.\",\"sameAs\":[\"https:\/\/twitter.com\/ilmorands\"],\"url\":\"https:\/\/staging.varesenews.it\/persona\/roberto-morandi1\/\"}]}<\/script>\n<!-- \/ Yoast SEO plugin. -->","yoast_head_json":{"title":"Come funzioner\u00e0 bilancio partecipato Gallarate","description":"bilancio partecipato gallarate","robots":{"index":"noindex","follow":"follow","max-snippet":"max-snippet:-1","max-image-preview":"max-image-preview:large","max-video-preview":"max-video-preview:-1"},"og_locale":"it_IT","og_type":"article","og_title":"Come funzioner\u00e0 bilancio partecipato Gallarate","og_description":"bilancio partecipato gallarate","og_url":"https:\/\/staging.varesenews.it\/2015\/03\/come-funzionera-il-bilancio-partecipato\/354926\/","og_site_name":"VareseNews","article_publisher":"https:\/\/www.facebook.com\/varesenews","article_published_time":"2015-03-09T09:26:43+00:00","article_modified_time":"2015-03-09T21:27:48+00:00","author":"Roberto Morandi","twitter_card":"summary_large_image","twitter_creator":"@ilmorands","twitter_site":"@varesenews","twitter_misc":{"Scritto da":"Roberto Morandi","Tempo di lettura stimato":"2 minuti"},"schema":{"@context":"https:\/\/schema.org","@graph":[{"@type":"WebPage","@id":"https:\/\/staging.varesenews.it\/2015\/03\/come-funzionera-il-bilancio-partecipato\/354926\/","url":"https:\/\/staging.varesenews.it\/2015\/03\/come-funzionera-il-bilancio-partecipato\/354926\/","name":"Come funzioner\u00e0 bilancio partecipato Gallarate","isPartOf":{"@id":"https:\/\/staging.varesenews.it\/#website"},"datePublished":"2015-03-09T09:26:43+00:00","dateModified":"2015-03-09T21:27:48+00:00","author":{"@id":"https:\/\/staging.varesenews.it\/#\/schema\/person\/efe592ae4c76536b551f89d8b6674bc3"},"description":"bilancio partecipato gallarate","breadcrumb":{"@id":"https:\/\/staging.varesenews.it\/2015\/03\/come-funzionera-il-bilancio-partecipato\/354926\/#breadcrumb"},"inLanguage":"it-IT","potentialAction":[{"@type":"ReadAction","target":["https:\/\/staging.varesenews.it\/2015\/03\/come-funzionera-il-bilancio-partecipato\/354926\/"]}]},{"@type":"BreadcrumbList","@id":"https:\/\/staging.varesenews.it\/2015\/03\/come-funzionera-il-bilancio-partecipato\/354926\/#breadcrumb","itemListElement":[{"@type":"ListItem","position":1,"name":"Home","item":"https:\/\/www.varesenews.it\/"},{"@type":"ListItem","position":2,"name":"Come funzioner\u00e0 il &#8220;bilancio partecipato&#8221;?"}]},{"@type":"WebSite","@id":"https:\/\/staging.varesenews.it\/#website","url":"https:\/\/staging.varesenews.it\/","name":"VareseNews","description":"","potentialAction":[{"@type":"SearchAction","target":{"@type":"EntryPoint","urlTemplate":"https:\/\/staging.varesenews.it\/?s={search_term_string}"},"query-input":"required name=search_term_string"}],"inLanguage":"it-IT"},{"@type":"Person","@id":"https:\/\/staging.varesenews.it\/#\/schema\/person\/efe592ae4c76536b551f89d8b6674bc3","name":"Roberto Morandi","image":{"@type":"ImageObject","inLanguage":"it-IT","@id":"https:\/\/staging.varesenews.it\/#\/schema\/person\/image\/","url":"https:\/\/staging.varesenews.it\/wp-content\/uploads\/2020\/12\/roberto_morandi_colori_500.jpg","contentUrl":"https:\/\/staging.varesenews.it\/wp-content\/uploads\/2020\/12\/roberto_morandi_colori_500.jpg","caption":"Roberto Morandi"},"description":"Classe 1980, laureato in storia, mi occupo dell&rsquo;area di Gallarate e di Malpensa, di trasporti e mobilit&agrave;. Amo molto la dimensione della citt&agrave;, come luogo d&rsquo;incontro di persone diverse e come organismo che si trasforma costantemente. Mi piace anche raccontare le piccole e grandi vicende, anche locali, che compongono la Storia con la S maiuscola. Appassionato di bicicletta: la macchina perfetta per muoversi in citt&agrave; e per viaggiare.","sameAs":["https:\/\/twitter.com\/ilmorands"],"url":"https:\/\/staging.varesenews.it\/persona\/roberto-morandi1\/"}]}},"post_meta":{"_edit_lock":"1425976197:46","_edit_last":"46","ratings_users":"0","ratings_score":"0","ratings_average":"0","wdfb_og_title":"","wdfb_og_type":"","wdfb_og_description":"","wdfb_og_images":"a:1:{i:0;s:0:\"\";}","wdfb_og_custom_name":"a:1:{i:0;s:0:\"\";}","wdfb_og_custom_value":"a:1:{i:0;s:0:\"\";}","foto":"207455","argomento":"Gallarate","_yoast_wpseo_title":"Come funzioner\u00e0 bilancio partecipato Gallarate","_yoast_wpseo_focuskw":"bilancio partecipato","_yoast_wpseo_metadesc":"bilancio partecipato gallarate","post_views_count":"0","_yoast_wpseo_linkdex":"82"},"photos":[{"original":false,"full":false,"large":false}],"_links":{"self":[{"href":"https:\/\/staging.varesenews.it\/swgapi\/v1\/wp\/v2\/posts\/354926"}],"collection":[{"href":"https:\/\/staging.varesenews.it\/swgapi\/v1\/wp\/v2\/posts"}],"about":[{"href":"https:\/\/staging.varesenews.it\/swgapi\/v1\/wp\/v2\/types\/post"}],"author":[{"embeddable":true,"href":"https:\/\/staging.varesenews.it\/swgapi\/v1\/wp\/v2\/users\/46"}],"replies":[{"embeddable":true,"href":"https:\/\/staging.varesenews.it\/swgapi\/v1\/wp\/v2\/comments?post=354926"}],"version-history":[{"count":0,"href":"https:\/\/staging.varesenews.it\/swgapi\/v1\/wp\/v2\/posts\/354926\/revisions"}],"wp:attachment":[{"href":"https:\/\/staging.varesenews.it\/swgapi\/v1\/wp\/v2\/media?parent=354926"}],"wp:term":[{"taxonomy":"category","embeddable":true,"href":"https:\/\/staging.varesenews.it\/swgapi\/v1\/wp\/v2\/categories?post=354926"},{"taxonomy":"post_tag","embeddable":true,"href":"https:\/\/staging.varesenews.it\/swgapi\/v1\/wp\/v2\/tags?post=354926"}],"curies":[{"name":"wp","href":"https:\/\/api.w.org\/{rel}","templated":true}]}}