{"id":355999,"date":"2015-03-16T14:00:31","date_gmt":"2015-03-16T13:00:31","guid":{"rendered":"http:\/\/www.varesenews.it\/?p=355999"},"modified":"2015-03-16T14:00:31","modified_gmt":"2015-03-16T13:00:31","slug":"ficarra-e-picone-in-scena-al-cafe-teatro","status":"publish","type":"post","link":"https:\/\/staging.varesenews.it\/2015\/03\/ficarra-e-picone-in-scena-al-cafe-teatro\/355999\/","title":{"rendered":"Ficarra e Picone in scena al Caf\u00e8 Teatro"},"content":{"rendered":"<p>Come tanti protagonisti della comicit\u00e0 italiana al laboratorio del Caff\u00e9 Teatro ci sono cresciuti. E ora, dopo tanti anni, tornano ad esibirsi sul palcoscenico di via Indipendenza. <strong>Salvatore Ficarra e Valentino Picone saranno infatti protagonisti del laboratorio di gioved\u00ec 19 marzo al Caff\u00e9 Teatro<\/strong>. Una serata che \u00e8 gi\u00e0 sold out.<\/p>\n<p>Cos\u00ec come sold out \u00e8 il primo dei due appuntamenti con un trio di artiste: <strong>Debora Villa, Alessandra Ierse e Nadia Puma.<\/strong> Lo spettacolo che proporranno<strong> venerd\u00ec 20 e sabato 21 al Caff\u00e9 Teatro<\/strong> \u00e8 suddiviso in due tempi. Il primo \u00e8 affidato a Villa e al suo racconto di \u201cQuello che le donne&#8230;\u201d, ovvero tutto ci\u00f2 che l&#8217;universo femminile dice, pensa, fa o sogna. Dal peccato originale alle favole, dalla gravidanza alla contraccezione il racconto degli universi paralleli di uomini e donne che non si inconteranno mai. Un monologo che si propone quasi come un corso di vita. \u201cNe vedrete delle belle&#8230;per dire\u201d \u00e8 la seconda parte dello spettacolo, una carrellata dei personaggi che tante soddisfazioni hanno dato a Puma e Ierse: dalla Marisa di Colorado alla signorina buonasera di \u201cMediaset vintage\u201d, fino a Jolanda, la carcerata di \u201cBelli dentro\u201d.<\/p>\n<p>La serata di venerd\u00ec \u00e8 sold out, sabato ingresso 10 euro, cena a 35. Tutti gli spettacoli avranno inizio alle 22.30. Il costo della cena, servita dalle 20.30, include il prezzo del biglietto. Bevande escluse. Informazioni e prenotazioni allo 0331.223133, oppure allo 0331.228079.<\/p>\n","protected":false},"excerpt":{"rendered":"<p>L&#8217;appuntamento con i due comici \u00e8 per gioved\u00ec 19 marzo. Nel fine settimana invece, saranno in scena Debora Villa, Alessandra Ierse e Nadia Puma<\/p>\n","protected":false},"author":32,"featured_media":0,"comment_status":"open","ping_status":"open","sticky":false,"template":"","format":"standard","meta":{"footnotes":""},"categories":[3,21],"tags":[42954,9093,20561,41409,314],"acf":[],"yoast_head":"<!-- This site is optimized with the Yoast SEO plugin v20.1 - https:\/\/yoast.com\/wordpress\/plugins\/seo\/ -->\n<title>Ficarra e Picone in scena al Caf\u00e8 Teatro<\/title>\n<meta name=\"description\" content=\"L&#039;appuntamento con i due comici \u00e8 per gioved\u00ec 19 marzo. Nel fine settimana invece, saranno in scena Debora Villa, Alessandra Ierse e Nadia Puma\" \/>\n<meta name=\"robots\" content=\"noindex, follow, max-snippet:-1, max-image-preview:large, max-video-preview:-1\" \/>\n<meta property=\"og:locale\" content=\"it_IT\" \/>\n<meta property=\"og:type\" content=\"article\" \/>\n<meta property=\"og:title\" content=\"Ficarra e Picone in scena al Caf\u00e8 Teatro\" \/>\n<meta property=\"og:description\" content=\"L&#039;appuntamento con i due comici \u00e8 per gioved\u00ec 19 marzo. Nel fine settimana invece, saranno in scena Debora Villa, Alessandra Ierse e Nadia Puma\" \/>\n<meta property=\"og:url\" content=\"https:\/\/staging.varesenews.it\/2015\/03\/ficarra-e-picone-in-scena-al-cafe-teatro\/355999\/\" \/>\n<meta property=\"og:site_name\" content=\"VareseNews\" \/>\n<meta property=\"article:publisher\" content=\"https:\/\/www.facebook.com\/varesenews\" \/>\n<meta property=\"article:published_time\" content=\"2015-03-16T13:00:31+00:00\" \/>\n<meta name=\"author\" content=\"Adelia Brigo\" \/>\n<meta name=\"twitter:card\" content=\"summary_large_image\" \/>\n<meta name=\"twitter:creator\" content=\"@AdeliaBrigo\" \/>\n<meta name=\"twitter:site\" content=\"@varesenews\" \/>\n<meta name=\"twitter:label1\" content=\"Scritto da\" \/>\n\t<meta name=\"twitter:data1\" content=\"Adelia Brigo\" \/>\n\t<meta name=\"twitter:label2\" content=\"Tempo di lettura stimato\" \/>\n\t<meta name=\"twitter:data2\" content=\"1 minuto\" \/>\n<script type=\"application\/ld+json\" class=\"yoast-schema-graph\">{\"@context\":\"https:\/\/schema.org\",\"@graph\":[{\"@type\":\"WebPage\",\"@id\":\"https:\/\/staging.varesenews.it\/2015\/03\/ficarra-e-picone-in-scena-al-cafe-teatro\/355999\/\",\"url\":\"https:\/\/staging.varesenews.it\/2015\/03\/ficarra-e-picone-in-scena-al-cafe-teatro\/355999\/\",\"name\":\"Ficarra e Picone in scena al Caf\u00e8 Teatro\",\"isPartOf\":{\"@id\":\"https:\/\/staging.varesenews.it\/#website\"},\"datePublished\":\"2015-03-16T13:00:31+00:00\",\"dateModified\":\"2015-03-16T13:00:31+00:00\",\"author\":{\"@id\":\"https:\/\/staging.varesenews.it\/#\/schema\/person\/272ac0f5b2dbfd572218c2d86e013f1a\"},\"description\":\"L'appuntamento con i due comici \u00e8 per gioved\u00ec 19 marzo. Nel fine settimana invece, saranno in scena Debora Villa, Alessandra Ierse e Nadia Puma\",\"breadcrumb\":{\"@id\":\"https:\/\/staging.varesenews.it\/2015\/03\/ficarra-e-picone-in-scena-al-cafe-teatro\/355999\/#breadcrumb\"},\"inLanguage\":\"it-IT\",\"potentialAction\":[{\"@type\":\"ReadAction\",\"target\":[\"https:\/\/staging.varesenews.it\/2015\/03\/ficarra-e-picone-in-scena-al-cafe-teatro\/355999\/\"]}]},{\"@type\":\"BreadcrumbList\",\"@id\":\"https:\/\/staging.varesenews.it\/2015\/03\/ficarra-e-picone-in-scena-al-cafe-teatro\/355999\/#breadcrumb\",\"itemListElement\":[{\"@type\":\"ListItem\",\"position\":1,\"name\":\"Home\",\"item\":\"https:\/\/www.varesenews.it\/\"},{\"@type\":\"ListItem\",\"position\":2,\"name\":\"Ficarra e Picone in scena al Caf\u00e8 Teatro\"}]},{\"@type\":\"WebSite\",\"@id\":\"https:\/\/staging.varesenews.it\/#website\",\"url\":\"https:\/\/staging.varesenews.it\/\",\"name\":\"VareseNews\",\"description\":\"\",\"potentialAction\":[{\"@type\":\"SearchAction\",\"target\":{\"@type\":\"EntryPoint\",\"urlTemplate\":\"https:\/\/staging.varesenews.it\/?s={search_term_string}\"},\"query-input\":\"required name=search_term_string\"}],\"inLanguage\":\"it-IT\"},{\"@type\":\"Person\",\"@id\":\"https:\/\/staging.varesenews.it\/#\/schema\/person\/272ac0f5b2dbfd572218c2d86e013f1a\",\"name\":\"Adelia Brigo\",\"image\":{\"@type\":\"ImageObject\",\"inLanguage\":\"it-IT\",\"@id\":\"https:\/\/staging.varesenews.it\/#\/schema\/person\/image\/\",\"url\":\"https:\/\/staging.varesenews.it\/wp-content\/uploads\/2020\/12\/adelia_brigo_colori_500.jpg\",\"contentUrl\":\"https:\/\/staging.varesenews.it\/wp-content\/uploads\/2020\/12\/adelia_brigo_colori_500.jpg\",\"caption\":\"Adelia Brigo\"},\"description\":\"Giornalista pubblicista, lavoro a VareseNews dal 2007 e mi occupo di cronaca locale e del settore dedicato alla cultura. In questi anni ho seguito diversi progetti di comunicazione, amo sperimentare strategie per i Social Network e raccontare storie. Varesina, classe 1984, sono laureata in Scienze della Comunicazione.&nbsp;\",\"sameAs\":[\"AdeliaBrigo\",\"https:\/\/twitter.com\/AdeliaBrigo\"],\"url\":\"https:\/\/staging.varesenews.it\/persona\/adelia_brigo\/\"}]}<\/script>\n<!-- \/ Yoast SEO plugin. -->","yoast_head_json":{"title":"Ficarra e Picone in scena al Caf\u00e8 Teatro","description":"L'appuntamento con i due comici \u00e8 per gioved\u00ec 19 marzo. Nel fine settimana invece, saranno in scena Debora Villa, Alessandra Ierse e Nadia Puma","robots":{"index":"noindex","follow":"follow","max-snippet":"max-snippet:-1","max-image-preview":"max-image-preview:large","max-video-preview":"max-video-preview:-1"},"og_locale":"it_IT","og_type":"article","og_title":"Ficarra e Picone in scena al Caf\u00e8 Teatro","og_description":"L'appuntamento con i due comici \u00e8 per gioved\u00ec 19 marzo. Nel fine settimana invece, saranno in scena Debora Villa, Alessandra Ierse e Nadia Puma","og_url":"https:\/\/staging.varesenews.it\/2015\/03\/ficarra-e-picone-in-scena-al-cafe-teatro\/355999\/","og_site_name":"VareseNews","article_publisher":"https:\/\/www.facebook.com\/varesenews","article_published_time":"2015-03-16T13:00:31+00:00","author":"Adelia Brigo","twitter_card":"summary_large_image","twitter_creator":"@AdeliaBrigo","twitter_site":"@varesenews","twitter_misc":{"Scritto da":"Adelia Brigo","Tempo di lettura stimato":"1 minuto"},"schema":{"@context":"https:\/\/schema.org","@graph":[{"@type":"WebPage","@id":"https:\/\/staging.varesenews.it\/2015\/03\/ficarra-e-picone-in-scena-al-cafe-teatro\/355999\/","url":"https:\/\/staging.varesenews.it\/2015\/03\/ficarra-e-picone-in-scena-al-cafe-teatro\/355999\/","name":"Ficarra e Picone in scena al Caf\u00e8 Teatro","isPartOf":{"@id":"https:\/\/staging.varesenews.it\/#website"},"datePublished":"2015-03-16T13:00:31+00:00","dateModified":"2015-03-16T13:00:31+00:00","author":{"@id":"https:\/\/staging.varesenews.it\/#\/schema\/person\/272ac0f5b2dbfd572218c2d86e013f1a"},"description":"L'appuntamento con i due comici \u00e8 per gioved\u00ec 19 marzo. Nel fine settimana invece, saranno in scena Debora Villa, Alessandra Ierse e Nadia Puma","breadcrumb":{"@id":"https:\/\/staging.varesenews.it\/2015\/03\/ficarra-e-picone-in-scena-al-cafe-teatro\/355999\/#breadcrumb"},"inLanguage":"it-IT","potentialAction":[{"@type":"ReadAction","target":["https:\/\/staging.varesenews.it\/2015\/03\/ficarra-e-picone-in-scena-al-cafe-teatro\/355999\/"]}]},{"@type":"BreadcrumbList","@id":"https:\/\/staging.varesenews.it\/2015\/03\/ficarra-e-picone-in-scena-al-cafe-teatro\/355999\/#breadcrumb","itemListElement":[{"@type":"ListItem","position":1,"name":"Home","item":"https:\/\/www.varesenews.it\/"},{"@type":"ListItem","position":2,"name":"Ficarra e Picone in scena al Caf\u00e8 Teatro"}]},{"@type":"WebSite","@id":"https:\/\/staging.varesenews.it\/#website","url":"https:\/\/staging.varesenews.it\/","name":"VareseNews","description":"","potentialAction":[{"@type":"SearchAction","target":{"@type":"EntryPoint","urlTemplate":"https:\/\/staging.varesenews.it\/?s={search_term_string}"},"query-input":"required name=search_term_string"}],"inLanguage":"it-IT"},{"@type":"Person","@id":"https:\/\/staging.varesenews.it\/#\/schema\/person\/272ac0f5b2dbfd572218c2d86e013f1a","name":"Adelia Brigo","image":{"@type":"ImageObject","inLanguage":"it-IT","@id":"https:\/\/staging.varesenews.it\/#\/schema\/person\/image\/","url":"https:\/\/staging.varesenews.it\/wp-content\/uploads\/2020\/12\/adelia_brigo_colori_500.jpg","contentUrl":"https:\/\/staging.varesenews.it\/wp-content\/uploads\/2020\/12\/adelia_brigo_colori_500.jpg","caption":"Adelia Brigo"},"description":"Giornalista pubblicista, lavoro a VareseNews dal 2007 e mi occupo di cronaca locale e del settore dedicato alla cultura. In questi anni ho seguito diversi progetti di comunicazione, amo sperimentare strategie per i Social Network e raccontare storie. Varesina, classe 1984, sono laureata in Scienze della Comunicazione.&nbsp;","sameAs":["AdeliaBrigo","https:\/\/twitter.com\/AdeliaBrigo"],"url":"https:\/\/staging.varesenews.it\/persona\/adelia_brigo\/"}]}},"post_meta":{"_edit_lock":"1426511914:32","_edit_last":"32","_category_permalink":"21","ratings_users":"0","ratings_score":"0","ratings_average":"0","wdfb_og_title":"","wdfb_og_type":"","wdfb_og_description":"","wdfb_og_images":"a:1:{i:0;s:0:\"\";}","wdfb_og_custom_name":"a:1:{i:0;s:0:\"\";}","wdfb_og_custom_value":"a:1:{i:0;s:0:\"\";}","foto":"163926","firma_come_redazione":"1","argomento":"Samarate","_yoast_wpseo_focuskw":"comici italiani","_yoast_wpseo_title":"Ficarra e Picone in scena al Caf\u00e8 Teatro","_yoast_wpseo_linkdex":"61","post_views_count":"2"},"photos":[{"original":"https:\/\/staging.varesenews.it\/photogallery_new\/images\/2012\/11\/ficarra-e-picone-all-apollonio-inserita-in-galleria-163926.jpg","full":"https:\/\/staging.varesenews.it\/photogallery_new\/images\/2012\/11\/ficarra-e-picone-all-apollonio-inserita-in-galleria-163926.1024x768.jpg","large":"https:\/\/staging.varesenews.it\/photogallery_new\/images\/2012\/11\/ficarra-e-picone-all-apollonio-inserita-in-galleria-163926.610x431.jpg"}],"_links":{"self":[{"href":"https:\/\/staging.varesenews.it\/swgapi\/v1\/wp\/v2\/posts\/355999"}],"collection":[{"href":"https:\/\/staging.varesenews.it\/swgapi\/v1\/wp\/v2\/posts"}],"about":[{"href":"https:\/\/staging.varesenews.it\/swgapi\/v1\/wp\/v2\/types\/post"}],"author":[{"embeddable":true,"href":"https:\/\/staging.varesenews.it\/swgapi\/v1\/wp\/v2\/users\/32"}],"replies":[{"embeddable":true,"href":"https:\/\/staging.varesenews.it\/swgapi\/v1\/wp\/v2\/comments?post=355999"}],"version-history":[{"count":0,"href":"https:\/\/staging.varesenews.it\/swgapi\/v1\/wp\/v2\/posts\/355999\/revisions"}],"wp:attachment":[{"href":"https:\/\/staging.varesenews.it\/swgapi\/v1\/wp\/v2\/media?parent=355999"}],"wp:term":[{"taxonomy":"category","embeddable":true,"href":"https:\/\/staging.varesenews.it\/swgapi\/v1\/wp\/v2\/categories?post=355999"},{"taxonomy":"post_tag","embeddable":true,"href":"https:\/\/staging.varesenews.it\/swgapi\/v1\/wp\/v2\/tags?post=355999"}],"curies":[{"name":"wp","href":"https:\/\/api.w.org\/{rel}","templated":true}]}}