{"id":356248,"date":"2015-03-17T18:20:56","date_gmt":"2015-03-17T17:20:56","guid":{"rendered":"http:\/\/www.varesenews.it\/?p=356248"},"modified":"2019-11-22T17:20:35","modified_gmt":"2019-11-22T16:20:35","slug":"cassara-la-carriera-di-un-presidente-eccentrico","status":"publish","type":"post","link":"https:\/\/staging.varesenews.it\/2015\/03\/cassara-la-carriera-di-un-presidente-eccentrico\/356248\/","title":{"rendered":"Cassar\u00e0, la carriera di un presidente eccentrico"},"content":{"rendered":"<p>Uno che ti lascia a bocca aperta. E\u2019 un personaggio davvero fuori dagli schemi, il nuovo presidente del Varese. Un uomo dotato di ampie disponibilit\u00e0 economiche, ma con mille interessi.<\/p>\n<p>Per capire chi \u00e8 <strong>Pierpaolo Cassar\u00e0<\/strong> (al centro nella foto), bisogna fare qualche passo indietro. Nato nel 1967, si laurea a Milano nel 1995 con una tesi di diritto civile. Diventa noto in citt\u00e0 quando nel 2007 finisce, per qualche mese, su tutte le tv nazionali, patrocinando il caso di un italiano, Antonio Trotta, che si trova in stato vegetativo, in una clinica svizzera. Secondo la famiglia gli svizzeri gli vorrebbero praticare l\u2019eutanasia, l\u2019avvocato Cassar\u00e0 ritiene invece che il giovane si possa curare. Ma il caso si sgonfia quando l\u2019uomo muore improvvisamente, in una clinica di Brebbia, in Italia, pochi mesi dopo.<\/p>\n<p><strong>La Fondazione Pull\u00e9<\/strong><br \/>\nNel 2009 ecco l\u2019approdo ai massimi livelli della notoriet\u00e0 in campo artistico. Cassar\u00e0 si presenta a Morazzone come avvocato di Vittorio Sgarbi, mentre il critico d\u2019arte litiga con il sindaco Matteo Bianchi e gli contesta l\u2019abbattimento di una villa storica del paese. Finisce a querele (per Sgarbi) mentre l\u2019avvocato, secondo quanto scrive il quotidiano Libero, viene multato per avere parcheggiato la sua Jaguar in divieto di sosta. Cassar\u00e0 diviene noto come presidente della Fondazione Labus Pull\u00e8, un organismo che raccoglie un notevole patrimonio artistico, grazie al lavoro di mecenatismo della contessa Contessa Cotti Pull\u00e8 Maria Luisa, vedova del conte Nicola Pull\u00e8 figlio del conte Roberto Pull\u00e8e e della nobildonna Giulia Labus.<\/p>\n<p><strong>Amico di Sgarbi<\/strong><br \/>\nCassar\u00e0 annuncia che nel 2010 a Varese si terr\u00e0 una grande mostra dedicata al Morazzone, pittore del 500 e 600l, al secolo Pier Francesco Mazzucchelli, curata da Vittorio Sgarbi. Il sindaco Fontana sembra interessato ma qualcosa si inceppa e la mostra non si far\u00e0 pi\u00f9. Lo stesso Cassar\u00e0 entra anche con forza nella vita culturale della nostra provincia: dal 2009 tiene una rubrica culturale sul sito Satelios News, mentre la Fondazione Pull\u00e8 organizza concorsi letterari per i giovani e diversi convegni giuridici e storici a Milano e Varese.<\/p>\n<p><strong>Professore di etica<\/strong><br \/>\nE cos\u00ec nel 2012 l\u2019Universit\u00e0 dell\u2019Insubria gli affida un seminario di legislazione e tutela dei diritti nel corso di Scienze della comunicazione. I risultati evidentemente sono buoni, tanto che nel 2013 e 2014 il dipartimento di scienze teoriche e applicate dell\u2019Insubria affida all\u2019avvocato un corso di \u201cetica, comunicazione, libert\u00e0 di pensieri, morfologie dell\u2019etica\u201d. Gli incarichi di Cassar\u00e0 diventano ancora pi\u00f9 prestigiosi: ad esempio diviene presidente dei cameristi della Scala di Milano e si trova come mecenate a finanziare pubblicazioni e convegni su Manzoni e il risorgimento.<\/p>\n<p><strong>&#8230;e fu anche assessore<\/strong><br \/>\nA livello politico invece \u00e8 stato assessore al bilancio a Besnate tra il 2001 e il 2004. Per un certo periodo viene associato al senatore Antonio Tomassini, di cui sarebbe stato amico. Arriva al Varese, secondo le cronache, grazie all\u2019intercessione di Raffaella Greco, ex titolare di una agenzia di assicurazioni di Varese, candidata sindaco nel 2010 per una lista che invoca la zona Franca doganale.<\/p>\n<p><strong>Il sindaco, non era lui l&#8217;imprenditore<\/strong><br \/>\nDei suoi interessi per il calcio, non si sapeva nulla finora. Il sindaco Attilio Fontana, da noi interpellato, ci ha riferito di aver appreso dai siti internet la notizia, e che non era lui l\u2019imprenditore a cui si era pensato per salvare il Varese.<\/p>\n<p><strong>Collezionista di pinocchi e oche<\/strong><br \/>\nSono noti, invece, alcuni interessi culturali davvero originali del nuovo presidente del Varese. Nel 2009 Cassar\u00e0 rilascia un\u2019intervista al quotidiano La Provincia in cui si dichiara un collezionista di Pinocchi. E afferma: \u201cPer diventare un pinocchista bisogna avere un gran numero di burattini, ma \u00e8 la qualit\u00e0 dei singoli pezzi che fa ottenere il riconoscimento\u201d. \u201cPinocchio parla di noi, perch\u00e8 tutti, ogni giorno, ci raccontiamo delle bugie\u201d e annuncia che sta scrivendo un libro dal titolo \u201cL\u2019ombra della bugia\u201d. Nel 2013, in una nuova intervista racconta invece che nel suo giardino, per far divertire i vicini di casa, posiziona ogni giorno delle oche finte, in un punto diverso del prato. \u201cHo voluto divertire gli abitanti di Bosto con lo stesso stratagemma usato dai giardinieri di Luigi XIV per stupire il loro re\u201d afferma. Noblesse oblige.<\/p>\n","protected":false},"excerpt":{"rendered":"<p>Professore di etica, collezionista, amante della lirica, amico di Vittorio Sgarbi, organizzatore di convegni. Tutto questo, e anche di pi\u00f9<\/p>\n","protected":false},"author":50,"featured_media":0,"comment_status":"open","ping_status":"open","sticky":false,"template":"","format":"standard","meta":{"footnotes":""},"categories":[14,2],"tags":[],"acf":[],"yoast_head":"<!-- This site is optimized with the Yoast SEO plugin v20.1 - https:\/\/yoast.com\/wordpress\/plugins\/seo\/ -->\n<title>Cassar\u00e0, la carriera di un presidente eccentrico<\/title>\n<meta name=\"description\" content=\"Professore di etica, collezionista, amante della lirica, amico di Vittorio Sgarbi, organizzatore di convegni. Tutto questo, e anche di pi\u00f9\" \/>\n<meta name=\"robots\" content=\"noindex, follow, max-snippet:-1, max-image-preview:large, max-video-preview:-1\" \/>\n<meta property=\"og:locale\" content=\"it_IT\" \/>\n<meta property=\"og:type\" content=\"article\" \/>\n<meta property=\"og:title\" content=\"Cassar\u00e0, la carriera di un presidente eccentrico\" \/>\n<meta property=\"og:description\" content=\"Professore di etica, collezionista, amante della lirica, amico di Vittorio Sgarbi, organizzatore di convegni. Tutto questo, e anche di pi\u00f9\" \/>\n<meta property=\"og:url\" content=\"https:\/\/staging.varesenews.it\/2015\/03\/cassara-la-carriera-di-un-presidente-eccentrico\/356248\/\" \/>\n<meta property=\"og:site_name\" content=\"VareseNews\" \/>\n<meta property=\"article:publisher\" content=\"https:\/\/www.facebook.com\/varesenews\" \/>\n<meta property=\"article:published_time\" content=\"2015-03-17T17:20:56+00:00\" \/>\n<meta property=\"article:modified_time\" content=\"2019-11-22T16:20:35+00:00\" \/>\n<meta name=\"author\" content=\"Roberto Rotondo\" \/>\n<meta name=\"twitter:card\" content=\"summary_large_image\" \/>\n<meta name=\"twitter:creator\" content=\"@robertorotondo\" \/>\n<meta name=\"twitter:site\" content=\"@varesenews\" \/>\n<meta name=\"twitter:label1\" content=\"Scritto da\" \/>\n\t<meta name=\"twitter:data1\" content=\"Roberto Rotondo\" \/>\n\t<meta name=\"twitter:label2\" content=\"Tempo di lettura stimato\" \/>\n\t<meta name=\"twitter:data2\" content=\"3 minuti\" \/>\n<script type=\"application\/ld+json\" class=\"yoast-schema-graph\">{\"@context\":\"https:\/\/schema.org\",\"@graph\":[{\"@type\":\"WebPage\",\"@id\":\"https:\/\/staging.varesenews.it\/2015\/03\/cassara-la-carriera-di-un-presidente-eccentrico\/356248\/\",\"url\":\"https:\/\/staging.varesenews.it\/2015\/03\/cassara-la-carriera-di-un-presidente-eccentrico\/356248\/\",\"name\":\"Cassar\u00e0, la carriera di un presidente eccentrico\",\"isPartOf\":{\"@id\":\"https:\/\/staging.varesenews.it\/#website\"},\"datePublished\":\"2015-03-17T17:20:56+00:00\",\"dateModified\":\"2019-11-22T16:20:35+00:00\",\"author\":{\"@id\":\"https:\/\/staging.varesenews.it\/#\/schema\/person\/bace96b9ce1b4905df659e51a83c17fe\"},\"description\":\"Professore di etica, collezionista, amante della lirica, amico di Vittorio Sgarbi, organizzatore di convegni. Tutto questo, e anche di pi\u00f9\",\"breadcrumb\":{\"@id\":\"https:\/\/staging.varesenews.it\/2015\/03\/cassara-la-carriera-di-un-presidente-eccentrico\/356248\/#breadcrumb\"},\"inLanguage\":\"it-IT\",\"potentialAction\":[{\"@type\":\"ReadAction\",\"target\":[\"https:\/\/staging.varesenews.it\/2015\/03\/cassara-la-carriera-di-un-presidente-eccentrico\/356248\/\"]}]},{\"@type\":\"BreadcrumbList\",\"@id\":\"https:\/\/staging.varesenews.it\/2015\/03\/cassara-la-carriera-di-un-presidente-eccentrico\/356248\/#breadcrumb\",\"itemListElement\":[{\"@type\":\"ListItem\",\"position\":1,\"name\":\"Home\",\"item\":\"https:\/\/www.varesenews.it\/\"},{\"@type\":\"ListItem\",\"position\":2,\"name\":\"Cassar\u00e0, la carriera di un presidente eccentrico\"}]},{\"@type\":\"WebSite\",\"@id\":\"https:\/\/staging.varesenews.it\/#website\",\"url\":\"https:\/\/staging.varesenews.it\/\",\"name\":\"VareseNews\",\"description\":\"\",\"potentialAction\":[{\"@type\":\"SearchAction\",\"target\":{\"@type\":\"EntryPoint\",\"urlTemplate\":\"https:\/\/staging.varesenews.it\/?s={search_term_string}\"},\"query-input\":\"required name=search_term_string\"}],\"inLanguage\":\"it-IT\"},{\"@type\":\"Person\",\"@id\":\"https:\/\/staging.varesenews.it\/#\/schema\/person\/bace96b9ce1b4905df659e51a83c17fe\",\"name\":\"Roberto Rotondo\",\"image\":{\"@type\":\"ImageObject\",\"inLanguage\":\"it-IT\",\"@id\":\"https:\/\/staging.varesenews.it\/#\/schema\/person\/image\/\",\"url\":\"https:\/\/staging.varesenews.it\/wp-content\/uploads\/2015\/03\/10888676_10204734543537926_609787919772941341_n.jpg\",\"contentUrl\":\"https:\/\/staging.varesenews.it\/wp-content\/uploads\/2015\/03\/10888676_10204734543537926_609787919772941341_n.jpg\",\"caption\":\"Roberto Rotondo\"},\"description\":\"Nato a Varese nel 1972. Laureato in Storia alla Statale di Milano. A Varese News dal 1998. Ho iniziato a scrivere su riviste locali, poi sono entrato nel progetto di Varese News quando ancora era agli inizi. Nel frattempo mi sono occupato di ricerca storica e ho collaborato con un settimanale e un quotidiano della Svizzera italiana scrivendo di cronaca e politica. Mi sono preso una pausa da Varese nel 2004. Ho lavorato per alcuni anni a Milano all'agenzia di stampa Adnkronos, con qualche stage a Roma nei palazzi della politica. Lanci di agenzia e servizi tv multimediali erano tra i miei compiti. In quegli anni ho lavorato per alcune radio anche nazionali, Radio Capital su tutte, come corrispondente locale. Ho scritto anche per un settimanale di gossip, ma sempre cronaca nera. Ed eccomi qui. Dal 2007 lavoro anche per il Corriere della sera, di cui sono corrispondente. A Varesenews sono ormai uno dei senatori. Mi occupo di cronaca nera, giudiziaria e di politica e della cronaca cittadina di Varese.\",\"sameAs\":[\"robertorotondo\",\"https:\/\/twitter.com\/robertorotondo\"],\"url\":\"https:\/\/staging.varesenews.it\/persona\/roberto-rotondo\/\"}]}<\/script>\n<!-- \/ Yoast SEO plugin. -->","yoast_head_json":{"title":"Cassar\u00e0, la carriera di un presidente eccentrico","description":"Professore di etica, collezionista, amante della lirica, amico di Vittorio Sgarbi, organizzatore di convegni. Tutto questo, e anche di pi\u00f9","robots":{"index":"noindex","follow":"follow","max-snippet":"max-snippet:-1","max-image-preview":"max-image-preview:large","max-video-preview":"max-video-preview:-1"},"og_locale":"it_IT","og_type":"article","og_title":"Cassar\u00e0, la carriera di un presidente eccentrico","og_description":"Professore di etica, collezionista, amante della lirica, amico di Vittorio Sgarbi, organizzatore di convegni. Tutto questo, e anche di pi\u00f9","og_url":"https:\/\/staging.varesenews.it\/2015\/03\/cassara-la-carriera-di-un-presidente-eccentrico\/356248\/","og_site_name":"VareseNews","article_publisher":"https:\/\/www.facebook.com\/varesenews","article_published_time":"2015-03-17T17:20:56+00:00","article_modified_time":"2019-11-22T16:20:35+00:00","author":"Roberto Rotondo","twitter_card":"summary_large_image","twitter_creator":"@robertorotondo","twitter_site":"@varesenews","twitter_misc":{"Scritto da":"Roberto Rotondo","Tempo di lettura stimato":"3 minuti"},"schema":{"@context":"https:\/\/schema.org","@graph":[{"@type":"WebPage","@id":"https:\/\/staging.varesenews.it\/2015\/03\/cassara-la-carriera-di-un-presidente-eccentrico\/356248\/","url":"https:\/\/staging.varesenews.it\/2015\/03\/cassara-la-carriera-di-un-presidente-eccentrico\/356248\/","name":"Cassar\u00e0, la carriera di un presidente eccentrico","isPartOf":{"@id":"https:\/\/staging.varesenews.it\/#website"},"datePublished":"2015-03-17T17:20:56+00:00","dateModified":"2019-11-22T16:20:35+00:00","author":{"@id":"https:\/\/staging.varesenews.it\/#\/schema\/person\/bace96b9ce1b4905df659e51a83c17fe"},"description":"Professore di etica, collezionista, amante della lirica, amico di Vittorio Sgarbi, organizzatore di convegni. Tutto questo, e anche di pi\u00f9","breadcrumb":{"@id":"https:\/\/staging.varesenews.it\/2015\/03\/cassara-la-carriera-di-un-presidente-eccentrico\/356248\/#breadcrumb"},"inLanguage":"it-IT","potentialAction":[{"@type":"ReadAction","target":["https:\/\/staging.varesenews.it\/2015\/03\/cassara-la-carriera-di-un-presidente-eccentrico\/356248\/"]}]},{"@type":"BreadcrumbList","@id":"https:\/\/staging.varesenews.it\/2015\/03\/cassara-la-carriera-di-un-presidente-eccentrico\/356248\/#breadcrumb","itemListElement":[{"@type":"ListItem","position":1,"name":"Home","item":"https:\/\/www.varesenews.it\/"},{"@type":"ListItem","position":2,"name":"Cassar\u00e0, la carriera di un presidente eccentrico"}]},{"@type":"WebSite","@id":"https:\/\/staging.varesenews.it\/#website","url":"https:\/\/staging.varesenews.it\/","name":"VareseNews","description":"","potentialAction":[{"@type":"SearchAction","target":{"@type":"EntryPoint","urlTemplate":"https:\/\/staging.varesenews.it\/?s={search_term_string}"},"query-input":"required name=search_term_string"}],"inLanguage":"it-IT"},{"@type":"Person","@id":"https:\/\/staging.varesenews.it\/#\/schema\/person\/bace96b9ce1b4905df659e51a83c17fe","name":"Roberto Rotondo","image":{"@type":"ImageObject","inLanguage":"it-IT","@id":"https:\/\/staging.varesenews.it\/#\/schema\/person\/image\/","url":"https:\/\/staging.varesenews.it\/wp-content\/uploads\/2015\/03\/10888676_10204734543537926_609787919772941341_n.jpg","contentUrl":"https:\/\/staging.varesenews.it\/wp-content\/uploads\/2015\/03\/10888676_10204734543537926_609787919772941341_n.jpg","caption":"Roberto Rotondo"},"description":"Nato a Varese nel 1972. Laureato in Storia alla Statale di Milano. A Varese News dal 1998. Ho iniziato a scrivere su riviste locali, poi sono entrato nel progetto di Varese News quando ancora era agli inizi. Nel frattempo mi sono occupato di ricerca storica e ho collaborato con un settimanale e un quotidiano della Svizzera italiana scrivendo di cronaca e politica. Mi sono preso una pausa da Varese nel 2004. Ho lavorato per alcuni anni a Milano all'agenzia di stampa Adnkronos, con qualche stage a Roma nei palazzi della politica. Lanci di agenzia e servizi tv multimediali erano tra i miei compiti. In quegli anni ho lavorato per alcune radio anche nazionali, Radio Capital su tutte, come corrispondente locale. Ho scritto anche per un settimanale di gossip, ma sempre cronaca nera. Ed eccomi qui. Dal 2007 lavoro anche per il Corriere della sera, di cui sono corrispondente. A Varesenews sono ormai uno dei senatori. Mi occupo di cronaca nera, giudiziaria e di politica e della cronaca cittadina di Varese.","sameAs":["robertorotondo","https:\/\/twitter.com\/robertorotondo"],"url":"https:\/\/staging.varesenews.it\/persona\/roberto-rotondo\/"}]}},"post_meta":{"_edit_lock":"1574440012:52","_edit_last":"52","wdfb_og_title":"","wdfb_og_type":"","wdfb_og_description":"","wdfb_og_images":"a:1:{i:0;s:0:\"\";}","wdfb_og_custom_name":"a:1:{i:0;s:0:\"\";}","wdfb_og_custom_value":"a:1:{i:0;s:0:\"\";}","foto":"441075","firma-personalizzata":"Roberto Rotondo","nascondi_adsense":"1","_yoast_wpseo_focuskw":"varese 1910","_yoast_wpseo_metadesc":"Professore di etica, collezionista, amante della lirica, amico di Vittorio Sgarbi, organizzatore di convegni. Tutto questo, e anche di pi\u00f9","post_views_count":"2","ratings_users":"0","ratings_score":"0","ratings_average":"0","_yoast_wpseo_linkdex":"52","_wpt_short_url":"https:\/\/www.varesenews.it\/2015\/03\/cassara-la-carriera-di-un-presidente-eccentrico\/356248\/","_category_permalink":"a:1:{s:8:\"category\";s:0:\"\";}","_yoast_wpseo_focuskw_text_input":"varese 1910","_yoast_wpseo_content_score":"30","_jd_tweet_this":"yes"},"photos":[{"original":"https:\/\/staging.varesenews.it\/photogallery_new\/images\/2015\/03\/pierpaolo-cassar-presidente-varese-calcio-441075.jpg","full":"https:\/\/staging.varesenews.it\/photogallery_new\/images\/2015\/03\/pierpaolo-cassar-presidente-varese-calcio-441075.1024x768.jpg","large":"https:\/\/staging.varesenews.it\/photogallery_new\/images\/2015\/03\/pierpaolo-cassar-presidente-varese-calcio-441075.610x431.jpg"}],"_links":{"self":[{"href":"https:\/\/staging.varesenews.it\/swgapi\/v1\/wp\/v2\/posts\/356248"}],"collection":[{"href":"https:\/\/staging.varesenews.it\/swgapi\/v1\/wp\/v2\/posts"}],"about":[{"href":"https:\/\/staging.varesenews.it\/swgapi\/v1\/wp\/v2\/types\/post"}],"author":[{"embeddable":true,"href":"https:\/\/staging.varesenews.it\/swgapi\/v1\/wp\/v2\/users\/50"}],"replies":[{"embeddable":true,"href":"https:\/\/staging.varesenews.it\/swgapi\/v1\/wp\/v2\/comments?post=356248"}],"version-history":[{"count":0,"href":"https:\/\/staging.varesenews.it\/swgapi\/v1\/wp\/v2\/posts\/356248\/revisions"}],"wp:attachment":[{"href":"https:\/\/staging.varesenews.it\/swgapi\/v1\/wp\/v2\/media?parent=356248"}],"wp:term":[{"taxonomy":"category","embeddable":true,"href":"https:\/\/staging.varesenews.it\/swgapi\/v1\/wp\/v2\/categories?post=356248"},{"taxonomy":"post_tag","embeddable":true,"href":"https:\/\/staging.varesenews.it\/swgapi\/v1\/wp\/v2\/tags?post=356248"}],"curies":[{"name":"wp","href":"https:\/\/api.w.org\/{rel}","templated":true}]}}