{"id":356975,"date":"2015-03-22T19:10:27","date_gmt":"2015-03-22T18:10:27","guid":{"rendered":"http:\/\/www.varesenews.it\/?p=356975"},"modified":"2015-03-22T19:10:27","modified_gmt":"2015-03-22T18:10:27","slug":"imperdonabile-lassenza-alla-giornata-per-larcisate-stabio","status":"publish","type":"post","link":"https:\/\/staging.varesenews.it\/2015\/03\/imperdonabile-lassenza-alla-giornata-per-larcisate-stabio\/356975\/","title":{"rendered":"&#8220;Imperdonabile l&#8217;assenza alla giornata per l&#8217;Arcisate-Stabio&#8221;"},"content":{"rendered":"<p><em>\u00abImperdonabile mancanza\u00bb. Cos\u00ec Legambiente Ceresio definisce l&#8217;assenza di sindaci e altre figure istituzionali all&#8217;evento in occasione della Giornata Nazionale delle Ferrovie Dimenticate, che la stessa Legambiente aveva proposto in Valceresio come giornata di mobilitazione per il completamento del cantiere della cosiddetta &#8220;Arcisate-Stabio&#8221; (ferrovia Varese-Mendrisio). Legambiente si rivolge al Presidente della Provincia di Varese Gunnar Vincenzi, al Presidente della Comunit\u00e0 Montana del Piambello De Medio, all&#8217;Assessore Regionale alle Infrastrutture e Trasporti Sorte, nonch\u00e8 ai sindaci di Varese, Besano, Brusimpiano, Cantello, Clivio, Cremenaga, Cuasso al Monte, Lavena Ponte Tresa e Viggi\u00f9.<br \/>\nRiceviamo e pubblichiamo<br \/>\n<\/em><\/p>\n<p>Egregi Presidenti, stimabili Sindaci,<br \/>\nnon sar\u00e0 sfuggita alla vostra attenzione la rilevanza che gli organi locali di Stampa e di telecomunicazione hanno riservato alla manifestazione organizzata l\u20198 marzo u.s. dal Circolo Legambiente Valceresio \u2013 onlus &#8211; in concomitanza con la 8\u00b0 Giornata Nazionale delle Ferrovie dimenticate, da noi dedicata alla ferrovia della Valceresio, eterna incompiuta e in perenne attesa di manutenzione e riapertura nel suo tratto dismesso.<\/p>\n<p>L\u2019importanza di questo asse infrastrutturale per la viabilit\u00e0 e lo sviluppo economico della nostra Valle \u00e8 talmente lampante che non offenderemo la vostra intelligenza tentando di sottolinearla per l\u2019ennesima volta, dopo le innumerevoli azioni di denuncia, protesta e rivendicazione da noi portate avanti in questi anni con il supporto di pochi fra i sindaci della Valceresio e nella frequente indifferenza che le nostre rimostranze suscitano negli Enti provinciali e regionali.<br \/>\nDopo le estemporanee inaugurazioni, le passerelle pre elettorali con promesse e rassicurazioni, prontamente smentite e disattese, la giornata delle Ferrovie Fantasma, a cui siete stati TUTTI invitati singolarmente con comunicazione certificata avente valore di raccomandata, poteva essere l\u2019occasione di dimostrare interesse e vicinanza alla cittadinanza dei paesi devastati dai cantieri abbandonati, privati di un collegamento ferroviario con il capoluogo e di un servizio efficiente, degno del secolo in cui viviamo.<\/p>\n<p>Ci saremmo aspettati unanime sostegno e partecipazione, non tanto alla nostra iniziativa, quanto un avallo all\u2019azione continua e solitaria di quei sindaci, da Arcisate a Induno, da Porto Ceresio a Bisuschio, che da anni cercano inutilmente di smuovere le acque dello stagno nel quale sono precipitate le vicende ben note della tratta Arcisate &#8211; Stabio e Varese &#8211; Porto Ceresio.<\/p>\n<p>Questa occasione \u00e8 stata forse sottovalutata, forse volutamente ignorata o inconsciamente cancellata dalle vostre agende, lasciando che la voce di Legambiente Valceresio fosse la sola a levarsi a sostegno delle giuste lagnanze dei cittadini e delle preoccupate considerazioni dei sindaci presenti: Pierobon per Arcisate, Resteghini per Bisuschio, Cavallin per Induno Olona, e, per Porto Ceresio il delegato Domenico Carcillo.<\/p>\n<p>Riteniamo imperdonabile la vostra assenza senza neppure una breve comunicazione di condivisione o la mancata presenza di un delegato. Reputiamo, inoltre, assolutamente doveroso informare la cittadinanza circa la latitanza di quelle Istituzioni che hanno il dovere di essere in primo piano, se si vuole portare a compimento la ferrovia, e non solo come pretesto per cerimonie ufficiali e campagne politico elettorali. Quanto sopra al solo scopo di invitarvi ad agire, nell\u2019immediato futuro con una corale ed univoca voce di cittadini ed Istituzioni, ad ogni livello.<br \/>\nIl Presidente<br \/>\nSergio Franzosi<\/p>\n","protected":false},"excerpt":{"rendered":"<p>\u00abImperdonabile mancanza\u00bb. Cos\u00ec Legambiente Ceresio definisce l&#8217;assenza di sindaci e altre figure istituzionali all&#8217;evento in occasione della Giornata Nazionale delle<\/p>\n","protected":false},"author":46,"featured_media":0,"comment_status":"open","ping_status":"open","sticky":false,"template":"","format":"standard","meta":{"footnotes":""},"categories":[2],"tags":[2008,1818,258],"acf":[],"yoast_head":"<!-- This site is optimized with the Yoast SEO plugin v20.1 - https:\/\/yoast.com\/wordpress\/plugins\/seo\/ -->\n<title>Legambiente Imperdonabile assenza Arcisate Stabio<\/title>\n<meta name=\"description\" content=\"Arcisate-Stabio Legambiente scrive sindaci\" \/>\n<meta name=\"robots\" content=\"noindex, follow, max-snippet:-1, max-image-preview:large, max-video-preview:-1\" \/>\n<meta property=\"og:locale\" content=\"it_IT\" \/>\n<meta property=\"og:type\" content=\"article\" \/>\n<meta property=\"og:title\" content=\"Legambiente Imperdonabile assenza Arcisate Stabio\" \/>\n<meta property=\"og:description\" content=\"Arcisate-Stabio Legambiente scrive sindaci\" \/>\n<meta property=\"og:url\" content=\"https:\/\/staging.varesenews.it\/2015\/03\/imperdonabile-lassenza-alla-giornata-per-larcisate-stabio\/356975\/\" \/>\n<meta property=\"og:site_name\" content=\"VareseNews\" \/>\n<meta property=\"article:publisher\" content=\"https:\/\/www.facebook.com\/varesenews\" \/>\n<meta property=\"article:published_time\" content=\"2015-03-22T18:10:27+00:00\" \/>\n<meta name=\"author\" content=\"Roberto Morandi\" \/>\n<meta name=\"twitter:card\" content=\"summary_large_image\" \/>\n<meta name=\"twitter:creator\" content=\"@ilmorands\" \/>\n<meta name=\"twitter:site\" content=\"@varesenews\" \/>\n<meta name=\"twitter:label1\" content=\"Scritto da\" \/>\n\t<meta name=\"twitter:data1\" content=\"Roberto Morandi\" \/>\n\t<meta name=\"twitter:label2\" content=\"Tempo di lettura stimato\" \/>\n\t<meta name=\"twitter:data2\" content=\"3 minuti\" \/>\n<script type=\"application\/ld+json\" class=\"yoast-schema-graph\">{\"@context\":\"https:\/\/schema.org\",\"@graph\":[{\"@type\":\"WebPage\",\"@id\":\"https:\/\/staging.varesenews.it\/2015\/03\/imperdonabile-lassenza-alla-giornata-per-larcisate-stabio\/356975\/\",\"url\":\"https:\/\/staging.varesenews.it\/2015\/03\/imperdonabile-lassenza-alla-giornata-per-larcisate-stabio\/356975\/\",\"name\":\"Legambiente Imperdonabile assenza Arcisate Stabio\",\"isPartOf\":{\"@id\":\"https:\/\/staging.varesenews.it\/#website\"},\"datePublished\":\"2015-03-22T18:10:27+00:00\",\"dateModified\":\"2015-03-22T18:10:27+00:00\",\"author\":{\"@id\":\"https:\/\/staging.varesenews.it\/#\/schema\/person\/efe592ae4c76536b551f89d8b6674bc3\"},\"description\":\"Arcisate-Stabio Legambiente scrive sindaci\",\"breadcrumb\":{\"@id\":\"https:\/\/staging.varesenews.it\/2015\/03\/imperdonabile-lassenza-alla-giornata-per-larcisate-stabio\/356975\/#breadcrumb\"},\"inLanguage\":\"it-IT\",\"potentialAction\":[{\"@type\":\"ReadAction\",\"target\":[\"https:\/\/staging.varesenews.it\/2015\/03\/imperdonabile-lassenza-alla-giornata-per-larcisate-stabio\/356975\/\"]}]},{\"@type\":\"BreadcrumbList\",\"@id\":\"https:\/\/staging.varesenews.it\/2015\/03\/imperdonabile-lassenza-alla-giornata-per-larcisate-stabio\/356975\/#breadcrumb\",\"itemListElement\":[{\"@type\":\"ListItem\",\"position\":1,\"name\":\"Home\",\"item\":\"https:\/\/www.varesenews.it\/\"},{\"@type\":\"ListItem\",\"position\":2,\"name\":\"&#8220;Imperdonabile l&#8217;assenza alla giornata per l&#8217;Arcisate-Stabio&#8221;\"}]},{\"@type\":\"WebSite\",\"@id\":\"https:\/\/staging.varesenews.it\/#website\",\"url\":\"https:\/\/staging.varesenews.it\/\",\"name\":\"VareseNews\",\"description\":\"\",\"potentialAction\":[{\"@type\":\"SearchAction\",\"target\":{\"@type\":\"EntryPoint\",\"urlTemplate\":\"https:\/\/staging.varesenews.it\/?s={search_term_string}\"},\"query-input\":\"required name=search_term_string\"}],\"inLanguage\":\"it-IT\"},{\"@type\":\"Person\",\"@id\":\"https:\/\/staging.varesenews.it\/#\/schema\/person\/efe592ae4c76536b551f89d8b6674bc3\",\"name\":\"Roberto Morandi\",\"image\":{\"@type\":\"ImageObject\",\"inLanguage\":\"it-IT\",\"@id\":\"https:\/\/staging.varesenews.it\/#\/schema\/person\/image\/\",\"url\":\"https:\/\/staging.varesenews.it\/wp-content\/uploads\/2020\/12\/roberto_morandi_colori_500.jpg\",\"contentUrl\":\"https:\/\/staging.varesenews.it\/wp-content\/uploads\/2020\/12\/roberto_morandi_colori_500.jpg\",\"caption\":\"Roberto Morandi\"},\"description\":\"Classe 1980, laureato in storia, mi occupo dell&rsquo;area di Gallarate e di Malpensa, di trasporti e mobilit&agrave;. Amo molto la dimensione della citt&agrave;, come luogo d&rsquo;incontro di persone diverse e come organismo che si trasforma costantemente. Mi piace anche raccontare le piccole e grandi vicende, anche locali, che compongono la Storia con la S maiuscola. Appassionato di bicicletta: la macchina perfetta per muoversi in citt&agrave; e per viaggiare.\",\"sameAs\":[\"https:\/\/twitter.com\/ilmorands\"],\"url\":\"https:\/\/staging.varesenews.it\/persona\/roberto-morandi1\/\"}]}<\/script>\n<!-- \/ Yoast SEO plugin. -->","yoast_head_json":{"title":"Legambiente Imperdonabile assenza Arcisate Stabio","description":"Arcisate-Stabio Legambiente scrive sindaci","robots":{"index":"noindex","follow":"follow","max-snippet":"max-snippet:-1","max-image-preview":"max-image-preview:large","max-video-preview":"max-video-preview:-1"},"og_locale":"it_IT","og_type":"article","og_title":"Legambiente Imperdonabile assenza Arcisate Stabio","og_description":"Arcisate-Stabio Legambiente scrive sindaci","og_url":"https:\/\/staging.varesenews.it\/2015\/03\/imperdonabile-lassenza-alla-giornata-per-larcisate-stabio\/356975\/","og_site_name":"VareseNews","article_publisher":"https:\/\/www.facebook.com\/varesenews","article_published_time":"2015-03-22T18:10:27+00:00","author":"Roberto Morandi","twitter_card":"summary_large_image","twitter_creator":"@ilmorands","twitter_site":"@varesenews","twitter_misc":{"Scritto da":"Roberto Morandi","Tempo di lettura stimato":"3 minuti"},"schema":{"@context":"https:\/\/schema.org","@graph":[{"@type":"WebPage","@id":"https:\/\/staging.varesenews.it\/2015\/03\/imperdonabile-lassenza-alla-giornata-per-larcisate-stabio\/356975\/","url":"https:\/\/staging.varesenews.it\/2015\/03\/imperdonabile-lassenza-alla-giornata-per-larcisate-stabio\/356975\/","name":"Legambiente Imperdonabile assenza Arcisate Stabio","isPartOf":{"@id":"https:\/\/staging.varesenews.it\/#website"},"datePublished":"2015-03-22T18:10:27+00:00","dateModified":"2015-03-22T18:10:27+00:00","author":{"@id":"https:\/\/staging.varesenews.it\/#\/schema\/person\/efe592ae4c76536b551f89d8b6674bc3"},"description":"Arcisate-Stabio Legambiente scrive sindaci","breadcrumb":{"@id":"https:\/\/staging.varesenews.it\/2015\/03\/imperdonabile-lassenza-alla-giornata-per-larcisate-stabio\/356975\/#breadcrumb"},"inLanguage":"it-IT","potentialAction":[{"@type":"ReadAction","target":["https:\/\/staging.varesenews.it\/2015\/03\/imperdonabile-lassenza-alla-giornata-per-larcisate-stabio\/356975\/"]}]},{"@type":"BreadcrumbList","@id":"https:\/\/staging.varesenews.it\/2015\/03\/imperdonabile-lassenza-alla-giornata-per-larcisate-stabio\/356975\/#breadcrumb","itemListElement":[{"@type":"ListItem","position":1,"name":"Home","item":"https:\/\/www.varesenews.it\/"},{"@type":"ListItem","position":2,"name":"&#8220;Imperdonabile l&#8217;assenza alla giornata per l&#8217;Arcisate-Stabio&#8221;"}]},{"@type":"WebSite","@id":"https:\/\/staging.varesenews.it\/#website","url":"https:\/\/staging.varesenews.it\/","name":"VareseNews","description":"","potentialAction":[{"@type":"SearchAction","target":{"@type":"EntryPoint","urlTemplate":"https:\/\/staging.varesenews.it\/?s={search_term_string}"},"query-input":"required name=search_term_string"}],"inLanguage":"it-IT"},{"@type":"Person","@id":"https:\/\/staging.varesenews.it\/#\/schema\/person\/efe592ae4c76536b551f89d8b6674bc3","name":"Roberto Morandi","image":{"@type":"ImageObject","inLanguage":"it-IT","@id":"https:\/\/staging.varesenews.it\/#\/schema\/person\/image\/","url":"https:\/\/staging.varesenews.it\/wp-content\/uploads\/2020\/12\/roberto_morandi_colori_500.jpg","contentUrl":"https:\/\/staging.varesenews.it\/wp-content\/uploads\/2020\/12\/roberto_morandi_colori_500.jpg","caption":"Roberto Morandi"},"description":"Classe 1980, laureato in storia, mi occupo dell&rsquo;area di Gallarate e di Malpensa, di trasporti e mobilit&agrave;. Amo molto la dimensione della citt&agrave;, come luogo d&rsquo;incontro di persone diverse e come organismo che si trasforma costantemente. Mi piace anche raccontare le piccole e grandi vicende, anche locali, che compongono la Storia con la S maiuscola. Appassionato di bicicletta: la macchina perfetta per muoversi in citt&agrave; e per viaggiare.","sameAs":["https:\/\/twitter.com\/ilmorands"],"url":"https:\/\/staging.varesenews.it\/persona\/roberto-morandi1\/"}]}},"post_meta":{"_edit_lock":"1427054012:46","_edit_last":"46","_category_permalink":"2","ratings_users":"0","ratings_score":"0","ratings_average":"0","wdfb_og_title":"","wdfb_og_type":"","wdfb_og_description":"","wdfb_og_images":"a:1:{i:0;s:0:\"\";}","wdfb_og_custom_name":"a:1:{i:0;s:0:\"\";}","wdfb_og_custom_value":"a:1:{i:0;s:0:\"\";}","foto":"440044","_yoast_wpseo_focuskw":"Arcisate-Stabio","_yoast_wpseo_title":"Legambiente Imperdonabile assenza Arcisate Stabio","_yoast_wpseo_metadesc":"Arcisate-Stabio Legambiente scrive sindaci","_yoast_wpseo_linkdex":"78","post_views_count":"0"},"photos":[{"original":"https:\/\/staging.varesenews.it\/photogallery_new\/images\/2015\/03\/arcisate-stabio-440044.jpg","full":"https:\/\/staging.varesenews.it\/photogallery_new\/images\/2015\/03\/arcisate-stabio-440044.1024x768.jpg","large":"https:\/\/staging.varesenews.it\/photogallery_new\/images\/2015\/03\/arcisate-stabio-440044.610x431.jpg"}],"_links":{"self":[{"href":"https:\/\/staging.varesenews.it\/swgapi\/v1\/wp\/v2\/posts\/356975"}],"collection":[{"href":"https:\/\/staging.varesenews.it\/swgapi\/v1\/wp\/v2\/posts"}],"about":[{"href":"https:\/\/staging.varesenews.it\/swgapi\/v1\/wp\/v2\/types\/post"}],"author":[{"embeddable":true,"href":"https:\/\/staging.varesenews.it\/swgapi\/v1\/wp\/v2\/users\/46"}],"replies":[{"embeddable":true,"href":"https:\/\/staging.varesenews.it\/swgapi\/v1\/wp\/v2\/comments?post=356975"}],"version-history":[{"count":0,"href":"https:\/\/staging.varesenews.it\/swgapi\/v1\/wp\/v2\/posts\/356975\/revisions"}],"wp:attachment":[{"href":"https:\/\/staging.varesenews.it\/swgapi\/v1\/wp\/v2\/media?parent=356975"}],"wp:term":[{"taxonomy":"category","embeddable":true,"href":"https:\/\/staging.varesenews.it\/swgapi\/v1\/wp\/v2\/categories?post=356975"},{"taxonomy":"post_tag","embeddable":true,"href":"https:\/\/staging.varesenews.it\/swgapi\/v1\/wp\/v2\/tags?post=356975"}],"curies":[{"name":"wp","href":"https:\/\/api.w.org\/{rel}","templated":true}]}}