{"id":357041,"date":"2015-03-22T10:39:48","date_gmt":"2015-03-22T09:39:48","guid":{"rendered":"http:\/\/www.varesenews.it\/?p=357041"},"modified":"2015-03-23T10:53:08","modified_gmt":"2015-03-23T09:53:08","slug":"tragica-morte-della-contessa-pulle","status":"publish","type":"post","link":"https:\/\/staging.varesenews.it\/2015\/03\/tragica-morte-della-contessa-pulle\/357041\/","title":{"rendered":"Tragica morte della contessa Pull\u00e9"},"content":{"rendered":"<p><strong>La contessa Maria Luisa Cotti Pull\u00e8<\/strong> \u00e8 stata trovata morta in casa. Aveva 75 anni e viveva da sola, da qualche tempo, in una bella villetta di via Sanvito, dove \u00e8 stata rinvenuta intorno alle 11 dai vigili del fuoco e dalla polizia. E\u2019 un grave lutto per la cultura varesina, a cui la contessa aveva regalato negli anni scorsi una fondazione (Labus Pull\u00e8) che si occupava di arte e promozione culturale.<\/p>\n<p><strong>L\u2019allarme \u00e8 stato lanciato da un tassista<\/strong> che, ogni giorno, lasciava sulla scaletta di ingresso un sacchetto con i giornali. Questa mattina, durante la consegna, l\u2019uomo ha notato che il quotidiano di sabato non era stato ritirato, e che porte e finestre erano tutte chiuse. Il corpo era nel sottotetto. La donna ha utilizzato un lungo cavo elettrico nero ma il decesso non \u00e8 recente, dovrebbe essere datato alla nottata, tra venerd\u00ec sera e sabato mattina.<\/p>\n<p>In casa, gli agenti hanno trovato alcuni <strong>ritagli di giornali sul Varese 1910<\/strong> e in particolare sulla nomina a presidente di Pierpaolo Cassar\u00e0, il suo ex avvocato e un tempo presidente dell&#8217;istituzione culturale che la contessa aveva voluto, la Fondazione Labus Pull\u00e8. In casa sono stati trovati anche diversi documenti scritti a mano di cui non si conosce il contenuto.<\/p>\n<p><strong>\u00abHo appreso della morte della contessa &#8211; riferisce addolorato Pierpaolo Cassar\u00e0<\/strong> &#8211; ma non voglio fare nessun commento. Sono dispiaciuto, come qualunque altra persona. La fondazione Labus Pull\u00e8 \u00e8 ormai in liqudazione da tempo, il resto \u00e8 storia\u00bb.<br \/>\nSecondo la polizia dovrebbero trattarsi di un tragico gesto. Nel corso della mattina i biglietti sono stati visionati dal dirigente della Digos Gianluca Solla, e dagli uomini intervenuti nella villetta. Il pm di turno \u00e8 il sostituto procuratore Luca Petrucci.<\/p>\n","protected":false},"excerpt":{"rendered":"<p>Il fatto attorno alle 11 in via Sanvito Silvestro. Sul posto \u00e8 arrivata anche la Scientifica per effettuare i rilievi<\/p>\n","protected":false},"author":50,"featured_media":0,"comment_status":"open","ping_status":"open","sticky":false,"template":"","format":"standard","meta":{"footnotes":""},"categories":[1,2],"tags":[],"acf":[],"yoast_head":"<!-- This site is optimized with the Yoast SEO plugin v20.1 - https:\/\/yoast.com\/wordpress\/plugins\/seo\/ -->\n<title>Tragica morte della contessa Pull\u00e9<\/title>\n<meta name=\"description\" content=\"Il fatto attorno alle 11 in via Sanvito Silvestro. Sul posto \u00e8 arrivata anche la Scientifica per effettuare i rilievi\" \/>\n<meta name=\"robots\" content=\"noindex, follow, max-snippet:-1, max-image-preview:large, max-video-preview:-1\" \/>\n<meta property=\"og:locale\" content=\"it_IT\" \/>\n<meta property=\"og:type\" content=\"article\" \/>\n<meta property=\"og:title\" content=\"Tragica morte della contessa Pull\u00e9\" \/>\n<meta property=\"og:description\" content=\"Il fatto attorno alle 11 in via Sanvito Silvestro. Sul posto \u00e8 arrivata anche la Scientifica per effettuare i rilievi\" \/>\n<meta property=\"og:url\" content=\"https:\/\/staging.varesenews.it\/2015\/03\/tragica-morte-della-contessa-pulle\/357041\/\" \/>\n<meta property=\"og:site_name\" content=\"VareseNews\" \/>\n<meta property=\"article:publisher\" content=\"https:\/\/www.facebook.com\/varesenews\" \/>\n<meta property=\"article:published_time\" content=\"2015-03-22T09:39:48+00:00\" \/>\n<meta property=\"article:modified_time\" content=\"2015-03-23T09:53:08+00:00\" \/>\n<meta name=\"author\" content=\"Roberto Rotondo\" \/>\n<meta name=\"twitter:card\" content=\"summary_large_image\" \/>\n<meta name=\"twitter:creator\" content=\"@robertorotondo\" \/>\n<meta name=\"twitter:site\" content=\"@varesenews\" \/>\n<meta name=\"twitter:label1\" content=\"Scritto da\" \/>\n\t<meta name=\"twitter:data1\" content=\"Roberto Rotondo\" \/>\n\t<meta name=\"twitter:label2\" content=\"Tempo di lettura stimato\" \/>\n\t<meta name=\"twitter:data2\" content=\"1 minuto\" \/>\n<script type=\"application\/ld+json\" class=\"yoast-schema-graph\">{\"@context\":\"https:\/\/schema.org\",\"@graph\":[{\"@type\":\"WebPage\",\"@id\":\"https:\/\/staging.varesenews.it\/2015\/03\/tragica-morte-della-contessa-pulle\/357041\/\",\"url\":\"https:\/\/staging.varesenews.it\/2015\/03\/tragica-morte-della-contessa-pulle\/357041\/\",\"name\":\"Tragica morte della contessa Pull\u00e9\",\"isPartOf\":{\"@id\":\"https:\/\/staging.varesenews.it\/#website\"},\"datePublished\":\"2015-03-22T09:39:48+00:00\",\"dateModified\":\"2015-03-23T09:53:08+00:00\",\"author\":{\"@id\":\"https:\/\/staging.varesenews.it\/#\/schema\/person\/bace96b9ce1b4905df659e51a83c17fe\"},\"description\":\"Il fatto attorno alle 11 in via Sanvito Silvestro. Sul posto \u00e8 arrivata anche la Scientifica per effettuare i rilievi\",\"breadcrumb\":{\"@id\":\"https:\/\/staging.varesenews.it\/2015\/03\/tragica-morte-della-contessa-pulle\/357041\/#breadcrumb\"},\"inLanguage\":\"it-IT\",\"potentialAction\":[{\"@type\":\"ReadAction\",\"target\":[\"https:\/\/staging.varesenews.it\/2015\/03\/tragica-morte-della-contessa-pulle\/357041\/\"]}]},{\"@type\":\"BreadcrumbList\",\"@id\":\"https:\/\/staging.varesenews.it\/2015\/03\/tragica-morte-della-contessa-pulle\/357041\/#breadcrumb\",\"itemListElement\":[{\"@type\":\"ListItem\",\"position\":1,\"name\":\"Home\",\"item\":\"https:\/\/www.varesenews.it\/\"},{\"@type\":\"ListItem\",\"position\":2,\"name\":\"Tragica morte della contessa Pull\u00e9\"}]},{\"@type\":\"WebSite\",\"@id\":\"https:\/\/staging.varesenews.it\/#website\",\"url\":\"https:\/\/staging.varesenews.it\/\",\"name\":\"VareseNews\",\"description\":\"\",\"potentialAction\":[{\"@type\":\"SearchAction\",\"target\":{\"@type\":\"EntryPoint\",\"urlTemplate\":\"https:\/\/staging.varesenews.it\/?s={search_term_string}\"},\"query-input\":\"required name=search_term_string\"}],\"inLanguage\":\"it-IT\"},{\"@type\":\"Person\",\"@id\":\"https:\/\/staging.varesenews.it\/#\/schema\/person\/bace96b9ce1b4905df659e51a83c17fe\",\"name\":\"Roberto Rotondo\",\"image\":{\"@type\":\"ImageObject\",\"inLanguage\":\"it-IT\",\"@id\":\"https:\/\/staging.varesenews.it\/#\/schema\/person\/image\/\",\"url\":\"https:\/\/staging.varesenews.it\/wp-content\/uploads\/2015\/03\/10888676_10204734543537926_609787919772941341_n.jpg\",\"contentUrl\":\"https:\/\/staging.varesenews.it\/wp-content\/uploads\/2015\/03\/10888676_10204734543537926_609787919772941341_n.jpg\",\"caption\":\"Roberto Rotondo\"},\"description\":\"Nato a Varese nel 1972. Laureato in Storia alla Statale di Milano. A Varese News dal 1998. Ho iniziato a scrivere su riviste locali, poi sono entrato nel progetto di Varese News quando ancora era agli inizi. Nel frattempo mi sono occupato di ricerca storica e ho collaborato con un settimanale e un quotidiano della Svizzera italiana scrivendo di cronaca e politica. Mi sono preso una pausa da Varese nel 2004. Ho lavorato per alcuni anni a Milano all'agenzia di stampa Adnkronos, con qualche stage a Roma nei palazzi della politica. Lanci di agenzia e servizi tv multimediali erano tra i miei compiti. In quegli anni ho lavorato per alcune radio anche nazionali, Radio Capital su tutte, come corrispondente locale. Ho scritto anche per un settimanale di gossip, ma sempre cronaca nera. Ed eccomi qui. Dal 2007 lavoro anche per il Corriere della sera, di cui sono corrispondente. A Varesenews sono ormai uno dei senatori. Mi occupo di cronaca nera, giudiziaria e di politica e della cronaca cittadina di Varese.\",\"sameAs\":[\"robertorotondo\",\"https:\/\/twitter.com\/robertorotondo\"],\"url\":\"https:\/\/staging.varesenews.it\/persona\/roberto-rotondo\/\"}]}<\/script>\n<!-- \/ Yoast SEO plugin. -->","yoast_head_json":{"title":"Tragica morte della contessa Pull\u00e9","description":"Il fatto attorno alle 11 in via Sanvito Silvestro. Sul posto \u00e8 arrivata anche la Scientifica per effettuare i rilievi","robots":{"index":"noindex","follow":"follow","max-snippet":"max-snippet:-1","max-image-preview":"max-image-preview:large","max-video-preview":"max-video-preview:-1"},"og_locale":"it_IT","og_type":"article","og_title":"Tragica morte della contessa Pull\u00e9","og_description":"Il fatto attorno alle 11 in via Sanvito Silvestro. Sul posto \u00e8 arrivata anche la Scientifica per effettuare i rilievi","og_url":"https:\/\/staging.varesenews.it\/2015\/03\/tragica-morte-della-contessa-pulle\/357041\/","og_site_name":"VareseNews","article_publisher":"https:\/\/www.facebook.com\/varesenews","article_published_time":"2015-03-22T09:39:48+00:00","article_modified_time":"2015-03-23T09:53:08+00:00","author":"Roberto Rotondo","twitter_card":"summary_large_image","twitter_creator":"@robertorotondo","twitter_site":"@varesenews","twitter_misc":{"Scritto da":"Roberto Rotondo","Tempo di lettura stimato":"1 minuto"},"schema":{"@context":"https:\/\/schema.org","@graph":[{"@type":"WebPage","@id":"https:\/\/staging.varesenews.it\/2015\/03\/tragica-morte-della-contessa-pulle\/357041\/","url":"https:\/\/staging.varesenews.it\/2015\/03\/tragica-morte-della-contessa-pulle\/357041\/","name":"Tragica morte della contessa Pull\u00e9","isPartOf":{"@id":"https:\/\/staging.varesenews.it\/#website"},"datePublished":"2015-03-22T09:39:48+00:00","dateModified":"2015-03-23T09:53:08+00:00","author":{"@id":"https:\/\/staging.varesenews.it\/#\/schema\/person\/bace96b9ce1b4905df659e51a83c17fe"},"description":"Il fatto attorno alle 11 in via Sanvito Silvestro. Sul posto \u00e8 arrivata anche la Scientifica per effettuare i rilievi","breadcrumb":{"@id":"https:\/\/staging.varesenews.it\/2015\/03\/tragica-morte-della-contessa-pulle\/357041\/#breadcrumb"},"inLanguage":"it-IT","potentialAction":[{"@type":"ReadAction","target":["https:\/\/staging.varesenews.it\/2015\/03\/tragica-morte-della-contessa-pulle\/357041\/"]}]},{"@type":"BreadcrumbList","@id":"https:\/\/staging.varesenews.it\/2015\/03\/tragica-morte-della-contessa-pulle\/357041\/#breadcrumb","itemListElement":[{"@type":"ListItem","position":1,"name":"Home","item":"https:\/\/www.varesenews.it\/"},{"@type":"ListItem","position":2,"name":"Tragica morte della contessa Pull\u00e9"}]},{"@type":"WebSite","@id":"https:\/\/staging.varesenews.it\/#website","url":"https:\/\/staging.varesenews.it\/","name":"VareseNews","description":"","potentialAction":[{"@type":"SearchAction","target":{"@type":"EntryPoint","urlTemplate":"https:\/\/staging.varesenews.it\/?s={search_term_string}"},"query-input":"required name=search_term_string"}],"inLanguage":"it-IT"},{"@type":"Person","@id":"https:\/\/staging.varesenews.it\/#\/schema\/person\/bace96b9ce1b4905df659e51a83c17fe","name":"Roberto Rotondo","image":{"@type":"ImageObject","inLanguage":"it-IT","@id":"https:\/\/staging.varesenews.it\/#\/schema\/person\/image\/","url":"https:\/\/staging.varesenews.it\/wp-content\/uploads\/2015\/03\/10888676_10204734543537926_609787919772941341_n.jpg","contentUrl":"https:\/\/staging.varesenews.it\/wp-content\/uploads\/2015\/03\/10888676_10204734543537926_609787919772941341_n.jpg","caption":"Roberto Rotondo"},"description":"Nato a Varese nel 1972. Laureato in Storia alla Statale di Milano. A Varese News dal 1998. Ho iniziato a scrivere su riviste locali, poi sono entrato nel progetto di Varese News quando ancora era agli inizi. Nel frattempo mi sono occupato di ricerca storica e ho collaborato con un settimanale e un quotidiano della Svizzera italiana scrivendo di cronaca e politica. Mi sono preso una pausa da Varese nel 2004. Ho lavorato per alcuni anni a Milano all'agenzia di stampa Adnkronos, con qualche stage a Roma nei palazzi della politica. Lanci di agenzia e servizi tv multimediali erano tra i miei compiti. In quegli anni ho lavorato per alcune radio anche nazionali, Radio Capital su tutte, come corrispondente locale. Ho scritto anche per un settimanale di gossip, ma sempre cronaca nera. Ed eccomi qui. Dal 2007 lavoro anche per il Corriere della sera, di cui sono corrispondente. A Varesenews sono ormai uno dei senatori. Mi occupo di cronaca nera, giudiziaria e di politica e della cronaca cittadina di Varese.","sameAs":["robertorotondo","https:\/\/twitter.com\/robertorotondo"],"url":"https:\/\/staging.varesenews.it\/persona\/roberto-rotondo\/"}]}},"post_meta":{"_edit_lock":"1427107460:50","_edit_last":"50","ratings_users":"0","ratings_score":"0","ratings_average":"0","wdfb_og_title":"","wdfb_og_type":"","wdfb_og_description":"","wdfb_og_images":"a:1:{i:0;s:0:\"\";}","wdfb_og_custom_name":"a:1:{i:0;s:0:\"\";}","wdfb_og_custom_value":"a:1:{i:0;s:0:\"\";}","argomento":"Varese","firma-personalizzata":"Roberto Rotondo","nascondi_adsense":"1","_yoast_wpseo_focuskw":"suicidio Pull\u00e9","_yoast_wpseo_linkdex":"60","post_views_count":"3","foto":"441749","id_link_fotogallery":"357049"},"photos":[{"original":"https:\/\/staging.varesenews.it\/photogallery_new\/images\/2015\/03\/contessa-pull-suicidio-441749.jpg","full":"https:\/\/staging.varesenews.it\/photogallery_new\/images\/2015\/03\/contessa-pull-suicidio-441749.1024x768.jpg","large":"https:\/\/staging.varesenews.it\/photogallery_new\/images\/2015\/03\/contessa-pull-suicidio-441749.610x431.jpg"}],"_links":{"self":[{"href":"https:\/\/staging.varesenews.it\/swgapi\/v1\/wp\/v2\/posts\/357041"}],"collection":[{"href":"https:\/\/staging.varesenews.it\/swgapi\/v1\/wp\/v2\/posts"}],"about":[{"href":"https:\/\/staging.varesenews.it\/swgapi\/v1\/wp\/v2\/types\/post"}],"author":[{"embeddable":true,"href":"https:\/\/staging.varesenews.it\/swgapi\/v1\/wp\/v2\/users\/50"}],"replies":[{"embeddable":true,"href":"https:\/\/staging.varesenews.it\/swgapi\/v1\/wp\/v2\/comments?post=357041"}],"version-history":[{"count":0,"href":"https:\/\/staging.varesenews.it\/swgapi\/v1\/wp\/v2\/posts\/357041\/revisions"}],"wp:attachment":[{"href":"https:\/\/staging.varesenews.it\/swgapi\/v1\/wp\/v2\/media?parent=357041"}],"wp:term":[{"taxonomy":"category","embeddable":true,"href":"https:\/\/staging.varesenews.it\/swgapi\/v1\/wp\/v2\/categories?post=357041"},{"taxonomy":"post_tag","embeddable":true,"href":"https:\/\/staging.varesenews.it\/swgapi\/v1\/wp\/v2\/tags?post=357041"}],"curies":[{"name":"wp","href":"https:\/\/api.w.org\/{rel}","templated":true}]}}