{"id":357566,"date":"2015-03-23T16:31:21","date_gmt":"2015-03-23T15:31:21","guid":{"rendered":"http:\/\/www.varesenews.it\/?p=357566"},"modified":"2015-03-23T16:34:48","modified_gmt":"2015-03-23T15:34:48","slug":"aime-sbarca-su-internet","status":"publish","type":"post","link":"https:\/\/staging.varesenews.it\/2015\/03\/aime-sbarca-su-internet\/357566\/","title":{"rendered":"Aime sbarca su internet"},"content":{"rendered":"<p><strong>L\u2019Aime<\/strong> (Associazione imprenditori europei), costituitasi da qualche mese a Varese, sbarca sulla rete. Nella sede di via Sempione \u00e8 stato presentato alla stampa il nuovo sito, che si aggiunge al servizio newsletter, alla pagina Facebook e all&#8217;account twitter, alla presenza del direttore <strong>Gianni Lucchina<\/strong>, dalla vice presidente<strong> Graziella Roncati Pomi e da Giampiero Soru,<\/strong> consigliere di Aime, esperto di comunicazione e webdesigner che ha realizzato il sito.<br \/>\n\u00abQuesti strumenti &#8211; ha spiegato Lucchina &#8211; ci permettono di avere un rapporto diretto con gli associati e le imprese. Dalle email alle newsletter, tutto \u00e8 integrato per permettere una migliore comunicazione evitando il pi\u00f9 possibile filtri inutili\u00bb.<\/p>\n<p>Il <strong>sito<\/strong>, grazie a una toolbar, si naviga agevolmente in tutte le sue sezioni: in evidenza le principali 8 aree tematiche, che vanno dallo sportello informativo in materia legale, fiscale societaria fino ai servizi assicurativi per le imprese, mentre una terza area \u00e8 interamente dedicata ai servizi. Un apposito modulo elettronico facilita l\u2019ascolto degli associati e di chiunque sia interessato a ricevere informazioni su varie materie. \u00abNiente faq (Frequently Asked Questions) ma tante risposte\u00bb dice Soru. Il meccanismo \u00e8 semplice: una volta scritta la domanda, questa viene girata per competenza al professionista che fa parte della rete di consulenti esterni di Aime, che a sua volta risponder\u00e0.<\/p>\n<p>Nuovo anche il logo dell&#8217;associazione: un triangolo giallo attraversato per met\u00e0 da linee orizzontali. \u00abIl triangolo, o meglio la piramide &#8211; spiega Soru &#8211; rappresenta la stabilit\u00e0, il giallo, la luce, mentre i tre angoli rappresentano gli imprenditori, il mercato e l\u2019associazione che li mette in contatto. Le strisce orizzontali rappresentano invece la trasversalit\u00e0 di Aime che si rivolge a tutti i settori merceologici\u00bb.<\/p>\n<p>Aime si \u00e8 dotata anche di un Comitato tecnico scientifico. \u00ab\u00c8 composto da membri che sono espressione del mondo accademico e imprenditoriale &#8211; conclude Lucchina -. Il suo compito \u00e8 quello di fornire supporto analitico agli organismi associativi e dare idee e spunti di riflessione che poi l\u00ecassociazione trasformer\u00e0 in progetti e iniziative concrete.<\/p>\n","protected":false},"excerpt":{"rendered":"<p>Nella sede di via Sempione \u00e8 stato presentato alla stampa il nuovo sito, che si aggiunge al servizio newsletter, alla pagina Facebook e all&#8217;account twitter. Lucchina (direttore): \u00abVogliamo facilitare l&#8217;ascolto degli associati\u00bb<\/p>\n","protected":false},"author":45,"featured_media":0,"comment_status":"open","ping_status":"open","sticky":false,"template":"","format":"standard","meta":{"footnotes":""},"categories":[15],"tags":[2196,2197],"acf":[],"yoast_head":"<!-- This site is optimized with the Yoast SEO plugin v20.1 - https:\/\/yoast.com\/wordpress\/plugins\/seo\/ -->\n<title>l&#039;aime presenta il sito internet<\/title>\n<meta name=\"description\" content=\"aime casartigiani sbarca sui nuovi media\" \/>\n<meta name=\"robots\" content=\"noindex, follow, max-snippet:-1, max-image-preview:large, max-video-preview:-1\" \/>\n<meta property=\"og:locale\" content=\"it_IT\" \/>\n<meta property=\"og:type\" content=\"article\" \/>\n<meta property=\"og:title\" content=\"l&#039;aime presenta il sito internet\" \/>\n<meta property=\"og:description\" content=\"aime casartigiani sbarca sui nuovi media\" \/>\n<meta property=\"og:url\" content=\"https:\/\/staging.varesenews.it\/2015\/03\/aime-sbarca-su-internet\/357566\/\" \/>\n<meta property=\"og:site_name\" content=\"VareseNews\" \/>\n<meta property=\"article:publisher\" content=\"https:\/\/www.facebook.com\/varesenews\" \/>\n<meta property=\"article:author\" content=\"https:\/\/www.facebook.com\/michele.mancino.5\" \/>\n<meta property=\"article:published_time\" content=\"2015-03-23T15:31:21+00:00\" \/>\n<meta property=\"article:modified_time\" content=\"2015-03-23T15:34:48+00:00\" \/>\n<meta name=\"author\" content=\"Michele Mancino\" \/>\n<meta name=\"twitter:card\" content=\"summary_large_image\" \/>\n<meta name=\"twitter:creator\" content=\"@micmancio\" \/>\n<meta name=\"twitter:site\" content=\"@varesenews\" \/>\n<meta name=\"twitter:label1\" content=\"Scritto da\" \/>\n\t<meta name=\"twitter:data1\" content=\"Michele Mancino\" \/>\n\t<meta name=\"twitter:label2\" content=\"Tempo di lettura stimato\" \/>\n\t<meta name=\"twitter:data2\" content=\"2 minuti\" \/>\n<script type=\"application\/ld+json\" class=\"yoast-schema-graph\">{\"@context\":\"https:\/\/schema.org\",\"@graph\":[{\"@type\":\"WebPage\",\"@id\":\"https:\/\/staging.varesenews.it\/2015\/03\/aime-sbarca-su-internet\/357566\/\",\"url\":\"https:\/\/staging.varesenews.it\/2015\/03\/aime-sbarca-su-internet\/357566\/\",\"name\":\"l'aime presenta il sito internet\",\"isPartOf\":{\"@id\":\"https:\/\/staging.varesenews.it\/#website\"},\"datePublished\":\"2015-03-23T15:31:21+00:00\",\"dateModified\":\"2015-03-23T15:34:48+00:00\",\"author\":{\"@id\":\"https:\/\/staging.varesenews.it\/#\/schema\/person\/308b491d3cb680ead199e5ff6c6ce540\"},\"description\":\"aime casartigiani sbarca sui nuovi media\",\"breadcrumb\":{\"@id\":\"https:\/\/staging.varesenews.it\/2015\/03\/aime-sbarca-su-internet\/357566\/#breadcrumb\"},\"inLanguage\":\"it-IT\",\"potentialAction\":[{\"@type\":\"ReadAction\",\"target\":[\"https:\/\/staging.varesenews.it\/2015\/03\/aime-sbarca-su-internet\/357566\/\"]}]},{\"@type\":\"BreadcrumbList\",\"@id\":\"https:\/\/staging.varesenews.it\/2015\/03\/aime-sbarca-su-internet\/357566\/#breadcrumb\",\"itemListElement\":[{\"@type\":\"ListItem\",\"position\":1,\"name\":\"Home\",\"item\":\"https:\/\/www.varesenews.it\/\"},{\"@type\":\"ListItem\",\"position\":2,\"name\":\"Aime sbarca su internet\"}]},{\"@type\":\"WebSite\",\"@id\":\"https:\/\/staging.varesenews.it\/#website\",\"url\":\"https:\/\/staging.varesenews.it\/\",\"name\":\"VareseNews\",\"description\":\"\",\"potentialAction\":[{\"@type\":\"SearchAction\",\"target\":{\"@type\":\"EntryPoint\",\"urlTemplate\":\"https:\/\/staging.varesenews.it\/?s={search_term_string}\"},\"query-input\":\"required name=search_term_string\"}],\"inLanguage\":\"it-IT\"},{\"@type\":\"Person\",\"@id\":\"https:\/\/staging.varesenews.it\/#\/schema\/person\/308b491d3cb680ead199e5ff6c6ce540\",\"name\":\"Michele Mancino\",\"image\":{\"@type\":\"ImageObject\",\"inLanguage\":\"it-IT\",\"@id\":\"https:\/\/staging.varesenews.it\/#\/schema\/person\/image\/\",\"url\":\"https:\/\/staging.varesenews.it\/wp-content\/uploads\/2020\/12\/michele_mancino_colori_500.jpg\",\"contentUrl\":\"https:\/\/staging.varesenews.it\/wp-content\/uploads\/2020\/12\/michele_mancino_colori_500.jpg\",\"caption\":\"Michele Mancino\"},\"description\":\"Sono a VareseNews da prima che nascesse. Ho inserito le prime notizie in una stringa di codice html, la lingua di internet. Aprivo i computer, cambiavo schede di rete e portavo i server dal provider. A met&agrave; degli anni &rsquo;90 il giornalista online doveva saper fare anche questo. Ho vissuto gli anni drammatici della bolla speculativa di Internet e quelli entusiastici della crescita, anni in cui VareseNews era un Davide in mezzo a tanti Golia. Poi sono arrivati i social, le nuove piattaforme e soprattutto gli smartphone, una postazione di lavoro racchiusa in una mano. Una nuova rivoluzione. Insomma, &egrave; stata, ed &egrave; ancora, un&rsquo;avventura entusiasmante perch&eacute; mi insegna giorno dopo giorno che il cambiamento &egrave; l&rsquo;unica certezza di questa fragile esistenza.\",\"sameAs\":[\"https:\/\/www.facebook.com\/michele.mancino.5\",\"micmancio\",\"Aggiorna le impostazioni del tuo profilo pubblicoit.linkedin.com\/pub\/michele-mancino\/28\/b71\/890\/it\",\"https:\/\/twitter.com\/micmancio\"],\"url\":\"https:\/\/staging.varesenews.it\/persona\/michele_mancino\/\"}]}<\/script>\n<!-- \/ Yoast SEO plugin. -->","yoast_head_json":{"title":"l'aime presenta il sito internet","description":"aime casartigiani sbarca sui nuovi media","robots":{"index":"noindex","follow":"follow","max-snippet":"max-snippet:-1","max-image-preview":"max-image-preview:large","max-video-preview":"max-video-preview:-1"},"og_locale":"it_IT","og_type":"article","og_title":"l'aime presenta il sito internet","og_description":"aime casartigiani sbarca sui nuovi media","og_url":"https:\/\/staging.varesenews.it\/2015\/03\/aime-sbarca-su-internet\/357566\/","og_site_name":"VareseNews","article_publisher":"https:\/\/www.facebook.com\/varesenews","article_author":"https:\/\/www.facebook.com\/michele.mancino.5","article_published_time":"2015-03-23T15:31:21+00:00","article_modified_time":"2015-03-23T15:34:48+00:00","author":"Michele Mancino","twitter_card":"summary_large_image","twitter_creator":"@micmancio","twitter_site":"@varesenews","twitter_misc":{"Scritto da":"Michele Mancino","Tempo di lettura stimato":"2 minuti"},"schema":{"@context":"https:\/\/schema.org","@graph":[{"@type":"WebPage","@id":"https:\/\/staging.varesenews.it\/2015\/03\/aime-sbarca-su-internet\/357566\/","url":"https:\/\/staging.varesenews.it\/2015\/03\/aime-sbarca-su-internet\/357566\/","name":"l'aime presenta il sito internet","isPartOf":{"@id":"https:\/\/staging.varesenews.it\/#website"},"datePublished":"2015-03-23T15:31:21+00:00","dateModified":"2015-03-23T15:34:48+00:00","author":{"@id":"https:\/\/staging.varesenews.it\/#\/schema\/person\/308b491d3cb680ead199e5ff6c6ce540"},"description":"aime casartigiani sbarca sui nuovi media","breadcrumb":{"@id":"https:\/\/staging.varesenews.it\/2015\/03\/aime-sbarca-su-internet\/357566\/#breadcrumb"},"inLanguage":"it-IT","potentialAction":[{"@type":"ReadAction","target":["https:\/\/staging.varesenews.it\/2015\/03\/aime-sbarca-su-internet\/357566\/"]}]},{"@type":"BreadcrumbList","@id":"https:\/\/staging.varesenews.it\/2015\/03\/aime-sbarca-su-internet\/357566\/#breadcrumb","itemListElement":[{"@type":"ListItem","position":1,"name":"Home","item":"https:\/\/www.varesenews.it\/"},{"@type":"ListItem","position":2,"name":"Aime sbarca su internet"}]},{"@type":"WebSite","@id":"https:\/\/staging.varesenews.it\/#website","url":"https:\/\/staging.varesenews.it\/","name":"VareseNews","description":"","potentialAction":[{"@type":"SearchAction","target":{"@type":"EntryPoint","urlTemplate":"https:\/\/staging.varesenews.it\/?s={search_term_string}"},"query-input":"required name=search_term_string"}],"inLanguage":"it-IT"},{"@type":"Person","@id":"https:\/\/staging.varesenews.it\/#\/schema\/person\/308b491d3cb680ead199e5ff6c6ce540","name":"Michele Mancino","image":{"@type":"ImageObject","inLanguage":"it-IT","@id":"https:\/\/staging.varesenews.it\/#\/schema\/person\/image\/","url":"https:\/\/staging.varesenews.it\/wp-content\/uploads\/2020\/12\/michele_mancino_colori_500.jpg","contentUrl":"https:\/\/staging.varesenews.it\/wp-content\/uploads\/2020\/12\/michele_mancino_colori_500.jpg","caption":"Michele Mancino"},"description":"Sono a VareseNews da prima che nascesse. Ho inserito le prime notizie in una stringa di codice html, la lingua di internet. Aprivo i computer, cambiavo schede di rete e portavo i server dal provider. A met&agrave; degli anni &rsquo;90 il giornalista online doveva saper fare anche questo. Ho vissuto gli anni drammatici della bolla speculativa di Internet e quelli entusiastici della crescita, anni in cui VareseNews era un Davide in mezzo a tanti Golia. Poi sono arrivati i social, le nuove piattaforme e soprattutto gli smartphone, una postazione di lavoro racchiusa in una mano. Una nuova rivoluzione. Insomma, &egrave; stata, ed &egrave; ancora, un&rsquo;avventura entusiasmante perch&eacute; mi insegna giorno dopo giorno che il cambiamento &egrave; l&rsquo;unica certezza di questa fragile esistenza.","sameAs":["https:\/\/www.facebook.com\/michele.mancino.5","micmancio","Aggiorna le impostazioni del tuo profilo pubblicoit.linkedin.com\/pub\/michele-mancino\/28\/b71\/890\/it","https:\/\/twitter.com\/micmancio"],"url":"https:\/\/staging.varesenews.it\/persona\/michele_mancino\/"}]}},"post_meta":{"_edit_lock":"1427131185:1","_edit_last":"45","ratings_users":"0","ratings_score":"0","ratings_average":"0","wdfb_og_title":"","wdfb_og_type":"","wdfb_og_description":"","wdfb_og_images":"a:1:{i:0;s:0:\"\";}","wdfb_og_custom_name":"a:1:{i:0;s:0:\"\";}","wdfb_og_custom_value":"a:1:{i:0;s:0:\"\";}","foto":"442257","firma_come_redazione":"1","argomento":"Varese","_yoast_wpseo_focuskw":"aime","_yoast_wpseo_title":"l'aime presenta il sito internet","_yoast_wpseo_metadesc":"aime casartigiani sbarca sui nuovi media","post_views_count":"0","_yoast_wpseo_linkdex":"81"},"photos":[{"original":"https:\/\/staging.varesenews.it\/photogallery_new\/images\/2015\/03\/l-aime-casartigiani-presenta-sito-e-attivit-social-442257.jpg","full":"https:\/\/staging.varesenews.it\/photogallery_new\/images\/2015\/03\/l-aime-casartigiani-presenta-sito-e-attivit-social-442257.1024x768.jpg","large":"https:\/\/staging.varesenews.it\/photogallery_new\/images\/2015\/03\/l-aime-casartigiani-presenta-sito-e-attivit-social-442257.610x431.jpg"}],"_links":{"self":[{"href":"https:\/\/staging.varesenews.it\/swgapi\/v1\/wp\/v2\/posts\/357566"}],"collection":[{"href":"https:\/\/staging.varesenews.it\/swgapi\/v1\/wp\/v2\/posts"}],"about":[{"href":"https:\/\/staging.varesenews.it\/swgapi\/v1\/wp\/v2\/types\/post"}],"author":[{"embeddable":true,"href":"https:\/\/staging.varesenews.it\/swgapi\/v1\/wp\/v2\/users\/45"}],"replies":[{"embeddable":true,"href":"https:\/\/staging.varesenews.it\/swgapi\/v1\/wp\/v2\/comments?post=357566"}],"version-history":[{"count":0,"href":"https:\/\/staging.varesenews.it\/swgapi\/v1\/wp\/v2\/posts\/357566\/revisions"}],"wp:attachment":[{"href":"https:\/\/staging.varesenews.it\/swgapi\/v1\/wp\/v2\/media?parent=357566"}],"wp:term":[{"taxonomy":"category","embeddable":true,"href":"https:\/\/staging.varesenews.it\/swgapi\/v1\/wp\/v2\/categories?post=357566"},{"taxonomy":"post_tag","embeddable":true,"href":"https:\/\/staging.varesenews.it\/swgapi\/v1\/wp\/v2\/tags?post=357566"}],"curies":[{"name":"wp","href":"https:\/\/api.w.org\/{rel}","templated":true}]}}